{"id":191098,"date":"2025-01-28T08:19:21","date_gmt":"2025-01-28T13:19:21","guid":{"rendered":"https:\/\/news.canadamotorjobs.com\/?p=191098"},"modified":"2025-01-28T08:29:00","modified_gmt":"2025-01-28T13:29:00","slug":"les-ventes-de-vehicules-electriques-depasseront-les-20-millions-en-2025","status":"publish","type":"post","link":"https:\/\/news.canadamotorjobs.com\/fr\/les-ventes-de-vehicules-electriques-depasseront-les-20-millions-en-2025\/","title":{"rendered":"Les ventes de v\u00e9hicules \u00e9lectriques d\u00e9passeront les 20 millions en 2025"},"content":{"rendered":"<\/p>\n<p>Selon Rho Motion, les ventes mondiales de v\u00e9hicules 100 % \u00e9lectriques et hybrides rechargeables devraient augmenter d\u2019au moins 17 % en 2025, atteignant plus de 20 millions d\u2019unit\u00e9s. Ce boom sera soutenu par l&#8217;extension des subventions d\u2019\u00e9change de v\u00e9hicules en Chine, et par l&#8217;Europe, qui introduira de nouveaux objectifs d&#8217;\u00e9missions de CO2 favorisant les mod\u00e8les abordables.<\/p>\n<h3>La Chine : moteur de la croissance<\/h3>\n<p>\nAvec une croissance record de 40 % en 2024, soit 11 millions d\u2019unit\u00e9s vendues, la Chine continuera de dominer le march\u00e9 en 2025. L&#8217;extension des subventions contribuera \u00e0 d\u00e9passer les pr\u00e9visions initiales de 17 % de croissance pour 2025, renfor\u00e7ant la position des v\u00e9hicules chinois sur le march\u00e9 mondial, notamment en Am\u00e9rique latine, o\u00f9 leur part a atteint 80 %.<\/p>\n<h3>L\u2019Europe : un retour \u00e0 la hausse<\/h3>\n<p>\nEn Europe, deuxi\u00e8me march\u00e9 mondial des v\u00e9hicules \u00e9lectriques, les ventes devraient cro\u00eetre de 15 % en 2025, atteignant environ 3,45 millions de v\u00e9hicules. Cependant, les progr\u00e8s seront plus lents qu\u2019en 2023. Les constructeurs europ\u00e9ens risquent encore des amendes importantes, estim\u00e9es \u00e0 10 milliards d\u2019euros, s\u2019ils ne respectent pas les objectifs d\u2019\u00e9missions, malgr\u00e9 l\u2019achat de cr\u00e9dits aupr\u00e8s de fabricants EV.<\/p>\n<h3>Les \u00c9tats-Unis : croissance malgr\u00e9 l\u2019incertitude<\/h3>\n<p>\nAux \u00c9tats-Unis, les ventes de v\u00e9hicules \u00e9lectriques devraient progresser de 16 % en 2025, malgr\u00e9 l\u2019impact limit\u00e9 des politiques moins favorables \u00e0 l\u2019\u00e9lectrification sous l\u2019administration Trump. Cependant, ces politiques pourraient avoir des r\u00e9percussions \u00e0 long terme, avec une baisse potentielle de la demande de batteries EV pouvant atteindre 47 % d\u2019ici 2040.<\/p>\n<h3>Citation cl\u00e9<\/h3>\n<p>\n\u00ab Le march\u00e9 am\u00e9ricain est confront\u00e9 \u00e0 de nombreuses incertitudes, mais la transition vers les v\u00e9hicules \u00e9lectriques reste en cours, avec une croissance pr\u00e9vue sur la prochaine d\u00e9cennie \u00bb, a d\u00e9clar\u00e9 Iola Hughes, responsable de la recherche chez Rho Motion.<\/p>\n<h3>Conclusion<\/h3>\n<p>\nPort\u00e9es par les subventions chinoises et les objectifs d\u2019\u00e9missions europ\u00e9ens, les ventes de v\u00e9hicules \u00e9lectriques devraient franchir un cap important en 2025. Cependant, les d\u00e9fis r\u00e9glementaires et les incertitudes politiques, notamment aux \u00c9tats-Unis, pourraient influencer la dynamique \u00e0 plus long terme.<\/p>\n<p>Avec des renseignements de Reuters<\/p>\n<p>Le texte <a rel=\"nofollow\" href=\"https:\/\/annuelauto.ca\/ventes-vehicules-electriques-2025\/\">Les ventes de v\u00e9hicules \u00e9lectriques d\u00e9passeront les 20 millions en 2025<\/a> provient de <a rel=\"nofollow\" href=\"https:\/\/annuelauto.ca\">L&#8217;annuel de l&#8217;automobile &#8211; Actualit\u00e9 automobile<\/a><\/p>\n<p><\/p>\n","protected":false},"excerpt":{"rendered":"<p>Selon Rho Motion, les ventes mondiales de v\u00e9hicules 100 % \u00e9lectriques et hybrides rechargeables devraient augmenter d\u2019au moins 17 % en 2025, atteignant plus de 20 millions d\u2019unit\u00e9s. Ce boom sera soutenu par l&#8217;extension des subventions d\u2019\u00e9change de v\u00e9hicules en Chine, et par l&#8217;Europe, qui introduira de nouveaux objectifs d&#8217;\u00e9missions de CO2 favorisant les mod\u00e8les [&hellip;]<\/p>\n","protected":false},"author":8,"featured_media":191100,"comment_status":"close","ping_status":"closed","sticky":false,"template":"","format":"standard","meta":{"_monsterinsights_skip_tracking":false,"_monsterinsights_sitenote_active":false,"_monsterinsights_sitenote_note":"","_monsterinsights_sitenote_category":0,"footnotes":""},"categories":[101],"tags":[],"yoast_head":"<!-- This site is optimized with the Yoast SEO plugin v23.2 - https:\/\/yoast.com\/wordpress\/plugins\/seo\/ -->\n<title>Les ventes de v\u00e9hicules \u00e9lectriques d\u00e9passeront les 20 millions en 2025 - CanadaMotorJobs.com<\/title>\n<meta name=\"description\" content=\"Les ventes de v\u00e9hicules \u00e9lectriques d\u00e9passeront les 20 millions en 2025 - Benoit Charette - Annuel automobile - CanadaMotorJobs.com.\" \/>\n<meta name=\"robots\" content=\"index, follow, max-snippet:-1, max-image-preview:large, max-video-preview:-1\" \/>\n<meta property=\"og:locale\" content=\"fr_CA\" \/>\n<meta property=\"og:type\" content=\"article\" \/>\n<meta property=\"og:title\" content=\"Les ventes de v\u00e9hicules \u00e9lectriques d\u00e9passeront les 20 millions en 2025 - CanadaMotorJobs.com\" \/>\n<meta property=\"og:description\" content=\"Les ventes de v\u00e9hicules \u00e9lectriques d\u00e9passeront les 20 millions en 2025 - Benoit Charette - Annuel automobile - CanadaMotorJobs.com.\" \/>\n<meta property=\"og:url\" content=\"https:\/\/news.canadamotorjobs.com\/fr\/les-ventes-de-vehicules-electriques-depasseront-les-20-millions-en-2025\/\" \/>\n<meta property=\"og:site_name\" content=\"CanadaMotorJobs.com\" \/>\n<meta property=\"article:publisher\" content=\"https:\/\/www.facebook.com\/canadamotorjobs\/\" \/>\n<meta property=\"article:published_time\" content=\"2025-01-28T13:19:21+00:00\" \/>\n<meta property=\"article:modified_time\" content=\"2025-01-28T13:29:00+00:00\" \/>\n<meta property=\"og:image\" content=\"https:\/\/news.canadamotorjobs.com\/wp-content\/uploads\/2025\/01\/1545461-stand-du-constructeur-automobile-chinois-byd-au-mondial-de-l-auto-de-paris.jpg\" \/>\n\t<meta property=\"og:image:width\" content=\"1802\" \/>\n\t<meta property=\"og:image:height\" content=\"1201\" \/>\n\t<meta property=\"og:image:type\" content=\"image\/jpeg\" \/>\n<meta name=\"author\" content=\"Benoit Charette\" \/>\n<meta name=\"twitter:card\" content=\"summary_large_image\" \/>\n<meta name=\"twitter:creator\" content=\"@canadamotorjobs\" \/>\n<meta name=\"twitter:site\" content=\"@canadamotorjobs\" \/>\n<meta name=\"twitter:label1\" content=\"\u00c9crit par\" \/>\n\t<meta name=\"twitter:data1\" content=\"Benoit Charette\" \/>\n\t<meta name=\"twitter:label2\" content=\"Estimation du temps de lecture\" \/>\n\t<meta name=\"twitter:data2\" content=\"2 minutes\" \/>\n<!-- \/ Yoast SEO plugin. -->","yoast_head_json":{"title":"Les ventes de v\u00e9hicules \u00e9lectriques d\u00e9passeront les 20 millions en 2025 - CanadaMotorJobs.com","description":"Les ventes de v\u00e9hicules \u00e9lectriques d\u00e9passeront les 20 millions en 2025 - Benoit Charette - Annuel automobile - CanadaMotorJobs.com.","robots":{"index":"index","follow":"follow","max-snippet":"max-snippet:-1","max-image-preview":"max-image-preview:large","max-video-preview":"max-video-preview:-1"},"og_locale":"fr_CA","og_type":"article","og_title":"Les ventes de v\u00e9hicules \u00e9lectriques d\u00e9passeront les 20 millions en 2025 - CanadaMotorJobs.com","og_description":"Les ventes de v\u00e9hicules \u00e9lectriques d\u00e9passeront les 20 millions en 2025 - Benoit Charette - Annuel automobile - CanadaMotorJobs.com.","og_url":"https:\/\/news.canadamotorjobs.com\/fr\/les-ventes-de-vehicules-electriques-depasseront-les-20-millions-en-2025\/","og_site_name":"CanadaMotorJobs.com","article_publisher":"https:\/\/www.facebook.com\/canadamotorjobs\/","article_published_time":"2025-01-28T13:19:21+00:00","article_modified_time":"2025-01-28T13:29:00+00:00","og_image":[{"width":1802,"height":1201,"url":"https:\/\/news.canadamotorjobs.com\/wp-content\/uploads\/2025\/01\/1545461-stand-du-constructeur-automobile-chinois-byd-au-mondial-de-l-auto-de-paris.jpg","type":"image\/jpeg"}],"author":"Benoit Charette","twitter_card":"summary_large_image","twitter_creator":"@canadamotorjobs","twitter_site":"@canadamotorjobs","twitter_misc":{"\u00c9crit par":"Benoit Charette","Estimation du temps de lecture":"2 minutes"},"schema":{"@context":"https:\/\/schema.org","@graph":[{"@type":"Article","@id":"https:\/\/news.canadamotorjobs.com\/fr\/les-ventes-de-vehicules-electriques-depasseront-les-20-millions-en-2025\/#article","isPartOf":{"@id":"https:\/\/news.canadamotorjobs.com\/fr\/les-ventes-de-vehicules-electriques-depasseront-les-20-millions-en-2025\/"},"author":{"name":"Benoit Charette","@id":"https:\/\/news.canadamotorjobs.com\/#\/schema\/person\/51793d1f87d44011d7bcc2ed99269a90"},"headline":"Les ventes de v\u00e9hicules \u00e9lectriques d\u00e9passeront les 20 millions en 2025","datePublished":"2025-01-28T13:19:21+00:00","dateModified":"2025-01-28T13:29:00+00:00","mainEntityOfPage":{"@id":"https:\/\/news.canadamotorjobs.com\/fr\/les-ventes-de-vehicules-electriques-depasseront-les-20-millions-en-2025\/"},"wordCount":379,"publisher":{"@id":"https:\/\/news.canadamotorjobs.com\/#organization"},"image":{"@id":"https:\/\/news.canadamotorjobs.com\/fr\/les-ventes-de-vehicules-electriques-depasseront-les-20-millions-en-2025\/#primaryimage"},"thumbnailUrl":"https:\/\/news.canadamotorjobs.com\/wp-content\/uploads\/2025\/01\/1545461-stand-du-constructeur-automobile-chinois-byd-au-mondial-de-l-auto-de-paris.jpg","articleSection":["Annuel automobile"],"inLanguage":"fr-CA"},{"@type":"WebPage","@id":"https:\/\/news.canadamotorjobs.com\/fr\/les-ventes-de-vehicules-electriques-depasseront-les-20-millions-en-2025\/","url":"https:\/\/news.canadamotorjobs.com\/fr\/les-ventes-de-vehicules-electriques-depasseront-les-20-millions-en-2025\/","name":"Les ventes de v\u00e9hicules \u00e9lectriques d\u00e9passeront les 20 millions en 2025 - CanadaMotorJobs.com","isPartOf":{"@id":"https:\/\/news.canadamotorjobs.com\/#website"},"primaryImageOfPage":{"@id":"https:\/\/news.canadamotorjobs.com\/fr\/les-ventes-de-vehicules-electriques-depasseront-les-20-millions-en-2025\/#primaryimage"},"image":{"@id":"https:\/\/news.canadamotorjobs.com\/fr\/les-ventes-de-vehicules-electriques-depasseront-les-20-millions-en-2025\/#primaryimage"},"thumbnailUrl":"https:\/\/news.canadamotorjobs.com\/wp-content\/uploads\/2025\/01\/1545461-stand-du-constructeur-automobile-chinois-byd-au-mondial-de-l-auto-de-paris.jpg","datePublished":"2025-01-28T13:19:21+00:00","dateModified":"2025-01-28T13:29:00+00:00","description":"Les ventes de v\u00e9hicules \u00e9lectriques d\u00e9passeront les 20 millions en 2025 - Benoit Charette - Annuel automobile - CanadaMotorJobs.com.","breadcrumb":{"@id":"https:\/\/news.canadamotorjobs.com\/fr\/les-ventes-de-vehicules-electriques-depasseront-les-20-millions-en-2025\/#breadcrumb"},"inLanguage":"fr-CA","potentialAction":[{"@type":"ReadAction","target":["https:\/\/news.canadamotorjobs.com\/fr\/les-ventes-de-vehicules-electriques-depasseront-les-20-millions-en-2025\/"]}]},{"@type":"ImageObject","inLanguage":"fr-CA","@id":"https:\/\/news.canadamotorjobs.com\/fr\/les-ventes-de-vehicules-electriques-depasseront-les-20-millions-en-2025\/#primaryimage","url":"https:\/\/news.canadamotorjobs.com\/wp-content\/uploads\/2025\/01\/1545461-stand-du-constructeur-automobile-chinois-byd-au-mondial-de-l-auto-de-paris.jpg","contentUrl":"https:\/\/news.canadamotorjobs.com\/wp-content\/uploads\/2025\/01\/1545461-stand-du-constructeur-automobile-chinois-byd-au-mondial-de-l-auto-de-paris.jpg","width":1802,"height":1201},{"@type":"BreadcrumbList","@id":"https:\/\/news.canadamotorjobs.com\/fr\/les-ventes-de-vehicules-electriques-depasseront-les-20-millions-en-2025\/#breadcrumb","itemListElement":[{"@type":"ListItem","position":1,"name":"Home","item":"https:\/\/news.canadamotorjobs.com\/fr\/blog\/"},{"@type":"ListItem","position":2,"name":"Les ventes de v\u00e9hicules \u00e9lectriques d\u00e9passeront les 20 millions en 2025"}]},{"@type":"WebSite","@id":"https:\/\/news.canadamotorjobs.com\/#website","url":"https:\/\/news.canadamotorjobs.com\/","name":"CanadaMotorJobs.com","description":"Automotive Jobs","publisher":{"@id":"https:\/\/news.canadamotorjobs.com\/#organization"},"potentialAction":[{"@type":"SearchAction","target":{"@type":"EntryPoint","urlTemplate":"https:\/\/news.canadamotorjobs.com\/?s={search_term_string}"},"query-input":"required name=search_term_string"}],"inLanguage":"fr-CA"},{"@type":"Organization","@id":"https:\/\/news.canadamotorjobs.com\/#organization","name":"Canada Motor Jobs","url":"https:\/\/news.canadamotorjobs.com\/","logo":{"@type":"ImageObject","inLanguage":"fr-CA","@id":"https:\/\/news.canadamotorjobs.com\/#\/schema\/logo\/image\/","url":"https:\/\/news.canadamotorjobs.com\/wp-content\/uploads\/2022\/10\/logo-canada-motor-jobs-1.png","contentUrl":"https:\/\/news.canadamotorjobs.com\/wp-content\/uploads\/2022\/10\/logo-canada-motor-jobs-1.png","width":800,"height":400,"caption":"Canada Motor Jobs"},"image":{"@id":"https:\/\/news.canadamotorjobs.com\/#\/schema\/logo\/image\/"},"sameAs":["https:\/\/www.facebook.com\/canadamotorjobs\/","https:\/\/x.com\/canadamotorjobs","https:\/\/www.instagram.com\/canadamotorjobs\/","https:\/\/www.linkedin.com\/company\/canadamotorjobs"]},{"@type":"Person","@id":"https:\/\/news.canadamotorjobs.com\/#\/schema\/person\/51793d1f87d44011d7bcc2ed99269a90","name":"Benoit Charette","image":{"@type":"ImageObject","inLanguage":"fr-CA","@id":"https:\/\/news.canadamotorjobs.com\/#\/schema\/person\/image\/","url":"https:\/\/secure.gravatar.com\/avatar\/45f3d2eebcccd909668d7ce7ea7267b6?s=96&d=mm&r=g","contentUrl":"https:\/\/secure.gravatar.com\/avatar\/45f3d2eebcccd909668d7ce7ea7267b6?s=96&d=mm&r=g","caption":"Benoit Charette"},"description":"Benoit Charette \/ Propri\u00e9taire et r\u00e9dacteur en chef Benoit Charette pratique le journalisme automobile depuis bient\u00f4t 30 ans. Il a fait ses classes au c\u00f4t\u00e9 de Daniel H\u00e9raud et au Carnet de route de 1992 \u00e0 2001. Il est fondateur, copropri\u00e9taire et r\u00e9dacteur en chef de L\u2019Annuel de l\u2019automobile, qu\u2019il publie depuis 2001. Il a anim\u00e9 les \u00e9missions RPM et RPM+ sur V et les L\u00e9gendes de la route sur Historia. \u00c0 la radio depuis 1986, il reprend l\u2019antenne cette ann\u00e9e sur les ondes de Cogeco et participe pour la deuxi\u00e8me ann\u00e9e \u00e0 l\u2019\u00e9mission Passion Auto sur RDS en plus de mettre en ligne le site Web officiel de L\u2019Annuel de l\u2019automobile sur annuelauto.ca.","sameAs":["https:\/\/annuelauto.ca\/"],"url":"https:\/\/news.canadamotorjobs.com\/fr\/author\/benoit-charette\/"}]}},"_links":{"self":[{"href":"https:\/\/news.canadamotorjobs.com\/fr\/wp-json\/wp\/v2\/posts\/191098"}],"collection":[{"href":"https:\/\/news.canadamotorjobs.com\/fr\/wp-json\/wp\/v2\/posts"}],"about":[{"href":"https:\/\/news.canadamotorjobs.com\/fr\/wp-json\/wp\/v2\/types\/post"}],"author":[{"embeddable":true,"href":"https:\/\/news.canadamotorjobs.com\/fr\/wp-json\/wp\/v2\/users\/8"}],"replies":[{"embeddable":true,"href":"https:\/\/news.canadamotorjobs.com\/fr\/wp-json\/wp\/v2\/comments?post=191098"}],"version-history":[{"count":2,"href":"https:\/\/news.canadamotorjobs.com\/fr\/wp-json\/wp\/v2\/posts\/191098\/revisions"}],"predecessor-version":[{"id":191102,"href":"https:\/\/news.canadamotorjobs.com\/fr\/wp-json\/wp\/v2\/posts\/191098\/revisions\/191102"}],"wp:featuredmedia":[{"embeddable":true,"href":"https:\/\/news.canadamotorjobs.com\/fr\/wp-json\/wp\/v2\/media\/191100"}],"wp:attachment":[{"href":"https:\/\/news.canadamotorjobs.com\/fr\/wp-json\/wp\/v2\/media?parent=191098"}],"wp:term":[{"taxonomy":"category","embeddable":true,"href":"https:\/\/news.canadamotorjobs.com\/fr\/wp-json\/wp\/v2\/categories?post=191098"},{"taxonomy":"post_tag","embeddable":true,"href":"https:\/\/news.canadamotorjobs.com\/fr\/wp-json\/wp\/v2\/tags?post=191098"}],"curies":[{"name":"wp","href":"https:\/\/api.w.org\/{rel}","templated":true}]}}