{"id":191067,"date":"2025-01-28T08:03:35","date_gmt":"2025-01-28T13:03:35","guid":{"rendered":"https:\/\/news.canadamotorjobs.com\/?p=191067"},"modified":"2025-01-28T08:14:11","modified_gmt":"2025-01-28T13:14:11","slug":"lavenir-electrique-de-volkswagen-en-pause-jusquen-2026","status":"publish","type":"post","link":"https:\/\/news.canadamotorjobs.com\/fr\/lavenir-electrique-de-volkswagen-en-pause-jusquen-2026\/","title":{"rendered":"L\u2019avenir \u00e9lectrique de Volkswagen en pause jusqu\u2019en 2026"},"content":{"rendered":"<\/p>\n<p>L\u2019ann\u00e9e 2025 s\u2019annonce difficile pour Volkswagen. Apr\u00e8s une ann\u00e9e 2024 marqu\u00e9e par des d\u00e9fis financiers et syndicaux, le constructeur allemand a confirm\u00e9 qu\u2019aucun nouveau v\u00e9hicule \u00e9lectrique (EV) ne rejoindra sa gamme avant 2026. Cette pause pourrait aggraver sa position dans un secteur o\u00f9 la concurrence, notamment en Chine, s\u2019intensifie.<\/p>\n<h3>Des difficult\u00e9s sur le march\u00e9 chinois<\/h3>\n<p>\nVolkswagen peine \u00e0 rivaliser avec des marques locales comme BYD et Xiaomi sur le plus grand march\u00e9 automobile au monde. En 2024, le constructeur a d\u00fb affronter des gr\u00e8ves et la menace de fermetures d\u2019usines avant de conclure un accord pour r\u00e9duire ses co\u00fbts. Cependant, vendre des technologies d\u00e9j\u00e0 d\u00e9pass\u00e9es aux nouveaux clients, comme l\u2019a soulign\u00e9 Matthias Schmidt, analyste automobile, sera un d\u00e9fi majeur.<\/p>\n<p>Aux \u00c9tats-Unis, VW ne propose que l\u2019ID.4 et l\u2019ID.Buzz, deux mod\u00e8les dont le succ\u00e8s reste limit\u00e9. L\u2019ID.4, lanc\u00e9 comme un concurrent direct de Tesla, n\u2019a pas r\u00e9pondu aux attentes, et l\u2019ID.Buzz reste un v\u00e9hicule de niche. Les prix de d\u00e9part sont respectivement de 39 735 $ et 59 995 $.<\/p>\n<h3>Une alliance strat\u00e9gique avec XPeng<\/h3>\n<p>\nPour redresser la barre en Chine, Volkswagen collabore avec le constructeur local XPeng. Ensemble, ils d\u00e9velopperont une nouvelle architecture pour les EV chinois, avec un premier SUV attendu en 2026. Toutefois, ces mod\u00e8les ne seront pas disponibles en dehors de la Chine.<\/p>\n<p>Dans d\u2019autres march\u00e9s, Volkswagen pr\u00e9pare le lancement de la marque Scout, qui inclura les mod\u00e8les \u00e9lectriques Terra et Traveler, pr\u00e9vus pour 2027. Par ailleurs, le mod\u00e8le compact ID.2 devrait arriver en 2026 dans certains march\u00e9s, mais il ne sera probablement pas disponible en Am\u00e9rique du Nord.<\/p>\n<h3>Un partenariat avec Rivian pour innover<\/h3>\n<p>\nVolkswagen a \u00e9galement annonc\u00e9 en novembre dernier un partenariat strat\u00e9gique avec Rivian, impliquant un investissement de 5,8 milliards de dollars d\u2019ici 2027. Cette collaboration permettra de d\u00e9velopper une nouvelle plateforme technologique simplifiant les syst\u00e8mes embarqu\u00e9s des v\u00e9hicules, r\u00e9duisant jusqu\u2019\u00e0 sept le nombre d\u2019unit\u00e9s de contr\u00f4le (contre 100 actuellement). Les premiers mod\u00e8les utilisant cette technologie incluront le Porsche K1 SUV, la prochaine g\u00e9n\u00e9ration de Volkswagen Golf, ainsi que les Terra et Traveler de la marque Scout.<\/p>\n<h3>Conclusion<\/h3>\n<p>\nVolkswagen traverse une p\u00e9riode complexe, entre une concurrence accrue en Chine, des retards dans sa gamme EV, et des strat\u00e9gies \u00e0 long terme qui peinent \u00e0 rassurer. Si ses collaborations avec XPeng et Rivian promettent des innovations, le constructeur reste confront\u00e9 \u00e0 des d\u00e9fis majeurs, notamment la comp\u00e9titivit\u00e9 de ses futurs mod\u00e8les face \u00e0 des acteurs \u00e9tablis comme Tesla et Rivian.<\/p>\n<p>Avec des renseignements de Bloomberg<\/p>\n<p>Le texte <a rel=\"nofollow\" href=\"https:\/\/annuelauto.ca\/avenir-electrique-volkswagen-pause-2026\/\">L\u2019avenir \u00e9lectrique de Volkswagen en pause jusqu\u2019en 2026<\/a> provient de <a rel=\"nofollow\" href=\"https:\/\/annuelauto.ca\">L&#8217;annuel de l&#8217;automobile &#8211; Actualit\u00e9 automobile<\/a><\/p>\n<p><\/p>\n","protected":false},"excerpt":{"rendered":"<p>L\u2019ann\u00e9e 2025 s\u2019annonce difficile pour Volkswagen. Apr\u00e8s une ann\u00e9e 2024 marqu\u00e9e par des d\u00e9fis financiers et syndicaux, le constructeur allemand a confirm\u00e9 qu\u2019aucun nouveau v\u00e9hicule \u00e9lectrique (EV) ne rejoindra sa gamme avant 2026. Cette pause pourrait aggraver sa position dans un secteur o\u00f9 la concurrence, notamment en Chine, s\u2019intensifie. Des difficult\u00e9s sur le march\u00e9 chinois [&hellip;]<\/p>\n","protected":false},"author":8,"featured_media":191069,"comment_status":"close","ping_status":"closed","sticky":false,"template":"","format":"standard","meta":{"_monsterinsights_skip_tracking":false,"_monsterinsights_sitenote_active":false,"_monsterinsights_sitenote_note":"","_monsterinsights_sitenote_category":0,"footnotes":""},"categories":[101],"tags":[],"yoast_head":"<!-- This site is optimized with the Yoast SEO plugin v23.2 - https:\/\/yoast.com\/wordpress\/plugins\/seo\/ -->\n<title>L\u2019avenir \u00e9lectrique de Volkswagen en pause jusqu\u2019en 2026 - CanadaMotorJobs.com<\/title>\n<meta name=\"description\" content=\"L\u2019avenir \u00e9lectrique de Volkswagen en pause jusqu\u2019en 2026 - Benoit Charette - Annuel automobile - CanadaMotorJobs.com.\" \/>\n<meta name=\"robots\" content=\"index, follow, max-snippet:-1, max-image-preview:large, max-video-preview:-1\" \/>\n<meta property=\"og:locale\" content=\"fr_CA\" \/>\n<meta property=\"og:type\" content=\"article\" \/>\n<meta property=\"og:title\" content=\"L\u2019avenir \u00e9lectrique de Volkswagen en pause jusqu\u2019en 2026 - CanadaMotorJobs.com\" \/>\n<meta property=\"og:description\" content=\"L\u2019avenir \u00e9lectrique de Volkswagen en pause jusqu\u2019en 2026 - Benoit Charette - Annuel automobile - CanadaMotorJobs.com.\" \/>\n<meta property=\"og:url\" content=\"https:\/\/news.canadamotorjobs.com\/fr\/lavenir-electrique-de-volkswagen-en-pause-jusquen-2026\/\" \/>\n<meta property=\"og:site_name\" content=\"CanadaMotorJobs.com\" \/>\n<meta property=\"article:publisher\" content=\"https:\/\/www.facebook.com\/canadamotorjobs\/\" \/>\n<meta property=\"article:published_time\" content=\"2025-01-28T13:03:35+00:00\" \/>\n<meta property=\"article:modified_time\" content=\"2025-01-28T13:14:11+00:00\" \/>\n<meta property=\"og:image\" content=\"https:\/\/news.canadamotorjobs.com\/wp-content\/uploads\/2025\/01\/vw-id4-pro-scaled-1.jpg\" \/>\n\t<meta property=\"og:image:width\" content=\"2560\" \/>\n\t<meta property=\"og:image:height\" content=\"1707\" \/>\n\t<meta property=\"og:image:type\" content=\"image\/jpeg\" \/>\n<meta name=\"author\" content=\"Benoit Charette\" \/>\n<meta name=\"twitter:card\" content=\"summary_large_image\" \/>\n<meta name=\"twitter:creator\" content=\"@canadamotorjobs\" \/>\n<meta name=\"twitter:site\" content=\"@canadamotorjobs\" \/>\n<meta name=\"twitter:label1\" content=\"\u00c9crit par\" \/>\n\t<meta name=\"twitter:data1\" content=\"Benoit Charette\" \/>\n\t<meta name=\"twitter:label2\" content=\"Estimation du temps de lecture\" \/>\n\t<meta name=\"twitter:data2\" content=\"2 minutes\" \/>\n<!-- \/ Yoast SEO plugin. -->","yoast_head_json":{"title":"L\u2019avenir \u00e9lectrique de Volkswagen en pause jusqu\u2019en 2026 - CanadaMotorJobs.com","description":"L\u2019avenir \u00e9lectrique de Volkswagen en pause jusqu\u2019en 2026 - Benoit Charette - Annuel automobile - CanadaMotorJobs.com.","robots":{"index":"index","follow":"follow","max-snippet":"max-snippet:-1","max-image-preview":"max-image-preview:large","max-video-preview":"max-video-preview:-1"},"og_locale":"fr_CA","og_type":"article","og_title":"L\u2019avenir \u00e9lectrique de Volkswagen en pause jusqu\u2019en 2026 - CanadaMotorJobs.com","og_description":"L\u2019avenir \u00e9lectrique de Volkswagen en pause jusqu\u2019en 2026 - Benoit Charette - Annuel automobile - CanadaMotorJobs.com.","og_url":"https:\/\/news.canadamotorjobs.com\/fr\/lavenir-electrique-de-volkswagen-en-pause-jusquen-2026\/","og_site_name":"CanadaMotorJobs.com","article_publisher":"https:\/\/www.facebook.com\/canadamotorjobs\/","article_published_time":"2025-01-28T13:03:35+00:00","article_modified_time":"2025-01-28T13:14:11+00:00","og_image":[{"width":2560,"height":1707,"url":"https:\/\/news.canadamotorjobs.com\/wp-content\/uploads\/2025\/01\/vw-id4-pro-scaled-1.jpg","type":"image\/jpeg"}],"author":"Benoit Charette","twitter_card":"summary_large_image","twitter_creator":"@canadamotorjobs","twitter_site":"@canadamotorjobs","twitter_misc":{"\u00c9crit par":"Benoit Charette","Estimation du temps de lecture":"2 minutes"},"schema":{"@context":"https:\/\/schema.org","@graph":[{"@type":"Article","@id":"https:\/\/news.canadamotorjobs.com\/fr\/lavenir-electrique-de-volkswagen-en-pause-jusquen-2026\/#article","isPartOf":{"@id":"https:\/\/news.canadamotorjobs.com\/fr\/lavenir-electrique-de-volkswagen-en-pause-jusquen-2026\/"},"author":{"name":"Benoit Charette","@id":"https:\/\/news.canadamotorjobs.com\/#\/schema\/person\/51793d1f87d44011d7bcc2ed99269a90"},"headline":"L\u2019avenir \u00e9lectrique de Volkswagen en pause jusqu\u2019en 2026","datePublished":"2025-01-28T13:03:35+00:00","dateModified":"2025-01-28T13:14:11+00:00","mainEntityOfPage":{"@id":"https:\/\/news.canadamotorjobs.com\/fr\/lavenir-electrique-de-volkswagen-en-pause-jusquen-2026\/"},"wordCount":479,"publisher":{"@id":"https:\/\/news.canadamotorjobs.com\/#organization"},"image":{"@id":"https:\/\/news.canadamotorjobs.com\/fr\/lavenir-electrique-de-volkswagen-en-pause-jusquen-2026\/#primaryimage"},"thumbnailUrl":"https:\/\/news.canadamotorjobs.com\/wp-content\/uploads\/2025\/01\/vw-id4-pro-scaled-1.jpg","articleSection":["Annuel automobile"],"inLanguage":"fr-CA"},{"@type":"WebPage","@id":"https:\/\/news.canadamotorjobs.com\/fr\/lavenir-electrique-de-volkswagen-en-pause-jusquen-2026\/","url":"https:\/\/news.canadamotorjobs.com\/fr\/lavenir-electrique-de-volkswagen-en-pause-jusquen-2026\/","name":"L\u2019avenir \u00e9lectrique de Volkswagen en pause jusqu\u2019en 2026 - CanadaMotorJobs.com","isPartOf":{"@id":"https:\/\/news.canadamotorjobs.com\/#website"},"primaryImageOfPage":{"@id":"https:\/\/news.canadamotorjobs.com\/fr\/lavenir-electrique-de-volkswagen-en-pause-jusquen-2026\/#primaryimage"},"image":{"@id":"https:\/\/news.canadamotorjobs.com\/fr\/lavenir-electrique-de-volkswagen-en-pause-jusquen-2026\/#primaryimage"},"thumbnailUrl":"https:\/\/news.canadamotorjobs.com\/wp-content\/uploads\/2025\/01\/vw-id4-pro-scaled-1.jpg","datePublished":"2025-01-28T13:03:35+00:00","dateModified":"2025-01-28T13:14:11+00:00","description":"L\u2019avenir \u00e9lectrique de Volkswagen en pause jusqu\u2019en 2026 - Benoit Charette - Annuel automobile - CanadaMotorJobs.com.","breadcrumb":{"@id":"https:\/\/news.canadamotorjobs.com\/fr\/lavenir-electrique-de-volkswagen-en-pause-jusquen-2026\/#breadcrumb"},"inLanguage":"fr-CA","potentialAction":[{"@type":"ReadAction","target":["https:\/\/news.canadamotorjobs.com\/fr\/lavenir-electrique-de-volkswagen-en-pause-jusquen-2026\/"]}]},{"@type":"ImageObject","inLanguage":"fr-CA","@id":"https:\/\/news.canadamotorjobs.com\/fr\/lavenir-electrique-de-volkswagen-en-pause-jusquen-2026\/#primaryimage","url":"https:\/\/news.canadamotorjobs.com\/wp-content\/uploads\/2025\/01\/vw-id4-pro-scaled-1.jpg","contentUrl":"https:\/\/news.canadamotorjobs.com\/wp-content\/uploads\/2025\/01\/vw-id4-pro-scaled-1.jpg","width":2560,"height":1707},{"@type":"BreadcrumbList","@id":"https:\/\/news.canadamotorjobs.com\/fr\/lavenir-electrique-de-volkswagen-en-pause-jusquen-2026\/#breadcrumb","itemListElement":[{"@type":"ListItem","position":1,"name":"Home","item":"https:\/\/news.canadamotorjobs.com\/fr\/blog\/"},{"@type":"ListItem","position":2,"name":"L\u2019avenir \u00e9lectrique de Volkswagen en pause jusqu\u2019en 2026"}]},{"@type":"WebSite","@id":"https:\/\/news.canadamotorjobs.com\/#website","url":"https:\/\/news.canadamotorjobs.com\/","name":"CanadaMotorJobs.com","description":"Automotive Jobs","publisher":{"@id":"https:\/\/news.canadamotorjobs.com\/#organization"},"potentialAction":[{"@type":"SearchAction","target":{"@type":"EntryPoint","urlTemplate":"https:\/\/news.canadamotorjobs.com\/?s={search_term_string}"},"query-input":"required name=search_term_string"}],"inLanguage":"fr-CA"},{"@type":"Organization","@id":"https:\/\/news.canadamotorjobs.com\/#organization","name":"Canada Motor Jobs","url":"https:\/\/news.canadamotorjobs.com\/","logo":{"@type":"ImageObject","inLanguage":"fr-CA","@id":"https:\/\/news.canadamotorjobs.com\/#\/schema\/logo\/image\/","url":"https:\/\/news.canadamotorjobs.com\/wp-content\/uploads\/2022\/10\/logo-canada-motor-jobs-1.png","contentUrl":"https:\/\/news.canadamotorjobs.com\/wp-content\/uploads\/2022\/10\/logo-canada-motor-jobs-1.png","width":800,"height":400,"caption":"Canada Motor Jobs"},"image":{"@id":"https:\/\/news.canadamotorjobs.com\/#\/schema\/logo\/image\/"},"sameAs":["https:\/\/www.facebook.com\/canadamotorjobs\/","https:\/\/x.com\/canadamotorjobs","https:\/\/www.instagram.com\/canadamotorjobs\/","https:\/\/www.linkedin.com\/company\/canadamotorjobs"]},{"@type":"Person","@id":"https:\/\/news.canadamotorjobs.com\/#\/schema\/person\/51793d1f87d44011d7bcc2ed99269a90","name":"Benoit Charette","image":{"@type":"ImageObject","inLanguage":"fr-CA","@id":"https:\/\/news.canadamotorjobs.com\/#\/schema\/person\/image\/","url":"https:\/\/secure.gravatar.com\/avatar\/45f3d2eebcccd909668d7ce7ea7267b6?s=96&d=mm&r=g","contentUrl":"https:\/\/secure.gravatar.com\/avatar\/45f3d2eebcccd909668d7ce7ea7267b6?s=96&d=mm&r=g","caption":"Benoit Charette"},"description":"Benoit Charette \/ Propri\u00e9taire et r\u00e9dacteur en chef Benoit Charette pratique le journalisme automobile depuis bient\u00f4t 30 ans. Il a fait ses classes au c\u00f4t\u00e9 de Daniel H\u00e9raud et au Carnet de route de 1992 \u00e0 2001. Il est fondateur, copropri\u00e9taire et r\u00e9dacteur en chef de L\u2019Annuel de l\u2019automobile, qu\u2019il publie depuis 2001. Il a anim\u00e9 les \u00e9missions RPM et RPM+ sur V et les L\u00e9gendes de la route sur Historia. \u00c0 la radio depuis 1986, il reprend l\u2019antenne cette ann\u00e9e sur les ondes de Cogeco et participe pour la deuxi\u00e8me ann\u00e9e \u00e0 l\u2019\u00e9mission Passion Auto sur RDS en plus de mettre en ligne le site Web officiel de L\u2019Annuel de l\u2019automobile sur annuelauto.ca.","sameAs":["https:\/\/annuelauto.ca\/"],"url":"https:\/\/news.canadamotorjobs.com\/fr\/author\/benoit-charette\/"}]}},"_links":{"self":[{"href":"https:\/\/news.canadamotorjobs.com\/fr\/wp-json\/wp\/v2\/posts\/191067"}],"collection":[{"href":"https:\/\/news.canadamotorjobs.com\/fr\/wp-json\/wp\/v2\/posts"}],"about":[{"href":"https:\/\/news.canadamotorjobs.com\/fr\/wp-json\/wp\/v2\/types\/post"}],"author":[{"embeddable":true,"href":"https:\/\/news.canadamotorjobs.com\/fr\/wp-json\/wp\/v2\/users\/8"}],"replies":[{"embeddable":true,"href":"https:\/\/news.canadamotorjobs.com\/fr\/wp-json\/wp\/v2\/comments?post=191067"}],"version-history":[{"count":2,"href":"https:\/\/news.canadamotorjobs.com\/fr\/wp-json\/wp\/v2\/posts\/191067\/revisions"}],"predecessor-version":[{"id":191071,"href":"https:\/\/news.canadamotorjobs.com\/fr\/wp-json\/wp\/v2\/posts\/191067\/revisions\/191071"}],"wp:featuredmedia":[{"embeddable":true,"href":"https:\/\/news.canadamotorjobs.com\/fr\/wp-json\/wp\/v2\/media\/191069"}],"wp:attachment":[{"href":"https:\/\/news.canadamotorjobs.com\/fr\/wp-json\/wp\/v2\/media?parent=191067"}],"wp:term":[{"taxonomy":"category","embeddable":true,"href":"https:\/\/news.canadamotorjobs.com\/fr\/wp-json\/wp\/v2\/categories?post=191067"},{"taxonomy":"post_tag","embeddable":true,"href":"https:\/\/news.canadamotorjobs.com\/fr\/wp-json\/wp\/v2\/tags?post=191067"}],"curies":[{"name":"wp","href":"https:\/\/api.w.org\/{rel}","templated":true}]}}