{"id":191036,"date":"2025-01-27T11:48:09","date_gmt":"2025-01-27T16:48:09","guid":{"rendered":"https:\/\/news.canadamotorjobs.com\/?p=191036"},"modified":"2025-01-27T11:59:12","modified_gmt":"2025-01-27T16:59:12","slug":"tesla-rappelle-plus-de-12-million-de-vehicules-en-chine","status":"publish","type":"post","link":"https:\/\/news.canadamotorjobs.com\/fr\/tesla-rappelle-plus-de-12-million-de-vehicules-en-chine\/","title":{"rendered":"Tesla rappelle plus de 1,2 million de v\u00e9hicules en Chine"},"content":{"rendered":"<\/p>\n<p>Tesla d\u00e9marre mal l\u2019ann\u00e9e 2025 avec un rappel massif en Chine impliquant <strong>1,2 million de v\u00e9hicules \u00e9lectriques<\/strong>. Cette annonce intervient peu de temps apr\u00e8s que le constructeur a d\u00fb rappeler 240 000 mod\u00e8les aux \u00c9tats-Unis pour des probl\u00e8mes similaires.<\/p>\n<h3>Rappel n\u00b01 : direction assist\u00e9e d\u00e9faillante<\/h3>\n<p>\nLe rappel principal concerne <strong>871 087 Model 3 et Model Y<\/strong> produits localement entre le <strong>3 janvier 2022 et le 23 septembre 2023<\/strong>. Ces v\u00e9hicules pr\u00e9sentent un d\u00e9faut au niveau du syst\u00e8me de direction assist\u00e9e \u00e9lectronique, qui pourrait ne pas fournir une assistance suffisante en cas de dysfonctionnement.<\/p>\n<p>Heureusement, ce probl\u00e8me peut \u00eatre r\u00e9solu via une <strong>mise \u00e0 jour logicielle<\/strong> sans n\u00e9cessiter de visite en atelier.<\/p>\n<h3>Rappel n\u00b02 : cam\u00e9ra de recul d\u00e9fectueuse<\/h3>\n<p>\nLe second rappel touche <strong>335 716 v\u00e9hicules<\/strong>, notamment des Model S et Model X import\u00e9s, ainsi que des Model 3 et Model Y fabriqu\u00e9s en Chine entre le <strong>16 juillet 2023 et le 14 d\u00e9cembre 2024<\/strong>.<\/p>\n<p>Un <strong>courant de retour<\/strong> pourrait provoquer un court-circuit sur la carte informatique, entra\u00eenant une d\u00e9faillance de la cam\u00e9ra de recul. Bien que la majorit\u00e9 des v\u00e9hicules puissent \u00eatre corrig\u00e9s avec la mise \u00e0 jour logicielle <strong>2024.44.25.3<\/strong>, certains n\u00e9cessiteront un remplacement de la carte informatique, une intervention gratuite dans un centre de service Tesla.<\/p>\n<h3>Tesla et les rappels : un titre peu enviable<\/h3>\n<p>\nEn 2024, Tesla a rappel\u00e9 plus de v\u00e9hicules aux \u00c9tats-Unis que tout autre constructeur, souvent corrig\u00e9s par des mises \u00e0 jour OTA (Over-The-Air). Cependant, cette nouvelle s\u00e9rie de rappels en Chine renforce la pression sur le constructeur, un march\u00e9 crucial pour ses ventes mondiales.<\/p>\n<h3>Conclusion<\/h3>\n<p>\nAvec des probl\u00e8mes touchant \u00e0 la fois la <strong>s\u00e9curit\u00e9<\/strong> et la <strong>fiabilit\u00e9<\/strong>, Tesla doit redoubler d\u2019efforts pour pr\u00e9server sa r\u00e9putation. Si la <strong>mise \u00e0 jour logicielle<\/strong> simplifie la gestion des rappels, l\u2019ampleur de cette op\u00e9ration en Chine pourrait impacter la confiance des consommateurs.<\/p>\n<p><strong>Avec des renseignements de carscoops<br \/>\n<\/strong><\/p>\n<p>Le texte <a rel=\"nofollow\" href=\"https:\/\/annuelauto.ca\/tesla-rappel-1-2-millions-chine\/\">Tesla rappelle plus de 1,2 million de v\u00e9hicules en Chine<\/a> provient de <a rel=\"nofollow\" href=\"https:\/\/annuelauto.ca\">L&#8217;annuel de l&#8217;automobile &#8211; Actualit\u00e9 automobile<\/a><\/p>\n<p><\/p>\n","protected":false},"excerpt":{"rendered":"<p>Tesla d\u00e9marre mal l\u2019ann\u00e9e 2025 avec un rappel massif en Chine impliquant 1,2 million de v\u00e9hicules \u00e9lectriques. Cette annonce intervient peu de temps apr\u00e8s que le constructeur a d\u00fb rappeler 240 000 mod\u00e8les aux \u00c9tats-Unis pour des probl\u00e8mes similaires. Rappel n\u00b01 : direction assist\u00e9e d\u00e9faillante Le rappel principal concerne 871 087 Model 3 et Model [&hellip;]<\/p>\n","protected":false},"author":8,"featured_media":191038,"comment_status":"close","ping_status":"closed","sticky":false,"template":"","format":"standard","meta":{"_monsterinsights_skip_tracking":false,"_monsterinsights_sitenote_active":false,"_monsterinsights_sitenote_note":"","_monsterinsights_sitenote_category":0,"footnotes":""},"categories":[101],"tags":[],"yoast_head":"<!-- This site is optimized with the Yoast SEO plugin v23.2 - https:\/\/yoast.com\/wordpress\/plugins\/seo\/ -->\n<title>Tesla rappelle plus de 1,2 million de v\u00e9hicules en Chine - CanadaMotorJobs.com<\/title>\n<meta name=\"description\" content=\"Tesla rappelle plus de 1,2 million de v\u00e9hicules en Chine - Benoit Charette - Annuel automobile - CanadaMotorJobs.com.\" \/>\n<meta name=\"robots\" content=\"index, follow, max-snippet:-1, max-image-preview:large, max-video-preview:-1\" \/>\n<meta property=\"og:locale\" content=\"fr_CA\" \/>\n<meta property=\"og:type\" content=\"article\" \/>\n<meta property=\"og:title\" content=\"Tesla rappelle plus de 1,2 million de v\u00e9hicules en Chine - CanadaMotorJobs.com\" \/>\n<meta property=\"og:description\" content=\"Tesla rappelle plus de 1,2 million de v\u00e9hicules en Chine - Benoit Charette - Annuel automobile - CanadaMotorJobs.com.\" \/>\n<meta property=\"og:url\" content=\"https:\/\/news.canadamotorjobs.com\/fr\/tesla-rappelle-plus-de-12-million-de-vehicules-en-chine\/\" \/>\n<meta property=\"og:site_name\" content=\"CanadaMotorJobs.com\" \/>\n<meta property=\"article:publisher\" content=\"https:\/\/www.facebook.com\/canadamotorjobs\/\" \/>\n<meta property=\"article:published_time\" content=\"2025-01-27T16:48:09+00:00\" \/>\n<meta property=\"article:modified_time\" content=\"2025-01-27T16:59:12+00:00\" \/>\n<meta property=\"og:image\" content=\"https:\/\/news.canadamotorjobs.com\/wp-content\/uploads\/2025\/01\/tesla-model-y-2025.jpg\" \/>\n\t<meta property=\"og:image:width\" content=\"1920\" \/>\n\t<meta property=\"og:image:height\" content=\"1080\" \/>\n\t<meta property=\"og:image:type\" content=\"image\/jpeg\" \/>\n<meta name=\"author\" content=\"Benoit Charette\" \/>\n<meta name=\"twitter:card\" content=\"summary_large_image\" \/>\n<meta name=\"twitter:creator\" content=\"@canadamotorjobs\" \/>\n<meta name=\"twitter:site\" content=\"@canadamotorjobs\" \/>\n<meta name=\"twitter:label1\" content=\"\u00c9crit par\" \/>\n\t<meta name=\"twitter:data1\" content=\"Benoit Charette\" \/>\n\t<meta name=\"twitter:label2\" content=\"Estimation du temps de lecture\" \/>\n\t<meta name=\"twitter:data2\" content=\"2 minutes\" \/>\n<!-- \/ Yoast SEO plugin. -->","yoast_head_json":{"title":"Tesla rappelle plus de 1,2 million de v\u00e9hicules en Chine - CanadaMotorJobs.com","description":"Tesla rappelle plus de 1,2 million de v\u00e9hicules en Chine - Benoit Charette - Annuel automobile - CanadaMotorJobs.com.","robots":{"index":"index","follow":"follow","max-snippet":"max-snippet:-1","max-image-preview":"max-image-preview:large","max-video-preview":"max-video-preview:-1"},"og_locale":"fr_CA","og_type":"article","og_title":"Tesla rappelle plus de 1,2 million de v\u00e9hicules en Chine - CanadaMotorJobs.com","og_description":"Tesla rappelle plus de 1,2 million de v\u00e9hicules en Chine - Benoit Charette - Annuel automobile - CanadaMotorJobs.com.","og_url":"https:\/\/news.canadamotorjobs.com\/fr\/tesla-rappelle-plus-de-12-million-de-vehicules-en-chine\/","og_site_name":"CanadaMotorJobs.com","article_publisher":"https:\/\/www.facebook.com\/canadamotorjobs\/","article_published_time":"2025-01-27T16:48:09+00:00","article_modified_time":"2025-01-27T16:59:12+00:00","og_image":[{"width":1920,"height":1080,"url":"https:\/\/news.canadamotorjobs.com\/wp-content\/uploads\/2025\/01\/tesla-model-y-2025.jpg","type":"image\/jpeg"}],"author":"Benoit Charette","twitter_card":"summary_large_image","twitter_creator":"@canadamotorjobs","twitter_site":"@canadamotorjobs","twitter_misc":{"\u00c9crit par":"Benoit Charette","Estimation du temps de lecture":"2 minutes"},"schema":{"@context":"https:\/\/schema.org","@graph":[{"@type":"Article","@id":"https:\/\/news.canadamotorjobs.com\/fr\/tesla-rappelle-plus-de-12-million-de-vehicules-en-chine\/#article","isPartOf":{"@id":"https:\/\/news.canadamotorjobs.com\/fr\/tesla-rappelle-plus-de-12-million-de-vehicules-en-chine\/"},"author":{"name":"Benoit Charette","@id":"https:\/\/news.canadamotorjobs.com\/#\/schema\/person\/51793d1f87d44011d7bcc2ed99269a90"},"headline":"Tesla rappelle plus de 1,2 million de v\u00e9hicules en Chine","datePublished":"2025-01-27T16:48:09+00:00","dateModified":"2025-01-27T16:59:12+00:00","mainEntityOfPage":{"@id":"https:\/\/news.canadamotorjobs.com\/fr\/tesla-rappelle-plus-de-12-million-de-vehicules-en-chine\/"},"wordCount":352,"publisher":{"@id":"https:\/\/news.canadamotorjobs.com\/#organization"},"image":{"@id":"https:\/\/news.canadamotorjobs.com\/fr\/tesla-rappelle-plus-de-12-million-de-vehicules-en-chine\/#primaryimage"},"thumbnailUrl":"https:\/\/news.canadamotorjobs.com\/wp-content\/uploads\/2025\/01\/tesla-model-y-2025.jpg","articleSection":["Annuel automobile"],"inLanguage":"fr-CA"},{"@type":"WebPage","@id":"https:\/\/news.canadamotorjobs.com\/fr\/tesla-rappelle-plus-de-12-million-de-vehicules-en-chine\/","url":"https:\/\/news.canadamotorjobs.com\/fr\/tesla-rappelle-plus-de-12-million-de-vehicules-en-chine\/","name":"Tesla rappelle plus de 1,2 million de v\u00e9hicules en Chine - CanadaMotorJobs.com","isPartOf":{"@id":"https:\/\/news.canadamotorjobs.com\/#website"},"primaryImageOfPage":{"@id":"https:\/\/news.canadamotorjobs.com\/fr\/tesla-rappelle-plus-de-12-million-de-vehicules-en-chine\/#primaryimage"},"image":{"@id":"https:\/\/news.canadamotorjobs.com\/fr\/tesla-rappelle-plus-de-12-million-de-vehicules-en-chine\/#primaryimage"},"thumbnailUrl":"https:\/\/news.canadamotorjobs.com\/wp-content\/uploads\/2025\/01\/tesla-model-y-2025.jpg","datePublished":"2025-01-27T16:48:09+00:00","dateModified":"2025-01-27T16:59:12+00:00","description":"Tesla rappelle plus de 1,2 million de v\u00e9hicules en Chine - Benoit Charette - Annuel automobile - CanadaMotorJobs.com.","breadcrumb":{"@id":"https:\/\/news.canadamotorjobs.com\/fr\/tesla-rappelle-plus-de-12-million-de-vehicules-en-chine\/#breadcrumb"},"inLanguage":"fr-CA","potentialAction":[{"@type":"ReadAction","target":["https:\/\/news.canadamotorjobs.com\/fr\/tesla-rappelle-plus-de-12-million-de-vehicules-en-chine\/"]}]},{"@type":"ImageObject","inLanguage":"fr-CA","@id":"https:\/\/news.canadamotorjobs.com\/fr\/tesla-rappelle-plus-de-12-million-de-vehicules-en-chine\/#primaryimage","url":"https:\/\/news.canadamotorjobs.com\/wp-content\/uploads\/2025\/01\/tesla-model-y-2025.jpg","contentUrl":"https:\/\/news.canadamotorjobs.com\/wp-content\/uploads\/2025\/01\/tesla-model-y-2025.jpg","width":1920,"height":1080},{"@type":"BreadcrumbList","@id":"https:\/\/news.canadamotorjobs.com\/fr\/tesla-rappelle-plus-de-12-million-de-vehicules-en-chine\/#breadcrumb","itemListElement":[{"@type":"ListItem","position":1,"name":"Home","item":"https:\/\/news.canadamotorjobs.com\/fr\/blog\/"},{"@type":"ListItem","position":2,"name":"Tesla rappelle plus de 1,2 million de v\u00e9hicules en Chine"}]},{"@type":"WebSite","@id":"https:\/\/news.canadamotorjobs.com\/#website","url":"https:\/\/news.canadamotorjobs.com\/","name":"CanadaMotorJobs.com","description":"Automotive Jobs","publisher":{"@id":"https:\/\/news.canadamotorjobs.com\/#organization"},"potentialAction":[{"@type":"SearchAction","target":{"@type":"EntryPoint","urlTemplate":"https:\/\/news.canadamotorjobs.com\/?s={search_term_string}"},"query-input":"required name=search_term_string"}],"inLanguage":"fr-CA"},{"@type":"Organization","@id":"https:\/\/news.canadamotorjobs.com\/#organization","name":"Canada Motor Jobs","url":"https:\/\/news.canadamotorjobs.com\/","logo":{"@type":"ImageObject","inLanguage":"fr-CA","@id":"https:\/\/news.canadamotorjobs.com\/#\/schema\/logo\/image\/","url":"https:\/\/news.canadamotorjobs.com\/wp-content\/uploads\/2022\/10\/logo-canada-motor-jobs-1.png","contentUrl":"https:\/\/news.canadamotorjobs.com\/wp-content\/uploads\/2022\/10\/logo-canada-motor-jobs-1.png","width":800,"height":400,"caption":"Canada Motor Jobs"},"image":{"@id":"https:\/\/news.canadamotorjobs.com\/#\/schema\/logo\/image\/"},"sameAs":["https:\/\/www.facebook.com\/canadamotorjobs\/","https:\/\/x.com\/canadamotorjobs","https:\/\/www.instagram.com\/canadamotorjobs\/","https:\/\/www.linkedin.com\/company\/canadamotorjobs"]},{"@type":"Person","@id":"https:\/\/news.canadamotorjobs.com\/#\/schema\/person\/51793d1f87d44011d7bcc2ed99269a90","name":"Benoit Charette","image":{"@type":"ImageObject","inLanguage":"fr-CA","@id":"https:\/\/news.canadamotorjobs.com\/#\/schema\/person\/image\/","url":"https:\/\/secure.gravatar.com\/avatar\/45f3d2eebcccd909668d7ce7ea7267b6?s=96&d=mm&r=g","contentUrl":"https:\/\/secure.gravatar.com\/avatar\/45f3d2eebcccd909668d7ce7ea7267b6?s=96&d=mm&r=g","caption":"Benoit Charette"},"description":"Benoit Charette \/ Propri\u00e9taire et r\u00e9dacteur en chef Benoit Charette pratique le journalisme automobile depuis bient\u00f4t 30 ans. Il a fait ses classes au c\u00f4t\u00e9 de Daniel H\u00e9raud et au Carnet de route de 1992 \u00e0 2001. Il est fondateur, copropri\u00e9taire et r\u00e9dacteur en chef de L\u2019Annuel de l\u2019automobile, qu\u2019il publie depuis 2001. Il a anim\u00e9 les \u00e9missions RPM et RPM+ sur V et les L\u00e9gendes de la route sur Historia. \u00c0 la radio depuis 1986, il reprend l\u2019antenne cette ann\u00e9e sur les ondes de Cogeco et participe pour la deuxi\u00e8me ann\u00e9e \u00e0 l\u2019\u00e9mission Passion Auto sur RDS en plus de mettre en ligne le site Web officiel de L\u2019Annuel de l\u2019automobile sur annuelauto.ca.","sameAs":["https:\/\/annuelauto.ca\/"],"url":"https:\/\/news.canadamotorjobs.com\/fr\/author\/benoit-charette\/"}]}},"_links":{"self":[{"href":"https:\/\/news.canadamotorjobs.com\/fr\/wp-json\/wp\/v2\/posts\/191036"}],"collection":[{"href":"https:\/\/news.canadamotorjobs.com\/fr\/wp-json\/wp\/v2\/posts"}],"about":[{"href":"https:\/\/news.canadamotorjobs.com\/fr\/wp-json\/wp\/v2\/types\/post"}],"author":[{"embeddable":true,"href":"https:\/\/news.canadamotorjobs.com\/fr\/wp-json\/wp\/v2\/users\/8"}],"replies":[{"embeddable":true,"href":"https:\/\/news.canadamotorjobs.com\/fr\/wp-json\/wp\/v2\/comments?post=191036"}],"version-history":[{"count":2,"href":"https:\/\/news.canadamotorjobs.com\/fr\/wp-json\/wp\/v2\/posts\/191036\/revisions"}],"predecessor-version":[{"id":191040,"href":"https:\/\/news.canadamotorjobs.com\/fr\/wp-json\/wp\/v2\/posts\/191036\/revisions\/191040"}],"wp:featuredmedia":[{"embeddable":true,"href":"https:\/\/news.canadamotorjobs.com\/fr\/wp-json\/wp\/v2\/media\/191038"}],"wp:attachment":[{"href":"https:\/\/news.canadamotorjobs.com\/fr\/wp-json\/wp\/v2\/media?parent=191036"}],"wp:term":[{"taxonomy":"category","embeddable":true,"href":"https:\/\/news.canadamotorjobs.com\/fr\/wp-json\/wp\/v2\/categories?post=191036"},{"taxonomy":"post_tag","embeddable":true,"href":"https:\/\/news.canadamotorjobs.com\/fr\/wp-json\/wp\/v2\/tags?post=191036"}],"curies":[{"name":"wp","href":"https:\/\/api.w.org\/{rel}","templated":true}]}}