{"id":191021,"date":"2025-01-27T08:46:03","date_gmt":"2025-01-27T13:46:03","guid":{"rendered":"https:\/\/news.canadamotorjobs.com\/?p=191021"},"modified":"2025-01-27T08:58:53","modified_gmt":"2025-01-27T13:58:53","slug":"mitsubishi-prepare-un-vus-electrique-pour-2026","status":"publish","type":"post","link":"https:\/\/news.canadamotorjobs.com\/fr\/mitsubishi-prepare-un-vus-electrique-pour-2026\/","title":{"rendered":"Mitsubishi pr\u00e9pare un VUS \u00e9lectrique pour 2026"},"content":{"rendered":"<\/p>\n<p>Mitsubishi a annonc\u00e9 l\u2019arriv\u00e9e de son premier <strong>v\u00e9hicule \u00e9lectrique<\/strong> en 2026. Cette nouveaut\u00e9 sera accompagn\u00e9e d\u2019une version sur\u00e9lev\u00e9e de l\u2019Outlander dans la seconde moiti\u00e9 de l\u2019ann\u00e9e prochaine, selon les informations d\u00e9voil\u00e9es lors de la r\u00e9union de la marque le 26 janvier.<\/p>\n<h3>Un nouveau VUS \u00e9lectrique<\/h3>\n<p>\nBien que peu de d\u00e9tails aient \u00e9t\u00e9 communiqu\u00e9s sur ce mod\u00e8le, des sources proches du dossier \u00e9voquent un <strong>petit VUS de style coup\u00e9<\/strong>, similaire au futur rempla\u00e7ant de la Nissan Leaf. Ce mod\u00e8le, bas\u00e9 sur la plateforme <strong>CMF-EV<\/strong> partag\u00e9e avec la Nissan Ariya, a \u00e9t\u00e9 annonc\u00e9 via le concept <strong>Chill-Out<\/strong>. Cependant, les concessionnaires restent prudents. RC Hill, pr\u00e9sident du Mitsubishi National Advisory Board, a soulign\u00e9 que ce V\u00c9 ne compensera pas la perte de la <strong>Mirage<\/strong>, dont la production a cess\u00e9 en d\u00e9cembre.<\/p>\n<h3>Une strat\u00e9gie pour compenser la perte de la Mirage<\/h3>\n<p>\nPour pallier cette baisse, Mitsubishi envisage de r\u00e9duire le prix du RVR et de proposer une version d\u2019entr\u00e9e de gamme plus \u00e9conomique. Cette initiative vise \u00e0 r\u00e9pondre aux pr\u00e9occupations des concessionnaires, qui appellent \u00e0 augmenter les volumes de vente et \u00e0 am\u00e9liorer leur rentabilit\u00e9. Mark Chaffin, PDG de Mitsubishi Motors North America, a d\u00e9clar\u00e9 que l\u2019augmentation de la <strong>rentabilit\u00e9 des concessionnaires<\/strong> reste une priorit\u00e9 absolue. Des programmes financiers sont en cours d\u2019\u00e9laboration pour soutenir les concessionnaires jusqu\u2019\u00e0 l\u2019arriv\u00e9e des nouveaux mod\u00e8les d\u2019ici 2026.<\/p>\n<h3>Un avenir prometteur pour Mitsubishi<\/h3>\n<p>\nMitsubishi pr\u00e9voit un remodelage de sa gamme avec le lancement d\u2019un nouveau mod\u00e8le ou d\u2019une mise \u00e0 jour chaque ann\u00e9e entre 2026 et 2030. Cette strat\u00e9gie suscite un regain d\u2019int\u00e9r\u00eat pour la marque, comme le souligne Chaffin : \u00ab Les groupes de concessionnaires, grands et petits, souhaitent int\u00e9grer Mitsubishi \u00e0 leur portefeuille. \u00bb<\/p>\n<h3>Conclusion<\/h3>\n<p>\nAvec l\u2019introduction de son premier EV et une r\u00e9vision strat\u00e9gique du RVR, Mitsubishi vise \u00e0 renforcer sa pr\u00e9sence sur le march\u00e9 nord-am\u00e9ricain. L\u2019enjeu sera de maintenir des volumes de vente comp\u00e9titifs tout en r\u00e9pondant aux attentes de rentabilit\u00e9 des concessionnaires.<\/p>\n<p>Avec des renseignements d&#8217;Automotive News<\/p>\n<p><strong>\u00a0<\/strong><\/p>\n<p>Le texte <a rel=\"nofollow\" href=\"https:\/\/annuelauto.ca\/mitsubishi-prepare-un-vuselectrique-pour-2026\/\">Mitsubishi pr\u00e9pare un VUS \u00e9lectrique pour 2026<\/a> provient de <a rel=\"nofollow\" href=\"https:\/\/annuelauto.ca\">L&#8217;annuel de l&#8217;automobile &#8211; Actualit\u00e9 automobile<\/a><\/p>\n<p><\/p>\n","protected":false},"excerpt":{"rendered":"<p>Mitsubishi a annonc\u00e9 l\u2019arriv\u00e9e de son premier v\u00e9hicule \u00e9lectrique en 2026. Cette nouveaut\u00e9 sera accompagn\u00e9e d\u2019une version sur\u00e9lev\u00e9e de l\u2019Outlander dans la seconde moiti\u00e9 de l\u2019ann\u00e9e prochaine, selon les informations d\u00e9voil\u00e9es lors de la r\u00e9union de la marque le 26 janvier. Un nouveau VUS \u00e9lectrique Bien que peu de d\u00e9tails aient \u00e9t\u00e9 communiqu\u00e9s sur ce [&hellip;]<\/p>\n","protected":false},"author":8,"featured_media":191023,"comment_status":"close","ping_status":"closed","sticky":false,"template":"","format":"standard","meta":{"_monsterinsights_skip_tracking":false,"_monsterinsights_sitenote_active":false,"_monsterinsights_sitenote_note":"","_monsterinsights_sitenote_category":0,"footnotes":""},"categories":[101],"tags":[],"yoast_head":"<!-- This site is optimized with the Yoast SEO plugin v23.2 - https:\/\/yoast.com\/wordpress\/plugins\/seo\/ -->\n<title>Mitsubishi pr\u00e9pare un VUS \u00e9lectrique pour 2026 - CanadaMotorJobs.com<\/title>\n<meta name=\"description\" content=\"Mitsubishi pr\u00e9pare un VUS \u00e9lectrique pour 2026 - Benoit Charette - Annuel automobile - CanadaMotorJobs.com.\" \/>\n<meta name=\"robots\" content=\"index, follow, max-snippet:-1, max-image-preview:large, max-video-preview:-1\" \/>\n<meta property=\"og:locale\" content=\"fr_CA\" \/>\n<meta property=\"og:type\" content=\"article\" \/>\n<meta property=\"og:title\" content=\"Mitsubishi pr\u00e9pare un VUS \u00e9lectrique pour 2026 - CanadaMotorJobs.com\" \/>\n<meta property=\"og:description\" content=\"Mitsubishi pr\u00e9pare un VUS \u00e9lectrique pour 2026 - Benoit Charette - Annuel automobile - CanadaMotorJobs.com.\" \/>\n<meta property=\"og:url\" content=\"https:\/\/news.canadamotorjobs.com\/fr\/mitsubishi-prepare-un-vus-electrique-pour-2026\/\" \/>\n<meta property=\"og:site_name\" content=\"CanadaMotorJobs.com\" \/>\n<meta property=\"article:publisher\" content=\"https:\/\/www.facebook.com\/canadamotorjobs\/\" \/>\n<meta property=\"article:published_time\" content=\"2025-01-27T13:46:03+00:00\" \/>\n<meta property=\"article:modified_time\" content=\"2025-01-27T13:58:53+00:00\" \/>\n<meta property=\"og:image\" content=\"https:\/\/news.canadamotorjobs.com\/wp-content\/uploads\/2025\/01\/articlethumb_97_82585.jpg\" \/>\n\t<meta property=\"og:image:width\" content=\"720\" \/>\n\t<meta property=\"og:image:height\" content=\"480\" \/>\n\t<meta property=\"og:image:type\" content=\"image\/jpeg\" \/>\n<meta name=\"author\" content=\"Benoit Charette\" \/>\n<meta name=\"twitter:card\" content=\"summary_large_image\" \/>\n<meta name=\"twitter:creator\" content=\"@canadamotorjobs\" \/>\n<meta name=\"twitter:site\" content=\"@canadamotorjobs\" \/>\n<meta name=\"twitter:label1\" content=\"\u00c9crit par\" \/>\n\t<meta name=\"twitter:data1\" content=\"Benoit Charette\" \/>\n\t<meta name=\"twitter:label2\" content=\"Estimation du temps de lecture\" \/>\n\t<meta name=\"twitter:data2\" content=\"2 minutes\" \/>\n<!-- \/ Yoast SEO plugin. -->","yoast_head_json":{"title":"Mitsubishi pr\u00e9pare un VUS \u00e9lectrique pour 2026 - CanadaMotorJobs.com","description":"Mitsubishi pr\u00e9pare un VUS \u00e9lectrique pour 2026 - Benoit Charette - Annuel automobile - CanadaMotorJobs.com.","robots":{"index":"index","follow":"follow","max-snippet":"max-snippet:-1","max-image-preview":"max-image-preview:large","max-video-preview":"max-video-preview:-1"},"og_locale":"fr_CA","og_type":"article","og_title":"Mitsubishi pr\u00e9pare un VUS \u00e9lectrique pour 2026 - CanadaMotorJobs.com","og_description":"Mitsubishi pr\u00e9pare un VUS \u00e9lectrique pour 2026 - Benoit Charette - Annuel automobile - CanadaMotorJobs.com.","og_url":"https:\/\/news.canadamotorjobs.com\/fr\/mitsubishi-prepare-un-vus-electrique-pour-2026\/","og_site_name":"CanadaMotorJobs.com","article_publisher":"https:\/\/www.facebook.com\/canadamotorjobs\/","article_published_time":"2025-01-27T13:46:03+00:00","article_modified_time":"2025-01-27T13:58:53+00:00","og_image":[{"width":720,"height":480,"url":"https:\/\/news.canadamotorjobs.com\/wp-content\/uploads\/2025\/01\/articlethumb_97_82585.jpg","type":"image\/jpeg"}],"author":"Benoit Charette","twitter_card":"summary_large_image","twitter_creator":"@canadamotorjobs","twitter_site":"@canadamotorjobs","twitter_misc":{"\u00c9crit par":"Benoit Charette","Estimation du temps de lecture":"2 minutes"},"schema":{"@context":"https:\/\/schema.org","@graph":[{"@type":"Article","@id":"https:\/\/news.canadamotorjobs.com\/fr\/mitsubishi-prepare-un-vus-electrique-pour-2026\/#article","isPartOf":{"@id":"https:\/\/news.canadamotorjobs.com\/fr\/mitsubishi-prepare-un-vus-electrique-pour-2026\/"},"author":{"name":"Benoit Charette","@id":"https:\/\/news.canadamotorjobs.com\/#\/schema\/person\/51793d1f87d44011d7bcc2ed99269a90"},"headline":"Mitsubishi pr\u00e9pare un VUS \u00e9lectrique pour 2026","datePublished":"2025-01-27T13:46:03+00:00","dateModified":"2025-01-27T13:58:53+00:00","mainEntityOfPage":{"@id":"https:\/\/news.canadamotorjobs.com\/fr\/mitsubishi-prepare-un-vus-electrique-pour-2026\/"},"wordCount":390,"publisher":{"@id":"https:\/\/news.canadamotorjobs.com\/#organization"},"image":{"@id":"https:\/\/news.canadamotorjobs.com\/fr\/mitsubishi-prepare-un-vus-electrique-pour-2026\/#primaryimage"},"thumbnailUrl":"https:\/\/news.canadamotorjobs.com\/wp-content\/uploads\/2025\/01\/articlethumb_97_82585.jpg","articleSection":["Annuel automobile"],"inLanguage":"fr-CA"},{"@type":"WebPage","@id":"https:\/\/news.canadamotorjobs.com\/fr\/mitsubishi-prepare-un-vus-electrique-pour-2026\/","url":"https:\/\/news.canadamotorjobs.com\/fr\/mitsubishi-prepare-un-vus-electrique-pour-2026\/","name":"Mitsubishi pr\u00e9pare un VUS \u00e9lectrique pour 2026 - CanadaMotorJobs.com","isPartOf":{"@id":"https:\/\/news.canadamotorjobs.com\/#website"},"primaryImageOfPage":{"@id":"https:\/\/news.canadamotorjobs.com\/fr\/mitsubishi-prepare-un-vus-electrique-pour-2026\/#primaryimage"},"image":{"@id":"https:\/\/news.canadamotorjobs.com\/fr\/mitsubishi-prepare-un-vus-electrique-pour-2026\/#primaryimage"},"thumbnailUrl":"https:\/\/news.canadamotorjobs.com\/wp-content\/uploads\/2025\/01\/articlethumb_97_82585.jpg","datePublished":"2025-01-27T13:46:03+00:00","dateModified":"2025-01-27T13:58:53+00:00","description":"Mitsubishi pr\u00e9pare un VUS \u00e9lectrique pour 2026 - Benoit Charette - Annuel automobile - CanadaMotorJobs.com.","breadcrumb":{"@id":"https:\/\/news.canadamotorjobs.com\/fr\/mitsubishi-prepare-un-vus-electrique-pour-2026\/#breadcrumb"},"inLanguage":"fr-CA","potentialAction":[{"@type":"ReadAction","target":["https:\/\/news.canadamotorjobs.com\/fr\/mitsubishi-prepare-un-vus-electrique-pour-2026\/"]}]},{"@type":"ImageObject","inLanguage":"fr-CA","@id":"https:\/\/news.canadamotorjobs.com\/fr\/mitsubishi-prepare-un-vus-electrique-pour-2026\/#primaryimage","url":"https:\/\/news.canadamotorjobs.com\/wp-content\/uploads\/2025\/01\/articlethumb_97_82585.jpg","contentUrl":"https:\/\/news.canadamotorjobs.com\/wp-content\/uploads\/2025\/01\/articlethumb_97_82585.jpg","width":720,"height":480},{"@type":"BreadcrumbList","@id":"https:\/\/news.canadamotorjobs.com\/fr\/mitsubishi-prepare-un-vus-electrique-pour-2026\/#breadcrumb","itemListElement":[{"@type":"ListItem","position":1,"name":"Home","item":"https:\/\/news.canadamotorjobs.com\/fr\/blog\/"},{"@type":"ListItem","position":2,"name":"Mitsubishi pr\u00e9pare un VUS \u00e9lectrique pour 2026"}]},{"@type":"WebSite","@id":"https:\/\/news.canadamotorjobs.com\/#website","url":"https:\/\/news.canadamotorjobs.com\/","name":"CanadaMotorJobs.com","description":"Automotive Jobs","publisher":{"@id":"https:\/\/news.canadamotorjobs.com\/#organization"},"potentialAction":[{"@type":"SearchAction","target":{"@type":"EntryPoint","urlTemplate":"https:\/\/news.canadamotorjobs.com\/?s={search_term_string}"},"query-input":"required name=search_term_string"}],"inLanguage":"fr-CA"},{"@type":"Organization","@id":"https:\/\/news.canadamotorjobs.com\/#organization","name":"Canada Motor Jobs","url":"https:\/\/news.canadamotorjobs.com\/","logo":{"@type":"ImageObject","inLanguage":"fr-CA","@id":"https:\/\/news.canadamotorjobs.com\/#\/schema\/logo\/image\/","url":"https:\/\/news.canadamotorjobs.com\/wp-content\/uploads\/2022\/10\/logo-canada-motor-jobs-1.png","contentUrl":"https:\/\/news.canadamotorjobs.com\/wp-content\/uploads\/2022\/10\/logo-canada-motor-jobs-1.png","width":800,"height":400,"caption":"Canada Motor Jobs"},"image":{"@id":"https:\/\/news.canadamotorjobs.com\/#\/schema\/logo\/image\/"},"sameAs":["https:\/\/www.facebook.com\/canadamotorjobs\/","https:\/\/x.com\/canadamotorjobs","https:\/\/www.instagram.com\/canadamotorjobs\/","https:\/\/www.linkedin.com\/company\/canadamotorjobs"]},{"@type":"Person","@id":"https:\/\/news.canadamotorjobs.com\/#\/schema\/person\/51793d1f87d44011d7bcc2ed99269a90","name":"Benoit Charette","image":{"@type":"ImageObject","inLanguage":"fr-CA","@id":"https:\/\/news.canadamotorjobs.com\/#\/schema\/person\/image\/","url":"https:\/\/secure.gravatar.com\/avatar\/45f3d2eebcccd909668d7ce7ea7267b6?s=96&d=mm&r=g","contentUrl":"https:\/\/secure.gravatar.com\/avatar\/45f3d2eebcccd909668d7ce7ea7267b6?s=96&d=mm&r=g","caption":"Benoit Charette"},"description":"Benoit Charette \/ Propri\u00e9taire et r\u00e9dacteur en chef Benoit Charette pratique le journalisme automobile depuis bient\u00f4t 30 ans. Il a fait ses classes au c\u00f4t\u00e9 de Daniel H\u00e9raud et au Carnet de route de 1992 \u00e0 2001. Il est fondateur, copropri\u00e9taire et r\u00e9dacteur en chef de L\u2019Annuel de l\u2019automobile, qu\u2019il publie depuis 2001. Il a anim\u00e9 les \u00e9missions RPM et RPM+ sur V et les L\u00e9gendes de la route sur Historia. \u00c0 la radio depuis 1986, il reprend l\u2019antenne cette ann\u00e9e sur les ondes de Cogeco et participe pour la deuxi\u00e8me ann\u00e9e \u00e0 l\u2019\u00e9mission Passion Auto sur RDS en plus de mettre en ligne le site Web officiel de L\u2019Annuel de l\u2019automobile sur annuelauto.ca.","sameAs":["https:\/\/annuelauto.ca\/"],"url":"https:\/\/news.canadamotorjobs.com\/fr\/author\/benoit-charette\/"}]}},"_links":{"self":[{"href":"https:\/\/news.canadamotorjobs.com\/fr\/wp-json\/wp\/v2\/posts\/191021"}],"collection":[{"href":"https:\/\/news.canadamotorjobs.com\/fr\/wp-json\/wp\/v2\/posts"}],"about":[{"href":"https:\/\/news.canadamotorjobs.com\/fr\/wp-json\/wp\/v2\/types\/post"}],"author":[{"embeddable":true,"href":"https:\/\/news.canadamotorjobs.com\/fr\/wp-json\/wp\/v2\/users\/8"}],"replies":[{"embeddable":true,"href":"https:\/\/news.canadamotorjobs.com\/fr\/wp-json\/wp\/v2\/comments?post=191021"}],"version-history":[{"count":2,"href":"https:\/\/news.canadamotorjobs.com\/fr\/wp-json\/wp\/v2\/posts\/191021\/revisions"}],"predecessor-version":[{"id":191025,"href":"https:\/\/news.canadamotorjobs.com\/fr\/wp-json\/wp\/v2\/posts\/191021\/revisions\/191025"}],"wp:featuredmedia":[{"embeddable":true,"href":"https:\/\/news.canadamotorjobs.com\/fr\/wp-json\/wp\/v2\/media\/191023"}],"wp:attachment":[{"href":"https:\/\/news.canadamotorjobs.com\/fr\/wp-json\/wp\/v2\/media?parent=191021"}],"wp:term":[{"taxonomy":"category","embeddable":true,"href":"https:\/\/news.canadamotorjobs.com\/fr\/wp-json\/wp\/v2\/categories?post=191021"},{"taxonomy":"post_tag","embeddable":true,"href":"https:\/\/news.canadamotorjobs.com\/fr\/wp-json\/wp\/v2\/tags?post=191021"}],"curies":[{"name":"wp","href":"https:\/\/api.w.org\/{rel}","templated":true}]}}