{"id":190985,"date":"2025-01-26T21:12:59","date_gmt":"2025-01-27T02:12:59","guid":{"rendered":"https:\/\/news.canadamotorjobs.com\/?p=190985"},"modified":"2025-01-26T21:43:45","modified_gmt":"2025-01-27T02:43:45","slug":"salon-de-montreal-2025-bilan-positif-pour-la-80e-edition-du-salon-de-lauto-de-montreal","status":"publish","type":"post","link":"https:\/\/news.canadamotorjobs.com\/fr\/salon-de-montreal-2025-bilan-positif-pour-la-80e-edition-du-salon-de-lauto-de-montreal\/","title":{"rendered":"Salon de Montr\u00e9al 2025\u00a0: Bilan positif pour la 80e \u00e9dition du Salon de l\u2019auto de Montr\u00e9al"},"content":{"rendered":"<\/p>\n<p>Les Qu\u00e9b\u00e9cois appr\u00e9cient toujours autant le <a href=\"https:\/\/annuelauto.ca\/salon-de-montreal-2025-deux-ford-mustang-aux-antipodes\/\" target=\"_blank\" rel=\"noopener noreferrer\">Salon de l\u2019auto de Montr\u00e9al<\/a> (SAM). La 80e\u00a0\u00e9dition de cette exposition annuelle, qui a pris fin aujourd\u2019hui, a attir\u00e9 pr\u00e8s de 163\u00a0000 visiteurs, d\u2019apr\u00e8s un communiqu\u00e9 publi\u00e9 par la Corporation des concessionnaires d\u2019automobiles de Montr\u00e9al (CCAM).<\/p>\n<p>Cette assistance repr\u00e9sente une faible baisse d\u2019environ 3\u00a0% comparativement \u00e0 l\u2019achalandage de l\u2019ann\u00e9e derni\u00e8re, alors que 168\u00a0447 visiteurs avaient franchi les tourniquets du Palais des congr\u00e8s de Montr\u00e9al, o\u00f9 le salon \u00e9tait pr\u00e9sent\u00e9.<\/p>\n<p>\u00ab\u00a0Le Salon de l\u2019auto de Montr\u00e9al suit les grandes tendances mondiales dans notre secteur. L\u2019absence de certaines marques ces derni\u00e8res ann\u00e9es a eu un impact sur l&#8217;\u00e9v\u00e9nement, mais on observe un retour des grands joueurs qui red\u00e9couvrent toute l\u2019importance des Salons et du contact humain\u00a0\u00bb, explique <a href=\"https:\/\/annuelauto.ca\/salon-de-lauto-de-montreal-2025-pourquoi-ce-nouveau-logo\/\" target=\"_blank\" rel=\"noopener noreferrer\">Denis Dessureault<\/a>, vice-pr\u00e9sident ex\u00e9cutif du <a href=\"https:\/\/annuelauto.ca\/salon-de-montreal-2025-deux-oeuvres-dart-sur-quatre-roues-chez-lexus\/\" target=\"_blank\" rel=\"noopener noreferrer\">Salon de l\u2019Auto de Montr\u00e9al<\/a> dans le communiqu\u00e9.<\/p>\n<h3><strong>Beaucoup \u00e0 voir<\/strong><\/h3>\n<p>\nPr\u00e9sent\u00e9e de nouveau au Palais des congr\u00e8s cette ann\u00e9e, cette exposition s\u2019est d\u00e9roul\u00e9e du 17 au 26\u00a0janvier. Parmi les trente marques pr\u00e9sentes, dix effectuaient un retour (Mercedes-Benz, Subaru, Volvo, Lotus et les marques du Groupe Stellantis\u00a0: Chrysler, Dodge, Jeep, Ram, Fiat et Alfa\u00a0Romeo), alors que deux autres, Lucid et Polestar, en \u00e9taient \u00e0 leur premi\u00e8re pr\u00e9sence.<\/p>\n<p>Toutes ces marques ont permis aux visiteurs de d\u00e9couvrir plus de 470\u00a0v\u00e9hicules, dont 145\u00a0mod\u00e8les dot\u00e9s d\u2019une motorisation \u00e9lectrifi\u00e9e (\u00e9lectrique, hybride branchable ou hybride non branchable).<\/p>\n<p>Les visiteurs pouvaient \u00e9galement visiter la Zone performance, la Zone des v\u00e9hicules de loisirs et de sports motoris\u00e9s et l\u2019exposition de l\u2019AJAC des 12\u00a0meilleurs v\u00e9hicules au Canada<\/p>\n<p>Rappelons enfin que le Gala Avant-premi\u00e8re b\u00e9n\u00e9fice du salon, qui a eu lieu le 16\u00a0janvier, a permis d\u2019amasser 785\u00a0890\u00a0$ pour six fondations partenaires de la CCAM\u00a0: la Fondation H\u00f4pital Pierre-Boucher, la Fondation de l&#8217;Institut de cardiologie, la Fondation Sacr\u00e9-C\u0153ur de Montr\u00e9al, la Fondation de l&#8217;Institut de g\u00e9riatrie, la Fondation de l&#8217;H\u00f4pital Santa Cabrini et la Fondation de l&#8217;H\u00f4pital LaSalle.<\/p>\n<h3><strong>Des incontournables<\/strong><\/h3>\n<p>\nLors d\u2019un entretien r\u00e9alis\u00e9 au cours de la fin de semaine, M.\u00a0Dessureault parlait d\u00e9j\u00e0 d\u2019un bilan positif sur la base des nombreux commentaires positifs re\u00e7us des visiteurs jusque-l\u00e0. Des visiteurs qui sont nombreux \u00e0 avoir exprim\u00e9 leur satisfaction de revoir les marques qui avaient \u00e9t\u00e9 absentes au cours des derni\u00e8res ann\u00e9es, mais qui s\u2019expliquent mal l\u2019absence des constructeurs r\u00e9calcitrants, compte tenu de l\u2019importance que repr\u00e9sente pour eux le march\u00e9 du Qu\u00e9bec.<\/p>\n<p>\u00ab\u00a0On va travailler fort pour en attirer plusieurs autres l\u2019ann\u00e9e prochaine\u00a0\u00bb, nous assure M.\u00a0Dessureault, en \u00e9voquant des marques allemandes et nipponnes absentes. Il affirme aussi que les repr\u00e9sentants de marques pr\u00e9sentes cette ann\u00e9e se sont dits satisfaits des r\u00e9sultats. \u00ab\u00a0Les repr\u00e9sentants de marques qui n\u2019\u00e9taient qu\u2019au Salon du v\u00e9hicule \u00e9lectrique de Montr\u00e9al auparavant, par exemple, ont accueilli en un jour autant de visiteurs qu\u2019ils ont eu durant toute la dur\u00e9e du dernier SV\u00c9M\u00a0!\u00a0\u00bb, dit-il.<\/p>\n<p>Il affirme aussi que l\u2019engouement pour la collection de Ferrari de l\u2019entrepreneur et philanthrope Luc Poirier a \u00e9t\u00e9 aussi important que l\u2019an dernier, alors qu\u2019il y a eu un record de participation aux essais routiers de <a href=\"https:\/\/annuelauto.ca\/salon-de-montreal-2025-gm-numero-1-des-ventes-grace-a-chevrolet-et-ses-ve-affirme-james-hodge\/\" target=\"_blank\" rel=\"noopener noreferrer\">v\u00e9hicules \u00e9lectriques<\/a>. Au total, 3\u00a0577\u00a0visiteurs ont particip\u00e9 \u00e0 1\u00a0834\u00a0essais routiers avec les 25\u00a0V\u00c9 qui \u00e9taient mis \u00e0 leur disposition. \u00ab\u00a0Presque toutes les plages horaires offertes pour les essais ont \u00e9t\u00e9 combl\u00e9es. Ces essais sont devenus un \u00e9l\u00e9ment incontournable du salon\u00a0\u00bb, se r\u00e9jouit M.\u00a0Dessureault.<\/p>\n<h3><strong>Changement \u00e0 venir<\/strong><\/h3>\n<p>\nCe dernier reconna\u00eet qu\u2019une nouveaut\u00e9 de cette ann\u00e9e risque de changer l\u2019ann\u00e9e prochaine. \u00ab\u00a0Apr\u00e8s avoir \u00e9tudi\u00e9 l\u2019achalandage des derni\u00e8res \u00e9ditions du salon, cette ann\u00e9e, nous avions \u00e9tabli trois horaires de fermeture. On n\u2019a pas observ\u00e9 de diff\u00e9rence significative dans les chiffres et, pour certains visiteurs, cela a caus\u00e9 de la confusion. Alors, l\u2019ann\u00e9e prochaine, on va sans doute se r\u00e9ajuster et fermer le salon tous les soirs \u00e0 20:00.\u00a0\u00bb<\/p>\n<p>D\u2019ici l\u00e0, les consommateurs et autres amateurs d\u2019automobiles auront l\u2019occasion de visiter un autre \u00e9v\u00e9nement organis\u00e9 par l\u2019\u00e9quipe du Salon de l\u2019auto de Montr\u00e9al\u00a0: la prochaine \u00e9dition du SV\u00c9M. Elle sera pr\u00e9sent\u00e9e au Stade IGA du parc Jarry, du 2 au 4 mai 2025.<\/p>\n<p><em>Photos : Luc Gagn\u00e9 et Salon de l\u2019auto de Montr\u00e9al<\/em><\/p>\n<p>Le texte <a rel=\"nofollow\" href=\"https:\/\/annuelauto.ca\/salon-de-montreal-2025-bilan-positif-pour-la-80e-edition-du-salon-de-lauto-de-montreal\/\">Salon de Montr\u00e9al 2025\u00a0: Bilan positif pour la 80e \u00e9dition du Salon de l\u2019auto de Montr\u00e9al<\/a> provient de <a rel=\"nofollow\" href=\"https:\/\/annuelauto.ca\">L&#8217;annuel de l&#8217;automobile &#8211; Actualit\u00e9 automobile<\/a><\/p>\n<p><\/p>\n","protected":false},"excerpt":{"rendered":"<p>Les Qu\u00e9b\u00e9cois appr\u00e9cient toujours autant le Salon de l\u2019auto de Montr\u00e9al (SAM). La 80e\u00a0\u00e9dition de cette exposition annuelle, qui a pris fin aujourd\u2019hui, a attir\u00e9 pr\u00e8s de 163\u00a0000 visiteurs, d\u2019apr\u00e8s un communiqu\u00e9 publi\u00e9 par la Corporation des concessionnaires d\u2019automobiles de Montr\u00e9al (CCAM). Cette assistance repr\u00e9sente une faible baisse d\u2019environ 3\u00a0% comparativement \u00e0 l\u2019achalandage de l\u2019ann\u00e9e [&hellip;]<\/p>\n","protected":false},"author":8,"featured_media":190987,"comment_status":"close","ping_status":"closed","sticky":false,"template":"","format":"standard","meta":{"_monsterinsights_skip_tracking":false,"_monsterinsights_sitenote_active":false,"_monsterinsights_sitenote_note":"","_monsterinsights_sitenote_category":0,"footnotes":""},"categories":[101],"tags":[],"yoast_head":"<!-- This site is optimized with the Yoast SEO plugin v23.2 - https:\/\/yoast.com\/wordpress\/plugins\/seo\/ -->\n<title>Salon de Montr\u00e9al 2025\u00a0: Bilan positif pour la 80e \u00e9dition du Salon de l\u2019auto de Montr\u00e9al - CanadaMotorJobs.com<\/title>\n<meta name=\"description\" content=\"Salon de Montr\u00e9al 2025\u00a0: Bilan positif pour la 80e \u00e9dition du Salon de l\u2019auto de Montr\u00e9al - Benoit Charette - Annuel automobile - CanadaMotorJobs.com.\" \/>\n<meta name=\"robots\" content=\"index, follow, max-snippet:-1, max-image-preview:large, max-video-preview:-1\" \/>\n<meta property=\"og:locale\" content=\"fr_CA\" \/>\n<meta property=\"og:type\" content=\"article\" \/>\n<meta property=\"og:title\" content=\"Salon de Montr\u00e9al 2025\u00a0: Bilan positif pour la 80e \u00e9dition du Salon de l\u2019auto de Montr\u00e9al - CanadaMotorJobs.com\" \/>\n<meta property=\"og:description\" content=\"Salon de Montr\u00e9al 2025\u00a0: Bilan positif pour la 80e \u00e9dition du Salon de l\u2019auto de Montr\u00e9al - Benoit Charette - Annuel automobile - CanadaMotorJobs.com.\" \/>\n<meta property=\"og:url\" content=\"https:\/\/news.canadamotorjobs.com\/fr\/salon-de-montreal-2025-bilan-positif-pour-la-80e-edition-du-salon-de-lauto-de-montreal\/\" \/>\n<meta property=\"og:site_name\" content=\"CanadaMotorJobs.com\" \/>\n<meta property=\"article:publisher\" content=\"https:\/\/www.facebook.com\/canadamotorjobs\/\" \/>\n<meta property=\"article:published_time\" content=\"2025-01-27T02:12:59+00:00\" \/>\n<meta property=\"article:modified_time\" content=\"2025-01-27T02:43:45+00:00\" \/>\n<meta property=\"og:image\" content=\"https:\/\/news.canadamotorjobs.com\/wp-content\/uploads\/2025\/01\/SalonMontreal25-Bilan-4.jpg\" \/>\n\t<meta property=\"og:image:width\" content=\"1024\" \/>\n\t<meta property=\"og:image:height\" content=\"683\" \/>\n\t<meta property=\"og:image:type\" content=\"image\/jpeg\" \/>\n<meta name=\"author\" content=\"Benoit Charette\" \/>\n<meta name=\"twitter:card\" content=\"summary_large_image\" \/>\n<meta name=\"twitter:creator\" content=\"@canadamotorjobs\" \/>\n<meta name=\"twitter:site\" content=\"@canadamotorjobs\" \/>\n<meta name=\"twitter:label1\" content=\"\u00c9crit par\" \/>\n\t<meta name=\"twitter:data1\" content=\"Benoit Charette\" \/>\n\t<meta name=\"twitter:label2\" content=\"Estimation du temps de lecture\" \/>\n\t<meta name=\"twitter:data2\" content=\"4 minutes\" \/>\n<!-- \/ Yoast SEO plugin. -->","yoast_head_json":{"title":"Salon de Montr\u00e9al 2025\u00a0: Bilan positif pour la 80e \u00e9dition du Salon de l\u2019auto de Montr\u00e9al - CanadaMotorJobs.com","description":"Salon de Montr\u00e9al 2025\u00a0: Bilan positif pour la 80e \u00e9dition du Salon de l\u2019auto de Montr\u00e9al - Benoit Charette - Annuel automobile - CanadaMotorJobs.com.","robots":{"index":"index","follow":"follow","max-snippet":"max-snippet:-1","max-image-preview":"max-image-preview:large","max-video-preview":"max-video-preview:-1"},"og_locale":"fr_CA","og_type":"article","og_title":"Salon de Montr\u00e9al 2025\u00a0: Bilan positif pour la 80e \u00e9dition du Salon de l\u2019auto de Montr\u00e9al - CanadaMotorJobs.com","og_description":"Salon de Montr\u00e9al 2025\u00a0: Bilan positif pour la 80e \u00e9dition du Salon de l\u2019auto de Montr\u00e9al - Benoit Charette - Annuel automobile - CanadaMotorJobs.com.","og_url":"https:\/\/news.canadamotorjobs.com\/fr\/salon-de-montreal-2025-bilan-positif-pour-la-80e-edition-du-salon-de-lauto-de-montreal\/","og_site_name":"CanadaMotorJobs.com","article_publisher":"https:\/\/www.facebook.com\/canadamotorjobs\/","article_published_time":"2025-01-27T02:12:59+00:00","article_modified_time":"2025-01-27T02:43:45+00:00","og_image":[{"width":1024,"height":683,"url":"https:\/\/news.canadamotorjobs.com\/wp-content\/uploads\/2025\/01\/SalonMontreal25-Bilan-4.jpg","type":"image\/jpeg"}],"author":"Benoit Charette","twitter_card":"summary_large_image","twitter_creator":"@canadamotorjobs","twitter_site":"@canadamotorjobs","twitter_misc":{"\u00c9crit par":"Benoit Charette","Estimation du temps de lecture":"4 minutes"},"schema":{"@context":"https:\/\/schema.org","@graph":[{"@type":"Article","@id":"https:\/\/news.canadamotorjobs.com\/fr\/salon-de-montreal-2025-bilan-positif-pour-la-80e-edition-du-salon-de-lauto-de-montreal\/#article","isPartOf":{"@id":"https:\/\/news.canadamotorjobs.com\/fr\/salon-de-montreal-2025-bilan-positif-pour-la-80e-edition-du-salon-de-lauto-de-montreal\/"},"author":{"name":"Benoit Charette","@id":"https:\/\/news.canadamotorjobs.com\/#\/schema\/person\/51793d1f87d44011d7bcc2ed99269a90"},"headline":"Salon de Montr\u00e9al 2025\u00a0: Bilan positif pour la 80e \u00e9dition du Salon de l\u2019auto de Montr\u00e9al","datePublished":"2025-01-27T02:12:59+00:00","dateModified":"2025-01-27T02:43:45+00:00","mainEntityOfPage":{"@id":"https:\/\/news.canadamotorjobs.com\/fr\/salon-de-montreal-2025-bilan-positif-pour-la-80e-edition-du-salon-de-lauto-de-montreal\/"},"wordCount":821,"publisher":{"@id":"https:\/\/news.canadamotorjobs.com\/#organization"},"image":{"@id":"https:\/\/news.canadamotorjobs.com\/fr\/salon-de-montreal-2025-bilan-positif-pour-la-80e-edition-du-salon-de-lauto-de-montreal\/#primaryimage"},"thumbnailUrl":"https:\/\/news.canadamotorjobs.com\/wp-content\/uploads\/2025\/01\/SalonMontreal25-Bilan-4.jpg","articleSection":["Annuel automobile"],"inLanguage":"fr-CA"},{"@type":"WebPage","@id":"https:\/\/news.canadamotorjobs.com\/fr\/salon-de-montreal-2025-bilan-positif-pour-la-80e-edition-du-salon-de-lauto-de-montreal\/","url":"https:\/\/news.canadamotorjobs.com\/fr\/salon-de-montreal-2025-bilan-positif-pour-la-80e-edition-du-salon-de-lauto-de-montreal\/","name":"Salon de Montr\u00e9al 2025\u00a0: Bilan positif pour la 80e \u00e9dition du Salon de l\u2019auto de Montr\u00e9al - CanadaMotorJobs.com","isPartOf":{"@id":"https:\/\/news.canadamotorjobs.com\/#website"},"primaryImageOfPage":{"@id":"https:\/\/news.canadamotorjobs.com\/fr\/salon-de-montreal-2025-bilan-positif-pour-la-80e-edition-du-salon-de-lauto-de-montreal\/#primaryimage"},"image":{"@id":"https:\/\/news.canadamotorjobs.com\/fr\/salon-de-montreal-2025-bilan-positif-pour-la-80e-edition-du-salon-de-lauto-de-montreal\/#primaryimage"},"thumbnailUrl":"https:\/\/news.canadamotorjobs.com\/wp-content\/uploads\/2025\/01\/SalonMontreal25-Bilan-4.jpg","datePublished":"2025-01-27T02:12:59+00:00","dateModified":"2025-01-27T02:43:45+00:00","description":"Salon de Montr\u00e9al 2025\u00a0: Bilan positif pour la 80e \u00e9dition du Salon de l\u2019auto de Montr\u00e9al - Benoit Charette - Annuel automobile - CanadaMotorJobs.com.","breadcrumb":{"@id":"https:\/\/news.canadamotorjobs.com\/fr\/salon-de-montreal-2025-bilan-positif-pour-la-80e-edition-du-salon-de-lauto-de-montreal\/#breadcrumb"},"inLanguage":"fr-CA","potentialAction":[{"@type":"ReadAction","target":["https:\/\/news.canadamotorjobs.com\/fr\/salon-de-montreal-2025-bilan-positif-pour-la-80e-edition-du-salon-de-lauto-de-montreal\/"]}]},{"@type":"ImageObject","inLanguage":"fr-CA","@id":"https:\/\/news.canadamotorjobs.com\/fr\/salon-de-montreal-2025-bilan-positif-pour-la-80e-edition-du-salon-de-lauto-de-montreal\/#primaryimage","url":"https:\/\/news.canadamotorjobs.com\/wp-content\/uploads\/2025\/01\/SalonMontreal25-Bilan-4.jpg","contentUrl":"https:\/\/news.canadamotorjobs.com\/wp-content\/uploads\/2025\/01\/SalonMontreal25-Bilan-4.jpg","width":1024,"height":683},{"@type":"BreadcrumbList","@id":"https:\/\/news.canadamotorjobs.com\/fr\/salon-de-montreal-2025-bilan-positif-pour-la-80e-edition-du-salon-de-lauto-de-montreal\/#breadcrumb","itemListElement":[{"@type":"ListItem","position":1,"name":"Home","item":"https:\/\/news.canadamotorjobs.com\/fr\/blog\/"},{"@type":"ListItem","position":2,"name":"Salon de Montr\u00e9al 2025\u00a0: Bilan positif pour la 80e \u00e9dition du Salon de l\u2019auto de Montr\u00e9al"}]},{"@type":"WebSite","@id":"https:\/\/news.canadamotorjobs.com\/#website","url":"https:\/\/news.canadamotorjobs.com\/","name":"CanadaMotorJobs.com","description":"Automotive Jobs","publisher":{"@id":"https:\/\/news.canadamotorjobs.com\/#organization"},"potentialAction":[{"@type":"SearchAction","target":{"@type":"EntryPoint","urlTemplate":"https:\/\/news.canadamotorjobs.com\/?s={search_term_string}"},"query-input":"required name=search_term_string"}],"inLanguage":"fr-CA"},{"@type":"Organization","@id":"https:\/\/news.canadamotorjobs.com\/#organization","name":"Canada Motor Jobs","url":"https:\/\/news.canadamotorjobs.com\/","logo":{"@type":"ImageObject","inLanguage":"fr-CA","@id":"https:\/\/news.canadamotorjobs.com\/#\/schema\/logo\/image\/","url":"https:\/\/news.canadamotorjobs.com\/wp-content\/uploads\/2022\/10\/logo-canada-motor-jobs-1.png","contentUrl":"https:\/\/news.canadamotorjobs.com\/wp-content\/uploads\/2022\/10\/logo-canada-motor-jobs-1.png","width":800,"height":400,"caption":"Canada Motor Jobs"},"image":{"@id":"https:\/\/news.canadamotorjobs.com\/#\/schema\/logo\/image\/"},"sameAs":["https:\/\/www.facebook.com\/canadamotorjobs\/","https:\/\/x.com\/canadamotorjobs","https:\/\/www.instagram.com\/canadamotorjobs\/","https:\/\/www.linkedin.com\/company\/canadamotorjobs"]},{"@type":"Person","@id":"https:\/\/news.canadamotorjobs.com\/#\/schema\/person\/51793d1f87d44011d7bcc2ed99269a90","name":"Benoit Charette","image":{"@type":"ImageObject","inLanguage":"fr-CA","@id":"https:\/\/news.canadamotorjobs.com\/#\/schema\/person\/image\/","url":"https:\/\/secure.gravatar.com\/avatar\/45f3d2eebcccd909668d7ce7ea7267b6?s=96&d=mm&r=g","contentUrl":"https:\/\/secure.gravatar.com\/avatar\/45f3d2eebcccd909668d7ce7ea7267b6?s=96&d=mm&r=g","caption":"Benoit Charette"},"description":"Benoit Charette \/ Propri\u00e9taire et r\u00e9dacteur en chef Benoit Charette pratique le journalisme automobile depuis bient\u00f4t 30 ans. Il a fait ses classes au c\u00f4t\u00e9 de Daniel H\u00e9raud et au Carnet de route de 1992 \u00e0 2001. Il est fondateur, copropri\u00e9taire et r\u00e9dacteur en chef de L\u2019Annuel de l\u2019automobile, qu\u2019il publie depuis 2001. Il a anim\u00e9 les \u00e9missions RPM et RPM+ sur V et les L\u00e9gendes de la route sur Historia. \u00c0 la radio depuis 1986, il reprend l\u2019antenne cette ann\u00e9e sur les ondes de Cogeco et participe pour la deuxi\u00e8me ann\u00e9e \u00e0 l\u2019\u00e9mission Passion Auto sur RDS en plus de mettre en ligne le site Web officiel de L\u2019Annuel de l\u2019automobile sur annuelauto.ca.","sameAs":["https:\/\/annuelauto.ca\/"],"url":"https:\/\/news.canadamotorjobs.com\/fr\/author\/benoit-charette\/"}]}},"_links":{"self":[{"href":"https:\/\/news.canadamotorjobs.com\/fr\/wp-json\/wp\/v2\/posts\/190985"}],"collection":[{"href":"https:\/\/news.canadamotorjobs.com\/fr\/wp-json\/wp\/v2\/posts"}],"about":[{"href":"https:\/\/news.canadamotorjobs.com\/fr\/wp-json\/wp\/v2\/types\/post"}],"author":[{"embeddable":true,"href":"https:\/\/news.canadamotorjobs.com\/fr\/wp-json\/wp\/v2\/users\/8"}],"replies":[{"embeddable":true,"href":"https:\/\/news.canadamotorjobs.com\/fr\/wp-json\/wp\/v2\/comments?post=190985"}],"version-history":[{"count":2,"href":"https:\/\/news.canadamotorjobs.com\/fr\/wp-json\/wp\/v2\/posts\/190985\/revisions"}],"predecessor-version":[{"id":190989,"href":"https:\/\/news.canadamotorjobs.com\/fr\/wp-json\/wp\/v2\/posts\/190985\/revisions\/190989"}],"wp:featuredmedia":[{"embeddable":true,"href":"https:\/\/news.canadamotorjobs.com\/fr\/wp-json\/wp\/v2\/media\/190987"}],"wp:attachment":[{"href":"https:\/\/news.canadamotorjobs.com\/fr\/wp-json\/wp\/v2\/media?parent=190985"}],"wp:term":[{"taxonomy":"category","embeddable":true,"href":"https:\/\/news.canadamotorjobs.com\/fr\/wp-json\/wp\/v2\/categories?post=190985"},{"taxonomy":"post_tag","embeddable":true,"href":"https:\/\/news.canadamotorjobs.com\/fr\/wp-json\/wp\/v2\/tags?post=190985"}],"curies":[{"name":"wp","href":"https:\/\/api.w.org\/{rel}","templated":true}]}}