{"id":190908,"date":"2025-01-25T14:24:35","date_gmt":"2025-01-25T19:24:35","guid":{"rendered":"https:\/\/news.canadamotorjobs.com\/?p=190908"},"modified":"2025-01-25T14:29:40","modified_gmt":"2025-01-25T19:29:40","slug":"gm-pourrait-vendre-des-fourgons-electriques-hyundai-en-amerique","status":"publish","type":"post","link":"https:\/\/news.canadamotorjobs.com\/fr\/gm-pourrait-vendre-des-fourgons-electriques-hyundai-en-amerique\/","title":{"rendered":"GM pourrait vendre des fourgons \u00e9lectriques Hyundai en Am\u00e9rique"},"content":{"rendered":"<\/p>\n<p>En septembre dernier, General Motors (GM) et Hyundai signaient une entente de partenariat strat\u00e9gique, une nouvelle qui avait un peu surpris tout le monde.<\/p>\n<p>S\u2019en est suivi en Cor\u00e9e du Sud une information rapportant que Hyundai pourrait apposer son logo sur certains camions propos\u00e9s par GM. \u00c0 ce moment, on se demandait bien ce que le g\u00e9ant am\u00e9ricain pourrait obtenir en retour.<\/p>\n<p>La r\u00e9ponse est venue cette semaine, alors que lors d\u2019une conf\u00e9rence t\u00e9l\u00e9phonique tenue avec des analystes, le directeur financier de Hyundai, Lee Seung Jo, a r\u00e9v\u00e9l\u00e9 que GM pourrait vendre des fourgons \u00e9lectriques de Hyundai aux \u00c9tats-Unis, des mod\u00e8les qui porteraient bien s\u00fbr un logo de l\u2019une des marques de GM. En gros, il a mentionn\u00e9 que la compagnie envisageait de simplement renommer ses v\u00e9hicules utilitaires \u00e9lectriques pour les fournir \u00e0 GM, ce qui permettrait \u00e0 la compagnie d\u2019avoir une pr\u00e9sence dans le segment des fourgons commerciaux en Am\u00e9rique du Nord.<\/p>\n<p>Ce que l\u2019on ne sait pas pour le moment, c\u2019est si l\u2019acc\u00e8s \u00e0 la plateforme ST1 de Hyundai ou \u00e0 d\u2019autres types de v\u00e9hicules appartenant \u00e0 Hyundai est possible pour General Motors. La compagnie commercialise \u00e9galement un camion lourd \u00e0 hydrog\u00e8ne, un produit qui pourrait par exemple, servir le march\u00e9 de la Californie.<\/p>\n<p><\/p>\n<figure><img decoding=\"async\" src=\"https:\/\/news.canadamotorjobs.com\/wp-content\/uploads\/2025\/01\/hyundai-st1-electric-van-002-5.jpg\" alt=\"Le fourgon \u00e9lectrique ST1, de profil\" \/><figcaption>Le fourgon \u00e9lectrique ST1, de profil | Auto123.com<\/figcaption><\/figure>\n<p>Selon ce que rapporte le site Reuters, Hyundai et GM doivent finaliser les d\u00e9tails de leur partenariat d\u2019ici \u00e0 la fin du mois de mars. Les deux parties discutent actuellement d\u2019une collaboration portant sur les v\u00e9hicules r\u00e9guliers et commerciaux, ainsi que sur un approvisionnement en pi\u00e8ces, toujours selon ce qui est rapport\u00e9.<\/p>\n<p>Lors de la signature du protocole d\u2019accord l\u2019ann\u00e9e derni\u00e8re, les deux parties ont \u00e9galement \u00e9voqu\u00e9 la possibilit\u00e9 de d\u00e9velopper conjointement de nouveaux produits et de s\u2019approvisionner en mati\u00e8res premi\u00e8res pour les batteries, ainsi qu\u2019en acier.<\/p>\n<p>Et comme l\u2019a soulign\u00e9 le dirigeant de Hyundai, plusieurs choses seront \u00e0 surveiller du c\u00f4t\u00e9 politique au cours de l\u2019ann\u00e9e 2025, tant en Cor\u00e9e du Sud qu\u2019aux \u00c9tats-Unis. Les turbulents politiques font la manchette chaque semaine depuis un certain temps l\u00e0-bas, alors que chez nos voisins, l\u2019arriv\u00e9e au pouvoir de Donald Trump, et le recul qu\u2019il annonce vis-\u00e0-vis toute mesure reli\u00e9e \u00e0 l\u2019\u00e9lectrification (sans oublier les menaces de tarifs) cr\u00e9ent un climat d\u2019incertitude.<\/p>\n<p><\/p>\n<p style=\"padding-top: 15px\">Contenu original de <a href=\"https:\/\/www.auto123.com\/fr\/actualites\/general-motors-hyundai-fourgons-electriques\/72322\/\">auto123<\/a>.<\/p>\n<p>Le texte <a rel=\"nofollow\" href=\"https:\/\/annuelauto.ca\/gm-pourrait-vendre-des-fourgons-electriques-hyundai-en-amerique\/\">GM pourrait vendre des fourgons \u00e9lectriques Hyundai en Am\u00e9rique<\/a> provient de <a rel=\"nofollow\" href=\"https:\/\/annuelauto.ca\">L&#8217;annuel de l&#8217;automobile &#8211; Actualit\u00e9 automobile<\/a><\/p>\n<p><\/p>\n","protected":false},"excerpt":{"rendered":"<p>En septembre dernier, General Motors (GM) et Hyundai signaient une entente de partenariat strat\u00e9gique, une nouvelle qui avait un peu surpris tout le monde. S\u2019en est suivi en Cor\u00e9e du Sud une information rapportant que Hyundai pourrait apposer son logo sur certains camions propos\u00e9s par GM. \u00c0 ce moment, on se demandait bien ce que [&hellip;]<\/p>\n","protected":false},"author":8,"featured_media":190910,"comment_status":"close","ping_status":"closed","sticky":false,"template":"","format":"standard","meta":{"_monsterinsights_skip_tracking":false,"_monsterinsights_sitenote_active":false,"_monsterinsights_sitenote_note":"","_monsterinsights_sitenote_category":0,"footnotes":""},"categories":[101],"tags":[],"yoast_head":"<!-- This site is optimized with the Yoast SEO plugin v23.2 - https:\/\/yoast.com\/wordpress\/plugins\/seo\/ -->\n<title>GM pourrait vendre des fourgons \u00e9lectriques Hyundai en Am\u00e9rique - CanadaMotorJobs.com<\/title>\n<meta name=\"description\" content=\"GM pourrait vendre des fourgons \u00e9lectriques Hyundai en Am\u00e9rique - Benoit Charette - Annuel automobile - CanadaMotorJobs.com.\" \/>\n<meta name=\"robots\" content=\"index, follow, max-snippet:-1, max-image-preview:large, max-video-preview:-1\" \/>\n<meta property=\"og:locale\" content=\"fr_CA\" \/>\n<meta property=\"og:type\" content=\"article\" \/>\n<meta property=\"og:title\" content=\"GM pourrait vendre des fourgons \u00e9lectriques Hyundai en Am\u00e9rique - CanadaMotorJobs.com\" \/>\n<meta property=\"og:description\" content=\"GM pourrait vendre des fourgons \u00e9lectriques Hyundai en Am\u00e9rique - Benoit Charette - Annuel automobile - CanadaMotorJobs.com.\" \/>\n<meta property=\"og:url\" content=\"https:\/\/news.canadamotorjobs.com\/fr\/gm-pourrait-vendre-des-fourgons-electriques-hyundai-en-amerique\/\" \/>\n<meta property=\"og:site_name\" content=\"CanadaMotorJobs.com\" \/>\n<meta property=\"article:publisher\" content=\"https:\/\/www.facebook.com\/canadamotorjobs\/\" \/>\n<meta property=\"article:published_time\" content=\"2025-01-25T19:24:35+00:00\" \/>\n<meta property=\"article:modified_time\" content=\"2025-01-25T19:29:40+00:00\" \/>\n<meta property=\"og:image\" content=\"https:\/\/news.canadamotorjobs.com\/wp-content\/uploads\/2025\/01\/hyundai-st1-electric-van-002.jpg\" \/>\n\t<meta property=\"og:image:width\" content=\"1200\" \/>\n\t<meta property=\"og:image:height\" content=\"675\" \/>\n\t<meta property=\"og:image:type\" content=\"image\/jpeg\" \/>\n<meta name=\"author\" content=\"Benoit Charette\" \/>\n<meta name=\"twitter:card\" content=\"summary_large_image\" \/>\n<meta name=\"twitter:creator\" content=\"@canadamotorjobs\" \/>\n<meta name=\"twitter:site\" content=\"@canadamotorjobs\" \/>\n<meta name=\"twitter:label1\" content=\"\u00c9crit par\" \/>\n\t<meta name=\"twitter:data1\" content=\"Benoit Charette\" \/>\n\t<meta name=\"twitter:label2\" content=\"Estimation du temps de lecture\" \/>\n\t<meta name=\"twitter:data2\" content=\"2 minutes\" \/>\n<!-- \/ Yoast SEO plugin. -->","yoast_head_json":{"title":"GM pourrait vendre des fourgons \u00e9lectriques Hyundai en Am\u00e9rique - CanadaMotorJobs.com","description":"GM pourrait vendre des fourgons \u00e9lectriques Hyundai en Am\u00e9rique - Benoit Charette - Annuel automobile - CanadaMotorJobs.com.","robots":{"index":"index","follow":"follow","max-snippet":"max-snippet:-1","max-image-preview":"max-image-preview:large","max-video-preview":"max-video-preview:-1"},"og_locale":"fr_CA","og_type":"article","og_title":"GM pourrait vendre des fourgons \u00e9lectriques Hyundai en Am\u00e9rique - CanadaMotorJobs.com","og_description":"GM pourrait vendre des fourgons \u00e9lectriques Hyundai en Am\u00e9rique - Benoit Charette - Annuel automobile - CanadaMotorJobs.com.","og_url":"https:\/\/news.canadamotorjobs.com\/fr\/gm-pourrait-vendre-des-fourgons-electriques-hyundai-en-amerique\/","og_site_name":"CanadaMotorJobs.com","article_publisher":"https:\/\/www.facebook.com\/canadamotorjobs\/","article_published_time":"2025-01-25T19:24:35+00:00","article_modified_time":"2025-01-25T19:29:40+00:00","og_image":[{"width":1200,"height":675,"url":"https:\/\/news.canadamotorjobs.com\/wp-content\/uploads\/2025\/01\/hyundai-st1-electric-van-002.jpg","type":"image\/jpeg"}],"author":"Benoit Charette","twitter_card":"summary_large_image","twitter_creator":"@canadamotorjobs","twitter_site":"@canadamotorjobs","twitter_misc":{"\u00c9crit par":"Benoit Charette","Estimation du temps de lecture":"2 minutes"},"schema":{"@context":"https:\/\/schema.org","@graph":[{"@type":"Article","@id":"https:\/\/news.canadamotorjobs.com\/fr\/gm-pourrait-vendre-des-fourgons-electriques-hyundai-en-amerique\/#article","isPartOf":{"@id":"https:\/\/news.canadamotorjobs.com\/fr\/gm-pourrait-vendre-des-fourgons-electriques-hyundai-en-amerique\/"},"author":{"name":"Benoit Charette","@id":"https:\/\/news.canadamotorjobs.com\/#\/schema\/person\/51793d1f87d44011d7bcc2ed99269a90"},"headline":"GM pourrait vendre des fourgons \u00e9lectriques Hyundai en Am\u00e9rique","datePublished":"2025-01-25T19:24:35+00:00","dateModified":"2025-01-25T19:29:40+00:00","mainEntityOfPage":{"@id":"https:\/\/news.canadamotorjobs.com\/fr\/gm-pourrait-vendre-des-fourgons-electriques-hyundai-en-amerique\/"},"wordCount":456,"publisher":{"@id":"https:\/\/news.canadamotorjobs.com\/#organization"},"image":{"@id":"https:\/\/news.canadamotorjobs.com\/fr\/gm-pourrait-vendre-des-fourgons-electriques-hyundai-en-amerique\/#primaryimage"},"thumbnailUrl":"https:\/\/news.canadamotorjobs.com\/wp-content\/uploads\/2025\/01\/hyundai-st1-electric-van-002.jpg","articleSection":["Annuel automobile"],"inLanguage":"fr-CA"},{"@type":"WebPage","@id":"https:\/\/news.canadamotorjobs.com\/fr\/gm-pourrait-vendre-des-fourgons-electriques-hyundai-en-amerique\/","url":"https:\/\/news.canadamotorjobs.com\/fr\/gm-pourrait-vendre-des-fourgons-electriques-hyundai-en-amerique\/","name":"GM pourrait vendre des fourgons \u00e9lectriques Hyundai en Am\u00e9rique - CanadaMotorJobs.com","isPartOf":{"@id":"https:\/\/news.canadamotorjobs.com\/#website"},"primaryImageOfPage":{"@id":"https:\/\/news.canadamotorjobs.com\/fr\/gm-pourrait-vendre-des-fourgons-electriques-hyundai-en-amerique\/#primaryimage"},"image":{"@id":"https:\/\/news.canadamotorjobs.com\/fr\/gm-pourrait-vendre-des-fourgons-electriques-hyundai-en-amerique\/#primaryimage"},"thumbnailUrl":"https:\/\/news.canadamotorjobs.com\/wp-content\/uploads\/2025\/01\/hyundai-st1-electric-van-002.jpg","datePublished":"2025-01-25T19:24:35+00:00","dateModified":"2025-01-25T19:29:40+00:00","description":"GM pourrait vendre des fourgons \u00e9lectriques Hyundai en Am\u00e9rique - Benoit Charette - Annuel automobile - CanadaMotorJobs.com.","breadcrumb":{"@id":"https:\/\/news.canadamotorjobs.com\/fr\/gm-pourrait-vendre-des-fourgons-electriques-hyundai-en-amerique\/#breadcrumb"},"inLanguage":"fr-CA","potentialAction":[{"@type":"ReadAction","target":["https:\/\/news.canadamotorjobs.com\/fr\/gm-pourrait-vendre-des-fourgons-electriques-hyundai-en-amerique\/"]}]},{"@type":"ImageObject","inLanguage":"fr-CA","@id":"https:\/\/news.canadamotorjobs.com\/fr\/gm-pourrait-vendre-des-fourgons-electriques-hyundai-en-amerique\/#primaryimage","url":"https:\/\/news.canadamotorjobs.com\/wp-content\/uploads\/2025\/01\/hyundai-st1-electric-van-002.jpg","contentUrl":"https:\/\/news.canadamotorjobs.com\/wp-content\/uploads\/2025\/01\/hyundai-st1-electric-van-002.jpg","width":1200,"height":675},{"@type":"BreadcrumbList","@id":"https:\/\/news.canadamotorjobs.com\/fr\/gm-pourrait-vendre-des-fourgons-electriques-hyundai-en-amerique\/#breadcrumb","itemListElement":[{"@type":"ListItem","position":1,"name":"Home","item":"https:\/\/news.canadamotorjobs.com\/fr\/blog\/"},{"@type":"ListItem","position":2,"name":"GM pourrait vendre des fourgons \u00e9lectriques Hyundai en Am\u00e9rique"}]},{"@type":"WebSite","@id":"https:\/\/news.canadamotorjobs.com\/#website","url":"https:\/\/news.canadamotorjobs.com\/","name":"CanadaMotorJobs.com","description":"Automotive Jobs","publisher":{"@id":"https:\/\/news.canadamotorjobs.com\/#organization"},"potentialAction":[{"@type":"SearchAction","target":{"@type":"EntryPoint","urlTemplate":"https:\/\/news.canadamotorjobs.com\/?s={search_term_string}"},"query-input":"required name=search_term_string"}],"inLanguage":"fr-CA"},{"@type":"Organization","@id":"https:\/\/news.canadamotorjobs.com\/#organization","name":"Canada Motor Jobs","url":"https:\/\/news.canadamotorjobs.com\/","logo":{"@type":"ImageObject","inLanguage":"fr-CA","@id":"https:\/\/news.canadamotorjobs.com\/#\/schema\/logo\/image\/","url":"https:\/\/news.canadamotorjobs.com\/wp-content\/uploads\/2022\/10\/logo-canada-motor-jobs-1.png","contentUrl":"https:\/\/news.canadamotorjobs.com\/wp-content\/uploads\/2022\/10\/logo-canada-motor-jobs-1.png","width":800,"height":400,"caption":"Canada Motor Jobs"},"image":{"@id":"https:\/\/news.canadamotorjobs.com\/#\/schema\/logo\/image\/"},"sameAs":["https:\/\/www.facebook.com\/canadamotorjobs\/","https:\/\/x.com\/canadamotorjobs","https:\/\/www.instagram.com\/canadamotorjobs\/","https:\/\/www.linkedin.com\/company\/canadamotorjobs"]},{"@type":"Person","@id":"https:\/\/news.canadamotorjobs.com\/#\/schema\/person\/51793d1f87d44011d7bcc2ed99269a90","name":"Benoit Charette","image":{"@type":"ImageObject","inLanguage":"fr-CA","@id":"https:\/\/news.canadamotorjobs.com\/#\/schema\/person\/image\/","url":"https:\/\/secure.gravatar.com\/avatar\/45f3d2eebcccd909668d7ce7ea7267b6?s=96&d=mm&r=g","contentUrl":"https:\/\/secure.gravatar.com\/avatar\/45f3d2eebcccd909668d7ce7ea7267b6?s=96&d=mm&r=g","caption":"Benoit Charette"},"description":"Benoit Charette \/ Propri\u00e9taire et r\u00e9dacteur en chef Benoit Charette pratique le journalisme automobile depuis bient\u00f4t 30 ans. Il a fait ses classes au c\u00f4t\u00e9 de Daniel H\u00e9raud et au Carnet de route de 1992 \u00e0 2001. Il est fondateur, copropri\u00e9taire et r\u00e9dacteur en chef de L\u2019Annuel de l\u2019automobile, qu\u2019il publie depuis 2001. Il a anim\u00e9 les \u00e9missions RPM et RPM+ sur V et les L\u00e9gendes de la route sur Historia. \u00c0 la radio depuis 1986, il reprend l\u2019antenne cette ann\u00e9e sur les ondes de Cogeco et participe pour la deuxi\u00e8me ann\u00e9e \u00e0 l\u2019\u00e9mission Passion Auto sur RDS en plus de mettre en ligne le site Web officiel de L\u2019Annuel de l\u2019automobile sur annuelauto.ca.","sameAs":["https:\/\/annuelauto.ca\/"],"url":"https:\/\/news.canadamotorjobs.com\/fr\/author\/benoit-charette\/"}]}},"_links":{"self":[{"href":"https:\/\/news.canadamotorjobs.com\/fr\/wp-json\/wp\/v2\/posts\/190908"}],"collection":[{"href":"https:\/\/news.canadamotorjobs.com\/fr\/wp-json\/wp\/v2\/posts"}],"about":[{"href":"https:\/\/news.canadamotorjobs.com\/fr\/wp-json\/wp\/v2\/types\/post"}],"author":[{"embeddable":true,"href":"https:\/\/news.canadamotorjobs.com\/fr\/wp-json\/wp\/v2\/users\/8"}],"replies":[{"embeddable":true,"href":"https:\/\/news.canadamotorjobs.com\/fr\/wp-json\/wp\/v2\/comments?post=190908"}],"version-history":[{"count":3,"href":"https:\/\/news.canadamotorjobs.com\/fr\/wp-json\/wp\/v2\/posts\/190908\/revisions"}],"predecessor-version":[{"id":190935,"href":"https:\/\/news.canadamotorjobs.com\/fr\/wp-json\/wp\/v2\/posts\/190908\/revisions\/190935"}],"wp:featuredmedia":[{"embeddable":true,"href":"https:\/\/news.canadamotorjobs.com\/fr\/wp-json\/wp\/v2\/media\/190910"}],"wp:attachment":[{"href":"https:\/\/news.canadamotorjobs.com\/fr\/wp-json\/wp\/v2\/media?parent=190908"}],"wp:term":[{"taxonomy":"category","embeddable":true,"href":"https:\/\/news.canadamotorjobs.com\/fr\/wp-json\/wp\/v2\/categories?post=190908"},{"taxonomy":"post_tag","embeddable":true,"href":"https:\/\/news.canadamotorjobs.com\/fr\/wp-json\/wp\/v2\/tags?post=190908"}],"curies":[{"name":"wp","href":"https:\/\/api.w.org\/{rel}","templated":true}]}}