{"id":190880,"date":"2025-01-25T14:24:35","date_gmt":"2025-01-25T19:24:35","guid":{"rendered":"https:\/\/news.canadamotorjobs.com\/?p=190880"},"modified":"2025-01-25T14:29:29","modified_gmt":"2025-01-25T19:29:29","slug":"mitsubishi-pourrait-refuser-de-rejoindre-la-fusion-prevue-entre-nissan-et-honda","status":"publish","type":"post","link":"https:\/\/news.canadamotorjobs.com\/fr\/mitsubishi-pourrait-refuser-de-rejoindre-la-fusion-prevue-entre-nissan-et-honda\/","title":{"rendered":"Mitsubishi pourrait refuser de rejoindre la fusion pr\u00e9vue entre Nissan et Honda"},"content":{"rendered":"<\/p>\n<p>Mitsubishi, un partenaire minoritaire de Nissan, envisage de ne pas participer au partenariat planifi\u00e9 entre Nissan et Honda, selon des sources proches du dossier. Cette annonce, rapport\u00e9e par Reuters, soul\u00e8ve des questions quant \u00e0 l\u2019avenir de l\u2019industrie automobile japonaise et mondiale.<\/p>\n<p>Trois sources anonymes ont affirm\u00e9 que Mitsubishi souhaitait conserver son statut de soci\u00e9t\u00e9 cot\u00e9e tout en maintenant une collaboration avec Nissan et Honda. Actuellement, Nissan d\u00e9tient une participation de 24 % dans Mitsubishi, ce qui en fait son principal actionnaire.<\/p>\n<p><strong>R\u00e9percussions sur les march\u00e9s<\/strong><\/p>\n<p>Vendredi matin, les actions de Mitsubishi ont chut\u00e9 de 6 % en d\u00e9but de s\u00e9ance, avant de limiter leurs pertes \u00e0 -3,9 % \u00e0 la pause du d\u00eener. Les actions de Nissan ont recul\u00e9 de 0,7 %, tandis que celles de Honda ont l\u00e9g\u00e8rement baiss\u00e9 de 0,1 %.<\/p>\n<p>Cette d\u00e9cision intervient apr\u00e8s l\u2019annonce, l\u2019ann\u00e9e derni\u00e8re, de discussions officielles entre Nissan et Honda concernant une fusion. Ce projet pourrait cr\u00e9er le troisi\u00e8me plus grand groupe automobile mondial, avec une production annuelle de 7,4 millions de v\u00e9hicules.<\/p>\n<p><\/p>\n<figure><img decoding=\"async\" src=\"https:\/\/news.canadamotorjobs.com\/wp-content\/uploads\/2025\/01\/Mitsubishi_Eclipse_Cross_2022_7-5.jpg\" alt=\"Le Mitsubishi Eclipse Cross\" \/><figcaption>Le Mitsubishi Eclipse Cross | Auto123.com<\/figcaption><\/figure>\n<p><strong>Les raisons du retrait potentiel<\/strong><\/p>\n<p>Selon le quotidien Yomiuri, Mitsubishi s\u2019interroge sur sa capacit\u00e9 \u00e0 influencer les d\u00e9cisions strat\u00e9giques au sein de la future soci\u00e9t\u00e9, en raison de sa taille relativement modeste. Pour l\u2019instant, le constructeur pr\u00e9f\u00e8re se concentrer sur son d\u00e9veloppement en Asie du Sud-Est, un march\u00e9 cl\u00e9 pour la marque.<\/p>\n<p>Dans un communiqu\u00e9, Mitsubishi a confirm\u00e9 l\u2019existence de rumeurs concernant son r\u00f4le dans cette fusion, tout en pr\u00e9cisant qu\u2019aucune d\u00e9cision n\u2019a encore \u00e9t\u00e9 prise et que diverses options restent \u00e0 l\u2019\u00e9tude.<\/p>\n<p><strong>Les prochaines \u00e9tapes pour Nissan et Honda<\/strong><\/p>\n<p>Nissan et Honda pr\u00e9voient de finaliser leurs discussions d\u2019ici juin 2025 et de cr\u00e9er une soci\u00e9t\u00e9 commune avant ao\u00fbt 2026. \u00c0 cette date, les actions des deux entreprises seront retir\u00e9es de la bourse.<\/p>\n<p>Malgr\u00e9 ce potentiel repositionnement strat\u00e9gique, Mitsubishi semble d\u00e9termin\u00e9e \u00e0 suivre sa propre voie. Les porte-parole de Nissan et de Honda n\u2019ont pas comment\u00e9 davantage les affirmations du quotidien Yomiuri, se contentant du communiqu\u00e9 de Mitsubishi.<\/p>\n<p><\/p>\n<p style=\"padding-top: 15px\">Contenu original de <a href=\"https:\/\/www.auto123.com\/fr\/actualites\/mitsubishi-motors-refus-fusion-nissan-honda\/72321\/\">auto123<\/a>.<\/p>\n<p>Le texte <a rel=\"nofollow\" href=\"https:\/\/annuelauto.ca\/mitsubishi-pourrait-refuser-de-rejoindre-la-fusion-prevue-entre-nissan-et-honda\/\">Mitsubishi pourrait refuser de rejoindre la fusion pr\u00e9vue entre Nissan et Honda<\/a> provient de <a rel=\"nofollow\" href=\"https:\/\/annuelauto.ca\">L&#8217;annuel de l&#8217;automobile &#8211; Actualit\u00e9 automobile<\/a><\/p>\n<p><\/p>\n","protected":false},"excerpt":{"rendered":"<p>Mitsubishi, un partenaire minoritaire de Nissan, envisage de ne pas participer au partenariat planifi\u00e9 entre Nissan et Honda, selon des sources proches du dossier. Cette annonce, rapport\u00e9e par Reuters, soul\u00e8ve des questions quant \u00e0 l\u2019avenir de l\u2019industrie automobile japonaise et mondiale. Trois sources anonymes ont affirm\u00e9 que Mitsubishi souhaitait conserver son statut de soci\u00e9t\u00e9 cot\u00e9e [&hellip;]<\/p>\n","protected":false},"author":8,"featured_media":190882,"comment_status":"close","ping_status":"closed","sticky":false,"template":"","format":"standard","meta":{"_monsterinsights_skip_tracking":false,"_monsterinsights_sitenote_active":false,"_monsterinsights_sitenote_note":"","_monsterinsights_sitenote_category":0,"footnotes":""},"categories":[101],"tags":[],"yoast_head":"<!-- This site is optimized with the Yoast SEO plugin v23.2 - https:\/\/yoast.com\/wordpress\/plugins\/seo\/ -->\n<title>Mitsubishi pourrait refuser de rejoindre la fusion pr\u00e9vue entre Nissan et Honda - CanadaMotorJobs.com<\/title>\n<meta name=\"description\" content=\"Mitsubishi pourrait refuser de rejoindre la fusion pr\u00e9vue entre Nissan et Honda - Benoit Charette - Annuel automobile - CanadaMotorJobs.com.\" \/>\n<meta name=\"robots\" content=\"index, follow, max-snippet:-1, max-image-preview:large, max-video-preview:-1\" \/>\n<meta property=\"og:locale\" content=\"fr_CA\" \/>\n<meta property=\"og:type\" content=\"article\" \/>\n<meta property=\"og:title\" content=\"Mitsubishi pourrait refuser de rejoindre la fusion pr\u00e9vue entre Nissan et Honda - CanadaMotorJobs.com\" \/>\n<meta property=\"og:description\" content=\"Mitsubishi pourrait refuser de rejoindre la fusion pr\u00e9vue entre Nissan et Honda - Benoit Charette - Annuel automobile - CanadaMotorJobs.com.\" \/>\n<meta property=\"og:url\" content=\"https:\/\/news.canadamotorjobs.com\/fr\/mitsubishi-pourrait-refuser-de-rejoindre-la-fusion-prevue-entre-nissan-et-honda\/\" \/>\n<meta property=\"og:site_name\" content=\"CanadaMotorJobs.com\" \/>\n<meta property=\"article:publisher\" content=\"https:\/\/www.facebook.com\/canadamotorjobs\/\" \/>\n<meta property=\"article:published_time\" content=\"2025-01-25T19:24:35+00:00\" \/>\n<meta property=\"article:modified_time\" content=\"2025-01-25T19:29:29+00:00\" \/>\n<meta property=\"og:image\" content=\"https:\/\/news.canadamotorjobs.com\/wp-content\/uploads\/2025\/01\/Mitsubishi_Eclipse_Cross_2022_7.jpg\" \/>\n\t<meta property=\"og:image:width\" content=\"1200\" \/>\n\t<meta property=\"og:image:height\" content=\"795\" \/>\n\t<meta property=\"og:image:type\" content=\"image\/jpeg\" \/>\n<meta name=\"author\" content=\"Benoit Charette\" \/>\n<meta name=\"twitter:card\" content=\"summary_large_image\" \/>\n<meta name=\"twitter:creator\" content=\"@canadamotorjobs\" \/>\n<meta name=\"twitter:site\" content=\"@canadamotorjobs\" \/>\n<meta name=\"twitter:label1\" content=\"\u00c9crit par\" \/>\n\t<meta name=\"twitter:data1\" content=\"Benoit Charette\" \/>\n\t<meta name=\"twitter:label2\" content=\"Estimation du temps de lecture\" \/>\n\t<meta name=\"twitter:data2\" content=\"2 minutes\" \/>\n<!-- \/ Yoast SEO plugin. -->","yoast_head_json":{"title":"Mitsubishi pourrait refuser de rejoindre la fusion pr\u00e9vue entre Nissan et Honda - CanadaMotorJobs.com","description":"Mitsubishi pourrait refuser de rejoindre la fusion pr\u00e9vue entre Nissan et Honda - Benoit Charette - Annuel automobile - CanadaMotorJobs.com.","robots":{"index":"index","follow":"follow","max-snippet":"max-snippet:-1","max-image-preview":"max-image-preview:large","max-video-preview":"max-video-preview:-1"},"og_locale":"fr_CA","og_type":"article","og_title":"Mitsubishi pourrait refuser de rejoindre la fusion pr\u00e9vue entre Nissan et Honda - CanadaMotorJobs.com","og_description":"Mitsubishi pourrait refuser de rejoindre la fusion pr\u00e9vue entre Nissan et Honda - Benoit Charette - Annuel automobile - CanadaMotorJobs.com.","og_url":"https:\/\/news.canadamotorjobs.com\/fr\/mitsubishi-pourrait-refuser-de-rejoindre-la-fusion-prevue-entre-nissan-et-honda\/","og_site_name":"CanadaMotorJobs.com","article_publisher":"https:\/\/www.facebook.com\/canadamotorjobs\/","article_published_time":"2025-01-25T19:24:35+00:00","article_modified_time":"2025-01-25T19:29:29+00:00","og_image":[{"width":1200,"height":795,"url":"https:\/\/news.canadamotorjobs.com\/wp-content\/uploads\/2025\/01\/Mitsubishi_Eclipse_Cross_2022_7.jpg","type":"image\/jpeg"}],"author":"Benoit Charette","twitter_card":"summary_large_image","twitter_creator":"@canadamotorjobs","twitter_site":"@canadamotorjobs","twitter_misc":{"\u00c9crit par":"Benoit Charette","Estimation du temps de lecture":"2 minutes"},"schema":{"@context":"https:\/\/schema.org","@graph":[{"@type":"Article","@id":"https:\/\/news.canadamotorjobs.com\/fr\/mitsubishi-pourrait-refuser-de-rejoindre-la-fusion-prevue-entre-nissan-et-honda\/#article","isPartOf":{"@id":"https:\/\/news.canadamotorjobs.com\/fr\/mitsubishi-pourrait-refuser-de-rejoindre-la-fusion-prevue-entre-nissan-et-honda\/"},"author":{"name":"Benoit Charette","@id":"https:\/\/news.canadamotorjobs.com\/#\/schema\/person\/51793d1f87d44011d7bcc2ed99269a90"},"headline":"Mitsubishi pourrait refuser de rejoindre la fusion pr\u00e9vue entre Nissan et Honda","datePublished":"2025-01-25T19:24:35+00:00","dateModified":"2025-01-25T19:29:29+00:00","mainEntityOfPage":{"@id":"https:\/\/news.canadamotorjobs.com\/fr\/mitsubishi-pourrait-refuser-de-rejoindre-la-fusion-prevue-entre-nissan-et-honda\/"},"wordCount":405,"publisher":{"@id":"https:\/\/news.canadamotorjobs.com\/#organization"},"image":{"@id":"https:\/\/news.canadamotorjobs.com\/fr\/mitsubishi-pourrait-refuser-de-rejoindre-la-fusion-prevue-entre-nissan-et-honda\/#primaryimage"},"thumbnailUrl":"https:\/\/news.canadamotorjobs.com\/wp-content\/uploads\/2025\/01\/Mitsubishi_Eclipse_Cross_2022_7.jpg","articleSection":["Annuel automobile"],"inLanguage":"fr-CA"},{"@type":"WebPage","@id":"https:\/\/news.canadamotorjobs.com\/fr\/mitsubishi-pourrait-refuser-de-rejoindre-la-fusion-prevue-entre-nissan-et-honda\/","url":"https:\/\/news.canadamotorjobs.com\/fr\/mitsubishi-pourrait-refuser-de-rejoindre-la-fusion-prevue-entre-nissan-et-honda\/","name":"Mitsubishi pourrait refuser de rejoindre la fusion pr\u00e9vue entre Nissan et Honda - CanadaMotorJobs.com","isPartOf":{"@id":"https:\/\/news.canadamotorjobs.com\/#website"},"primaryImageOfPage":{"@id":"https:\/\/news.canadamotorjobs.com\/fr\/mitsubishi-pourrait-refuser-de-rejoindre-la-fusion-prevue-entre-nissan-et-honda\/#primaryimage"},"image":{"@id":"https:\/\/news.canadamotorjobs.com\/fr\/mitsubishi-pourrait-refuser-de-rejoindre-la-fusion-prevue-entre-nissan-et-honda\/#primaryimage"},"thumbnailUrl":"https:\/\/news.canadamotorjobs.com\/wp-content\/uploads\/2025\/01\/Mitsubishi_Eclipse_Cross_2022_7.jpg","datePublished":"2025-01-25T19:24:35+00:00","dateModified":"2025-01-25T19:29:29+00:00","description":"Mitsubishi pourrait refuser de rejoindre la fusion pr\u00e9vue entre Nissan et Honda - Benoit Charette - Annuel automobile - CanadaMotorJobs.com.","breadcrumb":{"@id":"https:\/\/news.canadamotorjobs.com\/fr\/mitsubishi-pourrait-refuser-de-rejoindre-la-fusion-prevue-entre-nissan-et-honda\/#breadcrumb"},"inLanguage":"fr-CA","potentialAction":[{"@type":"ReadAction","target":["https:\/\/news.canadamotorjobs.com\/fr\/mitsubishi-pourrait-refuser-de-rejoindre-la-fusion-prevue-entre-nissan-et-honda\/"]}]},{"@type":"ImageObject","inLanguage":"fr-CA","@id":"https:\/\/news.canadamotorjobs.com\/fr\/mitsubishi-pourrait-refuser-de-rejoindre-la-fusion-prevue-entre-nissan-et-honda\/#primaryimage","url":"https:\/\/news.canadamotorjobs.com\/wp-content\/uploads\/2025\/01\/Mitsubishi_Eclipse_Cross_2022_7.jpg","contentUrl":"https:\/\/news.canadamotorjobs.com\/wp-content\/uploads\/2025\/01\/Mitsubishi_Eclipse_Cross_2022_7.jpg","width":1200,"height":795},{"@type":"BreadcrumbList","@id":"https:\/\/news.canadamotorjobs.com\/fr\/mitsubishi-pourrait-refuser-de-rejoindre-la-fusion-prevue-entre-nissan-et-honda\/#breadcrumb","itemListElement":[{"@type":"ListItem","position":1,"name":"Home","item":"https:\/\/news.canadamotorjobs.com\/fr\/blog\/"},{"@type":"ListItem","position":2,"name":"Mitsubishi pourrait refuser de rejoindre la fusion pr\u00e9vue entre Nissan et Honda"}]},{"@type":"WebSite","@id":"https:\/\/news.canadamotorjobs.com\/#website","url":"https:\/\/news.canadamotorjobs.com\/","name":"CanadaMotorJobs.com","description":"Automotive Jobs","publisher":{"@id":"https:\/\/news.canadamotorjobs.com\/#organization"},"potentialAction":[{"@type":"SearchAction","target":{"@type":"EntryPoint","urlTemplate":"https:\/\/news.canadamotorjobs.com\/?s={search_term_string}"},"query-input":"required name=search_term_string"}],"inLanguage":"fr-CA"},{"@type":"Organization","@id":"https:\/\/news.canadamotorjobs.com\/#organization","name":"Canada Motor Jobs","url":"https:\/\/news.canadamotorjobs.com\/","logo":{"@type":"ImageObject","inLanguage":"fr-CA","@id":"https:\/\/news.canadamotorjobs.com\/#\/schema\/logo\/image\/","url":"https:\/\/news.canadamotorjobs.com\/wp-content\/uploads\/2022\/10\/logo-canada-motor-jobs-1.png","contentUrl":"https:\/\/news.canadamotorjobs.com\/wp-content\/uploads\/2022\/10\/logo-canada-motor-jobs-1.png","width":800,"height":400,"caption":"Canada Motor Jobs"},"image":{"@id":"https:\/\/news.canadamotorjobs.com\/#\/schema\/logo\/image\/"},"sameAs":["https:\/\/www.facebook.com\/canadamotorjobs\/","https:\/\/x.com\/canadamotorjobs","https:\/\/www.instagram.com\/canadamotorjobs\/","https:\/\/www.linkedin.com\/company\/canadamotorjobs"]},{"@type":"Person","@id":"https:\/\/news.canadamotorjobs.com\/#\/schema\/person\/51793d1f87d44011d7bcc2ed99269a90","name":"Benoit Charette","image":{"@type":"ImageObject","inLanguage":"fr-CA","@id":"https:\/\/news.canadamotorjobs.com\/#\/schema\/person\/image\/","url":"https:\/\/secure.gravatar.com\/avatar\/45f3d2eebcccd909668d7ce7ea7267b6?s=96&d=mm&r=g","contentUrl":"https:\/\/secure.gravatar.com\/avatar\/45f3d2eebcccd909668d7ce7ea7267b6?s=96&d=mm&r=g","caption":"Benoit Charette"},"description":"Benoit Charette \/ Propri\u00e9taire et r\u00e9dacteur en chef Benoit Charette pratique le journalisme automobile depuis bient\u00f4t 30 ans. Il a fait ses classes au c\u00f4t\u00e9 de Daniel H\u00e9raud et au Carnet de route de 1992 \u00e0 2001. Il est fondateur, copropri\u00e9taire et r\u00e9dacteur en chef de L\u2019Annuel de l\u2019automobile, qu\u2019il publie depuis 2001. Il a anim\u00e9 les \u00e9missions RPM et RPM+ sur V et les L\u00e9gendes de la route sur Historia. \u00c0 la radio depuis 1986, il reprend l\u2019antenne cette ann\u00e9e sur les ondes de Cogeco et participe pour la deuxi\u00e8me ann\u00e9e \u00e0 l\u2019\u00e9mission Passion Auto sur RDS en plus de mettre en ligne le site Web officiel de L\u2019Annuel de l\u2019automobile sur annuelauto.ca.","sameAs":["https:\/\/annuelauto.ca\/"],"url":"https:\/\/news.canadamotorjobs.com\/fr\/author\/benoit-charette\/"}]}},"_links":{"self":[{"href":"https:\/\/news.canadamotorjobs.com\/fr\/wp-json\/wp\/v2\/posts\/190880"}],"collection":[{"href":"https:\/\/news.canadamotorjobs.com\/fr\/wp-json\/wp\/v2\/posts"}],"about":[{"href":"https:\/\/news.canadamotorjobs.com\/fr\/wp-json\/wp\/v2\/types\/post"}],"author":[{"embeddable":true,"href":"https:\/\/news.canadamotorjobs.com\/fr\/wp-json\/wp\/v2\/users\/8"}],"replies":[{"embeddable":true,"href":"https:\/\/news.canadamotorjobs.com\/fr\/wp-json\/wp\/v2\/comments?post=190880"}],"version-history":[{"count":3,"href":"https:\/\/news.canadamotorjobs.com\/fr\/wp-json\/wp\/v2\/posts\/190880\/revisions"}],"predecessor-version":[{"id":190907,"href":"https:\/\/news.canadamotorjobs.com\/fr\/wp-json\/wp\/v2\/posts\/190880\/revisions\/190907"}],"wp:featuredmedia":[{"embeddable":true,"href":"https:\/\/news.canadamotorjobs.com\/fr\/wp-json\/wp\/v2\/media\/190882"}],"wp:attachment":[{"href":"https:\/\/news.canadamotorjobs.com\/fr\/wp-json\/wp\/v2\/media?parent=190880"}],"wp:term":[{"taxonomy":"category","embeddable":true,"href":"https:\/\/news.canadamotorjobs.com\/fr\/wp-json\/wp\/v2\/categories?post=190880"},{"taxonomy":"post_tag","embeddable":true,"href":"https:\/\/news.canadamotorjobs.com\/fr\/wp-json\/wp\/v2\/tags?post=190880"}],"curies":[{"name":"wp","href":"https:\/\/api.w.org\/{rel}","templated":true}]}}