{"id":190819,"date":"2025-01-25T08:18:13","date_gmt":"2025-01-25T13:18:13","guid":{"rendered":"https:\/\/news.canadamotorjobs.com\/?p=190819"},"modified":"2025-01-25T08:29:25","modified_gmt":"2025-01-25T13:29:25","slug":"fin-de-production-des-infiniti-qx50-et-qx55","status":"publish","type":"post","link":"https:\/\/news.canadamotorjobs.com\/fr\/fin-de-production-des-infiniti-qx50-et-qx55\/","title":{"rendered":"Fin de production des Infiniti QX50 et QX55"},"content":{"rendered":"<\/p>\n<p>Infiniti a annonc\u00e9 la fin de production de ses mod\u00e8les compacts QX50 et QX55 en d\u00e9cembre. Cette d\u00e9cision marque un tournant strat\u00e9gique pour la marque premium japonaise, qui cherche \u00e0 se repositionner sur le march\u00e9 du luxe en mettant l&#8217;accent sur des v\u00e9hicules plus haut de gamme. Les concessionnaires auront toutefois suffisamment d&#8217;inventaire pour r\u00e9pondre \u00e0 la demande jusqu&#8217;\u00e0 l&#8217;\u00e9t\u00e9 2026.<\/p>\n<h3>Une strat\u00e9gie tourn\u00e9e vers le haut de gamme<\/h3>\n<p>\nPonz Pandikuthira, responsable de la planification produit chez Nissan Americas, a expliqu\u00e9 que cette d\u00e9cision \u00e9tait n\u00e9cessaire pour aligner la gamme sur les attentes des clients premium. Les mod\u00e8les comme les QX60 et QX80, ainsi qu\u2019un futur QX65, devraient suffire \u00e0 r\u00e9pondre aux besoins des consommateurs. &#8220;Le QX50 et le QX55 paraissent dat\u00e9s face \u00e0 nos mod\u00e8les plus r\u00e9cents&#8221;, a d\u00e9clar\u00e9 Pandikuthira.<\/p>\n<h3>Changement dans la production<\/h3>\n<p>\nCes deux mod\u00e8les \u00e9taient fabriqu\u00e9s en collaboration avec Mercedes-Benz dans une usine au Mexique. Toutefois, la production du Mercedes GLB, qui partage la m\u00eame plateforme, s\u2019arr\u00eatera \u00e9galement en 2026, remettant en question l\u2019avenir de cette usine.<\/p>\n<h3>D\u00e9fis pour les concessionnaires<\/h3>\n<p>\nLa disparition des QX50 et QX55 inqui\u00e8te certains concessionnaires, notamment en raison de la baisse importante des ventes. En 2024, Infiniti repr\u00e9sentait seulement 2,8 % du march\u00e9 du luxe aux \u00c9tats-Unis et encore moins au Canada, avec des pertes moyennes de 79 581 $ par concession dans les neuf premiers mois de l\u2019ann\u00e9e.<\/p>\n<p>Craig Keeys, vice-pr\u00e9sident du groupe Infiniti Americas, se montre toutefois optimiste pour 2025, esp\u00e9rant am\u00e9liorer la rentabilit\u00e9 des concessionnaires gr\u00e2ce \u00e0 des marges plus soutenues et \u00e0 de nouveaux mod\u00e8les, notamment deux v\u00e9hicules \u00e9lectriques.<\/p>\n<h3>Objectifs avec le QX80 et futurs mod\u00e8les<\/h3>\n<p>\nLe troisi\u00e8me QX80, redessin\u00e9 avec un design audacieux et un prix d\u00e9passant les 100 000 $, cible une client\u00e8le tr\u00e8s ais\u00e9e. Une strat\u00e9gie marketing ambitieuse, incluant une version sport, vise \u00e0 doubler les ventes de ce mod\u00e8le. Parall\u00e8lement, les futurs QX60 et QX65 joueront un r\u00f4le cl\u00e9 dans la transition vers une gamme modernis\u00e9e.<\/p>\n<h3>Une nouvelle \u00e8re pour Infiniti<\/h3>\n<p>\nAlors qu&#8217;Infiniti r\u00e9duit ses stocks pour am\u00e9liorer la rentabilit\u00e9, le nouveau directeur des Am\u00e9riques, Christian Meunier, promet une dynamique et une \u00e9coute accrues envers les concessionnaires. &#8220;Nous allons pousser les limites du possible&#8221;, a-t-il d\u00e9clar\u00e9 lors de la r\u00e9union annuelle.<\/p>\n<p>En conclusion, Infiniti mise sur une gamme renouvel\u00e9e et des produits plus exclusifs pour regagner sa place sur le march\u00e9 du luxe, tout en traversant une p\u00e9riode de transition d\u00e9licate.<\/p>\n<p>Le texte <a rel=\"nofollow\" href=\"https:\/\/annuelauto.ca\/fin-de-production-des-infiniti-qx50-et-qx55\/\">Fin de production des Infiniti QX50 et QX55<\/a> provient de <a rel=\"nofollow\" href=\"https:\/\/annuelauto.ca\">L&#8217;annuel de l&#8217;automobile &#8211; Actualit\u00e9 automobile<\/a><\/p>\n<p><\/p>\n","protected":false},"excerpt":{"rendered":"<p>Infiniti a annonc\u00e9 la fin de production de ses mod\u00e8les compacts QX50 et QX55 en d\u00e9cembre. Cette d\u00e9cision marque un tournant strat\u00e9gique pour la marque premium japonaise, qui cherche \u00e0 se repositionner sur le march\u00e9 du luxe en mettant l&#8217;accent sur des v\u00e9hicules plus haut de gamme. Les concessionnaires auront toutefois suffisamment d&#8217;inventaire pour r\u00e9pondre [&hellip;]<\/p>\n","protected":false},"author":8,"featured_media":190821,"comment_status":"close","ping_status":"closed","sticky":false,"template":"","format":"standard","meta":{"_monsterinsights_skip_tracking":false,"_monsterinsights_sitenote_active":false,"_monsterinsights_sitenote_note":"","_monsterinsights_sitenote_category":0,"footnotes":""},"categories":[101],"tags":[],"yoast_head":"<!-- This site is optimized with the Yoast SEO plugin v23.2 - https:\/\/yoast.com\/wordpress\/plugins\/seo\/ -->\n<title>Fin de production des Infiniti QX50 et QX55 - CanadaMotorJobs.com<\/title>\n<meta name=\"description\" content=\"Fin de production des Infiniti QX50 et QX55 - Benoit Charette - Annuel automobile - CanadaMotorJobs.com.\" \/>\n<meta name=\"robots\" content=\"index, follow, max-snippet:-1, max-image-preview:large, max-video-preview:-1\" \/>\n<meta property=\"og:locale\" content=\"fr_CA\" \/>\n<meta property=\"og:type\" content=\"article\" \/>\n<meta property=\"og:title\" content=\"Fin de production des Infiniti QX50 et QX55 - CanadaMotorJobs.com\" \/>\n<meta property=\"og:description\" content=\"Fin de production des Infiniti QX50 et QX55 - Benoit Charette - Annuel automobile - CanadaMotorJobs.com.\" \/>\n<meta property=\"og:url\" content=\"https:\/\/news.canadamotorjobs.com\/fr\/fin-de-production-des-infiniti-qx50-et-qx55\/\" \/>\n<meta property=\"og:site_name\" content=\"CanadaMotorJobs.com\" \/>\n<meta property=\"article:publisher\" content=\"https:\/\/www.facebook.com\/canadamotorjobs\/\" \/>\n<meta property=\"article:published_time\" content=\"2025-01-25T13:18:13+00:00\" \/>\n<meta property=\"article:modified_time\" content=\"2025-01-25T13:29:25+00:00\" \/>\n<meta property=\"og:image\" content=\"https:\/\/news.canadamotorjobs.com\/wp-content\/uploads\/2025\/01\/2024-qx50-vs-qx55.jpg\" \/>\n\t<meta property=\"og:image:width\" content=\"1200\" \/>\n\t<meta property=\"og:image:height\" content=\"330\" \/>\n\t<meta property=\"og:image:type\" content=\"image\/jpeg\" \/>\n<meta name=\"author\" content=\"Benoit Charette\" \/>\n<meta name=\"twitter:card\" content=\"summary_large_image\" \/>\n<meta name=\"twitter:creator\" content=\"@canadamotorjobs\" \/>\n<meta name=\"twitter:site\" content=\"@canadamotorjobs\" \/>\n<meta name=\"twitter:label1\" content=\"\u00c9crit par\" \/>\n\t<meta name=\"twitter:data1\" content=\"Benoit Charette\" \/>\n\t<meta name=\"twitter:label2\" content=\"Estimation du temps de lecture\" \/>\n\t<meta name=\"twitter:data2\" content=\"2 minutes\" \/>\n<!-- \/ Yoast SEO plugin. -->","yoast_head_json":{"title":"Fin de production des Infiniti QX50 et QX55 - CanadaMotorJobs.com","description":"Fin de production des Infiniti QX50 et QX55 - Benoit Charette - Annuel automobile - CanadaMotorJobs.com.","robots":{"index":"index","follow":"follow","max-snippet":"max-snippet:-1","max-image-preview":"max-image-preview:large","max-video-preview":"max-video-preview:-1"},"og_locale":"fr_CA","og_type":"article","og_title":"Fin de production des Infiniti QX50 et QX55 - CanadaMotorJobs.com","og_description":"Fin de production des Infiniti QX50 et QX55 - Benoit Charette - Annuel automobile - CanadaMotorJobs.com.","og_url":"https:\/\/news.canadamotorjobs.com\/fr\/fin-de-production-des-infiniti-qx50-et-qx55\/","og_site_name":"CanadaMotorJobs.com","article_publisher":"https:\/\/www.facebook.com\/canadamotorjobs\/","article_published_time":"2025-01-25T13:18:13+00:00","article_modified_time":"2025-01-25T13:29:25+00:00","og_image":[{"width":1200,"height":330,"url":"https:\/\/news.canadamotorjobs.com\/wp-content\/uploads\/2025\/01\/2024-qx50-vs-qx55.jpg","type":"image\/jpeg"}],"author":"Benoit Charette","twitter_card":"summary_large_image","twitter_creator":"@canadamotorjobs","twitter_site":"@canadamotorjobs","twitter_misc":{"\u00c9crit par":"Benoit Charette","Estimation du temps de lecture":"2 minutes"},"schema":{"@context":"https:\/\/schema.org","@graph":[{"@type":"Article","@id":"https:\/\/news.canadamotorjobs.com\/fr\/fin-de-production-des-infiniti-qx50-et-qx55\/#article","isPartOf":{"@id":"https:\/\/news.canadamotorjobs.com\/fr\/fin-de-production-des-infiniti-qx50-et-qx55\/"},"author":{"name":"Benoit Charette","@id":"https:\/\/news.canadamotorjobs.com\/#\/schema\/person\/51793d1f87d44011d7bcc2ed99269a90"},"headline":"Fin de production des Infiniti QX50 et QX55","datePublished":"2025-01-25T13:18:13+00:00","dateModified":"2025-01-25T13:29:25+00:00","mainEntityOfPage":{"@id":"https:\/\/news.canadamotorjobs.com\/fr\/fin-de-production-des-infiniti-qx50-et-qx55\/"},"wordCount":464,"publisher":{"@id":"https:\/\/news.canadamotorjobs.com\/#organization"},"image":{"@id":"https:\/\/news.canadamotorjobs.com\/fr\/fin-de-production-des-infiniti-qx50-et-qx55\/#primaryimage"},"thumbnailUrl":"https:\/\/news.canadamotorjobs.com\/wp-content\/uploads\/2025\/01\/2024-qx50-vs-qx55.jpg","articleSection":["Annuel automobile"],"inLanguage":"fr-CA"},{"@type":"WebPage","@id":"https:\/\/news.canadamotorjobs.com\/fr\/fin-de-production-des-infiniti-qx50-et-qx55\/","url":"https:\/\/news.canadamotorjobs.com\/fr\/fin-de-production-des-infiniti-qx50-et-qx55\/","name":"Fin de production des Infiniti QX50 et QX55 - CanadaMotorJobs.com","isPartOf":{"@id":"https:\/\/news.canadamotorjobs.com\/#website"},"primaryImageOfPage":{"@id":"https:\/\/news.canadamotorjobs.com\/fr\/fin-de-production-des-infiniti-qx50-et-qx55\/#primaryimage"},"image":{"@id":"https:\/\/news.canadamotorjobs.com\/fr\/fin-de-production-des-infiniti-qx50-et-qx55\/#primaryimage"},"thumbnailUrl":"https:\/\/news.canadamotorjobs.com\/wp-content\/uploads\/2025\/01\/2024-qx50-vs-qx55.jpg","datePublished":"2025-01-25T13:18:13+00:00","dateModified":"2025-01-25T13:29:25+00:00","description":"Fin de production des Infiniti QX50 et QX55 - Benoit Charette - Annuel automobile - CanadaMotorJobs.com.","breadcrumb":{"@id":"https:\/\/news.canadamotorjobs.com\/fr\/fin-de-production-des-infiniti-qx50-et-qx55\/#breadcrumb"},"inLanguage":"fr-CA","potentialAction":[{"@type":"ReadAction","target":["https:\/\/news.canadamotorjobs.com\/fr\/fin-de-production-des-infiniti-qx50-et-qx55\/"]}]},{"@type":"ImageObject","inLanguage":"fr-CA","@id":"https:\/\/news.canadamotorjobs.com\/fr\/fin-de-production-des-infiniti-qx50-et-qx55\/#primaryimage","url":"https:\/\/news.canadamotorjobs.com\/wp-content\/uploads\/2025\/01\/2024-qx50-vs-qx55.jpg","contentUrl":"https:\/\/news.canadamotorjobs.com\/wp-content\/uploads\/2025\/01\/2024-qx50-vs-qx55.jpg","width":1200,"height":330},{"@type":"BreadcrumbList","@id":"https:\/\/news.canadamotorjobs.com\/fr\/fin-de-production-des-infiniti-qx50-et-qx55\/#breadcrumb","itemListElement":[{"@type":"ListItem","position":1,"name":"Home","item":"https:\/\/news.canadamotorjobs.com\/fr\/blog\/"},{"@type":"ListItem","position":2,"name":"Fin de production des Infiniti QX50 et QX55"}]},{"@type":"WebSite","@id":"https:\/\/news.canadamotorjobs.com\/#website","url":"https:\/\/news.canadamotorjobs.com\/","name":"CanadaMotorJobs.com","description":"Automotive Jobs","publisher":{"@id":"https:\/\/news.canadamotorjobs.com\/#organization"},"potentialAction":[{"@type":"SearchAction","target":{"@type":"EntryPoint","urlTemplate":"https:\/\/news.canadamotorjobs.com\/?s={search_term_string}"},"query-input":"required name=search_term_string"}],"inLanguage":"fr-CA"},{"@type":"Organization","@id":"https:\/\/news.canadamotorjobs.com\/#organization","name":"Canada Motor Jobs","url":"https:\/\/news.canadamotorjobs.com\/","logo":{"@type":"ImageObject","inLanguage":"fr-CA","@id":"https:\/\/news.canadamotorjobs.com\/#\/schema\/logo\/image\/","url":"https:\/\/news.canadamotorjobs.com\/wp-content\/uploads\/2022\/10\/logo-canada-motor-jobs-1.png","contentUrl":"https:\/\/news.canadamotorjobs.com\/wp-content\/uploads\/2022\/10\/logo-canada-motor-jobs-1.png","width":800,"height":400,"caption":"Canada Motor Jobs"},"image":{"@id":"https:\/\/news.canadamotorjobs.com\/#\/schema\/logo\/image\/"},"sameAs":["https:\/\/www.facebook.com\/canadamotorjobs\/","https:\/\/x.com\/canadamotorjobs","https:\/\/www.instagram.com\/canadamotorjobs\/","https:\/\/www.linkedin.com\/company\/canadamotorjobs"]},{"@type":"Person","@id":"https:\/\/news.canadamotorjobs.com\/#\/schema\/person\/51793d1f87d44011d7bcc2ed99269a90","name":"Benoit Charette","image":{"@type":"ImageObject","inLanguage":"fr-CA","@id":"https:\/\/news.canadamotorjobs.com\/#\/schema\/person\/image\/","url":"https:\/\/secure.gravatar.com\/avatar\/45f3d2eebcccd909668d7ce7ea7267b6?s=96&d=mm&r=g","contentUrl":"https:\/\/secure.gravatar.com\/avatar\/45f3d2eebcccd909668d7ce7ea7267b6?s=96&d=mm&r=g","caption":"Benoit Charette"},"description":"Benoit Charette \/ Propri\u00e9taire et r\u00e9dacteur en chef Benoit Charette pratique le journalisme automobile depuis bient\u00f4t 30 ans. Il a fait ses classes au c\u00f4t\u00e9 de Daniel H\u00e9raud et au Carnet de route de 1992 \u00e0 2001. Il est fondateur, copropri\u00e9taire et r\u00e9dacteur en chef de L\u2019Annuel de l\u2019automobile, qu\u2019il publie depuis 2001. Il a anim\u00e9 les \u00e9missions RPM et RPM+ sur V et les L\u00e9gendes de la route sur Historia. \u00c0 la radio depuis 1986, il reprend l\u2019antenne cette ann\u00e9e sur les ondes de Cogeco et participe pour la deuxi\u00e8me ann\u00e9e \u00e0 l\u2019\u00e9mission Passion Auto sur RDS en plus de mettre en ligne le site Web officiel de L\u2019Annuel de l\u2019automobile sur annuelauto.ca.","sameAs":["https:\/\/annuelauto.ca\/"],"url":"https:\/\/news.canadamotorjobs.com\/fr\/author\/benoit-charette\/"}]}},"_links":{"self":[{"href":"https:\/\/news.canadamotorjobs.com\/fr\/wp-json\/wp\/v2\/posts\/190819"}],"collection":[{"href":"https:\/\/news.canadamotorjobs.com\/fr\/wp-json\/wp\/v2\/posts"}],"about":[{"href":"https:\/\/news.canadamotorjobs.com\/fr\/wp-json\/wp\/v2\/types\/post"}],"author":[{"embeddable":true,"href":"https:\/\/news.canadamotorjobs.com\/fr\/wp-json\/wp\/v2\/users\/8"}],"replies":[{"embeddable":true,"href":"https:\/\/news.canadamotorjobs.com\/fr\/wp-json\/wp\/v2\/comments?post=190819"}],"version-history":[{"count":2,"href":"https:\/\/news.canadamotorjobs.com\/fr\/wp-json\/wp\/v2\/posts\/190819\/revisions"}],"predecessor-version":[{"id":190823,"href":"https:\/\/news.canadamotorjobs.com\/fr\/wp-json\/wp\/v2\/posts\/190819\/revisions\/190823"}],"wp:featuredmedia":[{"embeddable":true,"href":"https:\/\/news.canadamotorjobs.com\/fr\/wp-json\/wp\/v2\/media\/190821"}],"wp:attachment":[{"href":"https:\/\/news.canadamotorjobs.com\/fr\/wp-json\/wp\/v2\/media?parent=190819"}],"wp:term":[{"taxonomy":"category","embeddable":true,"href":"https:\/\/news.canadamotorjobs.com\/fr\/wp-json\/wp\/v2\/categories?post=190819"},{"taxonomy":"post_tag","embeddable":true,"href":"https:\/\/news.canadamotorjobs.com\/fr\/wp-json\/wp\/v2\/tags?post=190819"}],"curies":[{"name":"wp","href":"https:\/\/api.w.org\/{rel}","templated":true}]}}