{"id":190737,"date":"2025-01-25T07:39:36","date_gmt":"2025-01-25T12:39:36","guid":{"rendered":"https:\/\/news.canadamotorjobs.com\/?p=190737"},"modified":"2025-01-25T07:45:14","modified_gmt":"2025-01-25T12:45:14","slug":"ecrans-et-touches-tactiles-nissan-le-savait-il-y-a-40-ans","status":"publish","type":"post","link":"https:\/\/news.canadamotorjobs.com\/fr\/ecrans-et-touches-tactiles-nissan-le-savait-il-y-a-40-ans\/","title":{"rendered":"\u00c9crans et touches tactiles\u00a0: Nissan le savait il y a 40\u00a0ans"},"content":{"rendered":"<\/p>\n<p>Le Salon de l\u2019auto bat son plein ce week-end. Si vous avez l\u2019occasion de vous y rendre pour une visite, vous allez r\u00e9aliser une chose si vous n\u2019\u00eates pas trop familier avec les v\u00e9hicules plus modernes, ou tout simplement confirmer ce que vous savez d\u00e9j\u00e0\u2009; les habitacles des mod\u00e8les sont remplis d\u2019\u00e9crans et de commandes \u00e0 touches tactiles.<\/p>\n<p>Qu\u2019on aime ou non pas cette technologie, elle est l\u00e0 pour demeurer et elle va \u00e9voluer au fil des prochaines d\u00e9cennies.<\/p>\n<p>Mais \u00e0 quand remonte l\u2019arriv\u00e9e des \u00e9crans dans nos v\u00e9hicules\u2009? \u00c7a d\u00e9pend bien s\u00fbr de la marque \u00e0 laquelle on s\u2019int\u00e9resse, des unit\u00e9s \u00e9tant apparues plus rapidement chez certaines marques de luxe, par exemple. Mais il est encore possible de trouver des mod\u00e8les usag\u00e9s de 10\u00a0ans qui n\u2019ont pas d\u2019\u00e9crans \u00e0 l\u2019int\u00e9rieur donc \u00e7a ne fait pas si longtemps que cela que la chose est si r\u00e9pandue.<\/p>\n<p>La transition s\u2019est fait rapidement, disons cela comme \u00e7a.<\/p>\n<p>Ce qui est int\u00e9ressant, c\u2019est d\u2019effectuer un retour en arri\u00e8re pour se rappeler ce que les constructeurs nous pr\u00e9sentaient comme concepts dans les ann\u00e9es\u00a070, 80 et 90. Parfois, ils envisageaient le futur d\u2019une fa\u00e7on un peu loufoque, mais en d\u2019autres occasions, ils n\u2019\u00e9taient pas loin de la v\u00e9rit\u00e9.<\/p>\n<p>Un regard aux \u00e9tudes que Nissan a pr\u00e9sent\u00e9 au milieu des ann\u00e9es\u00a080 s\u2019av\u00e8re tr\u00e8s int\u00e9ressant \u00e0 ce chapitre. En fait, on voit tr\u00e8s bien que la conception des cocons d\u2019aujourd\u2019hui ne date pas d\u2019hier. D\u00e9j\u00e0, jadis, on r\u00eavait \u00e0 la technologie que l\u2019on pourrait un jour introduire \u00e0 l\u2019int\u00e9rieur des habitacles. Voici quelques exemples.<\/p>\n<h3>Nissan Cue-X Concept\u00a01985<\/h3>\n<p>\nLe tableau de bord du concept Cue-X de 1985 est tr\u00e8s r\u00e9v\u00e9lateur. Il nous fait voir un \u00e9cran avec diff\u00e9rentes sections d\u2019affichage devant le conducteur, puis un \u00e9cran \u00e0 la console centrale, int\u00e9gr\u00e9 \u00e0 un design qui rejoint l\u2019unit\u00e9 situ\u00e9e \u00e0 la place du bloc d\u2019instruments.<\/p>\n<h3>Nissan Com Com Concept\u00a01985<\/h3>\n<p>\nLe Com Com Concept de la m\u00eame ann\u00e9e pr\u00e9sentait quelque chose de similaire en ce qui a trait \u00e0 la disposition des \u00e9crans, mais \u00e0 l\u2019int\u00e9rieur d\u2019un v\u00e9hicule diff\u00e9rent et avec une pr\u00e9sentation int\u00e9rieure distincte.<\/p>\n<p>Concernant ce v\u00e9hicule, il est incroyable de penser que ce style imagin\u00e9 il y a 40\u00a0ans pourrait tr\u00e8s bien s\u00e9duire aujourd\u2019hui, avec quelques retouches modernes.<\/p>\n<h3>Nissan Arc-X Concept<\/h3>\n<p>\nAvec la berline Arc-X, on trouvait un autre concept dot\u00e9 de deux \u00e9crans, un devant le conducteur, un deuxi\u00e8me au centre \u00e0 l\u2019int\u00e9rieur d\u2019un petit bo\u00eeter plut\u00f4t mal am\u00e9nag\u00e9, il faut le dire.<\/p>\n<h3>Nissan Leopard Ultima X Concept 1987<\/h3>\n<p>\nEnfin, un quatri\u00e8me mod\u00e8le qui a retenu notre attention est la berline Leopard, elle aussi pourvue d\u2019un \u00e9cran \u00e0 la console centrale. La disposition nous rappelle un peu ce qu\u2019on a pu voir avec quantit\u00e9 de mod\u00e8les dans les ann\u00e9es\u00a02000.<\/p>\n<h3>D\u2019autres mod\u00e8les.<\/h3>\n<p>\nBien entendu, d\u2019autres compagnies nous ont propos\u00e9 des concepts dot\u00e9s d\u2019\u00e9crans. La chose n\u2019\u00e9tait pas exclusive \u00e0 Nissan. Il est seulement int\u00e9ressant de noter que chez Nissan, le th\u00e8me \u00e9tait r\u00e9current et qu\u2019en bout de piste, la compagnie a \u00e9t\u00e9 visionnaire de ce c\u00f4t\u00e9, et surtout de la fa\u00e7on dont les choses \u00e9taient pr\u00e9sent\u00e9es.<\/p>\n<p>Voil\u00e0 qui va peut-\u00eatre vous faire observer plus attentivement les concepts d\u2019aujourd\u2019hui, ceux de Nissan et d\u2019autres constructeurs, afin de savoir ce qui nous attend demain.<\/p>\n<p>\u00a0<\/p>\n<p>\u00a0<\/p>\n<p>\u00a0<\/p>\n<p>\u00a0<\/p>\n<p>\u00a0<\/p>\n<p>\u00a0<\/p>\n<p>Le texte <a rel=\"nofollow\" href=\"https:\/\/annuelauto.ca\/ecrans-et-touches-tactiles-nissan-le-savait-il-y-a-40-ans\/\">\u00c9crans et touches tactiles\u00a0: Nissan le savait il y a 40\u00a0ans<\/a> provient de <a rel=\"nofollow\" href=\"https:\/\/annuelauto.ca\">L&#8217;annuel de l&#8217;automobile &#8211; Actualit\u00e9 automobile<\/a><\/p>\n<p><\/p>\n","protected":false},"excerpt":{"rendered":"<p>Le Salon de l\u2019auto bat son plein ce week-end. Si vous avez l\u2019occasion de vous y rendre pour une visite, vous allez r\u00e9aliser une chose si vous n\u2019\u00eates pas trop familier avec les v\u00e9hicules plus modernes, ou tout simplement confirmer ce que vous savez d\u00e9j\u00e0\u2009; les habitacles des mod\u00e8les sont remplis d\u2019\u00e9crans et de commandes [&hellip;]<\/p>\n","protected":false},"author":8,"featured_media":190739,"comment_status":"close","ping_status":"closed","sticky":false,"template":"","format":"standard","meta":{"_monsterinsights_skip_tracking":false,"_monsterinsights_sitenote_active":false,"_monsterinsights_sitenote_note":"","_monsterinsights_sitenote_category":0,"footnotes":""},"categories":[101],"tags":[],"yoast_head":"<!-- This site is optimized with the Yoast SEO plugin v23.2 - https:\/\/yoast.com\/wordpress\/plugins\/seo\/ -->\n<title>\u00c9crans et touches tactiles\u00a0: Nissan le savait il y a 40\u00a0ans - CanadaMotorJobs.com<\/title>\n<meta name=\"description\" content=\"\u00c9crans et touches tactiles\u00a0: Nissan le savait il y a 40\u00a0ans - Benoit Charette - Annuel automobile - CanadaMotorJobs.com.\" \/>\n<meta name=\"robots\" content=\"index, follow, max-snippet:-1, max-image-preview:large, max-video-preview:-1\" \/>\n<meta property=\"og:locale\" content=\"fr_CA\" \/>\n<meta property=\"og:type\" content=\"article\" \/>\n<meta property=\"og:title\" content=\"\u00c9crans et touches tactiles\u00a0: Nissan le savait il y a 40\u00a0ans - CanadaMotorJobs.com\" \/>\n<meta property=\"og:description\" content=\"\u00c9crans et touches tactiles\u00a0: Nissan le savait il y a 40\u00a0ans - Benoit Charette - Annuel automobile - CanadaMotorJobs.com.\" \/>\n<meta property=\"og:url\" content=\"https:\/\/news.canadamotorjobs.com\/fr\/ecrans-et-touches-tactiles-nissan-le-savait-il-y-a-40-ans\/\" \/>\n<meta property=\"og:site_name\" content=\"CanadaMotorJobs.com\" \/>\n<meta property=\"article:publisher\" content=\"https:\/\/www.facebook.com\/canadamotorjobs\/\" \/>\n<meta property=\"article:published_time\" content=\"2025-01-25T12:39:36+00:00\" \/>\n<meta property=\"article:modified_time\" content=\"2025-01-25T12:45:14+00:00\" \/>\n<meta property=\"og:image\" content=\"https:\/\/news.canadamotorjobs.com\/wp-content\/uploads\/2025\/01\/Nissan-Com-Com-Concept-1985-4.jpg\" \/>\n\t<meta property=\"og:image:width\" content=\"963\" \/>\n\t<meta property=\"og:image:height\" content=\"768\" \/>\n\t<meta property=\"og:image:type\" content=\"image\/jpeg\" \/>\n<meta name=\"author\" content=\"Benoit Charette\" \/>\n<meta name=\"twitter:card\" content=\"summary_large_image\" \/>\n<meta name=\"twitter:creator\" content=\"@canadamotorjobs\" \/>\n<meta name=\"twitter:site\" content=\"@canadamotorjobs\" \/>\n<meta name=\"twitter:label1\" content=\"\u00c9crit par\" \/>\n\t<meta name=\"twitter:data1\" content=\"Benoit Charette\" \/>\n\t<meta name=\"twitter:label2\" content=\"Estimation du temps de lecture\" \/>\n\t<meta name=\"twitter:data2\" content=\"3 minutes\" \/>\n<!-- \/ Yoast SEO plugin. -->","yoast_head_json":{"title":"\u00c9crans et touches tactiles\u00a0: Nissan le savait il y a 40\u00a0ans - CanadaMotorJobs.com","description":"\u00c9crans et touches tactiles\u00a0: Nissan le savait il y a 40\u00a0ans - Benoit Charette - Annuel automobile - CanadaMotorJobs.com.","robots":{"index":"index","follow":"follow","max-snippet":"max-snippet:-1","max-image-preview":"max-image-preview:large","max-video-preview":"max-video-preview:-1"},"og_locale":"fr_CA","og_type":"article","og_title":"\u00c9crans et touches tactiles\u00a0: Nissan le savait il y a 40\u00a0ans - CanadaMotorJobs.com","og_description":"\u00c9crans et touches tactiles\u00a0: Nissan le savait il y a 40\u00a0ans - Benoit Charette - Annuel automobile - CanadaMotorJobs.com.","og_url":"https:\/\/news.canadamotorjobs.com\/fr\/ecrans-et-touches-tactiles-nissan-le-savait-il-y-a-40-ans\/","og_site_name":"CanadaMotorJobs.com","article_publisher":"https:\/\/www.facebook.com\/canadamotorjobs\/","article_published_time":"2025-01-25T12:39:36+00:00","article_modified_time":"2025-01-25T12:45:14+00:00","og_image":[{"width":963,"height":768,"url":"https:\/\/news.canadamotorjobs.com\/wp-content\/uploads\/2025\/01\/Nissan-Com-Com-Concept-1985-4.jpg","type":"image\/jpeg"}],"author":"Benoit Charette","twitter_card":"summary_large_image","twitter_creator":"@canadamotorjobs","twitter_site":"@canadamotorjobs","twitter_misc":{"\u00c9crit par":"Benoit Charette","Estimation du temps de lecture":"3 minutes"},"schema":{"@context":"https:\/\/schema.org","@graph":[{"@type":"Article","@id":"https:\/\/news.canadamotorjobs.com\/fr\/ecrans-et-touches-tactiles-nissan-le-savait-il-y-a-40-ans\/#article","isPartOf":{"@id":"https:\/\/news.canadamotorjobs.com\/fr\/ecrans-et-touches-tactiles-nissan-le-savait-il-y-a-40-ans\/"},"author":{"name":"Benoit Charette","@id":"https:\/\/news.canadamotorjobs.com\/#\/schema\/person\/51793d1f87d44011d7bcc2ed99269a90"},"headline":"\u00c9crans et touches tactiles\u00a0: Nissan le savait il y a 40\u00a0ans","datePublished":"2025-01-25T12:39:36+00:00","dateModified":"2025-01-25T12:45:14+00:00","mainEntityOfPage":{"@id":"https:\/\/news.canadamotorjobs.com\/fr\/ecrans-et-touches-tactiles-nissan-le-savait-il-y-a-40-ans\/"},"wordCount":655,"publisher":{"@id":"https:\/\/news.canadamotorjobs.com\/#organization"},"image":{"@id":"https:\/\/news.canadamotorjobs.com\/fr\/ecrans-et-touches-tactiles-nissan-le-savait-il-y-a-40-ans\/#primaryimage"},"thumbnailUrl":"https:\/\/news.canadamotorjobs.com\/wp-content\/uploads\/2025\/01\/Nissan-Com-Com-Concept-1985-4.jpg","articleSection":["Annuel automobile"],"inLanguage":"fr-CA"},{"@type":"WebPage","@id":"https:\/\/news.canadamotorjobs.com\/fr\/ecrans-et-touches-tactiles-nissan-le-savait-il-y-a-40-ans\/","url":"https:\/\/news.canadamotorjobs.com\/fr\/ecrans-et-touches-tactiles-nissan-le-savait-il-y-a-40-ans\/","name":"\u00c9crans et touches tactiles\u00a0: Nissan le savait il y a 40\u00a0ans - CanadaMotorJobs.com","isPartOf":{"@id":"https:\/\/news.canadamotorjobs.com\/#website"},"primaryImageOfPage":{"@id":"https:\/\/news.canadamotorjobs.com\/fr\/ecrans-et-touches-tactiles-nissan-le-savait-il-y-a-40-ans\/#primaryimage"},"image":{"@id":"https:\/\/news.canadamotorjobs.com\/fr\/ecrans-et-touches-tactiles-nissan-le-savait-il-y-a-40-ans\/#primaryimage"},"thumbnailUrl":"https:\/\/news.canadamotorjobs.com\/wp-content\/uploads\/2025\/01\/Nissan-Com-Com-Concept-1985-4.jpg","datePublished":"2025-01-25T12:39:36+00:00","dateModified":"2025-01-25T12:45:14+00:00","description":"\u00c9crans et touches tactiles\u00a0: Nissan le savait il y a 40\u00a0ans - Benoit Charette - Annuel automobile - CanadaMotorJobs.com.","breadcrumb":{"@id":"https:\/\/news.canadamotorjobs.com\/fr\/ecrans-et-touches-tactiles-nissan-le-savait-il-y-a-40-ans\/#breadcrumb"},"inLanguage":"fr-CA","potentialAction":[{"@type":"ReadAction","target":["https:\/\/news.canadamotorjobs.com\/fr\/ecrans-et-touches-tactiles-nissan-le-savait-il-y-a-40-ans\/"]}]},{"@type":"ImageObject","inLanguage":"fr-CA","@id":"https:\/\/news.canadamotorjobs.com\/fr\/ecrans-et-touches-tactiles-nissan-le-savait-il-y-a-40-ans\/#primaryimage","url":"https:\/\/news.canadamotorjobs.com\/wp-content\/uploads\/2025\/01\/Nissan-Com-Com-Concept-1985-4.jpg","contentUrl":"https:\/\/news.canadamotorjobs.com\/wp-content\/uploads\/2025\/01\/Nissan-Com-Com-Concept-1985-4.jpg","width":963,"height":768},{"@type":"BreadcrumbList","@id":"https:\/\/news.canadamotorjobs.com\/fr\/ecrans-et-touches-tactiles-nissan-le-savait-il-y-a-40-ans\/#breadcrumb","itemListElement":[{"@type":"ListItem","position":1,"name":"Home","item":"https:\/\/news.canadamotorjobs.com\/fr\/blog\/"},{"@type":"ListItem","position":2,"name":"\u00c9crans et touches tactiles\u00a0: Nissan le savait il y a 40\u00a0ans"}]},{"@type":"WebSite","@id":"https:\/\/news.canadamotorjobs.com\/#website","url":"https:\/\/news.canadamotorjobs.com\/","name":"CanadaMotorJobs.com","description":"Automotive Jobs","publisher":{"@id":"https:\/\/news.canadamotorjobs.com\/#organization"},"potentialAction":[{"@type":"SearchAction","target":{"@type":"EntryPoint","urlTemplate":"https:\/\/news.canadamotorjobs.com\/?s={search_term_string}"},"query-input":"required name=search_term_string"}],"inLanguage":"fr-CA"},{"@type":"Organization","@id":"https:\/\/news.canadamotorjobs.com\/#organization","name":"Canada Motor Jobs","url":"https:\/\/news.canadamotorjobs.com\/","logo":{"@type":"ImageObject","inLanguage":"fr-CA","@id":"https:\/\/news.canadamotorjobs.com\/#\/schema\/logo\/image\/","url":"https:\/\/news.canadamotorjobs.com\/wp-content\/uploads\/2022\/10\/logo-canada-motor-jobs-1.png","contentUrl":"https:\/\/news.canadamotorjobs.com\/wp-content\/uploads\/2022\/10\/logo-canada-motor-jobs-1.png","width":800,"height":400,"caption":"Canada Motor Jobs"},"image":{"@id":"https:\/\/news.canadamotorjobs.com\/#\/schema\/logo\/image\/"},"sameAs":["https:\/\/www.facebook.com\/canadamotorjobs\/","https:\/\/x.com\/canadamotorjobs","https:\/\/www.instagram.com\/canadamotorjobs\/","https:\/\/www.linkedin.com\/company\/canadamotorjobs"]},{"@type":"Person","@id":"https:\/\/news.canadamotorjobs.com\/#\/schema\/person\/51793d1f87d44011d7bcc2ed99269a90","name":"Benoit Charette","image":{"@type":"ImageObject","inLanguage":"fr-CA","@id":"https:\/\/news.canadamotorjobs.com\/#\/schema\/person\/image\/","url":"https:\/\/secure.gravatar.com\/avatar\/45f3d2eebcccd909668d7ce7ea7267b6?s=96&d=mm&r=g","contentUrl":"https:\/\/secure.gravatar.com\/avatar\/45f3d2eebcccd909668d7ce7ea7267b6?s=96&d=mm&r=g","caption":"Benoit Charette"},"description":"Benoit Charette \/ Propri\u00e9taire et r\u00e9dacteur en chef Benoit Charette pratique le journalisme automobile depuis bient\u00f4t 30 ans. Il a fait ses classes au c\u00f4t\u00e9 de Daniel H\u00e9raud et au Carnet de route de 1992 \u00e0 2001. Il est fondateur, copropri\u00e9taire et r\u00e9dacteur en chef de L\u2019Annuel de l\u2019automobile, qu\u2019il publie depuis 2001. Il a anim\u00e9 les \u00e9missions RPM et RPM+ sur V et les L\u00e9gendes de la route sur Historia. \u00c0 la radio depuis 1986, il reprend l\u2019antenne cette ann\u00e9e sur les ondes de Cogeco et participe pour la deuxi\u00e8me ann\u00e9e \u00e0 l\u2019\u00e9mission Passion Auto sur RDS en plus de mettre en ligne le site Web officiel de L\u2019Annuel de l\u2019automobile sur annuelauto.ca.","sameAs":["https:\/\/annuelauto.ca\/"],"url":"https:\/\/news.canadamotorjobs.com\/fr\/author\/benoit-charette\/"}]}},"_links":{"self":[{"href":"https:\/\/news.canadamotorjobs.com\/fr\/wp-json\/wp\/v2\/posts\/190737"}],"collection":[{"href":"https:\/\/news.canadamotorjobs.com\/fr\/wp-json\/wp\/v2\/posts"}],"about":[{"href":"https:\/\/news.canadamotorjobs.com\/fr\/wp-json\/wp\/v2\/types\/post"}],"author":[{"embeddable":true,"href":"https:\/\/news.canadamotorjobs.com\/fr\/wp-json\/wp\/v2\/users\/8"}],"replies":[{"embeddable":true,"href":"https:\/\/news.canadamotorjobs.com\/fr\/wp-json\/wp\/v2\/comments?post=190737"}],"version-history":[{"count":2,"href":"https:\/\/news.canadamotorjobs.com\/fr\/wp-json\/wp\/v2\/posts\/190737\/revisions"}],"predecessor-version":[{"id":190741,"href":"https:\/\/news.canadamotorjobs.com\/fr\/wp-json\/wp\/v2\/posts\/190737\/revisions\/190741"}],"wp:featuredmedia":[{"embeddable":true,"href":"https:\/\/news.canadamotorjobs.com\/fr\/wp-json\/wp\/v2\/media\/190739"}],"wp:attachment":[{"href":"https:\/\/news.canadamotorjobs.com\/fr\/wp-json\/wp\/v2\/media?parent=190737"}],"wp:term":[{"taxonomy":"category","embeddable":true,"href":"https:\/\/news.canadamotorjobs.com\/fr\/wp-json\/wp\/v2\/categories?post=190737"},{"taxonomy":"post_tag","embeddable":true,"href":"https:\/\/news.canadamotorjobs.com\/fr\/wp-json\/wp\/v2\/tags?post=190737"}],"curies":[{"name":"wp","href":"https:\/\/api.w.org\/{rel}","templated":true}]}}