{"id":190707,"date":"2025-01-24T14:24:30","date_gmt":"2025-01-24T19:24:30","guid":{"rendered":"https:\/\/news.canadamotorjobs.com\/?p=190707"},"modified":"2025-01-24T14:29:38","modified_gmt":"2025-01-24T19:29:38","slug":"ram-confirme-sa-camionnette-intermediaire-pour-lamerique-du-nord","status":"publish","type":"post","link":"https:\/\/news.canadamotorjobs.com\/fr\/ram-confirme-sa-camionnette-intermediaire-pour-lamerique-du-nord\/","title":{"rendered":"Ram confirme sa camionnette interm\u00e9diaire pour l\u2019Am\u00e9rique du Nord"},"content":{"rendered":"<\/p>\n<p>\u00c7a fait des mois, voire quelques ann\u00e9es que la rumeur court concernant une \u00e9ventuelle camionnette de taille interm\u00e9diaire du c\u00f4t\u00e9 de Ram, division de Stellantis. La marque a confirm\u00e9 hier au site Motor1 qu\u2019elle allait proposer un mod\u00e8le et que la production allait \u00eatre lanc\u00e9e en 2027. On peut donc deviner l\u2019arriv\u00e9e d\u2019un produit pour le mill\u00e9sime 2028.<\/p>\n<p>La confirmation confi\u00e9e au site Motor1 a fait suite \u00e0 une nouvelle publi\u00e9e par le site Automotive News concernant un message interne du directeur de l\u2019exploitation, Antonio Filosa, qui parlait de la construction du nouveau mod\u00e8le \u00e0 l\u2019usine Stellantis de Belvidere, en Illinois. Le syndicat UAW (United Auto Workers) annon\u00e7ait de son c\u00f4t\u00e9 que la production commencerait en 2027.<\/p>\n<p>Stellantis a mis l\u2019usine de Belvidere en pause au d\u00e9but de l\u2019ann\u00e9e 2023, une d\u00e9cision qui a mis en doute tout projet \u00e0 cet endroit. L\u2019incertitude concernant l\u2019avenir de l\u2019usine a failli provoquer une gr\u00e8ve l\u2019ann\u00e9e derni\u00e8re.<\/p>\n<p>\u00ab Apr\u00e8s avoir rencontr\u00e9 l\u2019entreprise au cours des derniers mois, nous avons r\u00e9solu hier soir nos griefs concernant le Dodge Durango et la r\u00e9ouverture de Belvidere \u00bb, a d\u00e9clar\u00e9 l\u2019UAW via un communiqu\u00e9. Stellantis a accept\u00e9 de construire la nouvelle g\u00e9n\u00e9ration de Durango dans son usine de Detroit et d\u2019investir dans ses installations Jeep en l\u2019Ohio.<\/p>\n<p>Comme si les d\u00e9s \u00e9taient tomb\u00e9s en place pour la camionnette interm\u00e9diaire.<\/p>\n<p>Tim Kuniskis, le grand patron de Ram, souhaite ce mod\u00e8le depuis longtemps. Il est bien conscient que le prix des camionnettes a grimp\u00e9 ces derni\u00e8res ann\u00e9es, et que les mod\u00e8les plus abordables sont plus rares. La compagnie proposait jusqu\u2019\u00e0 r\u00e9cemment le Ram Classic, qui offrait une option plus accessible aux acheteurs, mais la fin de production de ce mod\u00e8le est venue la leur retirer.<\/p>\n<p>\u00a0<\/p>\n<p><\/p>\n<figure><img decoding=\"async\" src=\"https:\/\/news.canadamotorjobs.com\/wp-content\/uploads\/2025\/01\/ram-midsize-pickup-teaser-001-5.jpg\" alt=\"Silhouette du futur camion interm\u00e9diaire de Ram ?\" \/><figcaption>Silhouette du futur camion interm\u00e9diaire de Ram ? | Auto123.com<\/figcaption><\/figure>\n<p>Pour ce qui est des d\u00e9tails concernant le nouveau mod\u00e8le, il faudra voir ce que la compagnie nous r\u00e9serve, car elle n\u2019a pour l\u2019instant rien mentionn\u00e9. Aura-t-on droit \u00e0 une version adapt\u00e9e \u00e0 notre march\u00e9 du Ram Rampage qui est propos\u00e9e au Br\u00e9sil ? Est-ce que la compagnie concoctera plut\u00f4t un nouveau v\u00e9hicule pour nos march\u00e9s ?<\/p>\n<p><\/p>\n<p style=\"padding-top: 15px\">Contenu original de <a href=\"https:\/\/www.auto123.com\/fr\/actualites\/ram-camionnette-interm\u00e9diaire-2027-rampage\/72319\/\">auto123<\/a>.<\/p>\n<p>Le texte <a rel=\"nofollow\" href=\"https:\/\/annuelauto.ca\/ram-confirme-sa-camionnette-intermediaire-pour-lamerique-du-nord\/\">Ram confirme sa camionnette interm\u00e9diaire pour l\u2019Am\u00e9rique du Nord<\/a> provient de <a rel=\"nofollow\" href=\"https:\/\/annuelauto.ca\">L&#8217;annuel de l&#8217;automobile &#8211; Actualit\u00e9 automobile<\/a><\/p>\n<p><\/p>\n","protected":false},"excerpt":{"rendered":"<p>\u00c7a fait des mois, voire quelques ann\u00e9es que la rumeur court concernant une \u00e9ventuelle camionnette de taille interm\u00e9diaire du c\u00f4t\u00e9 de Ram, division de Stellantis. La marque a confirm\u00e9 hier au site Motor1 qu\u2019elle allait proposer un mod\u00e8le et que la production allait \u00eatre lanc\u00e9e en 2027. On peut donc deviner l\u2019arriv\u00e9e d\u2019un produit pour [&hellip;]<\/p>\n","protected":false},"author":8,"featured_media":190709,"comment_status":"close","ping_status":"closed","sticky":false,"template":"","format":"standard","meta":{"_monsterinsights_skip_tracking":false,"_monsterinsights_sitenote_active":false,"_monsterinsights_sitenote_note":"","_monsterinsights_sitenote_category":0,"footnotes":""},"categories":[101],"tags":[],"yoast_head":"<!-- This site is optimized with the Yoast SEO plugin v23.2 - https:\/\/yoast.com\/wordpress\/plugins\/seo\/ -->\n<title>Ram confirme sa camionnette interm\u00e9diaire pour l\u2019Am\u00e9rique du Nord - CanadaMotorJobs.com<\/title>\n<meta name=\"description\" content=\"Ram confirme sa camionnette interm\u00e9diaire pour l\u2019Am\u00e9rique du Nord - Benoit Charette - Annuel automobile - CanadaMotorJobs.com.\" \/>\n<meta name=\"robots\" content=\"index, follow, max-snippet:-1, max-image-preview:large, max-video-preview:-1\" \/>\n<meta property=\"og:locale\" content=\"fr_CA\" \/>\n<meta property=\"og:type\" content=\"article\" \/>\n<meta property=\"og:title\" content=\"Ram confirme sa camionnette interm\u00e9diaire pour l\u2019Am\u00e9rique du Nord - CanadaMotorJobs.com\" \/>\n<meta property=\"og:description\" content=\"Ram confirme sa camionnette interm\u00e9diaire pour l\u2019Am\u00e9rique du Nord - Benoit Charette - Annuel automobile - CanadaMotorJobs.com.\" \/>\n<meta property=\"og:url\" content=\"https:\/\/news.canadamotorjobs.com\/fr\/ram-confirme-sa-camionnette-intermediaire-pour-lamerique-du-nord\/\" \/>\n<meta property=\"og:site_name\" content=\"CanadaMotorJobs.com\" \/>\n<meta property=\"article:publisher\" content=\"https:\/\/www.facebook.com\/canadamotorjobs\/\" \/>\n<meta property=\"article:published_time\" content=\"2025-01-24T19:24:30+00:00\" \/>\n<meta property=\"article:modified_time\" content=\"2025-01-24T19:29:38+00:00\" \/>\n<meta property=\"og:image\" content=\"https:\/\/news.canadamotorjobs.com\/wp-content\/uploads\/2025\/01\/ram-midsize-pickup-teaser-001.jpg\" \/>\n\t<meta property=\"og:image:width\" content=\"1200\" \/>\n\t<meta property=\"og:image:height\" content=\"676\" \/>\n\t<meta property=\"og:image:type\" content=\"image\/jpeg\" \/>\n<meta name=\"author\" content=\"Benoit Charette\" \/>\n<meta name=\"twitter:card\" content=\"summary_large_image\" \/>\n<meta name=\"twitter:creator\" content=\"@canadamotorjobs\" \/>\n<meta name=\"twitter:site\" content=\"@canadamotorjobs\" \/>\n<meta name=\"twitter:label1\" content=\"\u00c9crit par\" \/>\n\t<meta name=\"twitter:data1\" content=\"Benoit Charette\" \/>\n\t<meta name=\"twitter:label2\" content=\"Estimation du temps de lecture\" \/>\n\t<meta name=\"twitter:data2\" content=\"2 minutes\" \/>\n<!-- \/ Yoast SEO plugin. -->","yoast_head_json":{"title":"Ram confirme sa camionnette interm\u00e9diaire pour l\u2019Am\u00e9rique du Nord - CanadaMotorJobs.com","description":"Ram confirme sa camionnette interm\u00e9diaire pour l\u2019Am\u00e9rique du Nord - Benoit Charette - Annuel automobile - CanadaMotorJobs.com.","robots":{"index":"index","follow":"follow","max-snippet":"max-snippet:-1","max-image-preview":"max-image-preview:large","max-video-preview":"max-video-preview:-1"},"og_locale":"fr_CA","og_type":"article","og_title":"Ram confirme sa camionnette interm\u00e9diaire pour l\u2019Am\u00e9rique du Nord - CanadaMotorJobs.com","og_description":"Ram confirme sa camionnette interm\u00e9diaire pour l\u2019Am\u00e9rique du Nord - Benoit Charette - Annuel automobile - CanadaMotorJobs.com.","og_url":"https:\/\/news.canadamotorjobs.com\/fr\/ram-confirme-sa-camionnette-intermediaire-pour-lamerique-du-nord\/","og_site_name":"CanadaMotorJobs.com","article_publisher":"https:\/\/www.facebook.com\/canadamotorjobs\/","article_published_time":"2025-01-24T19:24:30+00:00","article_modified_time":"2025-01-24T19:29:38+00:00","og_image":[{"width":1200,"height":676,"url":"https:\/\/news.canadamotorjobs.com\/wp-content\/uploads\/2025\/01\/ram-midsize-pickup-teaser-001.jpg","type":"image\/jpeg"}],"author":"Benoit Charette","twitter_card":"summary_large_image","twitter_creator":"@canadamotorjobs","twitter_site":"@canadamotorjobs","twitter_misc":{"\u00c9crit par":"Benoit Charette","Estimation du temps de lecture":"2 minutes"},"schema":{"@context":"https:\/\/schema.org","@graph":[{"@type":"Article","@id":"https:\/\/news.canadamotorjobs.com\/fr\/ram-confirme-sa-camionnette-intermediaire-pour-lamerique-du-nord\/#article","isPartOf":{"@id":"https:\/\/news.canadamotorjobs.com\/fr\/ram-confirme-sa-camionnette-intermediaire-pour-lamerique-du-nord\/"},"author":{"name":"Benoit Charette","@id":"https:\/\/news.canadamotorjobs.com\/#\/schema\/person\/51793d1f87d44011d7bcc2ed99269a90"},"headline":"Ram confirme sa camionnette interm\u00e9diaire pour l\u2019Am\u00e9rique du Nord","datePublished":"2025-01-24T19:24:30+00:00","dateModified":"2025-01-24T19:29:38+00:00","mainEntityOfPage":{"@id":"https:\/\/news.canadamotorjobs.com\/fr\/ram-confirme-sa-camionnette-intermediaire-pour-lamerique-du-nord\/"},"wordCount":439,"publisher":{"@id":"https:\/\/news.canadamotorjobs.com\/#organization"},"image":{"@id":"https:\/\/news.canadamotorjobs.com\/fr\/ram-confirme-sa-camionnette-intermediaire-pour-lamerique-du-nord\/#primaryimage"},"thumbnailUrl":"https:\/\/news.canadamotorjobs.com\/wp-content\/uploads\/2025\/01\/ram-midsize-pickup-teaser-001.jpg","articleSection":["Annuel automobile"],"inLanguage":"fr-CA"},{"@type":"WebPage","@id":"https:\/\/news.canadamotorjobs.com\/fr\/ram-confirme-sa-camionnette-intermediaire-pour-lamerique-du-nord\/","url":"https:\/\/news.canadamotorjobs.com\/fr\/ram-confirme-sa-camionnette-intermediaire-pour-lamerique-du-nord\/","name":"Ram confirme sa camionnette interm\u00e9diaire pour l\u2019Am\u00e9rique du Nord - CanadaMotorJobs.com","isPartOf":{"@id":"https:\/\/news.canadamotorjobs.com\/#website"},"primaryImageOfPage":{"@id":"https:\/\/news.canadamotorjobs.com\/fr\/ram-confirme-sa-camionnette-intermediaire-pour-lamerique-du-nord\/#primaryimage"},"image":{"@id":"https:\/\/news.canadamotorjobs.com\/fr\/ram-confirme-sa-camionnette-intermediaire-pour-lamerique-du-nord\/#primaryimage"},"thumbnailUrl":"https:\/\/news.canadamotorjobs.com\/wp-content\/uploads\/2025\/01\/ram-midsize-pickup-teaser-001.jpg","datePublished":"2025-01-24T19:24:30+00:00","dateModified":"2025-01-24T19:29:38+00:00","description":"Ram confirme sa camionnette interm\u00e9diaire pour l\u2019Am\u00e9rique du Nord - Benoit Charette - Annuel automobile - CanadaMotorJobs.com.","breadcrumb":{"@id":"https:\/\/news.canadamotorjobs.com\/fr\/ram-confirme-sa-camionnette-intermediaire-pour-lamerique-du-nord\/#breadcrumb"},"inLanguage":"fr-CA","potentialAction":[{"@type":"ReadAction","target":["https:\/\/news.canadamotorjobs.com\/fr\/ram-confirme-sa-camionnette-intermediaire-pour-lamerique-du-nord\/"]}]},{"@type":"ImageObject","inLanguage":"fr-CA","@id":"https:\/\/news.canadamotorjobs.com\/fr\/ram-confirme-sa-camionnette-intermediaire-pour-lamerique-du-nord\/#primaryimage","url":"https:\/\/news.canadamotorjobs.com\/wp-content\/uploads\/2025\/01\/ram-midsize-pickup-teaser-001.jpg","contentUrl":"https:\/\/news.canadamotorjobs.com\/wp-content\/uploads\/2025\/01\/ram-midsize-pickup-teaser-001.jpg","width":1200,"height":676},{"@type":"BreadcrumbList","@id":"https:\/\/news.canadamotorjobs.com\/fr\/ram-confirme-sa-camionnette-intermediaire-pour-lamerique-du-nord\/#breadcrumb","itemListElement":[{"@type":"ListItem","position":1,"name":"Home","item":"https:\/\/news.canadamotorjobs.com\/fr\/blog\/"},{"@type":"ListItem","position":2,"name":"Ram confirme sa camionnette interm\u00e9diaire pour l\u2019Am\u00e9rique du Nord"}]},{"@type":"WebSite","@id":"https:\/\/news.canadamotorjobs.com\/#website","url":"https:\/\/news.canadamotorjobs.com\/","name":"CanadaMotorJobs.com","description":"Automotive Jobs","publisher":{"@id":"https:\/\/news.canadamotorjobs.com\/#organization"},"potentialAction":[{"@type":"SearchAction","target":{"@type":"EntryPoint","urlTemplate":"https:\/\/news.canadamotorjobs.com\/?s={search_term_string}"},"query-input":"required name=search_term_string"}],"inLanguage":"fr-CA"},{"@type":"Organization","@id":"https:\/\/news.canadamotorjobs.com\/#organization","name":"Canada Motor Jobs","url":"https:\/\/news.canadamotorjobs.com\/","logo":{"@type":"ImageObject","inLanguage":"fr-CA","@id":"https:\/\/news.canadamotorjobs.com\/#\/schema\/logo\/image\/","url":"https:\/\/news.canadamotorjobs.com\/wp-content\/uploads\/2022\/10\/logo-canada-motor-jobs-1.png","contentUrl":"https:\/\/news.canadamotorjobs.com\/wp-content\/uploads\/2022\/10\/logo-canada-motor-jobs-1.png","width":800,"height":400,"caption":"Canada Motor Jobs"},"image":{"@id":"https:\/\/news.canadamotorjobs.com\/#\/schema\/logo\/image\/"},"sameAs":["https:\/\/www.facebook.com\/canadamotorjobs\/","https:\/\/x.com\/canadamotorjobs","https:\/\/www.instagram.com\/canadamotorjobs\/","https:\/\/www.linkedin.com\/company\/canadamotorjobs"]},{"@type":"Person","@id":"https:\/\/news.canadamotorjobs.com\/#\/schema\/person\/51793d1f87d44011d7bcc2ed99269a90","name":"Benoit Charette","image":{"@type":"ImageObject","inLanguage":"fr-CA","@id":"https:\/\/news.canadamotorjobs.com\/#\/schema\/person\/image\/","url":"https:\/\/secure.gravatar.com\/avatar\/45f3d2eebcccd909668d7ce7ea7267b6?s=96&d=mm&r=g","contentUrl":"https:\/\/secure.gravatar.com\/avatar\/45f3d2eebcccd909668d7ce7ea7267b6?s=96&d=mm&r=g","caption":"Benoit Charette"},"description":"Benoit Charette \/ Propri\u00e9taire et r\u00e9dacteur en chef Benoit Charette pratique le journalisme automobile depuis bient\u00f4t 30 ans. Il a fait ses classes au c\u00f4t\u00e9 de Daniel H\u00e9raud et au Carnet de route de 1992 \u00e0 2001. Il est fondateur, copropri\u00e9taire et r\u00e9dacteur en chef de L\u2019Annuel de l\u2019automobile, qu\u2019il publie depuis 2001. Il a anim\u00e9 les \u00e9missions RPM et RPM+ sur V et les L\u00e9gendes de la route sur Historia. \u00c0 la radio depuis 1986, il reprend l\u2019antenne cette ann\u00e9e sur les ondes de Cogeco et participe pour la deuxi\u00e8me ann\u00e9e \u00e0 l\u2019\u00e9mission Passion Auto sur RDS en plus de mettre en ligne le site Web officiel de L\u2019Annuel de l\u2019automobile sur annuelauto.ca.","sameAs":["https:\/\/annuelauto.ca\/"],"url":"https:\/\/news.canadamotorjobs.com\/fr\/author\/benoit-charette\/"}]}},"_links":{"self":[{"href":"https:\/\/news.canadamotorjobs.com\/fr\/wp-json\/wp\/v2\/posts\/190707"}],"collection":[{"href":"https:\/\/news.canadamotorjobs.com\/fr\/wp-json\/wp\/v2\/posts"}],"about":[{"href":"https:\/\/news.canadamotorjobs.com\/fr\/wp-json\/wp\/v2\/types\/post"}],"author":[{"embeddable":true,"href":"https:\/\/news.canadamotorjobs.com\/fr\/wp-json\/wp\/v2\/users\/8"}],"replies":[{"embeddable":true,"href":"https:\/\/news.canadamotorjobs.com\/fr\/wp-json\/wp\/v2\/comments?post=190707"}],"version-history":[{"count":3,"href":"https:\/\/news.canadamotorjobs.com\/fr\/wp-json\/wp\/v2\/posts\/190707\/revisions"}],"predecessor-version":[{"id":190734,"href":"https:\/\/news.canadamotorjobs.com\/fr\/wp-json\/wp\/v2\/posts\/190707\/revisions\/190734"}],"wp:featuredmedia":[{"embeddable":true,"href":"https:\/\/news.canadamotorjobs.com\/fr\/wp-json\/wp\/v2\/media\/190709"}],"wp:attachment":[{"href":"https:\/\/news.canadamotorjobs.com\/fr\/wp-json\/wp\/v2\/media?parent=190707"}],"wp:term":[{"taxonomy":"category","embeddable":true,"href":"https:\/\/news.canadamotorjobs.com\/fr\/wp-json\/wp\/v2\/categories?post=190707"},{"taxonomy":"post_tag","embeddable":true,"href":"https:\/\/news.canadamotorjobs.com\/fr\/wp-json\/wp\/v2\/tags?post=190707"}],"curies":[{"name":"wp","href":"https:\/\/api.w.org\/{rel}","templated":true}]}}