{"id":190671,"date":"2025-01-24T14:24:30","date_gmt":"2025-01-24T19:24:30","guid":{"rendered":"https:\/\/news.canadamotorjobs.com\/?p=190671"},"modified":"2025-01-24T14:29:24","modified_gmt":"2025-01-24T19:29:24","slug":"le-jeep-avenger-pourrait-il-venir-en-amerique-du-nord","status":"publish","type":"post","link":"https:\/\/news.canadamotorjobs.com\/fr\/le-jeep-avenger-pourrait-il-venir-en-amerique-du-nord\/","title":{"rendered":"Le Jeep Avenger pourrait-il venir en Am\u00e9rique du Nord\u2009?"},"content":{"rendered":"<\/p>\n<p>\u00c0 l\u2019\u00e9t\u00e9 2021, Jeep y allait d\u2019une pr\u00e9sentation en ligne (nous \u00e9tions toujours en pleine Covid-19) o\u00f9 trois futurs VUS \u00e9lectriques nous avaient \u00e9t\u00e9 montr\u00e9s ; le Recon, le Wagoneer S, ainsi que l\u2019Avenger.<\/p>\n<p>Le deuxi\u00e8me est arriv\u00e9 et le premier est en route. Dans le cas du troisi\u00e8me, l\u2019Avenger, on nous avait expliqu\u00e9 qu\u2019il \u00e9tait r\u00e9serv\u00e9 au march\u00e9 europ\u00e9en. La raison ? Son format, plus petit que celui du Jeep Renegade, nous avait alors expliqu\u00e9 le grand patron de la marque aux \u00c9tats-Unis, Christian Meunier.<\/p>\n<p>Les choses ont \u00e9volu\u00e9 depuis, si bien qu\u2019on pourrait repenser la strat\u00e9gie chez Jeep. En fait, le nouveau dirigeant de la marque en Am\u00e9rique du Nord, Bob Broderdorf, a pour mission de relancer la marque qui a vu ses ventes d\u00e9cliner de 9 % l\u2019ann\u00e9e derni\u00e8re, dans une industrie en croissance. Il doit revoir la gamme, voire la renouveler, entre autres avec des mod\u00e8les plus abordables. R\u00e9cemment, Jeep a reconnu avoir exag\u00e9r\u00e9 avec ses prix.<\/p>\n<p><\/p>\n<figure><img decoding=\"async\" src=\"https:\/\/news.canadamotorjobs.com\/wp-content\/uploads\/2025\/01\/jeep_avenger_bev_9-5.jpeg\" alt=\"Le Jeep Avenger (Europe), arri\u00e8re\" \/><figcaption>Le Jeep Avenger (Europe), arri\u00e8re | Auto123.com<\/figcaption><\/figure>\n<p>C\u2019est l\u00e0 que l\u2019Avenger pourrait \u00eatre int\u00e9ressant, car ce mod\u00e8le, s\u2019il \u00e9tait amen\u00e9 ici, serait plus abordable que plusieurs des autres produits pr\u00e9sentement offerts.<\/p>\n<p>\u00ab Je pense que l\u2019Avenger est un produit incroyablement int\u00e9ressant. C\u2019est le genre de v\u00e9hicule qui pourrait r\u00e9pondre \u00e0 la demande croissante pour des VUS plus petits et efficaces, mais il y a beaucoup de choses \u00e0 comprendre d\u2019abord \u00bb, a d\u00e9clar\u00e9 Bob Broderdorf lors d\u2019une r\u00e9cente entrevue accord\u00e9e au magazine MotorTrend.<\/p>\n<p>Le dirigeant est bien conscient des obstacles \u00e0 franchir pour que l\u2019Avenger soit commercialis\u00e9e aux \u00c9tats-Unis. \u00ab Je dois r\u00e9aliser une \u00e9tude de rentabilit\u00e9 pour voir si c\u2019est possible. Peut-on le vendre ? Quel serait son prix ? Puis-je l\u2019amener ici d\u2019une fa\u00e7on o\u00f9 \u00e7a a du sens pour notre client\u00e8le ? \u00bb<\/p>\n<p>L\u2019Avenger est construit sur la plateforme modulaire commune (CMP), une conception adapt\u00e9e aux march\u00e9s europ\u00e9ens. \u00ab Cette plateforme n\u2019a jamais \u00e9t\u00e9 con\u00e7ue pour l\u2019Am\u00e9rique du Nord. La modifier pour qu\u2019elle r\u00e9ponde \u00e0 nos r\u00e9glementations repr\u00e9senterait un investissement consid\u00e9rable \u00bb, a ajout\u00e9 Broderdorf.<\/p>\n<p>Le lieu de production complique \u00e9galement les choses. \u00ab L\u2019Avenger est construit en Pologne aux c\u00f4t\u00e9s de l\u2019Alfa Romeo Junior et du Fiat 600. Aucun de ces v\u00e9hicules n\u2019est actuellement pr\u00e9vu pour les \u00c9tats-Unis ou le Canada, ce qui rend la logistique encore plus difficile. \u00bb<\/p>\n<p><\/p>\n<figure><img decoding=\"async\" src=\"https:\/\/news.canadamotorjobs.com\/wp-content\/uploads\/2025\/01\/jeep_avenger_bev_6-1.jpeg\" alt=\"Le Jeep Avenger (Europe), avant\" \/><figcaption>Le Jeep Avenger (Europe), avant | Auto123.com<\/figcaption><\/figure>\n<figure><img decoding=\"async\" src=\"https:\/\/news.canadamotorjobs.com\/wp-content\/uploads\/2025\/01\/jeep_avenger_bev-1.jpeg\" alt=\"Le Jeep Avenger (Europe), trois quarts avant\" \/><figcaption>Le Jeep Avenger (Europe), trois quarts avant | Auto123.com<\/figcaption><\/figure>\n<p>Le VUS sous-compact pourrait \u00e9galement se retrouver en concurrence interne avec le mod\u00e8le \u00e9lectrique que Jeep veut proposer \u00e0 25 000 $ US, le Renegade. Bob Broderdorf comprend que si un Avenger \u00e9tait ajout\u00e9 \u00e0 la gamme, il faudrait qu\u2019il soit positionn\u00e9 pour \u00eatre compl\u00e9mentaire et non concurrentiel au Renegade tout \u00e9lectrique, \u00ab afin que les deux v\u00e9hicules coexistent dans notre gamme. \u00bb<\/p>\n<p>L\u2019Avenger nous avait \u00e9t\u00e9 pr\u00e9sent\u00e9 comme un mod\u00e8le tout \u00e9lectrique, mais il est aujourd\u2019hui propos\u00e9 ailleurs avec trois solutions m\u00e9caniques ; un mod\u00e8le \u00e0 essence, une variante hybride, ainsi que la d\u00e9clinaison \u00e9lectrique.<\/p>\n<p>Jeep \u00e9tudie donc la chose, mais rien n\u2019est certain concernant l\u2019Avenger. La marque se concentre pr\u00e9sentement sur la prochaine g\u00e9n\u00e9ration de ses mod\u00e8les Compass et Cherokee, en plus du Renegade qui va changer de vocation.<\/p>\n<p>Chose certaine, la famille de produits Jeep va changer au cours des prochains mois et des prochaines ann\u00e9es. Le statu quo n\u2019est plus viable.<\/p>\n<p><\/p>\n<p style=\"padding-top: 15px\">Contenu original de <a href=\"https:\/\/www.auto123.com\/fr\/actualites\/jeep-avenger-amerique-du-nord\/72318\/\">auto123<\/a>.<\/p>\n<p>Le texte <a rel=\"nofollow\" href=\"https:\/\/annuelauto.ca\/le-jeep-avenger-pourrait-il-venir-en-amerique-du-nord%e2%80%89\/\">Le Jeep Avenger pourrait-il venir en Am\u00e9rique du Nord\u2009?<\/a> provient de <a rel=\"nofollow\" href=\"https:\/\/annuelauto.ca\">L&#8217;annuel de l&#8217;automobile &#8211; Actualit\u00e9 automobile<\/a><\/p>\n<p><\/p>\n","protected":false},"excerpt":{"rendered":"<p>\u00c0 l\u2019\u00e9t\u00e9 2021, Jeep y allait d\u2019une pr\u00e9sentation en ligne (nous \u00e9tions toujours en pleine Covid-19) o\u00f9 trois futurs VUS \u00e9lectriques nous avaient \u00e9t\u00e9 montr\u00e9s ; le Recon, le Wagoneer S, ainsi que l\u2019Avenger. Le deuxi\u00e8me est arriv\u00e9 et le premier est en route. Dans le cas du troisi\u00e8me, l\u2019Avenger, on nous avait expliqu\u00e9 qu\u2019il [&hellip;]<\/p>\n","protected":false},"author":8,"featured_media":190673,"comment_status":"close","ping_status":"closed","sticky":false,"template":"","format":"standard","meta":{"_monsterinsights_skip_tracking":false,"_monsterinsights_sitenote_active":false,"_monsterinsights_sitenote_note":"","_monsterinsights_sitenote_category":0,"footnotes":""},"categories":[101],"tags":[],"yoast_head":"<!-- This site is optimized with the Yoast SEO plugin v23.2 - https:\/\/yoast.com\/wordpress\/plugins\/seo\/ -->\n<title>Le Jeep Avenger pourrait-il venir en Am\u00e9rique du Nord\u2009? - CanadaMotorJobs.com<\/title>\n<meta name=\"description\" content=\"Le Jeep Avenger pourrait-il venir en Am\u00e9rique du Nord\u2009? - Benoit Charette - Annuel automobile - CanadaMotorJobs.com.\" \/>\n<meta name=\"robots\" content=\"index, follow, max-snippet:-1, max-image-preview:large, max-video-preview:-1\" \/>\n<meta property=\"og:locale\" content=\"fr_CA\" \/>\n<meta property=\"og:type\" content=\"article\" \/>\n<meta property=\"og:title\" content=\"Le Jeep Avenger pourrait-il venir en Am\u00e9rique du Nord\u2009? - CanadaMotorJobs.com\" \/>\n<meta property=\"og:description\" content=\"Le Jeep Avenger pourrait-il venir en Am\u00e9rique du Nord\u2009? - Benoit Charette - Annuel automobile - CanadaMotorJobs.com.\" \/>\n<meta property=\"og:url\" content=\"https:\/\/news.canadamotorjobs.com\/fr\/le-jeep-avenger-pourrait-il-venir-en-amerique-du-nord\/\" \/>\n<meta property=\"og:site_name\" content=\"CanadaMotorJobs.com\" \/>\n<meta property=\"article:publisher\" content=\"https:\/\/www.facebook.com\/canadamotorjobs\/\" \/>\n<meta property=\"article:published_time\" content=\"2025-01-24T19:24:30+00:00\" \/>\n<meta property=\"article:modified_time\" content=\"2025-01-24T19:29:24+00:00\" \/>\n<meta property=\"og:image\" content=\"https:\/\/news.canadamotorjobs.com\/wp-content\/uploads\/2025\/01\/jeep_avenger_bev_9.jpeg\" \/>\n\t<meta property=\"og:image:width\" content=\"1200\" \/>\n\t<meta property=\"og:image:height\" content=\"801\" \/>\n\t<meta property=\"og:image:type\" content=\"image\/jpeg\" \/>\n<meta name=\"author\" content=\"Benoit Charette\" \/>\n<meta name=\"twitter:card\" content=\"summary_large_image\" \/>\n<meta name=\"twitter:creator\" content=\"@canadamotorjobs\" \/>\n<meta name=\"twitter:site\" content=\"@canadamotorjobs\" \/>\n<meta name=\"twitter:label1\" content=\"\u00c9crit par\" \/>\n\t<meta name=\"twitter:data1\" content=\"Benoit Charette\" \/>\n\t<meta name=\"twitter:label2\" content=\"Estimation du temps de lecture\" \/>\n\t<meta name=\"twitter:data2\" content=\"3 minutes\" \/>\n<!-- \/ Yoast SEO plugin. -->","yoast_head_json":{"title":"Le Jeep Avenger pourrait-il venir en Am\u00e9rique du Nord\u2009? - CanadaMotorJobs.com","description":"Le Jeep Avenger pourrait-il venir en Am\u00e9rique du Nord\u2009? - Benoit Charette - Annuel automobile - CanadaMotorJobs.com.","robots":{"index":"index","follow":"follow","max-snippet":"max-snippet:-1","max-image-preview":"max-image-preview:large","max-video-preview":"max-video-preview:-1"},"og_locale":"fr_CA","og_type":"article","og_title":"Le Jeep Avenger pourrait-il venir en Am\u00e9rique du Nord\u2009? - CanadaMotorJobs.com","og_description":"Le Jeep Avenger pourrait-il venir en Am\u00e9rique du Nord\u2009? - Benoit Charette - Annuel automobile - CanadaMotorJobs.com.","og_url":"https:\/\/news.canadamotorjobs.com\/fr\/le-jeep-avenger-pourrait-il-venir-en-amerique-du-nord\/","og_site_name":"CanadaMotorJobs.com","article_publisher":"https:\/\/www.facebook.com\/canadamotorjobs\/","article_published_time":"2025-01-24T19:24:30+00:00","article_modified_time":"2025-01-24T19:29:24+00:00","og_image":[{"width":1200,"height":801,"url":"https:\/\/news.canadamotorjobs.com\/wp-content\/uploads\/2025\/01\/jeep_avenger_bev_9.jpeg","type":"image\/jpeg"}],"author":"Benoit Charette","twitter_card":"summary_large_image","twitter_creator":"@canadamotorjobs","twitter_site":"@canadamotorjobs","twitter_misc":{"\u00c9crit par":"Benoit Charette","Estimation du temps de lecture":"3 minutes"},"schema":{"@context":"https:\/\/schema.org","@graph":[{"@type":"Article","@id":"https:\/\/news.canadamotorjobs.com\/fr\/le-jeep-avenger-pourrait-il-venir-en-amerique-du-nord\/#article","isPartOf":{"@id":"https:\/\/news.canadamotorjobs.com\/fr\/le-jeep-avenger-pourrait-il-venir-en-amerique-du-nord\/"},"author":{"name":"Benoit Charette","@id":"https:\/\/news.canadamotorjobs.com\/#\/schema\/person\/51793d1f87d44011d7bcc2ed99269a90"},"headline":"Le Jeep Avenger pourrait-il venir en Am\u00e9rique du Nord\u2009?","datePublished":"2025-01-24T19:24:30+00:00","dateModified":"2025-01-24T19:29:24+00:00","mainEntityOfPage":{"@id":"https:\/\/news.canadamotorjobs.com\/fr\/le-jeep-avenger-pourrait-il-venir-en-amerique-du-nord\/"},"wordCount":646,"publisher":{"@id":"https:\/\/news.canadamotorjobs.com\/#organization"},"image":{"@id":"https:\/\/news.canadamotorjobs.com\/fr\/le-jeep-avenger-pourrait-il-venir-en-amerique-du-nord\/#primaryimage"},"thumbnailUrl":"https:\/\/news.canadamotorjobs.com\/wp-content\/uploads\/2025\/01\/jeep_avenger_bev_9.jpeg","articleSection":["Annuel automobile"],"inLanguage":"fr-CA"},{"@type":"WebPage","@id":"https:\/\/news.canadamotorjobs.com\/fr\/le-jeep-avenger-pourrait-il-venir-en-amerique-du-nord\/","url":"https:\/\/news.canadamotorjobs.com\/fr\/le-jeep-avenger-pourrait-il-venir-en-amerique-du-nord\/","name":"Le Jeep Avenger pourrait-il venir en Am\u00e9rique du Nord\u2009? - CanadaMotorJobs.com","isPartOf":{"@id":"https:\/\/news.canadamotorjobs.com\/#website"},"primaryImageOfPage":{"@id":"https:\/\/news.canadamotorjobs.com\/fr\/le-jeep-avenger-pourrait-il-venir-en-amerique-du-nord\/#primaryimage"},"image":{"@id":"https:\/\/news.canadamotorjobs.com\/fr\/le-jeep-avenger-pourrait-il-venir-en-amerique-du-nord\/#primaryimage"},"thumbnailUrl":"https:\/\/news.canadamotorjobs.com\/wp-content\/uploads\/2025\/01\/jeep_avenger_bev_9.jpeg","datePublished":"2025-01-24T19:24:30+00:00","dateModified":"2025-01-24T19:29:24+00:00","description":"Le Jeep Avenger pourrait-il venir en Am\u00e9rique du Nord\u2009? - Benoit Charette - Annuel automobile - CanadaMotorJobs.com.","breadcrumb":{"@id":"https:\/\/news.canadamotorjobs.com\/fr\/le-jeep-avenger-pourrait-il-venir-en-amerique-du-nord\/#breadcrumb"},"inLanguage":"fr-CA","potentialAction":[{"@type":"ReadAction","target":["https:\/\/news.canadamotorjobs.com\/fr\/le-jeep-avenger-pourrait-il-venir-en-amerique-du-nord\/"]}]},{"@type":"ImageObject","inLanguage":"fr-CA","@id":"https:\/\/news.canadamotorjobs.com\/fr\/le-jeep-avenger-pourrait-il-venir-en-amerique-du-nord\/#primaryimage","url":"https:\/\/news.canadamotorjobs.com\/wp-content\/uploads\/2025\/01\/jeep_avenger_bev_9.jpeg","contentUrl":"https:\/\/news.canadamotorjobs.com\/wp-content\/uploads\/2025\/01\/jeep_avenger_bev_9.jpeg","width":1200,"height":801},{"@type":"BreadcrumbList","@id":"https:\/\/news.canadamotorjobs.com\/fr\/le-jeep-avenger-pourrait-il-venir-en-amerique-du-nord\/#breadcrumb","itemListElement":[{"@type":"ListItem","position":1,"name":"Home","item":"https:\/\/news.canadamotorjobs.com\/fr\/blog\/"},{"@type":"ListItem","position":2,"name":"Le Jeep Avenger pourrait-il venir en Am\u00e9rique du Nord\u2009?"}]},{"@type":"WebSite","@id":"https:\/\/news.canadamotorjobs.com\/#website","url":"https:\/\/news.canadamotorjobs.com\/","name":"CanadaMotorJobs.com","description":"Automotive Jobs","publisher":{"@id":"https:\/\/news.canadamotorjobs.com\/#organization"},"potentialAction":[{"@type":"SearchAction","target":{"@type":"EntryPoint","urlTemplate":"https:\/\/news.canadamotorjobs.com\/?s={search_term_string}"},"query-input":"required name=search_term_string"}],"inLanguage":"fr-CA"},{"@type":"Organization","@id":"https:\/\/news.canadamotorjobs.com\/#organization","name":"Canada Motor Jobs","url":"https:\/\/news.canadamotorjobs.com\/","logo":{"@type":"ImageObject","inLanguage":"fr-CA","@id":"https:\/\/news.canadamotorjobs.com\/#\/schema\/logo\/image\/","url":"https:\/\/news.canadamotorjobs.com\/wp-content\/uploads\/2022\/10\/logo-canada-motor-jobs-1.png","contentUrl":"https:\/\/news.canadamotorjobs.com\/wp-content\/uploads\/2022\/10\/logo-canada-motor-jobs-1.png","width":800,"height":400,"caption":"Canada Motor Jobs"},"image":{"@id":"https:\/\/news.canadamotorjobs.com\/#\/schema\/logo\/image\/"},"sameAs":["https:\/\/www.facebook.com\/canadamotorjobs\/","https:\/\/x.com\/canadamotorjobs","https:\/\/www.instagram.com\/canadamotorjobs\/","https:\/\/www.linkedin.com\/company\/canadamotorjobs"]},{"@type":"Person","@id":"https:\/\/news.canadamotorjobs.com\/#\/schema\/person\/51793d1f87d44011d7bcc2ed99269a90","name":"Benoit Charette","image":{"@type":"ImageObject","inLanguage":"fr-CA","@id":"https:\/\/news.canadamotorjobs.com\/#\/schema\/person\/image\/","url":"https:\/\/secure.gravatar.com\/avatar\/45f3d2eebcccd909668d7ce7ea7267b6?s=96&d=mm&r=g","contentUrl":"https:\/\/secure.gravatar.com\/avatar\/45f3d2eebcccd909668d7ce7ea7267b6?s=96&d=mm&r=g","caption":"Benoit Charette"},"description":"Benoit Charette \/ Propri\u00e9taire et r\u00e9dacteur en chef Benoit Charette pratique le journalisme automobile depuis bient\u00f4t 30 ans. Il a fait ses classes au c\u00f4t\u00e9 de Daniel H\u00e9raud et au Carnet de route de 1992 \u00e0 2001. Il est fondateur, copropri\u00e9taire et r\u00e9dacteur en chef de L\u2019Annuel de l\u2019automobile, qu\u2019il publie depuis 2001. Il a anim\u00e9 les \u00e9missions RPM et RPM+ sur V et les L\u00e9gendes de la route sur Historia. \u00c0 la radio depuis 1986, il reprend l\u2019antenne cette ann\u00e9e sur les ondes de Cogeco et participe pour la deuxi\u00e8me ann\u00e9e \u00e0 l\u2019\u00e9mission Passion Auto sur RDS en plus de mettre en ligne le site Web officiel de L\u2019Annuel de l\u2019automobile sur annuelauto.ca.","sameAs":["https:\/\/annuelauto.ca\/"],"url":"https:\/\/news.canadamotorjobs.com\/fr\/author\/benoit-charette\/"}]}},"_links":{"self":[{"href":"https:\/\/news.canadamotorjobs.com\/fr\/wp-json\/wp\/v2\/posts\/190671"}],"collection":[{"href":"https:\/\/news.canadamotorjobs.com\/fr\/wp-json\/wp\/v2\/posts"}],"about":[{"href":"https:\/\/news.canadamotorjobs.com\/fr\/wp-json\/wp\/v2\/types\/post"}],"author":[{"embeddable":true,"href":"https:\/\/news.canadamotorjobs.com\/fr\/wp-json\/wp\/v2\/users\/8"}],"replies":[{"embeddable":true,"href":"https:\/\/news.canadamotorjobs.com\/fr\/wp-json\/wp\/v2\/comments?post=190671"}],"version-history":[{"count":3,"href":"https:\/\/news.canadamotorjobs.com\/fr\/wp-json\/wp\/v2\/posts\/190671\/revisions"}],"predecessor-version":[{"id":190706,"href":"https:\/\/news.canadamotorjobs.com\/fr\/wp-json\/wp\/v2\/posts\/190671\/revisions\/190706"}],"wp:featuredmedia":[{"embeddable":true,"href":"https:\/\/news.canadamotorjobs.com\/fr\/wp-json\/wp\/v2\/media\/190673"}],"wp:attachment":[{"href":"https:\/\/news.canadamotorjobs.com\/fr\/wp-json\/wp\/v2\/media?parent=190671"}],"wp:term":[{"taxonomy":"category","embeddable":true,"href":"https:\/\/news.canadamotorjobs.com\/fr\/wp-json\/wp\/v2\/categories?post=190671"},{"taxonomy":"post_tag","embeddable":true,"href":"https:\/\/news.canadamotorjobs.com\/fr\/wp-json\/wp\/v2\/tags?post=190671"}],"curies":[{"name":"wp","href":"https:\/\/api.w.org\/{rel}","templated":true}]}}