{"id":190643,"date":"2025-01-24T14:24:31","date_gmt":"2025-01-24T19:24:31","guid":{"rendered":"https:\/\/news.canadamotorjobs.com\/?p=190643"},"modified":"2025-01-24T14:29:05","modified_gmt":"2025-01-24T19:29:05","slug":"un-rappel-massif-de-vehicules-ford-pour-un-probleme-de-batterie","status":"publish","type":"post","link":"https:\/\/news.canadamotorjobs.com\/fr\/un-rappel-massif-de-vehicules-ford-pour-un-probleme-de-batterie\/","title":{"rendered":"Un rappel massif de v\u00e9hicules Ford pour un probl\u00e8me de batterie"},"content":{"rendered":"<\/p>\n<p>La NHTSA (National Highway Traffic Safety Administration) am\u00e9ricaine, l\u2019\u00e9quivalent de Transports Canada, a annonc\u00e9 que Ford proc\u00e9dait au rappel de 272 817 v\u00e9hicules aux \u00c9tats-Unis en raison d\u2019un probl\u00e8me de d\u00e9faillance de la batterie de 12 volts. Les mod\u00e8les concern\u00e9s incluent les Bronco Sport des 2021 \u00e0 2023 et les Maverick des mill\u00e9simes 2022 et 2023.<\/p>\n<p>Selon la NHTSA, la batterie en question pourrait se d\u00e9grader de mani\u00e8re impr\u00e9visible, entra\u00eenant des cons\u00e9quences graves telles que :<\/p>\n<ul><\/p>\n<li>\u2022\u00a0\u00a0\u00a0 Une perte du fonctionnement des accessoires \u00e9lectriques, y compris les feux de d\u00e9tresse.<\/li>\n<p><\/p>\n<li>\u2022\u00a0\u00a0\u00a0 Une perte de puissance motrice, ce qui a pour effet d\u2019augmenter le risque d\u2019accident.<\/li>\n<p>\n<\/ul>\n<p><strong>Inspection et remplacement gratuit<\/strong><\/p>\n<p>Ford a indiqu\u00e9 que les concessionnaires proc\u00e9deront \u00e0 une inspection de la batterie et, si n\u00e9cessaire, \u00e0 son remplacement, sans frais pour les propri\u00e9taires. Cette mesure vise \u00e0 pr\u00e9venir tout incident li\u00e9 \u00e0 cette d\u00e9faillance potentielle.<\/p>\n<p><strong>Un rappel pour garantir la s\u00e9curit\u00e9<\/strong><\/p>\n<p>Ce rappel souligne l\u2019importance pour les constructeurs de surveiller les syst\u00e8mes \u00e9lectriques de leurs v\u00e9hicules. Les propri\u00e9taires concern\u00e9s seront contact\u00e9s directement par Ford pour organiser les r\u00e9parations n\u00e9cessaires.<\/p>\n<p>Ce m\u00eame rappel devrait bient\u00f4t \u00eatre en vigueur au Canada.<\/p>\n<p><\/p>\n<figure><img decoding=\"async\" src=\"https:\/\/news.canadamotorjobs.com\/wp-content\/uploads\/2025\/01\/Ford_Maverick_2022_Lariat_2a-5.jpg\" alt=\"Ford Maverick 2022\" \/><figcaption>Ford Maverick 2022 | Auto123.com<\/figcaption><\/figure>\n<p style=\"padding-top: 15px\">Contenu original de <a href=\"https:\/\/www.auto123.com\/fr\/actualites\/rappel-ford-batterie-bronco-sport-maverick\/72317\/\">auto123<\/a>.<\/p>\n<p>Le texte <a rel=\"nofollow\" href=\"https:\/\/annuelauto.ca\/un-rappel-massif-de-vehicules-ford-pour-un-probleme-de-batterie\/\">Un rappel massif de v\u00e9hicules Ford pour un probl\u00e8me de batterie<\/a> provient de <a rel=\"nofollow\" href=\"https:\/\/annuelauto.ca\">L&#8217;annuel de l&#8217;automobile &#8211; Actualit\u00e9 automobile<\/a><\/p>\n<p><\/p>\n","protected":false},"excerpt":{"rendered":"<p>La NHTSA (National Highway Traffic Safety Administration) am\u00e9ricaine, l\u2019\u00e9quivalent de Transports Canada, a annonc\u00e9 que Ford proc\u00e9dait au rappel de 272 817 v\u00e9hicules aux \u00c9tats-Unis en raison d\u2019un probl\u00e8me de d\u00e9faillance de la batterie de 12 volts. Les mod\u00e8les concern\u00e9s incluent les Bronco Sport des 2021 \u00e0 2023 et les Maverick des mill\u00e9simes 2022 et [&hellip;]<\/p>\n","protected":false},"author":8,"featured_media":190645,"comment_status":"close","ping_status":"closed","sticky":false,"template":"","format":"standard","meta":{"_monsterinsights_skip_tracking":false,"_monsterinsights_sitenote_active":false,"_monsterinsights_sitenote_note":"","_monsterinsights_sitenote_category":0,"footnotes":""},"categories":[101],"tags":[],"yoast_head":"<!-- This site is optimized with the Yoast SEO plugin v23.2 - https:\/\/yoast.com\/wordpress\/plugins\/seo\/ -->\n<title>Un rappel massif de v\u00e9hicules Ford pour un probl\u00e8me de batterie - CanadaMotorJobs.com<\/title>\n<meta name=\"description\" content=\"Un rappel massif de v\u00e9hicules Ford pour un probl\u00e8me de batterie - Benoit Charette - Annuel automobile - CanadaMotorJobs.com.\" \/>\n<meta name=\"robots\" content=\"index, follow, max-snippet:-1, max-image-preview:large, max-video-preview:-1\" \/>\n<meta property=\"og:locale\" content=\"fr_CA\" \/>\n<meta property=\"og:type\" content=\"article\" \/>\n<meta property=\"og:title\" content=\"Un rappel massif de v\u00e9hicules Ford pour un probl\u00e8me de batterie - CanadaMotorJobs.com\" \/>\n<meta property=\"og:description\" content=\"Un rappel massif de v\u00e9hicules Ford pour un probl\u00e8me de batterie - Benoit Charette - Annuel automobile - CanadaMotorJobs.com.\" \/>\n<meta property=\"og:url\" content=\"https:\/\/news.canadamotorjobs.com\/fr\/un-rappel-massif-de-vehicules-ford-pour-un-probleme-de-batterie\/\" \/>\n<meta property=\"og:site_name\" content=\"CanadaMotorJobs.com\" \/>\n<meta property=\"article:publisher\" content=\"https:\/\/www.facebook.com\/canadamotorjobs\/\" \/>\n<meta property=\"article:published_time\" content=\"2025-01-24T19:24:31+00:00\" \/>\n<meta property=\"article:modified_time\" content=\"2025-01-24T19:29:05+00:00\" \/>\n<meta property=\"og:image\" content=\"https:\/\/news.canadamotorjobs.com\/wp-content\/uploads\/2025\/01\/Ford_Maverick_2022_Lariat_2a.jpg\" \/>\n\t<meta property=\"og:image:width\" content=\"1200\" \/>\n\t<meta property=\"og:image:height\" content=\"792\" \/>\n\t<meta property=\"og:image:type\" content=\"image\/jpeg\" \/>\n<meta name=\"author\" content=\"Benoit Charette\" \/>\n<meta name=\"twitter:card\" content=\"summary_large_image\" \/>\n<meta name=\"twitter:creator\" content=\"@canadamotorjobs\" \/>\n<meta name=\"twitter:site\" content=\"@canadamotorjobs\" \/>\n<meta name=\"twitter:label1\" content=\"\u00c9crit par\" \/>\n\t<meta name=\"twitter:data1\" content=\"Benoit Charette\" \/>\n\t<meta name=\"twitter:label2\" content=\"Estimation du temps de lecture\" \/>\n\t<meta name=\"twitter:data2\" content=\"1 minute\" \/>\n<!-- \/ Yoast SEO plugin. -->","yoast_head_json":{"title":"Un rappel massif de v\u00e9hicules Ford pour un probl\u00e8me de batterie - CanadaMotorJobs.com","description":"Un rappel massif de v\u00e9hicules Ford pour un probl\u00e8me de batterie - Benoit Charette - Annuel automobile - CanadaMotorJobs.com.","robots":{"index":"index","follow":"follow","max-snippet":"max-snippet:-1","max-image-preview":"max-image-preview:large","max-video-preview":"max-video-preview:-1"},"og_locale":"fr_CA","og_type":"article","og_title":"Un rappel massif de v\u00e9hicules Ford pour un probl\u00e8me de batterie - CanadaMotorJobs.com","og_description":"Un rappel massif de v\u00e9hicules Ford pour un probl\u00e8me de batterie - Benoit Charette - Annuel automobile - CanadaMotorJobs.com.","og_url":"https:\/\/news.canadamotorjobs.com\/fr\/un-rappel-massif-de-vehicules-ford-pour-un-probleme-de-batterie\/","og_site_name":"CanadaMotorJobs.com","article_publisher":"https:\/\/www.facebook.com\/canadamotorjobs\/","article_published_time":"2025-01-24T19:24:31+00:00","article_modified_time":"2025-01-24T19:29:05+00:00","og_image":[{"width":1200,"height":792,"url":"https:\/\/news.canadamotorjobs.com\/wp-content\/uploads\/2025\/01\/Ford_Maverick_2022_Lariat_2a.jpg","type":"image\/jpeg"}],"author":"Benoit Charette","twitter_card":"summary_large_image","twitter_creator":"@canadamotorjobs","twitter_site":"@canadamotorjobs","twitter_misc":{"\u00c9crit par":"Benoit Charette","Estimation du temps de lecture":"1 minute"},"schema":{"@context":"https:\/\/schema.org","@graph":[{"@type":"Article","@id":"https:\/\/news.canadamotorjobs.com\/fr\/un-rappel-massif-de-vehicules-ford-pour-un-probleme-de-batterie\/#article","isPartOf":{"@id":"https:\/\/news.canadamotorjobs.com\/fr\/un-rappel-massif-de-vehicules-ford-pour-un-probleme-de-batterie\/"},"author":{"name":"Benoit Charette","@id":"https:\/\/news.canadamotorjobs.com\/#\/schema\/person\/51793d1f87d44011d7bcc2ed99269a90"},"headline":"Un rappel massif de v\u00e9hicules Ford pour un probl\u00e8me de batterie","datePublished":"2025-01-24T19:24:31+00:00","dateModified":"2025-01-24T19:29:05+00:00","mainEntityOfPage":{"@id":"https:\/\/news.canadamotorjobs.com\/fr\/un-rappel-massif-de-vehicules-ford-pour-un-probleme-de-batterie\/"},"wordCount":254,"publisher":{"@id":"https:\/\/news.canadamotorjobs.com\/#organization"},"image":{"@id":"https:\/\/news.canadamotorjobs.com\/fr\/un-rappel-massif-de-vehicules-ford-pour-un-probleme-de-batterie\/#primaryimage"},"thumbnailUrl":"https:\/\/news.canadamotorjobs.com\/wp-content\/uploads\/2025\/01\/Ford_Maverick_2022_Lariat_2a.jpg","articleSection":["Annuel automobile"],"inLanguage":"fr-CA"},{"@type":"WebPage","@id":"https:\/\/news.canadamotorjobs.com\/fr\/un-rappel-massif-de-vehicules-ford-pour-un-probleme-de-batterie\/","url":"https:\/\/news.canadamotorjobs.com\/fr\/un-rappel-massif-de-vehicules-ford-pour-un-probleme-de-batterie\/","name":"Un rappel massif de v\u00e9hicules Ford pour un probl\u00e8me de batterie - CanadaMotorJobs.com","isPartOf":{"@id":"https:\/\/news.canadamotorjobs.com\/#website"},"primaryImageOfPage":{"@id":"https:\/\/news.canadamotorjobs.com\/fr\/un-rappel-massif-de-vehicules-ford-pour-un-probleme-de-batterie\/#primaryimage"},"image":{"@id":"https:\/\/news.canadamotorjobs.com\/fr\/un-rappel-massif-de-vehicules-ford-pour-un-probleme-de-batterie\/#primaryimage"},"thumbnailUrl":"https:\/\/news.canadamotorjobs.com\/wp-content\/uploads\/2025\/01\/Ford_Maverick_2022_Lariat_2a.jpg","datePublished":"2025-01-24T19:24:31+00:00","dateModified":"2025-01-24T19:29:05+00:00","description":"Un rappel massif de v\u00e9hicules Ford pour un probl\u00e8me de batterie - Benoit Charette - Annuel automobile - CanadaMotorJobs.com.","breadcrumb":{"@id":"https:\/\/news.canadamotorjobs.com\/fr\/un-rappel-massif-de-vehicules-ford-pour-un-probleme-de-batterie\/#breadcrumb"},"inLanguage":"fr-CA","potentialAction":[{"@type":"ReadAction","target":["https:\/\/news.canadamotorjobs.com\/fr\/un-rappel-massif-de-vehicules-ford-pour-un-probleme-de-batterie\/"]}]},{"@type":"ImageObject","inLanguage":"fr-CA","@id":"https:\/\/news.canadamotorjobs.com\/fr\/un-rappel-massif-de-vehicules-ford-pour-un-probleme-de-batterie\/#primaryimage","url":"https:\/\/news.canadamotorjobs.com\/wp-content\/uploads\/2025\/01\/Ford_Maverick_2022_Lariat_2a.jpg","contentUrl":"https:\/\/news.canadamotorjobs.com\/wp-content\/uploads\/2025\/01\/Ford_Maverick_2022_Lariat_2a.jpg","width":1200,"height":792},{"@type":"BreadcrumbList","@id":"https:\/\/news.canadamotorjobs.com\/fr\/un-rappel-massif-de-vehicules-ford-pour-un-probleme-de-batterie\/#breadcrumb","itemListElement":[{"@type":"ListItem","position":1,"name":"Home","item":"https:\/\/news.canadamotorjobs.com\/fr\/blog\/"},{"@type":"ListItem","position":2,"name":"Un rappel massif de v\u00e9hicules Ford pour un probl\u00e8me de batterie"}]},{"@type":"WebSite","@id":"https:\/\/news.canadamotorjobs.com\/#website","url":"https:\/\/news.canadamotorjobs.com\/","name":"CanadaMotorJobs.com","description":"Automotive Jobs","publisher":{"@id":"https:\/\/news.canadamotorjobs.com\/#organization"},"potentialAction":[{"@type":"SearchAction","target":{"@type":"EntryPoint","urlTemplate":"https:\/\/news.canadamotorjobs.com\/?s={search_term_string}"},"query-input":"required name=search_term_string"}],"inLanguage":"fr-CA"},{"@type":"Organization","@id":"https:\/\/news.canadamotorjobs.com\/#organization","name":"Canada Motor Jobs","url":"https:\/\/news.canadamotorjobs.com\/","logo":{"@type":"ImageObject","inLanguage":"fr-CA","@id":"https:\/\/news.canadamotorjobs.com\/#\/schema\/logo\/image\/","url":"https:\/\/news.canadamotorjobs.com\/wp-content\/uploads\/2022\/10\/logo-canada-motor-jobs-1.png","contentUrl":"https:\/\/news.canadamotorjobs.com\/wp-content\/uploads\/2022\/10\/logo-canada-motor-jobs-1.png","width":800,"height":400,"caption":"Canada Motor Jobs"},"image":{"@id":"https:\/\/news.canadamotorjobs.com\/#\/schema\/logo\/image\/"},"sameAs":["https:\/\/www.facebook.com\/canadamotorjobs\/","https:\/\/x.com\/canadamotorjobs","https:\/\/www.instagram.com\/canadamotorjobs\/","https:\/\/www.linkedin.com\/company\/canadamotorjobs"]},{"@type":"Person","@id":"https:\/\/news.canadamotorjobs.com\/#\/schema\/person\/51793d1f87d44011d7bcc2ed99269a90","name":"Benoit Charette","image":{"@type":"ImageObject","inLanguage":"fr-CA","@id":"https:\/\/news.canadamotorjobs.com\/#\/schema\/person\/image\/","url":"https:\/\/secure.gravatar.com\/avatar\/45f3d2eebcccd909668d7ce7ea7267b6?s=96&d=mm&r=g","contentUrl":"https:\/\/secure.gravatar.com\/avatar\/45f3d2eebcccd909668d7ce7ea7267b6?s=96&d=mm&r=g","caption":"Benoit Charette"},"description":"Benoit Charette \/ Propri\u00e9taire et r\u00e9dacteur en chef Benoit Charette pratique le journalisme automobile depuis bient\u00f4t 30 ans. Il a fait ses classes au c\u00f4t\u00e9 de Daniel H\u00e9raud et au Carnet de route de 1992 \u00e0 2001. Il est fondateur, copropri\u00e9taire et r\u00e9dacteur en chef de L\u2019Annuel de l\u2019automobile, qu\u2019il publie depuis 2001. Il a anim\u00e9 les \u00e9missions RPM et RPM+ sur V et les L\u00e9gendes de la route sur Historia. \u00c0 la radio depuis 1986, il reprend l\u2019antenne cette ann\u00e9e sur les ondes de Cogeco et participe pour la deuxi\u00e8me ann\u00e9e \u00e0 l\u2019\u00e9mission Passion Auto sur RDS en plus de mettre en ligne le site Web officiel de L\u2019Annuel de l\u2019automobile sur annuelauto.ca.","sameAs":["https:\/\/annuelauto.ca\/"],"url":"https:\/\/news.canadamotorjobs.com\/fr\/author\/benoit-charette\/"}]}},"_links":{"self":[{"href":"https:\/\/news.canadamotorjobs.com\/fr\/wp-json\/wp\/v2\/posts\/190643"}],"collection":[{"href":"https:\/\/news.canadamotorjobs.com\/fr\/wp-json\/wp\/v2\/posts"}],"about":[{"href":"https:\/\/news.canadamotorjobs.com\/fr\/wp-json\/wp\/v2\/types\/post"}],"author":[{"embeddable":true,"href":"https:\/\/news.canadamotorjobs.com\/fr\/wp-json\/wp\/v2\/users\/8"}],"replies":[{"embeddable":true,"href":"https:\/\/news.canadamotorjobs.com\/fr\/wp-json\/wp\/v2\/comments?post=190643"}],"version-history":[{"count":3,"href":"https:\/\/news.canadamotorjobs.com\/fr\/wp-json\/wp\/v2\/posts\/190643\/revisions"}],"predecessor-version":[{"id":190670,"href":"https:\/\/news.canadamotorjobs.com\/fr\/wp-json\/wp\/v2\/posts\/190643\/revisions\/190670"}],"wp:featuredmedia":[{"embeddable":true,"href":"https:\/\/news.canadamotorjobs.com\/fr\/wp-json\/wp\/v2\/media\/190645"}],"wp:attachment":[{"href":"https:\/\/news.canadamotorjobs.com\/fr\/wp-json\/wp\/v2\/media?parent=190643"}],"wp:term":[{"taxonomy":"category","embeddable":true,"href":"https:\/\/news.canadamotorjobs.com\/fr\/wp-json\/wp\/v2\/categories?post=190643"},{"taxonomy":"post_tag","embeddable":true,"href":"https:\/\/news.canadamotorjobs.com\/fr\/wp-json\/wp\/v2\/tags?post=190643"}],"curies":[{"name":"wp","href":"https:\/\/api.w.org\/{rel}","templated":true}]}}