{"id":190574,"date":"2025-01-24T10:22:40","date_gmt":"2025-01-24T15:22:40","guid":{"rendered":"https:\/\/news.canadamotorjobs.com\/?p=190574"},"modified":"2025-01-24T10:29:01","modified_gmt":"2025-01-24T15:29:01","slug":"cadillac-lyriq-v-le-modele-le-plus-rapide-de-lhistoire-de-la-marque","status":"publish","type":"post","link":"https:\/\/news.canadamotorjobs.com\/fr\/cadillac-lyriq-v-le-modele-le-plus-rapide-de-lhistoire-de-la-marque\/","title":{"rendered":"Cadillac Lyriq-V : le mod\u00e8le le plus rapide de l\u2019histoire de la marque"},"content":{"rendered":"<\/p>\n<p>Le Cadillac Lyriq-V, tout premier mod\u00e8le 100 % \u00e9lectrique de la gamme V-Series, marque une nouvelle \u00e9tape pour la marque am\u00e9ricaine. Avec une configuration \u00e0 deux moteurs et une transmission int\u00e9grale, ce VUS de luxe d\u00e9veloppe <strong>615 chevaux<\/strong> et <strong>650 lb-pi de couple<\/strong>, faisant de lui le v\u00e9hicule de s\u00e9rie le plus rapide jamais produit par Cadillac.<\/p>\n<p>En mode performance &#8220;Velocity Max&#8221;, le Lyriq-V passe de <strong>0 \u00e0 100 km\/h en seulement 3,5 secondes<\/strong>, soit 0,1 seconde de mieux que la CT5-V Blackwing \u00e0 moteur thermique. La s\u00e9curit\u00e9 est \u00e9galement assur\u00e9e gr\u00e2ce \u00e0 des freins avant Brembo de 39 cm, capables de ralentir efficacement cette imposante machine de <strong>2 713 kg<\/strong>.<\/p>\n<h3>Une autonomie et une recharge \u00e0 la pointe<\/h3>\n<p>\nMalgr\u00e9 son poids, la batterie de <strong>102 kWh<\/strong> offre une autonomie estim\u00e9e \u00e0 <strong>459 km<\/strong>. Pour ceux qui voyagent loin, une recharge rapide en courant continu peut ajouter <strong>120 km d\u2019autonomie en seulement 10 minutes<\/strong>. Avec une borne de niveau 2 (240 V), le v\u00e9hicule gagne environ <strong>30 km d\u2019autonomie par heure de recharge<\/strong>.<\/p>\n<h3>Modes de conduite personnalisables<\/h3>\n<p>\nCadillac a int\u00e9gr\u00e9 trois modes de conduite pour exploiter au mieux les performances du Lyriq-V :<\/p>\n<ol><\/p>\n<li><strong>Competition Mode<\/strong> optimise la gestion de la traction pour une meilleure agilit\u00e9.<\/li>\n<p><\/p>\n<li><strong>V-Mode<\/strong> permet de personnaliser les r\u00e9glages de performance et de les activer via un bouton d\u00e9di\u00e9 au volant.<\/li>\n<p><\/p>\n<li><strong>Launch Control<\/strong>, disponible en modes Velocity Max et V-Mode, offre des acc\u00e9l\u00e9rations encore plus dynamiques.<\/li>\n<p>\n<\/ol>\n<p><\/p>\n<h3>Un design ext\u00e9rieur exclusif<\/h3>\n<p>\nLe Lyriq-V affiche un style unique avec des <strong>jantes sp\u00e9cifiques de 22 pouces<\/strong>, un bouclier avant redessin\u00e9, des bas de caisse modifi\u00e9s, un toit noir, et une peinture exclusive <strong>Magnus Metal Frost<\/strong>. Plusieurs badges V-Series viennent compl\u00e9ter le look, affirmant son caract\u00e8re sportif.<\/p>\n<h3>Un int\u00e9rieur entre luxe et sportivit\u00e9<\/h3>\n<p>\nDans l\u2019habitacle, Cadillac a m\u00e9lang\u00e9 le luxe et l\u2019esprit de la performance. Parmi les \u00e9l\u00e9ments marquants :<\/p>\n<ul><\/p>\n<li>Des plaques de seuil illumin\u00e9es V-Series.<\/li>\n<p><\/p>\n<li>Un volant avec le logo V-Series, un bouton d\u00e9di\u00e9 au mode V, des poign\u00e9es sculpt\u00e9es, et une palette Regen en aluminium.<\/li>\n<p><\/p>\n<li>Des si\u00e8ges en cuir Nappa avec broderie et motifs en V.<\/li>\n<p><\/p>\n<li>Des inserts d\u00e9coratifs en <strong>papierwood<\/strong> pour une touche \u00e9l\u00e9gante et unique.<\/li>\n<p>\n<\/ul>\n<p>\nL\u2019affichage t\u00eate haute en r\u00e9alit\u00e9 augment\u00e9e \u00e0 double plan ajoute une couche technologique suppl\u00e9mentaire, tandis que l\u2019\u00e9cran DEL incurv\u00e9 de <strong>33 pouces<\/strong> et le syst\u00e8me audio AKG Studio avec <strong>23 haut-parleurs Dolby Atmos<\/strong> garantissent une exp\u00e9rience immersive.<\/p>\n<h3>Prix et disponibilit\u00e9<\/h3>\n<p>\nLe Cadillac Lyriq-V sera propos\u00e9 \u00e0 un prix de d\u00e9part de <strong>79 900 $ USD<\/strong>, incluant les frais de destination. Avec ses proportions classiques, son design distinctif et ses performances \u00e9lectrifi\u00e9es, ce mod\u00e8le renforce la place de Cadillac dans le segment des v\u00e9hicules \u00e9lectriques de luxe.<\/p>\n<h3><\/h3>\n<p>\n\u00a0<\/p>\n<p>Le texte <a rel=\"nofollow\" href=\"https:\/\/annuelauto.ca\/cadillac-lyriq-v-plus-rapide-modele-electrique\/\">Cadillac Lyriq-V : le mod\u00e8le le plus rapide de l\u2019histoire de la marque<\/a> provient de <a rel=\"nofollow\" href=\"https:\/\/annuelauto.ca\">L&#8217;annuel de l&#8217;automobile &#8211; Actualit\u00e9 automobile<\/a><\/p>\n<p><\/p>\n","protected":false},"excerpt":{"rendered":"<p>Le Cadillac Lyriq-V, tout premier mod\u00e8le 100 % \u00e9lectrique de la gamme V-Series, marque une nouvelle \u00e9tape pour la marque am\u00e9ricaine. Avec une configuration \u00e0 deux moteurs et une transmission int\u00e9grale, ce VUS de luxe d\u00e9veloppe 615 chevaux et 650 lb-pi de couple, faisant de lui le v\u00e9hicule de s\u00e9rie le plus rapide jamais produit [&hellip;]<\/p>\n","protected":false},"author":8,"featured_media":190576,"comment_status":"close","ping_status":"closed","sticky":false,"template":"","format":"standard","meta":{"_monsterinsights_skip_tracking":false,"_monsterinsights_sitenote_active":false,"_monsterinsights_sitenote_note":"","_monsterinsights_sitenote_category":0,"footnotes":""},"categories":[101],"tags":[],"yoast_head":"<!-- This site is optimized with the Yoast SEO plugin v23.2 - https:\/\/yoast.com\/wordpress\/plugins\/seo\/ -->\n<title>Cadillac Lyriq-V : le mod\u00e8le le plus rapide de l\u2019histoire de la marque - CanadaMotorJobs.com<\/title>\n<meta name=\"description\" content=\"Cadillac Lyriq-V : le mod\u00e8le le plus rapide de l\u2019histoire de la marque - Benoit Charette - Annuel automobile - CanadaMotorJobs.com.\" \/>\n<meta name=\"robots\" content=\"index, follow, max-snippet:-1, max-image-preview:large, max-video-preview:-1\" \/>\n<meta property=\"og:locale\" content=\"fr_CA\" \/>\n<meta property=\"og:type\" content=\"article\" \/>\n<meta property=\"og:title\" content=\"Cadillac Lyriq-V : le mod\u00e8le le plus rapide de l\u2019histoire de la marque - CanadaMotorJobs.com\" \/>\n<meta property=\"og:description\" content=\"Cadillac Lyriq-V : le mod\u00e8le le plus rapide de l\u2019histoire de la marque - Benoit Charette - Annuel automobile - CanadaMotorJobs.com.\" \/>\n<meta property=\"og:url\" content=\"https:\/\/news.canadamotorjobs.com\/fr\/cadillac-lyriq-v-le-modele-le-plus-rapide-de-lhistoire-de-la-marque\/\" \/>\n<meta property=\"og:site_name\" content=\"CanadaMotorJobs.com\" \/>\n<meta property=\"article:publisher\" content=\"https:\/\/www.facebook.com\/canadamotorjobs\/\" \/>\n<meta property=\"article:published_time\" content=\"2025-01-24T15:22:40+00:00\" \/>\n<meta property=\"article:modified_time\" content=\"2025-01-24T15:29:01+00:00\" \/>\n<meta property=\"og:image\" content=\"https:\/\/news.canadamotorjobs.com\/wp-content\/uploads\/2025\/01\/Cadillac-LYRIQ-010.jpg\" \/>\n\t<meta property=\"og:image:width\" content=\"1440\" \/>\n\t<meta property=\"og:image:height\" content=\"944\" \/>\n\t<meta property=\"og:image:type\" content=\"image\/jpeg\" \/>\n<meta name=\"author\" content=\"Benoit Charette\" \/>\n<meta name=\"twitter:card\" content=\"summary_large_image\" \/>\n<meta name=\"twitter:creator\" content=\"@canadamotorjobs\" \/>\n<meta name=\"twitter:site\" content=\"@canadamotorjobs\" \/>\n<meta name=\"twitter:label1\" content=\"\u00c9crit par\" \/>\n\t<meta name=\"twitter:data1\" content=\"Benoit Charette\" \/>\n\t<meta name=\"twitter:label2\" content=\"Estimation du temps de lecture\" \/>\n\t<meta name=\"twitter:data2\" content=\"2 minutes\" \/>\n<!-- \/ Yoast SEO plugin. -->","yoast_head_json":{"title":"Cadillac Lyriq-V : le mod\u00e8le le plus rapide de l\u2019histoire de la marque - CanadaMotorJobs.com","description":"Cadillac Lyriq-V : le mod\u00e8le le plus rapide de l\u2019histoire de la marque - Benoit Charette - Annuel automobile - CanadaMotorJobs.com.","robots":{"index":"index","follow":"follow","max-snippet":"max-snippet:-1","max-image-preview":"max-image-preview:large","max-video-preview":"max-video-preview:-1"},"og_locale":"fr_CA","og_type":"article","og_title":"Cadillac Lyriq-V : le mod\u00e8le le plus rapide de l\u2019histoire de la marque - CanadaMotorJobs.com","og_description":"Cadillac Lyriq-V : le mod\u00e8le le plus rapide de l\u2019histoire de la marque - Benoit Charette - Annuel automobile - CanadaMotorJobs.com.","og_url":"https:\/\/news.canadamotorjobs.com\/fr\/cadillac-lyriq-v-le-modele-le-plus-rapide-de-lhistoire-de-la-marque\/","og_site_name":"CanadaMotorJobs.com","article_publisher":"https:\/\/www.facebook.com\/canadamotorjobs\/","article_published_time":"2025-01-24T15:22:40+00:00","article_modified_time":"2025-01-24T15:29:01+00:00","og_image":[{"width":1440,"height":944,"url":"https:\/\/news.canadamotorjobs.com\/wp-content\/uploads\/2025\/01\/Cadillac-LYRIQ-010.jpg","type":"image\/jpeg"}],"author":"Benoit Charette","twitter_card":"summary_large_image","twitter_creator":"@canadamotorjobs","twitter_site":"@canadamotorjobs","twitter_misc":{"\u00c9crit par":"Benoit Charette","Estimation du temps de lecture":"2 minutes"},"schema":{"@context":"https:\/\/schema.org","@graph":[{"@type":"Article","@id":"https:\/\/news.canadamotorjobs.com\/fr\/cadillac-lyriq-v-le-modele-le-plus-rapide-de-lhistoire-de-la-marque\/#article","isPartOf":{"@id":"https:\/\/news.canadamotorjobs.com\/fr\/cadillac-lyriq-v-le-modele-le-plus-rapide-de-lhistoire-de-la-marque\/"},"author":{"name":"Benoit Charette","@id":"https:\/\/news.canadamotorjobs.com\/#\/schema\/person\/51793d1f87d44011d7bcc2ed99269a90"},"headline":"Cadillac Lyriq-V : le mod\u00e8le le plus rapide de l\u2019histoire de la marque","datePublished":"2025-01-24T15:22:40+00:00","dateModified":"2025-01-24T15:29:01+00:00","mainEntityOfPage":{"@id":"https:\/\/news.canadamotorjobs.com\/fr\/cadillac-lyriq-v-le-modele-le-plus-rapide-de-lhistoire-de-la-marque\/"},"wordCount":498,"publisher":{"@id":"https:\/\/news.canadamotorjobs.com\/#organization"},"image":{"@id":"https:\/\/news.canadamotorjobs.com\/fr\/cadillac-lyriq-v-le-modele-le-plus-rapide-de-lhistoire-de-la-marque\/#primaryimage"},"thumbnailUrl":"https:\/\/news.canadamotorjobs.com\/wp-content\/uploads\/2025\/01\/Cadillac-LYRIQ-010.jpg","articleSection":["Annuel automobile"],"inLanguage":"fr-CA"},{"@type":"WebPage","@id":"https:\/\/news.canadamotorjobs.com\/fr\/cadillac-lyriq-v-le-modele-le-plus-rapide-de-lhistoire-de-la-marque\/","url":"https:\/\/news.canadamotorjobs.com\/fr\/cadillac-lyriq-v-le-modele-le-plus-rapide-de-lhistoire-de-la-marque\/","name":"Cadillac Lyriq-V : le mod\u00e8le le plus rapide de l\u2019histoire de la marque - CanadaMotorJobs.com","isPartOf":{"@id":"https:\/\/news.canadamotorjobs.com\/#website"},"primaryImageOfPage":{"@id":"https:\/\/news.canadamotorjobs.com\/fr\/cadillac-lyriq-v-le-modele-le-plus-rapide-de-lhistoire-de-la-marque\/#primaryimage"},"image":{"@id":"https:\/\/news.canadamotorjobs.com\/fr\/cadillac-lyriq-v-le-modele-le-plus-rapide-de-lhistoire-de-la-marque\/#primaryimage"},"thumbnailUrl":"https:\/\/news.canadamotorjobs.com\/wp-content\/uploads\/2025\/01\/Cadillac-LYRIQ-010.jpg","datePublished":"2025-01-24T15:22:40+00:00","dateModified":"2025-01-24T15:29:01+00:00","description":"Cadillac Lyriq-V : le mod\u00e8le le plus rapide de l\u2019histoire de la marque - Benoit Charette - Annuel automobile - CanadaMotorJobs.com.","breadcrumb":{"@id":"https:\/\/news.canadamotorjobs.com\/fr\/cadillac-lyriq-v-le-modele-le-plus-rapide-de-lhistoire-de-la-marque\/#breadcrumb"},"inLanguage":"fr-CA","potentialAction":[{"@type":"ReadAction","target":["https:\/\/news.canadamotorjobs.com\/fr\/cadillac-lyriq-v-le-modele-le-plus-rapide-de-lhistoire-de-la-marque\/"]}]},{"@type":"ImageObject","inLanguage":"fr-CA","@id":"https:\/\/news.canadamotorjobs.com\/fr\/cadillac-lyriq-v-le-modele-le-plus-rapide-de-lhistoire-de-la-marque\/#primaryimage","url":"https:\/\/news.canadamotorjobs.com\/wp-content\/uploads\/2025\/01\/Cadillac-LYRIQ-010.jpg","contentUrl":"https:\/\/news.canadamotorjobs.com\/wp-content\/uploads\/2025\/01\/Cadillac-LYRIQ-010.jpg","width":1440,"height":944},{"@type":"BreadcrumbList","@id":"https:\/\/news.canadamotorjobs.com\/fr\/cadillac-lyriq-v-le-modele-le-plus-rapide-de-lhistoire-de-la-marque\/#breadcrumb","itemListElement":[{"@type":"ListItem","position":1,"name":"Home","item":"https:\/\/news.canadamotorjobs.com\/fr\/blog\/"},{"@type":"ListItem","position":2,"name":"Cadillac Lyriq-V : le mod\u00e8le le plus rapide de l\u2019histoire de la marque"}]},{"@type":"WebSite","@id":"https:\/\/news.canadamotorjobs.com\/#website","url":"https:\/\/news.canadamotorjobs.com\/","name":"CanadaMotorJobs.com","description":"Automotive Jobs","publisher":{"@id":"https:\/\/news.canadamotorjobs.com\/#organization"},"potentialAction":[{"@type":"SearchAction","target":{"@type":"EntryPoint","urlTemplate":"https:\/\/news.canadamotorjobs.com\/?s={search_term_string}"},"query-input":"required name=search_term_string"}],"inLanguage":"fr-CA"},{"@type":"Organization","@id":"https:\/\/news.canadamotorjobs.com\/#organization","name":"Canada Motor Jobs","url":"https:\/\/news.canadamotorjobs.com\/","logo":{"@type":"ImageObject","inLanguage":"fr-CA","@id":"https:\/\/news.canadamotorjobs.com\/#\/schema\/logo\/image\/","url":"https:\/\/news.canadamotorjobs.com\/wp-content\/uploads\/2022\/10\/logo-canada-motor-jobs-1.png","contentUrl":"https:\/\/news.canadamotorjobs.com\/wp-content\/uploads\/2022\/10\/logo-canada-motor-jobs-1.png","width":800,"height":400,"caption":"Canada Motor Jobs"},"image":{"@id":"https:\/\/news.canadamotorjobs.com\/#\/schema\/logo\/image\/"},"sameAs":["https:\/\/www.facebook.com\/canadamotorjobs\/","https:\/\/x.com\/canadamotorjobs","https:\/\/www.instagram.com\/canadamotorjobs\/","https:\/\/www.linkedin.com\/company\/canadamotorjobs"]},{"@type":"Person","@id":"https:\/\/news.canadamotorjobs.com\/#\/schema\/person\/51793d1f87d44011d7bcc2ed99269a90","name":"Benoit Charette","image":{"@type":"ImageObject","inLanguage":"fr-CA","@id":"https:\/\/news.canadamotorjobs.com\/#\/schema\/person\/image\/","url":"https:\/\/secure.gravatar.com\/avatar\/45f3d2eebcccd909668d7ce7ea7267b6?s=96&d=mm&r=g","contentUrl":"https:\/\/secure.gravatar.com\/avatar\/45f3d2eebcccd909668d7ce7ea7267b6?s=96&d=mm&r=g","caption":"Benoit Charette"},"description":"Benoit Charette \/ Propri\u00e9taire et r\u00e9dacteur en chef Benoit Charette pratique le journalisme automobile depuis bient\u00f4t 30 ans. Il a fait ses classes au c\u00f4t\u00e9 de Daniel H\u00e9raud et au Carnet de route de 1992 \u00e0 2001. Il est fondateur, copropri\u00e9taire et r\u00e9dacteur en chef de L\u2019Annuel de l\u2019automobile, qu\u2019il publie depuis 2001. Il a anim\u00e9 les \u00e9missions RPM et RPM+ sur V et les L\u00e9gendes de la route sur Historia. \u00c0 la radio depuis 1986, il reprend l\u2019antenne cette ann\u00e9e sur les ondes de Cogeco et participe pour la deuxi\u00e8me ann\u00e9e \u00e0 l\u2019\u00e9mission Passion Auto sur RDS en plus de mettre en ligne le site Web officiel de L\u2019Annuel de l\u2019automobile sur annuelauto.ca.","sameAs":["https:\/\/annuelauto.ca\/"],"url":"https:\/\/news.canadamotorjobs.com\/fr\/author\/benoit-charette\/"}]}},"_links":{"self":[{"href":"https:\/\/news.canadamotorjobs.com\/fr\/wp-json\/wp\/v2\/posts\/190574"}],"collection":[{"href":"https:\/\/news.canadamotorjobs.com\/fr\/wp-json\/wp\/v2\/posts"}],"about":[{"href":"https:\/\/news.canadamotorjobs.com\/fr\/wp-json\/wp\/v2\/types\/post"}],"author":[{"embeddable":true,"href":"https:\/\/news.canadamotorjobs.com\/fr\/wp-json\/wp\/v2\/users\/8"}],"replies":[{"embeddable":true,"href":"https:\/\/news.canadamotorjobs.com\/fr\/wp-json\/wp\/v2\/comments?post=190574"}],"version-history":[{"count":2,"href":"https:\/\/news.canadamotorjobs.com\/fr\/wp-json\/wp\/v2\/posts\/190574\/revisions"}],"predecessor-version":[{"id":190578,"href":"https:\/\/news.canadamotorjobs.com\/fr\/wp-json\/wp\/v2\/posts\/190574\/revisions\/190578"}],"wp:featuredmedia":[{"embeddable":true,"href":"https:\/\/news.canadamotorjobs.com\/fr\/wp-json\/wp\/v2\/media\/190576"}],"wp:attachment":[{"href":"https:\/\/news.canadamotorjobs.com\/fr\/wp-json\/wp\/v2\/media?parent=190574"}],"wp:term":[{"taxonomy":"category","embeddable":true,"href":"https:\/\/news.canadamotorjobs.com\/fr\/wp-json\/wp\/v2\/categories?post=190574"},{"taxonomy":"post_tag","embeddable":true,"href":"https:\/\/news.canadamotorjobs.com\/fr\/wp-json\/wp\/v2\/tags?post=190574"}],"curies":[{"name":"wp","href":"https:\/\/api.w.org\/{rel}","templated":true}]}}