{"id":190546,"date":"2025-01-24T02:24:26","date_gmt":"2025-01-24T07:24:26","guid":{"rendered":"https:\/\/news.canadamotorjobs.com\/?p=190546"},"modified":"2025-01-24T02:30:39","modified_gmt":"2025-01-24T07:30:39","slug":"jeep-rappelle-plus-de-63-000-cherokee-des-annees-2017-a-2019","status":"publish","type":"post","link":"https:\/\/news.canadamotorjobs.com\/fr\/jeep-rappelle-plus-de-63-000-cherokee-des-annees-2017-a-2019\/","title":{"rendered":"Jeep rappelle plus de 63\u2009000 Cherokee des ann\u00e9es 2017 \u00e0 2019"},"content":{"rendered":"<\/p>\n<p>Jeep a annonc\u00e9 le rappel de 63 082 VUS Cherokee produits entre 2017 et 2019 en raison d\u2019un probl\u00e8me li\u00e9 au module de transfert de puissance (PTU). Ce dernier pourrait entra\u00eener un d\u00e9crochage de la transmission, causant soit une perte de puissance, soit un risque que le v\u00e9hicule se mettre \u00e0 bouger (avancer ou reculer) lorsqu\u2019il est stationn\u00e9.<\/p>\n<p>Selon les autorit\u00e9s, le probl\u00e8me provient d\u2019un anneau de retenue de l\u2019arbre d\u2019entr\u00e9e qui pourrait ne pas \u00eatre correctement fix\u00e9. Avec le temps, cela peut provoquer une usure des composants internes, compromettant le fonctionnement de la transmission et du diff\u00e9rentiel. R\u00e9sultat : le v\u00e9hicule pourrait avancer ou reculer de fa\u00e7on incontr\u00f4l\u00e9e en position \u00ab Park \u00bb ou perdre sa capacit\u00e9 \u00e0 acc\u00e9l\u00e9rer.<\/p>\n<p><\/p>\n<figure><img decoding=\"async\" src=\"https:\/\/news.canadamotorjobs.com\/wp-content\/uploads\/2025\/01\/jeep_cherokee_latitude_2019-5.jpeg\" alt=\"Jeep Cherokee Latitude 2019\" \/><figcaption>Jeep Cherokee Latitude 2019 | Auto123.com<\/figcaption><\/figure>\n<p><strong>Une longue s\u00e9rie de rappels pour le Jeep Cherokee<\/strong><\/p>\n<p>Ce n\u2019est pas la premi\u00e8re fois que Jeep traite ce probl\u00e8me. En 2020, un rappel similaire avait \u00e9t\u00e9 effectu\u00e9 sur les mod\u00e8les 2014 \u00e0 2017. Apr\u00e8s une nouvelle enqu\u00eate en 2023 sur les mod\u00e8les 2016 et 2017, l\u2019entreprise a \u00e9largi ses recherches aux ann\u00e9es 2017 \u00e0 2019. Ces enqu\u00eates ont r\u00e9v\u00e9l\u00e9 que 1064 r\u00e9clamations de garantie avaient \u00e9t\u00e9 d\u00e9pos\u00e9es en lien avec ce d\u00e9faut, en plus de 43 rapports d\u2019incidents sur le terrain et 55 dossiers de service.<\/p>\n<p><strong>Toujours pas de solution d\u00e9finitive<\/strong><\/p>\n<p>Malheureusement, une solution pour la r\u00e9paration est encore en cours de d\u00e9veloppement. Jeep pr\u00e9voit d\u2019envoyer des notifications aux propri\u00e9taires d\u00e8s le mois prochain. En attendant, les conducteurs sont encourag\u00e9s \u00e0 rester attentifs aux signes avant-coureurs tels que des bruits inhabituels, des vibrations ou des changements dans la qualit\u00e9 de conduite.<\/p>\n<p>Parall\u00e8lement, Mopar rappelle \u00e9galement 6979 modules de transfert de puissance affect\u00e9s par le m\u00eame probl\u00e8me, des unit\u00e9s fabriqu\u00e9es par la firme American Axle &amp; Manufacturing. L\u00e0 encore, aucune solution n\u2019a encore \u00e9t\u00e9 annonc\u00e9e.<\/p>\n<p><\/p>\n<p style=\"padding-top: 15px\">Contenu original de <a href=\"https:\/\/www.auto123.com\/fr\/actualites\/rappel-jeep-cherokee-module-transfert-puissance\/72315\/\">auto123<\/a>.<\/p>\n<p>Le texte <a rel=\"nofollow\" href=\"https:\/\/annuelauto.ca\/jeep-rappelle-plus-de-63%e2%80%89000-cherokee-des-annees-2017-a-2019\/\">Jeep rappelle plus de 63\u2009000 Cherokee des ann\u00e9es 2017 \u00e0 2019<\/a> provient de <a rel=\"nofollow\" href=\"https:\/\/annuelauto.ca\">L&#8217;annuel de l&#8217;automobile &#8211; Actualit\u00e9 automobile<\/a><\/p>\n<p><\/p>\n","protected":false},"excerpt":{"rendered":"<p>Jeep a annonc\u00e9 le rappel de 63 082 VUS Cherokee produits entre 2017 et 2019 en raison d\u2019un probl\u00e8me li\u00e9 au module de transfert de puissance (PTU). Ce dernier pourrait entra\u00eener un d\u00e9crochage de la transmission, causant soit une perte de puissance, soit un risque que le v\u00e9hicule se mettre \u00e0 bouger (avancer ou reculer) [&hellip;]<\/p>\n","protected":false},"author":8,"featured_media":190548,"comment_status":"close","ping_status":"closed","sticky":false,"template":"","format":"standard","meta":{"_monsterinsights_skip_tracking":false,"_monsterinsights_sitenote_active":false,"_monsterinsights_sitenote_note":"","_monsterinsights_sitenote_category":0,"footnotes":""},"categories":[101],"tags":[],"yoast_head":"<!-- This site is optimized with the Yoast SEO plugin v23.2 - https:\/\/yoast.com\/wordpress\/plugins\/seo\/ -->\n<title>Jeep rappelle plus de 63\u2009000 Cherokee des ann\u00e9es 2017 \u00e0 2019 - CanadaMotorJobs.com<\/title>\n<meta name=\"description\" content=\"Jeep rappelle plus de 63\u2009000 Cherokee des ann\u00e9es 2017 \u00e0 2019 - Benoit Charette - Annuel automobile - CanadaMotorJobs.com.\" \/>\n<meta name=\"robots\" content=\"index, follow, max-snippet:-1, max-image-preview:large, max-video-preview:-1\" \/>\n<meta property=\"og:locale\" content=\"fr_CA\" \/>\n<meta property=\"og:type\" content=\"article\" \/>\n<meta property=\"og:title\" content=\"Jeep rappelle plus de 63\u2009000 Cherokee des ann\u00e9es 2017 \u00e0 2019 - CanadaMotorJobs.com\" \/>\n<meta property=\"og:description\" content=\"Jeep rappelle plus de 63\u2009000 Cherokee des ann\u00e9es 2017 \u00e0 2019 - Benoit Charette - Annuel automobile - CanadaMotorJobs.com.\" \/>\n<meta property=\"og:url\" content=\"https:\/\/news.canadamotorjobs.com\/fr\/jeep-rappelle-plus-de-63-000-cherokee-des-annees-2017-a-2019\/\" \/>\n<meta property=\"og:site_name\" content=\"CanadaMotorJobs.com\" \/>\n<meta property=\"article:publisher\" content=\"https:\/\/www.facebook.com\/canadamotorjobs\/\" \/>\n<meta property=\"article:published_time\" content=\"2025-01-24T07:24:26+00:00\" \/>\n<meta property=\"article:modified_time\" content=\"2025-01-24T07:30:39+00:00\" \/>\n<meta property=\"og:image\" content=\"https:\/\/news.canadamotorjobs.com\/wp-content\/uploads\/2025\/01\/jeep_cherokee_latitude_2019.jpeg\" \/>\n\t<meta property=\"og:image:width\" content=\"1200\" \/>\n\t<meta property=\"og:image:height\" content=\"798\" \/>\n\t<meta property=\"og:image:type\" content=\"image\/jpeg\" \/>\n<meta name=\"author\" content=\"Benoit Charette\" \/>\n<meta name=\"twitter:card\" content=\"summary_large_image\" \/>\n<meta name=\"twitter:creator\" content=\"@canadamotorjobs\" \/>\n<meta name=\"twitter:site\" content=\"@canadamotorjobs\" \/>\n<meta name=\"twitter:label1\" content=\"\u00c9crit par\" \/>\n\t<meta name=\"twitter:data1\" content=\"Benoit Charette\" \/>\n\t<meta name=\"twitter:label2\" content=\"Estimation du temps de lecture\" \/>\n\t<meta name=\"twitter:data2\" content=\"2 minutes\" \/>\n<!-- \/ Yoast SEO plugin. -->","yoast_head_json":{"title":"Jeep rappelle plus de 63\u2009000 Cherokee des ann\u00e9es 2017 \u00e0 2019 - CanadaMotorJobs.com","description":"Jeep rappelle plus de 63\u2009000 Cherokee des ann\u00e9es 2017 \u00e0 2019 - Benoit Charette - Annuel automobile - CanadaMotorJobs.com.","robots":{"index":"index","follow":"follow","max-snippet":"max-snippet:-1","max-image-preview":"max-image-preview:large","max-video-preview":"max-video-preview:-1"},"og_locale":"fr_CA","og_type":"article","og_title":"Jeep rappelle plus de 63\u2009000 Cherokee des ann\u00e9es 2017 \u00e0 2019 - CanadaMotorJobs.com","og_description":"Jeep rappelle plus de 63\u2009000 Cherokee des ann\u00e9es 2017 \u00e0 2019 - Benoit Charette - Annuel automobile - CanadaMotorJobs.com.","og_url":"https:\/\/news.canadamotorjobs.com\/fr\/jeep-rappelle-plus-de-63-000-cherokee-des-annees-2017-a-2019\/","og_site_name":"CanadaMotorJobs.com","article_publisher":"https:\/\/www.facebook.com\/canadamotorjobs\/","article_published_time":"2025-01-24T07:24:26+00:00","article_modified_time":"2025-01-24T07:30:39+00:00","og_image":[{"width":1200,"height":798,"url":"https:\/\/news.canadamotorjobs.com\/wp-content\/uploads\/2025\/01\/jeep_cherokee_latitude_2019.jpeg","type":"image\/jpeg"}],"author":"Benoit Charette","twitter_card":"summary_large_image","twitter_creator":"@canadamotorjobs","twitter_site":"@canadamotorjobs","twitter_misc":{"\u00c9crit par":"Benoit Charette","Estimation du temps de lecture":"2 minutes"},"schema":{"@context":"https:\/\/schema.org","@graph":[{"@type":"Article","@id":"https:\/\/news.canadamotorjobs.com\/fr\/jeep-rappelle-plus-de-63-000-cherokee-des-annees-2017-a-2019\/#article","isPartOf":{"@id":"https:\/\/news.canadamotorjobs.com\/fr\/jeep-rappelle-plus-de-63-000-cherokee-des-annees-2017-a-2019\/"},"author":{"name":"Benoit Charette","@id":"https:\/\/news.canadamotorjobs.com\/#\/schema\/person\/51793d1f87d44011d7bcc2ed99269a90"},"headline":"Jeep rappelle plus de 63\u2009000 Cherokee des ann\u00e9es 2017 \u00e0 2019","datePublished":"2025-01-24T07:24:26+00:00","dateModified":"2025-01-24T07:30:39+00:00","mainEntityOfPage":{"@id":"https:\/\/news.canadamotorjobs.com\/fr\/jeep-rappelle-plus-de-63-000-cherokee-des-annees-2017-a-2019\/"},"wordCount":362,"publisher":{"@id":"https:\/\/news.canadamotorjobs.com\/#organization"},"image":{"@id":"https:\/\/news.canadamotorjobs.com\/fr\/jeep-rappelle-plus-de-63-000-cherokee-des-annees-2017-a-2019\/#primaryimage"},"thumbnailUrl":"https:\/\/news.canadamotorjobs.com\/wp-content\/uploads\/2025\/01\/jeep_cherokee_latitude_2019.jpeg","articleSection":["Annuel automobile"],"inLanguage":"fr-CA"},{"@type":"WebPage","@id":"https:\/\/news.canadamotorjobs.com\/fr\/jeep-rappelle-plus-de-63-000-cherokee-des-annees-2017-a-2019\/","url":"https:\/\/news.canadamotorjobs.com\/fr\/jeep-rappelle-plus-de-63-000-cherokee-des-annees-2017-a-2019\/","name":"Jeep rappelle plus de 63\u2009000 Cherokee des ann\u00e9es 2017 \u00e0 2019 - CanadaMotorJobs.com","isPartOf":{"@id":"https:\/\/news.canadamotorjobs.com\/#website"},"primaryImageOfPage":{"@id":"https:\/\/news.canadamotorjobs.com\/fr\/jeep-rappelle-plus-de-63-000-cherokee-des-annees-2017-a-2019\/#primaryimage"},"image":{"@id":"https:\/\/news.canadamotorjobs.com\/fr\/jeep-rappelle-plus-de-63-000-cherokee-des-annees-2017-a-2019\/#primaryimage"},"thumbnailUrl":"https:\/\/news.canadamotorjobs.com\/wp-content\/uploads\/2025\/01\/jeep_cherokee_latitude_2019.jpeg","datePublished":"2025-01-24T07:24:26+00:00","dateModified":"2025-01-24T07:30:39+00:00","description":"Jeep rappelle plus de 63\u2009000 Cherokee des ann\u00e9es 2017 \u00e0 2019 - Benoit Charette - Annuel automobile - CanadaMotorJobs.com.","breadcrumb":{"@id":"https:\/\/news.canadamotorjobs.com\/fr\/jeep-rappelle-plus-de-63-000-cherokee-des-annees-2017-a-2019\/#breadcrumb"},"inLanguage":"fr-CA","potentialAction":[{"@type":"ReadAction","target":["https:\/\/news.canadamotorjobs.com\/fr\/jeep-rappelle-plus-de-63-000-cherokee-des-annees-2017-a-2019\/"]}]},{"@type":"ImageObject","inLanguage":"fr-CA","@id":"https:\/\/news.canadamotorjobs.com\/fr\/jeep-rappelle-plus-de-63-000-cherokee-des-annees-2017-a-2019\/#primaryimage","url":"https:\/\/news.canadamotorjobs.com\/wp-content\/uploads\/2025\/01\/jeep_cherokee_latitude_2019.jpeg","contentUrl":"https:\/\/news.canadamotorjobs.com\/wp-content\/uploads\/2025\/01\/jeep_cherokee_latitude_2019.jpeg","width":1200,"height":798},{"@type":"BreadcrumbList","@id":"https:\/\/news.canadamotorjobs.com\/fr\/jeep-rappelle-plus-de-63-000-cherokee-des-annees-2017-a-2019\/#breadcrumb","itemListElement":[{"@type":"ListItem","position":1,"name":"Home","item":"https:\/\/news.canadamotorjobs.com\/fr\/blog\/"},{"@type":"ListItem","position":2,"name":"Jeep rappelle plus de 63\u2009000 Cherokee des ann\u00e9es 2017 \u00e0 2019"}]},{"@type":"WebSite","@id":"https:\/\/news.canadamotorjobs.com\/#website","url":"https:\/\/news.canadamotorjobs.com\/","name":"CanadaMotorJobs.com","description":"Automotive Jobs","publisher":{"@id":"https:\/\/news.canadamotorjobs.com\/#organization"},"potentialAction":[{"@type":"SearchAction","target":{"@type":"EntryPoint","urlTemplate":"https:\/\/news.canadamotorjobs.com\/?s={search_term_string}"},"query-input":"required name=search_term_string"}],"inLanguage":"fr-CA"},{"@type":"Organization","@id":"https:\/\/news.canadamotorjobs.com\/#organization","name":"Canada Motor Jobs","url":"https:\/\/news.canadamotorjobs.com\/","logo":{"@type":"ImageObject","inLanguage":"fr-CA","@id":"https:\/\/news.canadamotorjobs.com\/#\/schema\/logo\/image\/","url":"https:\/\/news.canadamotorjobs.com\/wp-content\/uploads\/2022\/10\/logo-canada-motor-jobs-1.png","contentUrl":"https:\/\/news.canadamotorjobs.com\/wp-content\/uploads\/2022\/10\/logo-canada-motor-jobs-1.png","width":800,"height":400,"caption":"Canada Motor Jobs"},"image":{"@id":"https:\/\/news.canadamotorjobs.com\/#\/schema\/logo\/image\/"},"sameAs":["https:\/\/www.facebook.com\/canadamotorjobs\/","https:\/\/x.com\/canadamotorjobs","https:\/\/www.instagram.com\/canadamotorjobs\/","https:\/\/www.linkedin.com\/company\/canadamotorjobs"]},{"@type":"Person","@id":"https:\/\/news.canadamotorjobs.com\/#\/schema\/person\/51793d1f87d44011d7bcc2ed99269a90","name":"Benoit Charette","image":{"@type":"ImageObject","inLanguage":"fr-CA","@id":"https:\/\/news.canadamotorjobs.com\/#\/schema\/person\/image\/","url":"https:\/\/secure.gravatar.com\/avatar\/45f3d2eebcccd909668d7ce7ea7267b6?s=96&d=mm&r=g","contentUrl":"https:\/\/secure.gravatar.com\/avatar\/45f3d2eebcccd909668d7ce7ea7267b6?s=96&d=mm&r=g","caption":"Benoit Charette"},"description":"Benoit Charette \/ Propri\u00e9taire et r\u00e9dacteur en chef Benoit Charette pratique le journalisme automobile depuis bient\u00f4t 30 ans. Il a fait ses classes au c\u00f4t\u00e9 de Daniel H\u00e9raud et au Carnet de route de 1992 \u00e0 2001. Il est fondateur, copropri\u00e9taire et r\u00e9dacteur en chef de L\u2019Annuel de l\u2019automobile, qu\u2019il publie depuis 2001. Il a anim\u00e9 les \u00e9missions RPM et RPM+ sur V et les L\u00e9gendes de la route sur Historia. \u00c0 la radio depuis 1986, il reprend l\u2019antenne cette ann\u00e9e sur les ondes de Cogeco et participe pour la deuxi\u00e8me ann\u00e9e \u00e0 l\u2019\u00e9mission Passion Auto sur RDS en plus de mettre en ligne le site Web officiel de L\u2019Annuel de l\u2019automobile sur annuelauto.ca.","sameAs":["https:\/\/annuelauto.ca\/"],"url":"https:\/\/news.canadamotorjobs.com\/fr\/author\/benoit-charette\/"}]}},"_links":{"self":[{"href":"https:\/\/news.canadamotorjobs.com\/fr\/wp-json\/wp\/v2\/posts\/190546"}],"collection":[{"href":"https:\/\/news.canadamotorjobs.com\/fr\/wp-json\/wp\/v2\/posts"}],"about":[{"href":"https:\/\/news.canadamotorjobs.com\/fr\/wp-json\/wp\/v2\/types\/post"}],"author":[{"embeddable":true,"href":"https:\/\/news.canadamotorjobs.com\/fr\/wp-json\/wp\/v2\/users\/8"}],"replies":[{"embeddable":true,"href":"https:\/\/news.canadamotorjobs.com\/fr\/wp-json\/wp\/v2\/comments?post=190546"}],"version-history":[{"count":3,"href":"https:\/\/news.canadamotorjobs.com\/fr\/wp-json\/wp\/v2\/posts\/190546\/revisions"}],"predecessor-version":[{"id":190573,"href":"https:\/\/news.canadamotorjobs.com\/fr\/wp-json\/wp\/v2\/posts\/190546\/revisions\/190573"}],"wp:featuredmedia":[{"embeddable":true,"href":"https:\/\/news.canadamotorjobs.com\/fr\/wp-json\/wp\/v2\/media\/190548"}],"wp:attachment":[{"href":"https:\/\/news.canadamotorjobs.com\/fr\/wp-json\/wp\/v2\/media?parent=190546"}],"wp:term":[{"taxonomy":"category","embeddable":true,"href":"https:\/\/news.canadamotorjobs.com\/fr\/wp-json\/wp\/v2\/categories?post=190546"},{"taxonomy":"post_tag","embeddable":true,"href":"https:\/\/news.canadamotorjobs.com\/fr\/wp-json\/wp\/v2\/tags?post=190546"}],"curies":[{"name":"wp","href":"https:\/\/api.w.org\/{rel}","templated":true}]}}