{"id":190486,"date":"2025-01-24T02:24:27","date_gmt":"2025-01-24T07:24:27","guid":{"rendered":"https:\/\/news.canadamotorjobs.com\/?p=190486"},"modified":"2025-01-24T02:30:15","modified_gmt":"2025-01-24T07:30:15","slug":"hal-sperlich-parrain-de-la-ford-mustang-seteint-a-95-ans","status":"publish","type":"post","link":"https:\/\/news.canadamotorjobs.com\/fr\/hal-sperlich-parrain-de-la-ford-mustang-seteint-a-95-ans\/","title":{"rendered":"Hal Sperlich, \u00ab\u2009parrain\u2009\u00bb de la Ford Mustang, s\u2019\u00e9teint \u00e0 95 ans"},"content":{"rendered":"<\/p>\n<p>Hal Sperlich, connu comme le \u00ab parrain \u00bb de la Ford Mustang et architecte en chef de ce mod\u00e8le iconique, est d\u00e9c\u00e9d\u00e9 le 20 janvier 2025, \u00e0 l\u2019\u00e2ge de 95 ans.<\/p>\n<p>Ing\u00e9nieur m\u00e9canique devenu strat\u00e8ge de produit, il \u00e9tait le dernier survivant du trio \u00e0 l\u2019origine de la Mustang, aux c\u00f4t\u00e9s de Lee Iacocca et Gale Halderman, respectivement d\u00e9c\u00e9d\u00e9s en 2019 et en 2020. Sperlich laisse derri\u00e8re lui sa femme, Dr. D\u2019Anne Kleinsmith, avec qui il \u00e9tait mari\u00e9 depuis 11 ans. Les causes de sa mort n\u2019ont pas \u00e9t\u00e9 d\u00e9voil\u00e9es, mais son d\u00e9c\u00e8s a suscit\u00e9 des hommages, notamment de la part de Jim Farley, le grand patron de Ford.<\/p>\n<p><\/p>\n<figure><img decoding=\"async\" src=\"https:\/\/news.canadamotorjobs.com\/wp-content\/uploads\/2025\/01\/sperlich-automotive-hall-of-fame-2009-001-5.jpg\" alt=\"Hal Sperlich, lors de son intronisation au temple de la renomm\u00e9e de l\u2019automobile, en 2009\" \/><figcaption>Hal Sperlich, lors de son intronisation au temple de la renomm\u00e9e de l\u2019automobile, en 2009 | Auto123.com<\/figcaption><\/figure>\n<p><strong>L\u2019h\u00e9ritage de Hal Sperlich chez Ford<\/strong><\/p>\n<p>Sperlich a rejoint Ford en 1957 en tant que planificateur de produits. Dans les ann\u00e9es 1960, il a anticip\u00e9 l\u2019importance de cr\u00e9er des v\u00e9hicules plus compacts et accessibles, en phase avec les attentes de la jeunesse de l\u2019\u00e9poque. Il a ainsi convaincu Ford de d\u00e9velopper une voiture abordable, \u00e9l\u00e9gante, et personnalisable : la Mustang.<\/p>\n<p>Lanc\u00e9e en 1964, cette voiture r\u00e9volutionnaire a f\u00eat\u00e9 ses 60 ans l\u2019an dernier, preuve de son succ\u00e8s intemporel. En parall\u00e8le, Sperlich a \u00e9galement jou\u00e9 un r\u00f4le cl\u00e9 dans la cr\u00e9ation de la Ford Fiesta en 1967, la premi\u00e8re sous-compacte \u00e0 traction de la marque, un mod\u00e8le qui a marqu\u00e9 les d\u00e9buts de Ford sur un march\u00e9 europ\u00e9en alors en pleine croissance.<\/p>\n<p><strong>Un nouveau d\u00e9part chez Chrysler : la gen\u00e8se des K-cars et des fourgonnettes<\/strong><\/p>\n<p>Apr\u00e8s avoir quitt\u00e9 Ford, Hal Sperlich a rejoint Chrysler en 1977 en tant que chef de la planification de produit. \u00c0 une \u00e9poque o\u00f9 Chrysler fr\u00f4lait la faillite, Sperlich a eu carte blanche pour innover. Il a con\u00e7u les K-Cars, une plateforme \u00e0 traction qui a relanc\u00e9 la marque et sauv\u00e9 l\u2019entreprise de la faillite.<\/p>\n<p>Fort de ce succ\u00e8s, il a ensuite utilis\u00e9 cette plateforme pour cr\u00e9er un nouveau segment : celui des fourgonnettes. Ces v\u00e9hicules compacts et familiaux, anc\u00eatres de la Chrysler Pacifica d\u2019aujourd\u2019hui, ont red\u00e9fini le transport familial et confirm\u00e9 le g\u00e9nie visionnaire de Sperlich.<\/p>\n<p><strong>Une empreinte ind\u00e9l\u00e9bile<\/strong><\/p>\n<p>Hal Sperlich a marqu\u00e9 l\u2019histoire de l\u2019automobile en comprenant avec pr\u00e9cision les attentes des consommateurs et en lan\u00e7ant des mod\u00e8les avant-gardistes comme la Mustang, la Fiesta, et les fourgonnettes. Son influence continue de r\u00e9sonner dans l\u2019industrie, et son h\u00e9ritage perdurera pour les g\u00e9n\u00e9rations futures.<\/p>\n<p><\/p>\n<figure><img decoding=\"async\" src=\"https:\/\/news.canadamotorjobs.com\/wp-content\/uploads\/2025\/01\/sperlich-automotive-hall-of-fame-2009-002-1.jpg\" alt=\"Lors de la conception de la Ford Mustang\" \/><figcaption>Lors de la conception de la Ford Mustang | Auto123.com<\/figcaption><\/figure>\n<p style=\"padding-top: 15px\">Contenu original de <a href=\"https:\/\/www.auto123.com\/fr\/actualites\/hal-sperlich-parrain-ford-mustang\/72312\/\">auto123<\/a>.<\/p>\n<p>Le texte <a rel=\"nofollow\" href=\"https:\/\/annuelauto.ca\/hal-sperlich-%e2%80%89parrain%e2%80%89-de-la-ford-mustang-seteint-a-95-ans\/\">Hal Sperlich, \u00ab\u2009parrain\u2009\u00bb de la Ford Mustang, s\u2019\u00e9teint \u00e0 95 ans<\/a> provient de <a rel=\"nofollow\" href=\"https:\/\/annuelauto.ca\">L&#8217;annuel de l&#8217;automobile &#8211; Actualit\u00e9 automobile<\/a><\/p>\n<p><\/p>\n","protected":false},"excerpt":{"rendered":"<p>Hal Sperlich, connu comme le \u00ab parrain \u00bb de la Ford Mustang et architecte en chef de ce mod\u00e8le iconique, est d\u00e9c\u00e9d\u00e9 le 20 janvier 2025, \u00e0 l\u2019\u00e2ge de 95 ans. Ing\u00e9nieur m\u00e9canique devenu strat\u00e8ge de produit, il \u00e9tait le dernier survivant du trio \u00e0 l\u2019origine de la Mustang, aux c\u00f4t\u00e9s de Lee Iacocca et [&hellip;]<\/p>\n","protected":false},"author":8,"featured_media":190488,"comment_status":"close","ping_status":"closed","sticky":false,"template":"","format":"standard","meta":{"_monsterinsights_skip_tracking":false,"_monsterinsights_sitenote_active":false,"_monsterinsights_sitenote_note":"","_monsterinsights_sitenote_category":0,"footnotes":""},"categories":[101],"tags":[],"yoast_head":"<!-- This site is optimized with the Yoast SEO plugin v23.2 - https:\/\/yoast.com\/wordpress\/plugins\/seo\/ -->\n<title>Hal Sperlich, \u00ab\u2009parrain\u2009\u00bb de la Ford Mustang, s\u2019\u00e9teint \u00e0 95 ans - CanadaMotorJobs.com<\/title>\n<meta name=\"description\" content=\"Hal Sperlich, \u00ab\u2009parrain\u2009\u00bb de la Ford Mustang, s\u2019\u00e9teint \u00e0 95 ans - Benoit Charette - Annuel automobile - CanadaMotorJobs.com.\" \/>\n<meta name=\"robots\" content=\"index, follow, max-snippet:-1, max-image-preview:large, max-video-preview:-1\" \/>\n<meta property=\"og:locale\" content=\"fr_CA\" \/>\n<meta property=\"og:type\" content=\"article\" \/>\n<meta property=\"og:title\" content=\"Hal Sperlich, \u00ab\u2009parrain\u2009\u00bb de la Ford Mustang, s\u2019\u00e9teint \u00e0 95 ans - CanadaMotorJobs.com\" \/>\n<meta property=\"og:description\" content=\"Hal Sperlich, \u00ab\u2009parrain\u2009\u00bb de la Ford Mustang, s\u2019\u00e9teint \u00e0 95 ans - Benoit Charette - Annuel automobile - CanadaMotorJobs.com.\" \/>\n<meta property=\"og:url\" content=\"https:\/\/news.canadamotorjobs.com\/fr\/hal-sperlich-parrain-de-la-ford-mustang-seteint-a-95-ans\/\" \/>\n<meta property=\"og:site_name\" content=\"CanadaMotorJobs.com\" \/>\n<meta property=\"article:publisher\" content=\"https:\/\/www.facebook.com\/canadamotorjobs\/\" \/>\n<meta property=\"article:published_time\" content=\"2025-01-24T07:24:27+00:00\" \/>\n<meta property=\"article:modified_time\" content=\"2025-01-24T07:30:15+00:00\" \/>\n<meta property=\"og:image\" content=\"https:\/\/news.canadamotorjobs.com\/wp-content\/uploads\/2025\/01\/sperlich-automotive-hall-of-fame-2009-001.jpg\" \/>\n\t<meta property=\"og:image:width\" content=\"1200\" \/>\n\t<meta property=\"og:image:height\" content=\"686\" \/>\n\t<meta property=\"og:image:type\" content=\"image\/jpeg\" \/>\n<meta name=\"author\" content=\"Benoit Charette\" \/>\n<meta name=\"twitter:card\" content=\"summary_large_image\" \/>\n<meta name=\"twitter:creator\" content=\"@canadamotorjobs\" \/>\n<meta name=\"twitter:site\" content=\"@canadamotorjobs\" \/>\n<meta name=\"twitter:label1\" content=\"\u00c9crit par\" \/>\n\t<meta name=\"twitter:data1\" content=\"Benoit Charette\" \/>\n\t<meta name=\"twitter:label2\" content=\"Estimation du temps de lecture\" \/>\n\t<meta name=\"twitter:data2\" content=\"2 minutes\" \/>\n<!-- \/ Yoast SEO plugin. -->","yoast_head_json":{"title":"Hal Sperlich, \u00ab\u2009parrain\u2009\u00bb de la Ford Mustang, s\u2019\u00e9teint \u00e0 95 ans - CanadaMotorJobs.com","description":"Hal Sperlich, \u00ab\u2009parrain\u2009\u00bb de la Ford Mustang, s\u2019\u00e9teint \u00e0 95 ans - Benoit Charette - Annuel automobile - CanadaMotorJobs.com.","robots":{"index":"index","follow":"follow","max-snippet":"max-snippet:-1","max-image-preview":"max-image-preview:large","max-video-preview":"max-video-preview:-1"},"og_locale":"fr_CA","og_type":"article","og_title":"Hal Sperlich, \u00ab\u2009parrain\u2009\u00bb de la Ford Mustang, s\u2019\u00e9teint \u00e0 95 ans - CanadaMotorJobs.com","og_description":"Hal Sperlich, \u00ab\u2009parrain\u2009\u00bb de la Ford Mustang, s\u2019\u00e9teint \u00e0 95 ans - Benoit Charette - Annuel automobile - CanadaMotorJobs.com.","og_url":"https:\/\/news.canadamotorjobs.com\/fr\/hal-sperlich-parrain-de-la-ford-mustang-seteint-a-95-ans\/","og_site_name":"CanadaMotorJobs.com","article_publisher":"https:\/\/www.facebook.com\/canadamotorjobs\/","article_published_time":"2025-01-24T07:24:27+00:00","article_modified_time":"2025-01-24T07:30:15+00:00","og_image":[{"width":1200,"height":686,"url":"https:\/\/news.canadamotorjobs.com\/wp-content\/uploads\/2025\/01\/sperlich-automotive-hall-of-fame-2009-001.jpg","type":"image\/jpeg"}],"author":"Benoit Charette","twitter_card":"summary_large_image","twitter_creator":"@canadamotorjobs","twitter_site":"@canadamotorjobs","twitter_misc":{"\u00c9crit par":"Benoit Charette","Estimation du temps de lecture":"2 minutes"},"schema":{"@context":"https:\/\/schema.org","@graph":[{"@type":"Article","@id":"https:\/\/news.canadamotorjobs.com\/fr\/hal-sperlich-parrain-de-la-ford-mustang-seteint-a-95-ans\/#article","isPartOf":{"@id":"https:\/\/news.canadamotorjobs.com\/fr\/hal-sperlich-parrain-de-la-ford-mustang-seteint-a-95-ans\/"},"author":{"name":"Benoit Charette","@id":"https:\/\/news.canadamotorjobs.com\/#\/schema\/person\/51793d1f87d44011d7bcc2ed99269a90"},"headline":"Hal Sperlich, \u00ab\u2009parrain\u2009\u00bb de la Ford Mustang, s\u2019\u00e9teint \u00e0 95 ans","datePublished":"2025-01-24T07:24:27+00:00","dateModified":"2025-01-24T07:30:15+00:00","mainEntityOfPage":{"@id":"https:\/\/news.canadamotorjobs.com\/fr\/hal-sperlich-parrain-de-la-ford-mustang-seteint-a-95-ans\/"},"wordCount":496,"publisher":{"@id":"https:\/\/news.canadamotorjobs.com\/#organization"},"image":{"@id":"https:\/\/news.canadamotorjobs.com\/fr\/hal-sperlich-parrain-de-la-ford-mustang-seteint-a-95-ans\/#primaryimage"},"thumbnailUrl":"https:\/\/news.canadamotorjobs.com\/wp-content\/uploads\/2025\/01\/sperlich-automotive-hall-of-fame-2009-001.jpg","articleSection":["Annuel automobile"],"inLanguage":"fr-CA"},{"@type":"WebPage","@id":"https:\/\/news.canadamotorjobs.com\/fr\/hal-sperlich-parrain-de-la-ford-mustang-seteint-a-95-ans\/","url":"https:\/\/news.canadamotorjobs.com\/fr\/hal-sperlich-parrain-de-la-ford-mustang-seteint-a-95-ans\/","name":"Hal Sperlich, \u00ab\u2009parrain\u2009\u00bb de la Ford Mustang, s\u2019\u00e9teint \u00e0 95 ans - CanadaMotorJobs.com","isPartOf":{"@id":"https:\/\/news.canadamotorjobs.com\/#website"},"primaryImageOfPage":{"@id":"https:\/\/news.canadamotorjobs.com\/fr\/hal-sperlich-parrain-de-la-ford-mustang-seteint-a-95-ans\/#primaryimage"},"image":{"@id":"https:\/\/news.canadamotorjobs.com\/fr\/hal-sperlich-parrain-de-la-ford-mustang-seteint-a-95-ans\/#primaryimage"},"thumbnailUrl":"https:\/\/news.canadamotorjobs.com\/wp-content\/uploads\/2025\/01\/sperlich-automotive-hall-of-fame-2009-001.jpg","datePublished":"2025-01-24T07:24:27+00:00","dateModified":"2025-01-24T07:30:15+00:00","description":"Hal Sperlich, \u00ab\u2009parrain\u2009\u00bb de la Ford Mustang, s\u2019\u00e9teint \u00e0 95 ans - Benoit Charette - Annuel automobile - CanadaMotorJobs.com.","breadcrumb":{"@id":"https:\/\/news.canadamotorjobs.com\/fr\/hal-sperlich-parrain-de-la-ford-mustang-seteint-a-95-ans\/#breadcrumb"},"inLanguage":"fr-CA","potentialAction":[{"@type":"ReadAction","target":["https:\/\/news.canadamotorjobs.com\/fr\/hal-sperlich-parrain-de-la-ford-mustang-seteint-a-95-ans\/"]}]},{"@type":"ImageObject","inLanguage":"fr-CA","@id":"https:\/\/news.canadamotorjobs.com\/fr\/hal-sperlich-parrain-de-la-ford-mustang-seteint-a-95-ans\/#primaryimage","url":"https:\/\/news.canadamotorjobs.com\/wp-content\/uploads\/2025\/01\/sperlich-automotive-hall-of-fame-2009-001.jpg","contentUrl":"https:\/\/news.canadamotorjobs.com\/wp-content\/uploads\/2025\/01\/sperlich-automotive-hall-of-fame-2009-001.jpg","width":1200,"height":686},{"@type":"BreadcrumbList","@id":"https:\/\/news.canadamotorjobs.com\/fr\/hal-sperlich-parrain-de-la-ford-mustang-seteint-a-95-ans\/#breadcrumb","itemListElement":[{"@type":"ListItem","position":1,"name":"Home","item":"https:\/\/news.canadamotorjobs.com\/fr\/blog\/"},{"@type":"ListItem","position":2,"name":"Hal Sperlich, \u00ab\u2009parrain\u2009\u00bb de la Ford Mustang, s\u2019\u00e9teint \u00e0 95 ans"}]},{"@type":"WebSite","@id":"https:\/\/news.canadamotorjobs.com\/#website","url":"https:\/\/news.canadamotorjobs.com\/","name":"CanadaMotorJobs.com","description":"Automotive Jobs","publisher":{"@id":"https:\/\/news.canadamotorjobs.com\/#organization"},"potentialAction":[{"@type":"SearchAction","target":{"@type":"EntryPoint","urlTemplate":"https:\/\/news.canadamotorjobs.com\/?s={search_term_string}"},"query-input":"required name=search_term_string"}],"inLanguage":"fr-CA"},{"@type":"Organization","@id":"https:\/\/news.canadamotorjobs.com\/#organization","name":"Canada Motor Jobs","url":"https:\/\/news.canadamotorjobs.com\/","logo":{"@type":"ImageObject","inLanguage":"fr-CA","@id":"https:\/\/news.canadamotorjobs.com\/#\/schema\/logo\/image\/","url":"https:\/\/news.canadamotorjobs.com\/wp-content\/uploads\/2022\/10\/logo-canada-motor-jobs-1.png","contentUrl":"https:\/\/news.canadamotorjobs.com\/wp-content\/uploads\/2022\/10\/logo-canada-motor-jobs-1.png","width":800,"height":400,"caption":"Canada Motor Jobs"},"image":{"@id":"https:\/\/news.canadamotorjobs.com\/#\/schema\/logo\/image\/"},"sameAs":["https:\/\/www.facebook.com\/canadamotorjobs\/","https:\/\/x.com\/canadamotorjobs","https:\/\/www.instagram.com\/canadamotorjobs\/","https:\/\/www.linkedin.com\/company\/canadamotorjobs"]},{"@type":"Person","@id":"https:\/\/news.canadamotorjobs.com\/#\/schema\/person\/51793d1f87d44011d7bcc2ed99269a90","name":"Benoit Charette","image":{"@type":"ImageObject","inLanguage":"fr-CA","@id":"https:\/\/news.canadamotorjobs.com\/#\/schema\/person\/image\/","url":"https:\/\/secure.gravatar.com\/avatar\/45f3d2eebcccd909668d7ce7ea7267b6?s=96&d=mm&r=g","contentUrl":"https:\/\/secure.gravatar.com\/avatar\/45f3d2eebcccd909668d7ce7ea7267b6?s=96&d=mm&r=g","caption":"Benoit Charette"},"description":"Benoit Charette \/ Propri\u00e9taire et r\u00e9dacteur en chef Benoit Charette pratique le journalisme automobile depuis bient\u00f4t 30 ans. Il a fait ses classes au c\u00f4t\u00e9 de Daniel H\u00e9raud et au Carnet de route de 1992 \u00e0 2001. Il est fondateur, copropri\u00e9taire et r\u00e9dacteur en chef de L\u2019Annuel de l\u2019automobile, qu\u2019il publie depuis 2001. Il a anim\u00e9 les \u00e9missions RPM et RPM+ sur V et les L\u00e9gendes de la route sur Historia. \u00c0 la radio depuis 1986, il reprend l\u2019antenne cette ann\u00e9e sur les ondes de Cogeco et participe pour la deuxi\u00e8me ann\u00e9e \u00e0 l\u2019\u00e9mission Passion Auto sur RDS en plus de mettre en ligne le site Web officiel de L\u2019Annuel de l\u2019automobile sur annuelauto.ca.","sameAs":["https:\/\/annuelauto.ca\/"],"url":"https:\/\/news.canadamotorjobs.com\/fr\/author\/benoit-charette\/"}]}},"_links":{"self":[{"href":"https:\/\/news.canadamotorjobs.com\/fr\/wp-json\/wp\/v2\/posts\/190486"}],"collection":[{"href":"https:\/\/news.canadamotorjobs.com\/fr\/wp-json\/wp\/v2\/posts"}],"about":[{"href":"https:\/\/news.canadamotorjobs.com\/fr\/wp-json\/wp\/v2\/types\/post"}],"author":[{"embeddable":true,"href":"https:\/\/news.canadamotorjobs.com\/fr\/wp-json\/wp\/v2\/users\/8"}],"replies":[{"embeddable":true,"href":"https:\/\/news.canadamotorjobs.com\/fr\/wp-json\/wp\/v2\/comments?post=190486"}],"version-history":[{"count":3,"href":"https:\/\/news.canadamotorjobs.com\/fr\/wp-json\/wp\/v2\/posts\/190486\/revisions"}],"predecessor-version":[{"id":190517,"href":"https:\/\/news.canadamotorjobs.com\/fr\/wp-json\/wp\/v2\/posts\/190486\/revisions\/190517"}],"wp:featuredmedia":[{"embeddable":true,"href":"https:\/\/news.canadamotorjobs.com\/fr\/wp-json\/wp\/v2\/media\/190488"}],"wp:attachment":[{"href":"https:\/\/news.canadamotorjobs.com\/fr\/wp-json\/wp\/v2\/media?parent=190486"}],"wp:term":[{"taxonomy":"category","embeddable":true,"href":"https:\/\/news.canadamotorjobs.com\/fr\/wp-json\/wp\/v2\/categories?post=190486"},{"taxonomy":"post_tag","embeddable":true,"href":"https:\/\/news.canadamotorjobs.com\/fr\/wp-json\/wp\/v2\/tags?post=190486"}],"curies":[{"name":"wp","href":"https:\/\/api.w.org\/{rel}","templated":true}]}}