{"id":190454,"date":"2025-01-24T02:24:27","date_gmt":"2025-01-24T07:24:27","guid":{"rendered":"https:\/\/news.canadamotorjobs.com\/?p=190454"},"modified":"2025-01-24T02:30:00","modified_gmt":"2025-01-24T07:30:00","slug":"ford-reserve-de-nouveau-le-nom-boss","status":"publish","type":"post","link":"https:\/\/news.canadamotorjobs.com\/fr\/ford-reserve-de-nouveau-le-nom-boss\/","title":{"rendered":"Ford r\u00e9serve de nouveau le nom Boss"},"content":{"rendered":"<\/p>\n<p>Dans l\u2019histoire de la Ford Mustang, plusieurs appellations sont devenues mythiques au fil des ann\u00e9es. C\u2019est le cas du mot Boss qui a servi pour la premi\u00e8re fois en 1969, d\u00e9signant une variante plus performante du mod\u00e8le (Boss 302 et Boss 429) qui avait \u00e9t\u00e9 lanc\u00e9e pour rivaliser la Chevrolet Camaro Z\/28 dans la s\u00e9rie de courses Trans Am.<\/p>\n<p>En 2012 et 2013, Ford ramenait le nom en proposant une variante Boss 302 qui repoussait \u00e0 l\u2019\u00e9poque les limites de la performance de la Mustang. Et pour vous donner une id\u00e9e du s\u00e9rieux de la tenue de route de ce mod\u00e8le, lors de la refonte de la Mustang en 2015, on est pass\u00e9 \u00e0 une suspension ind\u00e9pendante \u00e0 l\u2019arri\u00e8re. On nous avait alors expliqu\u00e9 qu\u2019on souhaitait pousser la performance \u00e0 un autre niveau et que la r\u00e9f\u00e9rence \u00e9tait la Boss de 2013, et que pour se faire, il fallait changer l\u2019architecture du mod\u00e8le \u00e0 la hauteur de la suspension arri\u00e8re.<\/p>\n<p>Et voil\u00e0 que le 15 janvier dernier, Ford a d\u00e9pos\u00e9 une demande aupr\u00e8s de l\u2019Office am\u00e9ricain des brevets et des marques (USPTO = United States Patent and Trademark Office) dans la cat\u00e9gorie des \u00ab v\u00e9hicules \u00e0 moteur, voitures de tourisme \u00e0 essence et \u00e9lectriques, voitures de sport, camionnettes, v\u00e9hicules utilitaires sport et leurs pi\u00e8ces \u00bb.<\/p>\n<p>C\u2019est le jargon officiel utilis\u00e9 par l\u2019organisme, mais \u00e7a ouvre la porte. Il est important de rappeler que la r\u00e9servation d\u2019un nom ne signifie pas toujours qu\u2019un mod\u00e8le est en route, mais parfois, c\u2019est un signe assez concret. On imagine mal un autre constructeur utiliser ce nom, donc Ford ne le r\u00e9serve pas pour seulement le prot\u00e9ger. Sinon, elle aurait agi ainsi il y a longtemps.<\/p>\n<p>\u00a0<\/p>\n<p><\/p>\n<figure><img decoding=\"async\" src=\"https:\/\/news.canadamotorjobs.com\/wp-content\/uploads\/2025\/01\/1969-ford-mustang-boss-302-001-5.jpg\" alt=\"La Ford Mustang Boss 302 1969\" \/><figcaption>La Ford Mustang Boss 302 1969 | Auto123.com<\/figcaption><\/figure>\n<p><strong>L\u2019objectif<\/strong><\/p>\n<p>Ce qu\u2019on ne sait pas, c\u2019est ce qui nous attend. On peut deviner une nouvelle variante de la Mustang, mais est-ce que Ford pourrait \u00eatre tent\u00e9e de cr\u00e9er d\u2019autres versions Boss pour d\u2019autres mod\u00e8les ? C\u2019est \u00e0 voir.<\/p>\n<p>Chose certaine, les amateurs de la Mustang vont saliver \u00e0 l\u2019id\u00e9e de pouvoir mettre la main sur une nouvelle variante, sachant qu\u2019une nouvelle Mustang Boss deviendrait rapidement un mod\u00e8le de collection.<\/p>\n<p>Ford n\u2019a pas r\u00e9pondu aux demandes de renseignements formul\u00e9es par le site Motor Trend, qui reprend cette nouvelle, mais il n\u2019y a pas trop de surprises l\u00e0. Si la compagnie avait r\u00e9pondu, elle aurait simplement mentionn\u00e9 qu\u2019elle ne divulgue pas d\u2019informations sur les futurs produits qu\u2019elle pr\u00e9pare.<\/p>\n<p><\/p>\n<figure><img decoding=\"async\" src=\"https:\/\/news.canadamotorjobs.com\/wp-content\/uploads\/2025\/01\/1970-ford-mustang-boss-302-001-1.jpg\" alt=\"\u00c9cusson Boss 302 sur la Ford Mustang Boss 302 1970\" \/><figcaption>\u00c9cusson Boss 302 sur la Ford Mustang Boss 302 1970 | Auto123.com<\/figcaption><\/figure>\n<p style=\"padding-top: 15px\">Contenu original de <a href=\"https:\/\/www.auto123.com\/fr\/actualites\/ford-reserve-nom-boss-mustang\/72311\/\">auto123<\/a>.<\/p>\n<p>Le texte <a rel=\"nofollow\" href=\"https:\/\/annuelauto.ca\/ford-reserve-de-nouveau-le-nom-boss\/\">Ford r\u00e9serve de nouveau le nom Boss<\/a> provient de <a rel=\"nofollow\" href=\"https:\/\/annuelauto.ca\">L&#8217;annuel de l&#8217;automobile &#8211; Actualit\u00e9 automobile<\/a><\/p>\n<p><\/p>\n","protected":false},"excerpt":{"rendered":"<p>Dans l\u2019histoire de la Ford Mustang, plusieurs appellations sont devenues mythiques au fil des ann\u00e9es. C\u2019est le cas du mot Boss qui a servi pour la premi\u00e8re fois en 1969, d\u00e9signant une variante plus performante du mod\u00e8le (Boss 302 et Boss 429) qui avait \u00e9t\u00e9 lanc\u00e9e pour rivaliser la Chevrolet Camaro Z\/28 dans la s\u00e9rie [&hellip;]<\/p>\n","protected":false},"author":8,"featured_media":190456,"comment_status":"close","ping_status":"closed","sticky":false,"template":"","format":"standard","meta":{"_monsterinsights_skip_tracking":false,"_monsterinsights_sitenote_active":false,"_monsterinsights_sitenote_note":"","_monsterinsights_sitenote_category":0,"footnotes":""},"categories":[101],"tags":[],"yoast_head":"<!-- This site is optimized with the Yoast SEO plugin v23.2 - https:\/\/yoast.com\/wordpress\/plugins\/seo\/ -->\n<title>Ford r\u00e9serve de nouveau le nom Boss - CanadaMotorJobs.com<\/title>\n<meta name=\"description\" content=\"Ford r\u00e9serve de nouveau le nom Boss - Benoit Charette - Annuel automobile - CanadaMotorJobs.com.\" \/>\n<meta name=\"robots\" content=\"index, follow, max-snippet:-1, max-image-preview:large, max-video-preview:-1\" \/>\n<meta property=\"og:locale\" content=\"fr_CA\" \/>\n<meta property=\"og:type\" content=\"article\" \/>\n<meta property=\"og:title\" content=\"Ford r\u00e9serve de nouveau le nom Boss - CanadaMotorJobs.com\" \/>\n<meta property=\"og:description\" content=\"Ford r\u00e9serve de nouveau le nom Boss - Benoit Charette - Annuel automobile - CanadaMotorJobs.com.\" \/>\n<meta property=\"og:url\" content=\"https:\/\/news.canadamotorjobs.com\/fr\/ford-reserve-de-nouveau-le-nom-boss\/\" \/>\n<meta property=\"og:site_name\" content=\"CanadaMotorJobs.com\" \/>\n<meta property=\"article:publisher\" content=\"https:\/\/www.facebook.com\/canadamotorjobs\/\" \/>\n<meta property=\"article:published_time\" content=\"2025-01-24T07:24:27+00:00\" \/>\n<meta property=\"article:modified_time\" content=\"2025-01-24T07:30:00+00:00\" \/>\n<meta property=\"og:image\" content=\"https:\/\/news.canadamotorjobs.com\/wp-content\/uploads\/2025\/01\/1969-ford-mustang-boss-302-001.jpg\" \/>\n\t<meta property=\"og:image:width\" content=\"1200\" \/>\n\t<meta property=\"og:image:height\" content=\"675\" \/>\n\t<meta property=\"og:image:type\" content=\"image\/jpeg\" \/>\n<meta name=\"author\" content=\"Benoit Charette\" \/>\n<meta name=\"twitter:card\" content=\"summary_large_image\" \/>\n<meta name=\"twitter:creator\" content=\"@canadamotorjobs\" \/>\n<meta name=\"twitter:site\" content=\"@canadamotorjobs\" \/>\n<meta name=\"twitter:label1\" content=\"\u00c9crit par\" \/>\n\t<meta name=\"twitter:data1\" content=\"Benoit Charette\" \/>\n\t<meta name=\"twitter:label2\" content=\"Estimation du temps de lecture\" \/>\n\t<meta name=\"twitter:data2\" content=\"2 minutes\" \/>\n<!-- \/ Yoast SEO plugin. -->","yoast_head_json":{"title":"Ford r\u00e9serve de nouveau le nom Boss - CanadaMotorJobs.com","description":"Ford r\u00e9serve de nouveau le nom Boss - Benoit Charette - Annuel automobile - CanadaMotorJobs.com.","robots":{"index":"index","follow":"follow","max-snippet":"max-snippet:-1","max-image-preview":"max-image-preview:large","max-video-preview":"max-video-preview:-1"},"og_locale":"fr_CA","og_type":"article","og_title":"Ford r\u00e9serve de nouveau le nom Boss - CanadaMotorJobs.com","og_description":"Ford r\u00e9serve de nouveau le nom Boss - Benoit Charette - Annuel automobile - CanadaMotorJobs.com.","og_url":"https:\/\/news.canadamotorjobs.com\/fr\/ford-reserve-de-nouveau-le-nom-boss\/","og_site_name":"CanadaMotorJobs.com","article_publisher":"https:\/\/www.facebook.com\/canadamotorjobs\/","article_published_time":"2025-01-24T07:24:27+00:00","article_modified_time":"2025-01-24T07:30:00+00:00","og_image":[{"width":1200,"height":675,"url":"https:\/\/news.canadamotorjobs.com\/wp-content\/uploads\/2025\/01\/1969-ford-mustang-boss-302-001.jpg","type":"image\/jpeg"}],"author":"Benoit Charette","twitter_card":"summary_large_image","twitter_creator":"@canadamotorjobs","twitter_site":"@canadamotorjobs","twitter_misc":{"\u00c9crit par":"Benoit Charette","Estimation du temps de lecture":"2 minutes"},"schema":{"@context":"https:\/\/schema.org","@graph":[{"@type":"Article","@id":"https:\/\/news.canadamotorjobs.com\/fr\/ford-reserve-de-nouveau-le-nom-boss\/#article","isPartOf":{"@id":"https:\/\/news.canadamotorjobs.com\/fr\/ford-reserve-de-nouveau-le-nom-boss\/"},"author":{"name":"Benoit Charette","@id":"https:\/\/news.canadamotorjobs.com\/#\/schema\/person\/51793d1f87d44011d7bcc2ed99269a90"},"headline":"Ford r\u00e9serve de nouveau le nom Boss","datePublished":"2025-01-24T07:24:27+00:00","dateModified":"2025-01-24T07:30:00+00:00","mainEntityOfPage":{"@id":"https:\/\/news.canadamotorjobs.com\/fr\/ford-reserve-de-nouveau-le-nom-boss\/"},"wordCount":483,"publisher":{"@id":"https:\/\/news.canadamotorjobs.com\/#organization"},"image":{"@id":"https:\/\/news.canadamotorjobs.com\/fr\/ford-reserve-de-nouveau-le-nom-boss\/#primaryimage"},"thumbnailUrl":"https:\/\/news.canadamotorjobs.com\/wp-content\/uploads\/2025\/01\/1969-ford-mustang-boss-302-001.jpg","articleSection":["Annuel automobile"],"inLanguage":"fr-CA"},{"@type":"WebPage","@id":"https:\/\/news.canadamotorjobs.com\/fr\/ford-reserve-de-nouveau-le-nom-boss\/","url":"https:\/\/news.canadamotorjobs.com\/fr\/ford-reserve-de-nouveau-le-nom-boss\/","name":"Ford r\u00e9serve de nouveau le nom Boss - CanadaMotorJobs.com","isPartOf":{"@id":"https:\/\/news.canadamotorjobs.com\/#website"},"primaryImageOfPage":{"@id":"https:\/\/news.canadamotorjobs.com\/fr\/ford-reserve-de-nouveau-le-nom-boss\/#primaryimage"},"image":{"@id":"https:\/\/news.canadamotorjobs.com\/fr\/ford-reserve-de-nouveau-le-nom-boss\/#primaryimage"},"thumbnailUrl":"https:\/\/news.canadamotorjobs.com\/wp-content\/uploads\/2025\/01\/1969-ford-mustang-boss-302-001.jpg","datePublished":"2025-01-24T07:24:27+00:00","dateModified":"2025-01-24T07:30:00+00:00","description":"Ford r\u00e9serve de nouveau le nom Boss - Benoit Charette - Annuel automobile - CanadaMotorJobs.com.","breadcrumb":{"@id":"https:\/\/news.canadamotorjobs.com\/fr\/ford-reserve-de-nouveau-le-nom-boss\/#breadcrumb"},"inLanguage":"fr-CA","potentialAction":[{"@type":"ReadAction","target":["https:\/\/news.canadamotorjobs.com\/fr\/ford-reserve-de-nouveau-le-nom-boss\/"]}]},{"@type":"ImageObject","inLanguage":"fr-CA","@id":"https:\/\/news.canadamotorjobs.com\/fr\/ford-reserve-de-nouveau-le-nom-boss\/#primaryimage","url":"https:\/\/news.canadamotorjobs.com\/wp-content\/uploads\/2025\/01\/1969-ford-mustang-boss-302-001.jpg","contentUrl":"https:\/\/news.canadamotorjobs.com\/wp-content\/uploads\/2025\/01\/1969-ford-mustang-boss-302-001.jpg","width":1200,"height":675},{"@type":"BreadcrumbList","@id":"https:\/\/news.canadamotorjobs.com\/fr\/ford-reserve-de-nouveau-le-nom-boss\/#breadcrumb","itemListElement":[{"@type":"ListItem","position":1,"name":"Home","item":"https:\/\/news.canadamotorjobs.com\/fr\/blog\/"},{"@type":"ListItem","position":2,"name":"Ford r\u00e9serve de nouveau le nom Boss"}]},{"@type":"WebSite","@id":"https:\/\/news.canadamotorjobs.com\/#website","url":"https:\/\/news.canadamotorjobs.com\/","name":"CanadaMotorJobs.com","description":"Automotive Jobs","publisher":{"@id":"https:\/\/news.canadamotorjobs.com\/#organization"},"potentialAction":[{"@type":"SearchAction","target":{"@type":"EntryPoint","urlTemplate":"https:\/\/news.canadamotorjobs.com\/?s={search_term_string}"},"query-input":"required name=search_term_string"}],"inLanguage":"fr-CA"},{"@type":"Organization","@id":"https:\/\/news.canadamotorjobs.com\/#organization","name":"Canada Motor Jobs","url":"https:\/\/news.canadamotorjobs.com\/","logo":{"@type":"ImageObject","inLanguage":"fr-CA","@id":"https:\/\/news.canadamotorjobs.com\/#\/schema\/logo\/image\/","url":"https:\/\/news.canadamotorjobs.com\/wp-content\/uploads\/2022\/10\/logo-canada-motor-jobs-1.png","contentUrl":"https:\/\/news.canadamotorjobs.com\/wp-content\/uploads\/2022\/10\/logo-canada-motor-jobs-1.png","width":800,"height":400,"caption":"Canada Motor Jobs"},"image":{"@id":"https:\/\/news.canadamotorjobs.com\/#\/schema\/logo\/image\/"},"sameAs":["https:\/\/www.facebook.com\/canadamotorjobs\/","https:\/\/x.com\/canadamotorjobs","https:\/\/www.instagram.com\/canadamotorjobs\/","https:\/\/www.linkedin.com\/company\/canadamotorjobs"]},{"@type":"Person","@id":"https:\/\/news.canadamotorjobs.com\/#\/schema\/person\/51793d1f87d44011d7bcc2ed99269a90","name":"Benoit Charette","image":{"@type":"ImageObject","inLanguage":"fr-CA","@id":"https:\/\/news.canadamotorjobs.com\/#\/schema\/person\/image\/","url":"https:\/\/secure.gravatar.com\/avatar\/45f3d2eebcccd909668d7ce7ea7267b6?s=96&d=mm&r=g","contentUrl":"https:\/\/secure.gravatar.com\/avatar\/45f3d2eebcccd909668d7ce7ea7267b6?s=96&d=mm&r=g","caption":"Benoit Charette"},"description":"Benoit Charette \/ Propri\u00e9taire et r\u00e9dacteur en chef Benoit Charette pratique le journalisme automobile depuis bient\u00f4t 30 ans. Il a fait ses classes au c\u00f4t\u00e9 de Daniel H\u00e9raud et au Carnet de route de 1992 \u00e0 2001. Il est fondateur, copropri\u00e9taire et r\u00e9dacteur en chef de L\u2019Annuel de l\u2019automobile, qu\u2019il publie depuis 2001. Il a anim\u00e9 les \u00e9missions RPM et RPM+ sur V et les L\u00e9gendes de la route sur Historia. \u00c0 la radio depuis 1986, il reprend l\u2019antenne cette ann\u00e9e sur les ondes de Cogeco et participe pour la deuxi\u00e8me ann\u00e9e \u00e0 l\u2019\u00e9mission Passion Auto sur RDS en plus de mettre en ligne le site Web officiel de L\u2019Annuel de l\u2019automobile sur annuelauto.ca.","sameAs":["https:\/\/annuelauto.ca\/"],"url":"https:\/\/news.canadamotorjobs.com\/fr\/author\/benoit-charette\/"}]}},"_links":{"self":[{"href":"https:\/\/news.canadamotorjobs.com\/fr\/wp-json\/wp\/v2\/posts\/190454"}],"collection":[{"href":"https:\/\/news.canadamotorjobs.com\/fr\/wp-json\/wp\/v2\/posts"}],"about":[{"href":"https:\/\/news.canadamotorjobs.com\/fr\/wp-json\/wp\/v2\/types\/post"}],"author":[{"embeddable":true,"href":"https:\/\/news.canadamotorjobs.com\/fr\/wp-json\/wp\/v2\/users\/8"}],"replies":[{"embeddable":true,"href":"https:\/\/news.canadamotorjobs.com\/fr\/wp-json\/wp\/v2\/comments?post=190454"}],"version-history":[{"count":3,"href":"https:\/\/news.canadamotorjobs.com\/fr\/wp-json\/wp\/v2\/posts\/190454\/revisions"}],"predecessor-version":[{"id":190485,"href":"https:\/\/news.canadamotorjobs.com\/fr\/wp-json\/wp\/v2\/posts\/190454\/revisions\/190485"}],"wp:featuredmedia":[{"embeddable":true,"href":"https:\/\/news.canadamotorjobs.com\/fr\/wp-json\/wp\/v2\/media\/190456"}],"wp:attachment":[{"href":"https:\/\/news.canadamotorjobs.com\/fr\/wp-json\/wp\/v2\/media?parent=190454"}],"wp:term":[{"taxonomy":"category","embeddable":true,"href":"https:\/\/news.canadamotorjobs.com\/fr\/wp-json\/wp\/v2\/categories?post=190454"},{"taxonomy":"post_tag","embeddable":true,"href":"https:\/\/news.canadamotorjobs.com\/fr\/wp-json\/wp\/v2\/tags?post=190454"}],"curies":[{"name":"wp","href":"https:\/\/api.w.org\/{rel}","templated":true}]}}