{"id":190423,"date":"2025-01-23T08:23:55","date_gmt":"2025-01-23T13:23:55","guid":{"rendered":"https:\/\/news.canadamotorjobs.com\/?p=190423"},"modified":"2025-01-23T08:29:10","modified_gmt":"2025-01-23T13:29:10","slug":"ram-confirme-la-production-dun-nouveau-pick-up-intermediaire-pour-2027","status":"publish","type":"post","link":"https:\/\/news.canadamotorjobs.com\/fr\/ram-confirme-la-production-dun-nouveau-pick-up-intermediaire-pour-2027\/","title":{"rendered":"Ram confirme la production d\u2019un nouveau pick-up interm\u00e9diaire pour 2027"},"content":{"rendered":"<\/p>\n<p>Apr\u00e8s des ann\u00e9es de rumeurs, Ram a confirm\u00e9 la production d\u2019un <strong>nouveau pick-up interm\u00e9diaire<\/strong> pr\u00e9vu pour 2027. Cette nouvelle provient d\u2019un m\u00e9mo interne du <strong>United Auto Workers (UAW)<\/strong> divulgu\u00e9 par <em>Automotive News<\/em>. Le mod\u00e8le sera fabriqu\u00e9 \u00e0 l\u2019usine de Belvidere, en Illinois, actuellement mise en pause.<\/p>\n<p>Ce v\u00e9hicule vient r\u00e9pondre \u00e0 un besoin strat\u00e9gique dans la gamme Ram, face \u00e0 des concurrents \u00e9tablis comme le <strong>Ford Ranger<\/strong> et le <strong>Toyota Tacoma<\/strong>. La relance de l\u2019usine cr\u00e9era environ <strong>1 500 emplois<\/strong>, permettant aux employ\u00e9s syndiqu\u00e9s UAW de reprendre le travail.<\/p>\n<h3>Un projet ambitieux pour Stellantis<\/h3>\n<p>\nLe m\u00e9mo r\u00e9v\u00e8le plusieurs annonces importantes de Stellantis :<\/p>\n<ul><\/p>\n<li><strong>Pick-up interm\u00e9diaire Ram<\/strong> : Production \u00e0 Belvidere d\u00e8s 2027.<\/li>\n<p><\/p>\n<li><strong>Nouveau Dodge Durango<\/strong> : Assembl\u00e9 au complexe de Detroit.<\/li>\n<p><\/p>\n<li><strong>Investissements \u00e0 Toledo, Ohio<\/strong> : Am\u00e9liorations pour les Jeep Wrangler et Gladiator.<\/li>\n<p><\/p>\n<li><strong>Kokomo, Indiana<\/strong> : D\u00e9veloppement du moteur GME-T4 Evo pour Jeep et Alfa Romeo.<\/li>\n<p>\n<\/ul>\n<p>\nL&#8217;usine de Belvidere, autrefois d\u00e9di\u00e9e \u00e0 l\u2019assemblage du Jeep Cherokee, avait cess\u00e9 ses activit\u00e9s en f\u00e9vrier 2023 pour des r\u00e9novations en vue de produire des camions \u00e9lectriques. Cependant, face \u00e0 une demande d\u2019EV plus faible qu\u2019esp\u00e9r\u00e9 et des changements dans l\u2019administration politique, Stellantis a r\u00e9orient\u00e9 ses priorit\u00e9s.<\/p>\n<h3>Une strat\u00e9gie tourn\u00e9e vers le march\u00e9 am\u00e9ricain<\/h3>\n<p>\nCe pick-up interm\u00e9diaire marque un tournant pour Ram. Bien que le mod\u00e8le Rampage soit d\u00e9j\u00e0 produit au Br\u00e9sil, sa possible arriv\u00e9e sur le march\u00e9 am\u00e9ricain semble imminente. Des prototypes de la Ram Rampage ont d&#8217;ailleurs \u00e9t\u00e9 aper\u00e7us en test au Colorado.<\/p>\n<p>Avec cette annonce, Ram s\u2019appr\u00eate \u00e0 relancer la <strong>Dakota<\/strong> ou une nouvelle gamme con\u00e7ue sp\u00e9cifiquement pour les \u00c9tats-Unis.<\/p>\n<h3>Conclusion<\/h3>\n<p>\nStellantis mise sur ce projet pour revitaliser sa pr\u00e9sence dans le segment des pick-up interm\u00e9diaires, en alignant sa strat\u00e9gie sur les attentes des consommateurs am\u00e9ricains et en renfor\u00e7ant l\u2019industrie locale.<\/p>\n<p>Avec des renseignements d&#8217;Automotive News<\/p>\n<p>Le texte <a rel=\"nofollow\" href=\"https:\/\/annuelauto.ca\/ram-pickup-intermediaire-2027\/\">Ram confirme la production d\u2019un nouveau pick-up interm\u00e9diaire pour 2027<\/a> provient de <a rel=\"nofollow\" href=\"https:\/\/annuelauto.ca\">L&#8217;annuel de l&#8217;automobile &#8211; Actualit\u00e9 automobile<\/a><\/p>\n<p><\/p>\n","protected":false},"excerpt":{"rendered":"<p>Apr\u00e8s des ann\u00e9es de rumeurs, Ram a confirm\u00e9 la production d\u2019un nouveau pick-up interm\u00e9diaire pr\u00e9vu pour 2027. Cette nouvelle provient d\u2019un m\u00e9mo interne du United Auto Workers (UAW) divulgu\u00e9 par Automotive News. Le mod\u00e8le sera fabriqu\u00e9 \u00e0 l\u2019usine de Belvidere, en Illinois, actuellement mise en pause. Ce v\u00e9hicule vient r\u00e9pondre \u00e0 un besoin strat\u00e9gique dans [&hellip;]<\/p>\n","protected":false},"author":8,"featured_media":190425,"comment_status":"close","ping_status":"closed","sticky":false,"template":"","format":"standard","meta":{"_monsterinsights_skip_tracking":false,"_monsterinsights_sitenote_active":false,"_monsterinsights_sitenote_note":"","_monsterinsights_sitenote_category":0,"footnotes":""},"categories":[101],"tags":[],"yoast_head":"<!-- This site is optimized with the Yoast SEO plugin v23.2 - https:\/\/yoast.com\/wordpress\/plugins\/seo\/ -->\n<title>Ram confirme la production d\u2019un nouveau pick-up interm\u00e9diaire pour 2027 - CanadaMotorJobs.com<\/title>\n<meta name=\"description\" content=\"Ram confirme la production d\u2019un nouveau pick-up interm\u00e9diaire pour 2027 - Benoit Charette - Annuel automobile - CanadaMotorJobs.com.\" \/>\n<meta name=\"robots\" content=\"index, follow, max-snippet:-1, max-image-preview:large, max-video-preview:-1\" \/>\n<meta property=\"og:locale\" content=\"fr_CA\" \/>\n<meta property=\"og:type\" content=\"article\" \/>\n<meta property=\"og:title\" content=\"Ram confirme la production d\u2019un nouveau pick-up interm\u00e9diaire pour 2027 - CanadaMotorJobs.com\" \/>\n<meta property=\"og:description\" content=\"Ram confirme la production d\u2019un nouveau pick-up interm\u00e9diaire pour 2027 - Benoit Charette - Annuel automobile - CanadaMotorJobs.com.\" \/>\n<meta property=\"og:url\" content=\"https:\/\/news.canadamotorjobs.com\/fr\/ram-confirme-la-production-dun-nouveau-pick-up-intermediaire-pour-2027\/\" \/>\n<meta property=\"og:site_name\" content=\"CanadaMotorJobs.com\" \/>\n<meta property=\"article:publisher\" content=\"https:\/\/www.facebook.com\/canadamotorjobs\/\" \/>\n<meta property=\"article:published_time\" content=\"2025-01-23T13:23:55+00:00\" \/>\n<meta property=\"article:modified_time\" content=\"2025-01-23T13:29:10+00:00\" \/>\n<meta property=\"og:image\" content=\"https:\/\/news.canadamotorjobs.com\/wp-content\/uploads\/2025\/01\/ram-rampage-rebel-102-6493213096203.jpg\" \/>\n\t<meta property=\"og:image:width\" content=\"2250\" \/>\n\t<meta property=\"og:image:height\" content=\"1500\" \/>\n\t<meta property=\"og:image:type\" content=\"image\/jpeg\" \/>\n<meta name=\"author\" content=\"Benoit Charette\" \/>\n<meta name=\"twitter:card\" content=\"summary_large_image\" \/>\n<meta name=\"twitter:creator\" content=\"@canadamotorjobs\" \/>\n<meta name=\"twitter:site\" content=\"@canadamotorjobs\" \/>\n<meta name=\"twitter:label1\" content=\"\u00c9crit par\" \/>\n\t<meta name=\"twitter:data1\" content=\"Benoit Charette\" \/>\n\t<meta name=\"twitter:label2\" content=\"Estimation du temps de lecture\" \/>\n\t<meta name=\"twitter:data2\" content=\"2 minutes\" \/>\n<!-- \/ Yoast SEO plugin. -->","yoast_head_json":{"title":"Ram confirme la production d\u2019un nouveau pick-up interm\u00e9diaire pour 2027 - CanadaMotorJobs.com","description":"Ram confirme la production d\u2019un nouveau pick-up interm\u00e9diaire pour 2027 - Benoit Charette - Annuel automobile - CanadaMotorJobs.com.","robots":{"index":"index","follow":"follow","max-snippet":"max-snippet:-1","max-image-preview":"max-image-preview:large","max-video-preview":"max-video-preview:-1"},"og_locale":"fr_CA","og_type":"article","og_title":"Ram confirme la production d\u2019un nouveau pick-up interm\u00e9diaire pour 2027 - CanadaMotorJobs.com","og_description":"Ram confirme la production d\u2019un nouveau pick-up interm\u00e9diaire pour 2027 - Benoit Charette - Annuel automobile - CanadaMotorJobs.com.","og_url":"https:\/\/news.canadamotorjobs.com\/fr\/ram-confirme-la-production-dun-nouveau-pick-up-intermediaire-pour-2027\/","og_site_name":"CanadaMotorJobs.com","article_publisher":"https:\/\/www.facebook.com\/canadamotorjobs\/","article_published_time":"2025-01-23T13:23:55+00:00","article_modified_time":"2025-01-23T13:29:10+00:00","og_image":[{"width":2250,"height":1500,"url":"https:\/\/news.canadamotorjobs.com\/wp-content\/uploads\/2025\/01\/ram-rampage-rebel-102-6493213096203.jpg","type":"image\/jpeg"}],"author":"Benoit Charette","twitter_card":"summary_large_image","twitter_creator":"@canadamotorjobs","twitter_site":"@canadamotorjobs","twitter_misc":{"\u00c9crit par":"Benoit Charette","Estimation du temps de lecture":"2 minutes"},"schema":{"@context":"https:\/\/schema.org","@graph":[{"@type":"Article","@id":"https:\/\/news.canadamotorjobs.com\/fr\/ram-confirme-la-production-dun-nouveau-pick-up-intermediaire-pour-2027\/#article","isPartOf":{"@id":"https:\/\/news.canadamotorjobs.com\/fr\/ram-confirme-la-production-dun-nouveau-pick-up-intermediaire-pour-2027\/"},"author":{"name":"Benoit Charette","@id":"https:\/\/news.canadamotorjobs.com\/#\/schema\/person\/51793d1f87d44011d7bcc2ed99269a90"},"headline":"Ram confirme la production d\u2019un nouveau pick-up interm\u00e9diaire pour 2027","datePublished":"2025-01-23T13:23:55+00:00","dateModified":"2025-01-23T13:29:10+00:00","mainEntityOfPage":{"@id":"https:\/\/news.canadamotorjobs.com\/fr\/ram-confirme-la-production-dun-nouveau-pick-up-intermediaire-pour-2027\/"},"wordCount":368,"publisher":{"@id":"https:\/\/news.canadamotorjobs.com\/#organization"},"image":{"@id":"https:\/\/news.canadamotorjobs.com\/fr\/ram-confirme-la-production-dun-nouveau-pick-up-intermediaire-pour-2027\/#primaryimage"},"thumbnailUrl":"https:\/\/news.canadamotorjobs.com\/wp-content\/uploads\/2025\/01\/ram-rampage-rebel-102-6493213096203.jpg","articleSection":["Annuel automobile"],"inLanguage":"fr-CA"},{"@type":"WebPage","@id":"https:\/\/news.canadamotorjobs.com\/fr\/ram-confirme-la-production-dun-nouveau-pick-up-intermediaire-pour-2027\/","url":"https:\/\/news.canadamotorjobs.com\/fr\/ram-confirme-la-production-dun-nouveau-pick-up-intermediaire-pour-2027\/","name":"Ram confirme la production d\u2019un nouveau pick-up interm\u00e9diaire pour 2027 - CanadaMotorJobs.com","isPartOf":{"@id":"https:\/\/news.canadamotorjobs.com\/#website"},"primaryImageOfPage":{"@id":"https:\/\/news.canadamotorjobs.com\/fr\/ram-confirme-la-production-dun-nouveau-pick-up-intermediaire-pour-2027\/#primaryimage"},"image":{"@id":"https:\/\/news.canadamotorjobs.com\/fr\/ram-confirme-la-production-dun-nouveau-pick-up-intermediaire-pour-2027\/#primaryimage"},"thumbnailUrl":"https:\/\/news.canadamotorjobs.com\/wp-content\/uploads\/2025\/01\/ram-rampage-rebel-102-6493213096203.jpg","datePublished":"2025-01-23T13:23:55+00:00","dateModified":"2025-01-23T13:29:10+00:00","description":"Ram confirme la production d\u2019un nouveau pick-up interm\u00e9diaire pour 2027 - Benoit Charette - Annuel automobile - CanadaMotorJobs.com.","breadcrumb":{"@id":"https:\/\/news.canadamotorjobs.com\/fr\/ram-confirme-la-production-dun-nouveau-pick-up-intermediaire-pour-2027\/#breadcrumb"},"inLanguage":"fr-CA","potentialAction":[{"@type":"ReadAction","target":["https:\/\/news.canadamotorjobs.com\/fr\/ram-confirme-la-production-dun-nouveau-pick-up-intermediaire-pour-2027\/"]}]},{"@type":"ImageObject","inLanguage":"fr-CA","@id":"https:\/\/news.canadamotorjobs.com\/fr\/ram-confirme-la-production-dun-nouveau-pick-up-intermediaire-pour-2027\/#primaryimage","url":"https:\/\/news.canadamotorjobs.com\/wp-content\/uploads\/2025\/01\/ram-rampage-rebel-102-6493213096203.jpg","contentUrl":"https:\/\/news.canadamotorjobs.com\/wp-content\/uploads\/2025\/01\/ram-rampage-rebel-102-6493213096203.jpg","width":2250,"height":1500},{"@type":"BreadcrumbList","@id":"https:\/\/news.canadamotorjobs.com\/fr\/ram-confirme-la-production-dun-nouveau-pick-up-intermediaire-pour-2027\/#breadcrumb","itemListElement":[{"@type":"ListItem","position":1,"name":"Home","item":"https:\/\/news.canadamotorjobs.com\/fr\/blog\/"},{"@type":"ListItem","position":2,"name":"Ram confirme la production d\u2019un nouveau pick-up interm\u00e9diaire pour 2027"}]},{"@type":"WebSite","@id":"https:\/\/news.canadamotorjobs.com\/#website","url":"https:\/\/news.canadamotorjobs.com\/","name":"CanadaMotorJobs.com","description":"Automotive Jobs","publisher":{"@id":"https:\/\/news.canadamotorjobs.com\/#organization"},"potentialAction":[{"@type":"SearchAction","target":{"@type":"EntryPoint","urlTemplate":"https:\/\/news.canadamotorjobs.com\/?s={search_term_string}"},"query-input":"required name=search_term_string"}],"inLanguage":"fr-CA"},{"@type":"Organization","@id":"https:\/\/news.canadamotorjobs.com\/#organization","name":"Canada Motor Jobs","url":"https:\/\/news.canadamotorjobs.com\/","logo":{"@type":"ImageObject","inLanguage":"fr-CA","@id":"https:\/\/news.canadamotorjobs.com\/#\/schema\/logo\/image\/","url":"https:\/\/news.canadamotorjobs.com\/wp-content\/uploads\/2022\/10\/logo-canada-motor-jobs-1.png","contentUrl":"https:\/\/news.canadamotorjobs.com\/wp-content\/uploads\/2022\/10\/logo-canada-motor-jobs-1.png","width":800,"height":400,"caption":"Canada Motor Jobs"},"image":{"@id":"https:\/\/news.canadamotorjobs.com\/#\/schema\/logo\/image\/"},"sameAs":["https:\/\/www.facebook.com\/canadamotorjobs\/","https:\/\/x.com\/canadamotorjobs","https:\/\/www.instagram.com\/canadamotorjobs\/","https:\/\/www.linkedin.com\/company\/canadamotorjobs"]},{"@type":"Person","@id":"https:\/\/news.canadamotorjobs.com\/#\/schema\/person\/51793d1f87d44011d7bcc2ed99269a90","name":"Benoit Charette","image":{"@type":"ImageObject","inLanguage":"fr-CA","@id":"https:\/\/news.canadamotorjobs.com\/#\/schema\/person\/image\/","url":"https:\/\/secure.gravatar.com\/avatar\/45f3d2eebcccd909668d7ce7ea7267b6?s=96&d=mm&r=g","contentUrl":"https:\/\/secure.gravatar.com\/avatar\/45f3d2eebcccd909668d7ce7ea7267b6?s=96&d=mm&r=g","caption":"Benoit Charette"},"description":"Benoit Charette \/ Propri\u00e9taire et r\u00e9dacteur en chef Benoit Charette pratique le journalisme automobile depuis bient\u00f4t 30 ans. Il a fait ses classes au c\u00f4t\u00e9 de Daniel H\u00e9raud et au Carnet de route de 1992 \u00e0 2001. Il est fondateur, copropri\u00e9taire et r\u00e9dacteur en chef de L\u2019Annuel de l\u2019automobile, qu\u2019il publie depuis 2001. Il a anim\u00e9 les \u00e9missions RPM et RPM+ sur V et les L\u00e9gendes de la route sur Historia. \u00c0 la radio depuis 1986, il reprend l\u2019antenne cette ann\u00e9e sur les ondes de Cogeco et participe pour la deuxi\u00e8me ann\u00e9e \u00e0 l\u2019\u00e9mission Passion Auto sur RDS en plus de mettre en ligne le site Web officiel de L\u2019Annuel de l\u2019automobile sur annuelauto.ca.","sameAs":["https:\/\/annuelauto.ca\/"],"url":"https:\/\/news.canadamotorjobs.com\/fr\/author\/benoit-charette\/"}]}},"_links":{"self":[{"href":"https:\/\/news.canadamotorjobs.com\/fr\/wp-json\/wp\/v2\/posts\/190423"}],"collection":[{"href":"https:\/\/news.canadamotorjobs.com\/fr\/wp-json\/wp\/v2\/posts"}],"about":[{"href":"https:\/\/news.canadamotorjobs.com\/fr\/wp-json\/wp\/v2\/types\/post"}],"author":[{"embeddable":true,"href":"https:\/\/news.canadamotorjobs.com\/fr\/wp-json\/wp\/v2\/users\/8"}],"replies":[{"embeddable":true,"href":"https:\/\/news.canadamotorjobs.com\/fr\/wp-json\/wp\/v2\/comments?post=190423"}],"version-history":[{"count":2,"href":"https:\/\/news.canadamotorjobs.com\/fr\/wp-json\/wp\/v2\/posts\/190423\/revisions"}],"predecessor-version":[{"id":190427,"href":"https:\/\/news.canadamotorjobs.com\/fr\/wp-json\/wp\/v2\/posts\/190423\/revisions\/190427"}],"wp:featuredmedia":[{"embeddable":true,"href":"https:\/\/news.canadamotorjobs.com\/fr\/wp-json\/wp\/v2\/media\/190425"}],"wp:attachment":[{"href":"https:\/\/news.canadamotorjobs.com\/fr\/wp-json\/wp\/v2\/media?parent=190423"}],"wp:term":[{"taxonomy":"category","embeddable":true,"href":"https:\/\/news.canadamotorjobs.com\/fr\/wp-json\/wp\/v2\/categories?post=190423"},{"taxonomy":"post_tag","embeddable":true,"href":"https:\/\/news.canadamotorjobs.com\/fr\/wp-json\/wp\/v2\/tags?post=190423"}],"curies":[{"name":"wp","href":"https:\/\/api.w.org\/{rel}","templated":true}]}}