{"id":190376,"date":"2025-01-23T02:25:40","date_gmt":"2025-01-23T07:25:40","guid":{"rendered":"https:\/\/news.canadamotorjobs.com\/?p=190376"},"modified":"2025-01-23T02:29:41","modified_gmt":"2025-01-23T07:29:41","slug":"citroen-veut-reinventer-sa-2cv-pour-lere-electrique","status":"publish","type":"post","link":"https:\/\/news.canadamotorjobs.com\/fr\/citroen-veut-reinventer-sa-2cv-pour-lere-electrique\/","title":{"rendered":"Citro\u00ebn veut r\u00e9inventer sa 2CV pour l&#8217;\u00e8re \u00e9lectrique"},"content":{"rendered":"<\/p>\n<p>Apr\u00e8s des d\u00e9cennies d\u2019absence, Citro\u00ebn pr\u00e9voit de faire rena\u00eetre sa l\u00e9gendaire 2CV, cette fois en version \u00e9lectrique. Selon Autocar, la marque travaille sur un projet visant \u00e0 moderniser l\u2019iconique \u00ab deux-chevaux \u00bb en la transformant en une voiture \u00e9lectrique abordable, pr\u00eate \u00e0 rivaliser avec des mod\u00e8les comme la Dacia Spring.<\/p>\n<p>Ce lancement serait pr\u00e9vu pour 2028, marquant ainsi le 80e anniversaire de ce symbole automobile.<\/p>\n<p><strong>Pourquoi maintenant ? Le r\u00f4le de la Renault 5 EV<\/strong><\/p>\n<p>Le succ\u00e8s de la Renault 5 EV, avec son design r\u00e9tro et son prix attractif, semble avoir incit\u00e9 Stellantis, maison m\u00e8re de Citro\u00ebn, \u00e0 revoir sa strat\u00e9gie. La Renault 5 a non seulement s\u00e9duit un large public en France, mais elle a \u00e9galement \u00e9t\u00e9 couronn\u00e9e comme Voiture europ\u00e9enne de l\u2019ann\u00e9e, surpassant la Citro\u00ebn e-C3.<\/p>\n<p>Le projet de 2CV \u00e9lectrique, bien qu\u2019\u00e0 ses d\u00e9buts, pourrait utiliser la plateforme Stellantis Smart Car, d\u00e9j\u00e0 exploit\u00e9e sur l\u2019e-C3 et d\u2019autres mod\u00e8les compacts comme la Fiat Grande Punto. Mais cette nouvelle version se d\u00e9marquera par des \u00e9l\u00e9ments de design rappelant son anc\u00eatre : les phares en forme d\u2019yeux d\u2019insecte, une ligne de toit arrondie et peut-\u00eatre m\u00eame des roues arri\u00e8re cach\u00e9es sous des ailes couvertes.<\/p>\n<p><\/p>\n<figure><img decoding=\"async\" src=\"https:\/\/news.canadamotorjobs.com\/wp-content\/uploads\/2025\/01\/citroen_2cv_azam_1963-5.jpg\" alt=\"La Citro\u00ebn 2CV 1963\" \/><figcaption>La Citro\u00ebn 2CV 1963 | Auto123.com<\/figcaption><\/figure>\n<p><strong>La \u00ab deux-chevaux \u00bb : une histoire d\u2019amour<\/strong><\/p>\n<p>Entre 1948 et 1990, plus de 3,8 millions de 2CV ont \u00e9t\u00e9 produites, le mod\u00e8le devenant un symbole universellement reconnu pour son charme et sa simplicit\u00e9. Pourtant, contrairement \u00e0 des produits comme la Mini, la Fiat 500 ou encore la Volkswagen Beetle, la 2CV n\u2019a jamais eu droit \u00e0 une renaissance r\u00e9tro au tournant des ann\u00e9es 2000.<\/p>\n<p>En 2019, Citro\u00ebn avait pourtant affirm\u00e9 qu\u2019un retour de la 2CV n\u2019\u00e9tait pas \u00e0 l\u2019ordre du jour. Le changement de cap souligne l\u2019importance de rester comp\u00e9titif face \u00e0 des rivaux comme Renault, en tirant profit sur la nostalgie et l\u2019accessibilit\u00e9.<\/p>\n<p><strong>Une version utilitaire pour s\u00e9duire<\/strong><\/p>\n<p>En plus de sa version classique, le projet pourrait inclure une d\u00e9clinaison utilitaire, inspir\u00e9e de l\u2019ancienne fourgonnette 2CV. Une telle offre viserait \u00e0 int\u00e9resser les professionnels, un segment strat\u00e9gique o\u00f9 Citro\u00ebn pourrait se d\u00e9marquer gr\u00e2ce \u00e0 un design unique et des co\u00fbts op\u00e9rationnels r\u00e9duits.<\/p>\n<p><\/p>\n<p style=\"padding-top: 15px\">Contenu original de <a href=\"https:\/\/www.auto123.com\/fr\/actualites\/citroen-2cv-retour-electrique\/72310\/\">auto123<\/a>.<\/p>\n<p>Le texte <a rel=\"nofollow\" href=\"https:\/\/annuelauto.ca\/citroen-veut-reinventer-sa-2cv-pour-lere-electrique\/\">Citro\u00ebn veut r\u00e9inventer sa 2CV pour l&#8217;\u00e8re \u00e9lectrique<\/a> provient de <a rel=\"nofollow\" href=\"https:\/\/annuelauto.ca\">L&#8217;annuel de l&#8217;automobile &#8211; Actualit\u00e9 automobile<\/a><\/p>\n<p><\/p>\n","protected":false},"excerpt":{"rendered":"<p>Apr\u00e8s des d\u00e9cennies d\u2019absence, Citro\u00ebn pr\u00e9voit de faire rena\u00eetre sa l\u00e9gendaire 2CV, cette fois en version \u00e9lectrique. Selon Autocar, la marque travaille sur un projet visant \u00e0 moderniser l\u2019iconique \u00ab deux-chevaux \u00bb en la transformant en une voiture \u00e9lectrique abordable, pr\u00eate \u00e0 rivaliser avec des mod\u00e8les comme la Dacia Spring. Ce lancement serait pr\u00e9vu pour [&hellip;]<\/p>\n","protected":false},"author":8,"featured_media":190378,"comment_status":"close","ping_status":"closed","sticky":false,"template":"","format":"standard","meta":{"_monsterinsights_skip_tracking":false,"_monsterinsights_sitenote_active":false,"_monsterinsights_sitenote_note":"","_monsterinsights_sitenote_category":0,"footnotes":""},"categories":[101],"tags":[],"yoast_head":"<!-- This site is optimized with the Yoast SEO plugin v23.2 - https:\/\/yoast.com\/wordpress\/plugins\/seo\/ -->\n<title>Citro\u00ebn veut r\u00e9inventer sa 2CV pour l&#039;\u00e8re \u00e9lectrique - CanadaMotorJobs.com<\/title>\n<meta name=\"description\" content=\"Citro\u00ebn veut r\u00e9inventer sa 2CV pour l&#039;\u00e8re \u00e9lectrique - Benoit Charette - Annuel automobile - CanadaMotorJobs.com.\" \/>\n<meta name=\"robots\" content=\"index, follow, max-snippet:-1, max-image-preview:large, max-video-preview:-1\" \/>\n<meta property=\"og:locale\" content=\"fr_CA\" \/>\n<meta property=\"og:type\" content=\"article\" \/>\n<meta property=\"og:title\" content=\"Citro\u00ebn veut r\u00e9inventer sa 2CV pour l&#039;\u00e8re \u00e9lectrique - CanadaMotorJobs.com\" \/>\n<meta property=\"og:description\" content=\"Citro\u00ebn veut r\u00e9inventer sa 2CV pour l&#039;\u00e8re \u00e9lectrique - Benoit Charette - Annuel automobile - CanadaMotorJobs.com.\" \/>\n<meta property=\"og:url\" content=\"https:\/\/news.canadamotorjobs.com\/fr\/citroen-veut-reinventer-sa-2cv-pour-lere-electrique\/\" \/>\n<meta property=\"og:site_name\" content=\"CanadaMotorJobs.com\" \/>\n<meta property=\"article:publisher\" content=\"https:\/\/www.facebook.com\/canadamotorjobs\/\" \/>\n<meta property=\"article:published_time\" content=\"2025-01-23T07:25:40+00:00\" \/>\n<meta property=\"article:modified_time\" content=\"2025-01-23T07:29:41+00:00\" \/>\n<meta property=\"og:image\" content=\"https:\/\/news.canadamotorjobs.com\/wp-content\/uploads\/2025\/01\/citroen_2cv_azam_1963.jpg\" \/>\n\t<meta property=\"og:image:width\" content=\"1200\" \/>\n\t<meta property=\"og:image:height\" content=\"802\" \/>\n\t<meta property=\"og:image:type\" content=\"image\/jpeg\" \/>\n<meta name=\"author\" content=\"Benoit Charette\" \/>\n<meta name=\"twitter:card\" content=\"summary_large_image\" \/>\n<meta name=\"twitter:creator\" content=\"@canadamotorjobs\" \/>\n<meta name=\"twitter:site\" content=\"@canadamotorjobs\" \/>\n<meta name=\"twitter:label1\" content=\"\u00c9crit par\" \/>\n\t<meta name=\"twitter:data1\" content=\"Benoit Charette\" \/>\n\t<meta name=\"twitter:label2\" content=\"Estimation du temps de lecture\" \/>\n\t<meta name=\"twitter:data2\" content=\"2 minutes\" \/>\n<!-- \/ Yoast SEO plugin. -->","yoast_head_json":{"title":"Citro\u00ebn veut r\u00e9inventer sa 2CV pour l'\u00e8re \u00e9lectrique - CanadaMotorJobs.com","description":"Citro\u00ebn veut r\u00e9inventer sa 2CV pour l'\u00e8re \u00e9lectrique - Benoit Charette - Annuel automobile - CanadaMotorJobs.com.","robots":{"index":"index","follow":"follow","max-snippet":"max-snippet:-1","max-image-preview":"max-image-preview:large","max-video-preview":"max-video-preview:-1"},"og_locale":"fr_CA","og_type":"article","og_title":"Citro\u00ebn veut r\u00e9inventer sa 2CV pour l'\u00e8re \u00e9lectrique - CanadaMotorJobs.com","og_description":"Citro\u00ebn veut r\u00e9inventer sa 2CV pour l'\u00e8re \u00e9lectrique - Benoit Charette - Annuel automobile - CanadaMotorJobs.com.","og_url":"https:\/\/news.canadamotorjobs.com\/fr\/citroen-veut-reinventer-sa-2cv-pour-lere-electrique\/","og_site_name":"CanadaMotorJobs.com","article_publisher":"https:\/\/www.facebook.com\/canadamotorjobs\/","article_published_time":"2025-01-23T07:25:40+00:00","article_modified_time":"2025-01-23T07:29:41+00:00","og_image":[{"width":1200,"height":802,"url":"https:\/\/news.canadamotorjobs.com\/wp-content\/uploads\/2025\/01\/citroen_2cv_azam_1963.jpg","type":"image\/jpeg"}],"author":"Benoit Charette","twitter_card":"summary_large_image","twitter_creator":"@canadamotorjobs","twitter_site":"@canadamotorjobs","twitter_misc":{"\u00c9crit par":"Benoit Charette","Estimation du temps de lecture":"2 minutes"},"schema":{"@context":"https:\/\/schema.org","@graph":[{"@type":"Article","@id":"https:\/\/news.canadamotorjobs.com\/fr\/citroen-veut-reinventer-sa-2cv-pour-lere-electrique\/#article","isPartOf":{"@id":"https:\/\/news.canadamotorjobs.com\/fr\/citroen-veut-reinventer-sa-2cv-pour-lere-electrique\/"},"author":{"name":"Benoit Charette","@id":"https:\/\/news.canadamotorjobs.com\/#\/schema\/person\/51793d1f87d44011d7bcc2ed99269a90"},"headline":"Citro\u00ebn veut r\u00e9inventer sa 2CV pour l&#8217;\u00e8re \u00e9lectrique","datePublished":"2025-01-23T07:25:40+00:00","dateModified":"2025-01-23T07:29:41+00:00","mainEntityOfPage":{"@id":"https:\/\/news.canadamotorjobs.com\/fr\/citroen-veut-reinventer-sa-2cv-pour-lere-electrique\/"},"wordCount":429,"publisher":{"@id":"https:\/\/news.canadamotorjobs.com\/#organization"},"image":{"@id":"https:\/\/news.canadamotorjobs.com\/fr\/citroen-veut-reinventer-sa-2cv-pour-lere-electrique\/#primaryimage"},"thumbnailUrl":"https:\/\/news.canadamotorjobs.com\/wp-content\/uploads\/2025\/01\/citroen_2cv_azam_1963.jpg","articleSection":["Annuel automobile"],"inLanguage":"fr-CA"},{"@type":"WebPage","@id":"https:\/\/news.canadamotorjobs.com\/fr\/citroen-veut-reinventer-sa-2cv-pour-lere-electrique\/","url":"https:\/\/news.canadamotorjobs.com\/fr\/citroen-veut-reinventer-sa-2cv-pour-lere-electrique\/","name":"Citro\u00ebn veut r\u00e9inventer sa 2CV pour l'\u00e8re \u00e9lectrique - CanadaMotorJobs.com","isPartOf":{"@id":"https:\/\/news.canadamotorjobs.com\/#website"},"primaryImageOfPage":{"@id":"https:\/\/news.canadamotorjobs.com\/fr\/citroen-veut-reinventer-sa-2cv-pour-lere-electrique\/#primaryimage"},"image":{"@id":"https:\/\/news.canadamotorjobs.com\/fr\/citroen-veut-reinventer-sa-2cv-pour-lere-electrique\/#primaryimage"},"thumbnailUrl":"https:\/\/news.canadamotorjobs.com\/wp-content\/uploads\/2025\/01\/citroen_2cv_azam_1963.jpg","datePublished":"2025-01-23T07:25:40+00:00","dateModified":"2025-01-23T07:29:41+00:00","description":"Citro\u00ebn veut r\u00e9inventer sa 2CV pour l'\u00e8re \u00e9lectrique - Benoit Charette - Annuel automobile - CanadaMotorJobs.com.","breadcrumb":{"@id":"https:\/\/news.canadamotorjobs.com\/fr\/citroen-veut-reinventer-sa-2cv-pour-lere-electrique\/#breadcrumb"},"inLanguage":"fr-CA","potentialAction":[{"@type":"ReadAction","target":["https:\/\/news.canadamotorjobs.com\/fr\/citroen-veut-reinventer-sa-2cv-pour-lere-electrique\/"]}]},{"@type":"ImageObject","inLanguage":"fr-CA","@id":"https:\/\/news.canadamotorjobs.com\/fr\/citroen-veut-reinventer-sa-2cv-pour-lere-electrique\/#primaryimage","url":"https:\/\/news.canadamotorjobs.com\/wp-content\/uploads\/2025\/01\/citroen_2cv_azam_1963.jpg","contentUrl":"https:\/\/news.canadamotorjobs.com\/wp-content\/uploads\/2025\/01\/citroen_2cv_azam_1963.jpg","width":1200,"height":802},{"@type":"BreadcrumbList","@id":"https:\/\/news.canadamotorjobs.com\/fr\/citroen-veut-reinventer-sa-2cv-pour-lere-electrique\/#breadcrumb","itemListElement":[{"@type":"ListItem","position":1,"name":"Home","item":"https:\/\/news.canadamotorjobs.com\/fr\/blog\/"},{"@type":"ListItem","position":2,"name":"Citro\u00ebn veut r\u00e9inventer sa 2CV pour l&#8217;\u00e8re \u00e9lectrique"}]},{"@type":"WebSite","@id":"https:\/\/news.canadamotorjobs.com\/#website","url":"https:\/\/news.canadamotorjobs.com\/","name":"CanadaMotorJobs.com","description":"Automotive Jobs","publisher":{"@id":"https:\/\/news.canadamotorjobs.com\/#organization"},"potentialAction":[{"@type":"SearchAction","target":{"@type":"EntryPoint","urlTemplate":"https:\/\/news.canadamotorjobs.com\/?s={search_term_string}"},"query-input":"required name=search_term_string"}],"inLanguage":"fr-CA"},{"@type":"Organization","@id":"https:\/\/news.canadamotorjobs.com\/#organization","name":"Canada Motor Jobs","url":"https:\/\/news.canadamotorjobs.com\/","logo":{"@type":"ImageObject","inLanguage":"fr-CA","@id":"https:\/\/news.canadamotorjobs.com\/#\/schema\/logo\/image\/","url":"https:\/\/news.canadamotorjobs.com\/wp-content\/uploads\/2022\/10\/logo-canada-motor-jobs-1.png","contentUrl":"https:\/\/news.canadamotorjobs.com\/wp-content\/uploads\/2022\/10\/logo-canada-motor-jobs-1.png","width":800,"height":400,"caption":"Canada Motor Jobs"},"image":{"@id":"https:\/\/news.canadamotorjobs.com\/#\/schema\/logo\/image\/"},"sameAs":["https:\/\/www.facebook.com\/canadamotorjobs\/","https:\/\/x.com\/canadamotorjobs","https:\/\/www.instagram.com\/canadamotorjobs\/","https:\/\/www.linkedin.com\/company\/canadamotorjobs"]},{"@type":"Person","@id":"https:\/\/news.canadamotorjobs.com\/#\/schema\/person\/51793d1f87d44011d7bcc2ed99269a90","name":"Benoit Charette","image":{"@type":"ImageObject","inLanguage":"fr-CA","@id":"https:\/\/news.canadamotorjobs.com\/#\/schema\/person\/image\/","url":"https:\/\/secure.gravatar.com\/avatar\/45f3d2eebcccd909668d7ce7ea7267b6?s=96&d=mm&r=g","contentUrl":"https:\/\/secure.gravatar.com\/avatar\/45f3d2eebcccd909668d7ce7ea7267b6?s=96&d=mm&r=g","caption":"Benoit Charette"},"description":"Benoit Charette \/ Propri\u00e9taire et r\u00e9dacteur en chef Benoit Charette pratique le journalisme automobile depuis bient\u00f4t 30 ans. Il a fait ses classes au c\u00f4t\u00e9 de Daniel H\u00e9raud et au Carnet de route de 1992 \u00e0 2001. Il est fondateur, copropri\u00e9taire et r\u00e9dacteur en chef de L\u2019Annuel de l\u2019automobile, qu\u2019il publie depuis 2001. Il a anim\u00e9 les \u00e9missions RPM et RPM+ sur V et les L\u00e9gendes de la route sur Historia. \u00c0 la radio depuis 1986, il reprend l\u2019antenne cette ann\u00e9e sur les ondes de Cogeco et participe pour la deuxi\u00e8me ann\u00e9e \u00e0 l\u2019\u00e9mission Passion Auto sur RDS en plus de mettre en ligne le site Web officiel de L\u2019Annuel de l\u2019automobile sur annuelauto.ca.","sameAs":["https:\/\/annuelauto.ca\/"],"url":"https:\/\/news.canadamotorjobs.com\/fr\/author\/benoit-charette\/"}]}},"_links":{"self":[{"href":"https:\/\/news.canadamotorjobs.com\/fr\/wp-json\/wp\/v2\/posts\/190376"}],"collection":[{"href":"https:\/\/news.canadamotorjobs.com\/fr\/wp-json\/wp\/v2\/posts"}],"about":[{"href":"https:\/\/news.canadamotorjobs.com\/fr\/wp-json\/wp\/v2\/types\/post"}],"author":[{"embeddable":true,"href":"https:\/\/news.canadamotorjobs.com\/fr\/wp-json\/wp\/v2\/users\/8"}],"replies":[{"embeddable":true,"href":"https:\/\/news.canadamotorjobs.com\/fr\/wp-json\/wp\/v2\/comments?post=190376"}],"version-history":[{"count":3,"href":"https:\/\/news.canadamotorjobs.com\/fr\/wp-json\/wp\/v2\/posts\/190376\/revisions"}],"predecessor-version":[{"id":190403,"href":"https:\/\/news.canadamotorjobs.com\/fr\/wp-json\/wp\/v2\/posts\/190376\/revisions\/190403"}],"wp:featuredmedia":[{"embeddable":true,"href":"https:\/\/news.canadamotorjobs.com\/fr\/wp-json\/wp\/v2\/media\/190378"}],"wp:attachment":[{"href":"https:\/\/news.canadamotorjobs.com\/fr\/wp-json\/wp\/v2\/media?parent=190376"}],"wp:term":[{"taxonomy":"category","embeddable":true,"href":"https:\/\/news.canadamotorjobs.com\/fr\/wp-json\/wp\/v2\/categories?post=190376"},{"taxonomy":"post_tag","embeddable":true,"href":"https:\/\/news.canadamotorjobs.com\/fr\/wp-json\/wp\/v2\/tags?post=190376"}],"curies":[{"name":"wp","href":"https:\/\/api.w.org\/{rel}","templated":true}]}}