{"id":190285,"date":"2025-01-22T17:20:26","date_gmt":"2025-01-22T22:20:26","guid":{"rendered":"https:\/\/news.canadamotorjobs.com\/?p=190285"},"modified":"2025-01-22T17:44:13","modified_gmt":"2025-01-22T22:44:13","slug":"le-mexique-va-fabriquer-des-ve-abordables-sous-la-marque-olinia","status":"publish","type":"post","link":"https:\/\/news.canadamotorjobs.com\/fr\/le-mexique-va-fabriquer-des-ve-abordables-sous-la-marque-olinia\/","title":{"rendered":"Le Mexique va fabriquer des V\u00c9 abordables sous la marque Olinia"},"content":{"rendered":"<\/p>\n<p>Le gouvernement du Mexique a lanc\u00e9 un projet visant \u00e0 concevoir et fabriquer des <a href=\"https:\/\/annuelauto.ca\/le-premier-ve-de-volvo-lelbil-aura-bientot-50-ans\/\" target=\"_blank\" rel=\"noopener noreferrer\">v\u00e9hicules \u00e9lectriques<\/a> bon march\u00e9 baptis\u00e9s Olinia. La pr\u00e9sidente du Mexique, Claudia Sheinbaum, a affirm\u00e9 que, si tout va bien, un d\u00e9voilement aura lieu durant la 23e Coupe du monde de football de la FIFA, en juillet 2026. Cette comp\u00e9tition sera disput\u00e9e au <a href=\"https:\/\/annuelauto.ca\/mg-prevoit-de-construire-des-installations-au-mexique\/\" target=\"_blank\" rel=\"noopener noreferrer\">Mexique<\/a>, au Canada et aux \u00c9tats-Unis.<\/p>\n<p>C\u2019est dans le cadre d\u2019une \u00ab\u00a0conf\u00e9rence de presse matinale du peuple\u00a0\u00bb que la pr\u00e9sidente a fait cette annonce, le 6 janvier dernier. \u00ab\u00a0Les Mexicains ont de la cr\u00e9ativit\u00e9, de la d\u00e9termination et des capacit\u00e9s \u00e0 revendre. C\u2019est pourquoi nous allons produire l\u2019Olinia, de petits v\u00e9hicules 100\u00a0% \u00e9lectriques abordables, con\u00e7us par des jeunes et assembl\u00e9s dans notre pays\u00a0\u00bb, a-t-elle d\u00e9clar\u00e9.<\/p>\n<p>Ce projet s\u2019inscrit dans la Strat\u00e9gie nationale d\u2019industrialisation et de prosp\u00e9rit\u00e9 partag\u00e9e adopt\u00e9e par son gouvernement. Cette strat\u00e9gie a identifi\u00e9 les secteurs de l\u2019automobile et de l\u2019\u00e9lectromobilit\u00e9, mais aussi ceux des semi-conducteurs et des drones, comme des p\u00f4les de d\u00e9veloppement prioritaires du pays.<\/p>\n<h3><strong>R\u00e9duire la d\u00e9pendance aux V\u00c9 chinois<\/strong><\/h3>\n<p>\nAvec ce projet, l\u2019administration Sheinbaum souhaite favoriser l\u2019\u00e9lectrification des v\u00e9hicules en permettant aux Mexicains d\u2019acc\u00e9der \u00e0 des V\u00c9 plus abordables. On veut aussi d\u00e9velopper une cha\u00eene d\u2019approvisionnement robuste au Mexique en renfor\u00e7ant les capacit\u00e9s de fabrication locales afin de r\u00e9duire la d\u00e9pendance aux v\u00e9hicules import\u00e9s, notamment ceux venant de la Chine.<\/p>\n<p>\u00c7a ne se limite toutefois pas \u00e0 cela. Gr\u00e2ce \u00e0 ce projet, on voudrait faire du Mexique un acteur cl\u00e9 de la mobilit\u00e9 future, en tirant parti de l\u2019industrie automobile d\u00e9j\u00e0 \u00e9tablie dans ce pays. Le plan s\u2019aligne \u00e9galement sur d\u2019autres initiatives, comme l\u2019accroissement de l\u2019extraction du lithium et le d\u00e9veloppement de solutions d\u2019\u00e9nergie renouvelable, bien que les d\u00e9tails sur tout cela n\u2019aient pas encore \u00e9t\u00e9 enti\u00e8rement \u00e9labor\u00e9s.<\/p>\n<p>Le d\u00e9veloppement d\u2019Olinia sera g\u00e9r\u00e9 par le Secr\u00e9tariat des Sciences, des Lettres, de la Technologie et de l\u2019Innovation du Mexique, alors que l\u2019Institut polytechnique national (IPN) et l\u2019Institut technologique national du Mexique (TecNM) seront ma\u00eetres d\u2019\u0153uvre du d\u00e9veloppement des v\u00e9hicules.<\/p>\n<p>Mme\u00a0Sheinbaum a dit qu\u2019une \u00e9quipe est d\u00e9j\u00e0 \u00e0 l\u2019\u0153uvre et que son travail est avanc\u00e9. \u00ab\u00a0\u00c0 un certain moment, des entreprises priv\u00e9es impliqu\u00e9es depuis longtemps dans la production de moteurs \u00e9lectriques au Mexique seront invit\u00e9es \u00e0 se joindre \u00e0 elle \u00bb, a-t-elle ajout\u00e9.<\/p>\n<h3><strong>Nom emprunt\u00e9 \u00e0 une langue azt\u00e8que<\/strong><\/h3>\n<p>\nLe nom Olinia signifie \u00ab\u00a0mouvement\u00a0\u00bb. Il est emprunt\u00e9 au n\u00e1huatl, une langue azt\u00e8que. Il d\u00e9signera une gamme constitu\u00e9e de trois mod\u00e8les tr\u00e8s diff\u00e9rents\u00a0: une minivoiture servant aux d\u00e9placements personnels, une citadine plus grande adapt\u00e9e aux voyages urbains et un fourgon con\u00e7u pour les livraisons de proximit\u00e9 selon le concept du \u00ab\u00a0dernier kilom\u00e8tre\u00a0\u00bb.<\/p>\n<p>Lors de la conf\u00e9rence de presse, le coordinateur du projet, l\u2019ing\u00e9nieur Roberto Capuano, qui a dirig\u00e9 le syst\u00e8me de transport en commun de Mexico City Metrob\u00fas, a affirm\u00e9 que son objectif consiste \u00e0 lancer les trois v\u00e9hicules d&#8217;ici six ans. Ils seront con\u00e7us et assembl\u00e9s dans une usine \u00e0 <a href=\"https:\/\/annuelauto.ca\/pas-de-cupra-pour-le-canada\/\" target=\"_blank\" rel=\"noopener noreferrer\">Puebla<\/a>, o\u00f9 quatre grands constructeurs sont d\u00e9j\u00e0 pr\u00e9sents : <a href=\"https:\/\/annuelauto.ca\/30-juillet-2003-volkswagen-construit-la-derniere-beetle\/\" target=\"_blank\" rel=\"noopener noreferrer\">Volkswagen<\/a>, Mazda, Kia et Audi.<\/p>\n<p>Le coordinateur a ajout\u00e9 qu\u2019un budget de 25 millions de pesos (1,7\u00a0M$) a \u00e9t\u00e9 allou\u00e9 \u00e0 l\u2019IPN et \u00e0 TecNM pour 2025, afin de promouvoir ce projet, dont le jeune ing\u00e9nieur Rafael Garayoa sera le responsable technique.<\/p>\n<p>On ignore toujours \u00e0 quoi ressembleront ces trois v\u00e9hicules. Les images projet\u00e9es durant la conf\u00e9rence de presse (photos ci-haut) montraient des illustrations de synth\u00e8se servant seulement \u00e0 illustrer les propos des diff\u00e9rents pr\u00e9sentateurs. En revanche, actuellement, le prix de ces v\u00e9hicules est estim\u00e9 entre 90 000 et 150 000 pesos (6 300 $ et 10 500 $), selon le mod\u00e8le.<\/p>\n<h3><strong>La\u2026 seconde marque mexicaine de V\u00c9<\/strong><\/h3>\n<p>\nOlinia ne sera toutefois pas la premi\u00e8re marque mexicaine \u00e0 proposer des V\u00c9. Cet honneur revient \u00e0 Zacua. Ce petit fabricant dont les origines remontent \u00e0 2017 ach\u00e8te des composants de Chatenet, une entreprise fran\u00e7aise qui produit de petits V\u00c9, puis assemble \u00e0 la main deux jolies citadines appel\u00e9es MX\u00ae2 et MX\u00ae3 dans une usine situ\u00e9e \u00e0\u2026 Puebla\u00a0!<\/p>\n<p><em>Photos : Gouvernement du Mexique et Zacua<\/em><\/p>\n<p>Le texte <a rel=\"nofollow\" href=\"https:\/\/annuelauto.ca\/le-mexique-va-fabriquer-des-ve-abordables-sous-la-marque-olinia\/\">Le Mexique va fabriquer des V\u00c9 abordables sous la marque Olinia<\/a> provient de <a rel=\"nofollow\" href=\"https:\/\/annuelauto.ca\">L&#8217;annuel de l&#8217;automobile &#8211; Actualit\u00e9 automobile<\/a><\/p>\n<p><\/p>\n","protected":false},"excerpt":{"rendered":"<p>Le gouvernement du Mexique a lanc\u00e9 un projet visant \u00e0 concevoir et fabriquer des v\u00e9hicules \u00e9lectriques bon march\u00e9 baptis\u00e9s Olinia. La pr\u00e9sidente du Mexique, Claudia Sheinbaum, a affirm\u00e9 que, si tout va bien, un d\u00e9voilement aura lieu durant la 23e Coupe du monde de football de la FIFA, en juillet 2026. Cette comp\u00e9tition sera disput\u00e9e [&hellip;]<\/p>\n","protected":false},"author":8,"featured_media":190287,"comment_status":"close","ping_status":"closed","sticky":false,"template":"","format":"standard","meta":{"_monsterinsights_skip_tracking":false,"_monsterinsights_sitenote_active":false,"_monsterinsights_sitenote_note":"","_monsterinsights_sitenote_category":0,"footnotes":""},"categories":[101],"tags":[],"yoast_head":"<!-- This site is optimized with the Yoast SEO plugin v23.2 - https:\/\/yoast.com\/wordpress\/plugins\/seo\/ -->\n<title>Le Mexique va fabriquer des V\u00c9 abordables sous la marque Olinia - CanadaMotorJobs.com<\/title>\n<meta name=\"description\" content=\"Le Mexique va fabriquer des V\u00c9 abordables sous la marque Olinia - Benoit Charette - Annuel automobile - CanadaMotorJobs.com.\" \/>\n<meta name=\"robots\" content=\"index, follow, max-snippet:-1, max-image-preview:large, max-video-preview:-1\" \/>\n<meta property=\"og:locale\" content=\"fr_CA\" \/>\n<meta property=\"og:type\" content=\"article\" \/>\n<meta property=\"og:title\" content=\"Le Mexique va fabriquer des V\u00c9 abordables sous la marque Olinia - CanadaMotorJobs.com\" \/>\n<meta property=\"og:description\" content=\"Le Mexique va fabriquer des V\u00c9 abordables sous la marque Olinia - Benoit Charette - Annuel automobile - CanadaMotorJobs.com.\" \/>\n<meta property=\"og:url\" content=\"https:\/\/news.canadamotorjobs.com\/fr\/le-mexique-va-fabriquer-des-ve-abordables-sous-la-marque-olinia\/\" \/>\n<meta property=\"og:site_name\" content=\"CanadaMotorJobs.com\" \/>\n<meta property=\"article:publisher\" content=\"https:\/\/www.facebook.com\/canadamotorjobs\/\" \/>\n<meta property=\"article:published_time\" content=\"2025-01-22T22:20:26+00:00\" \/>\n<meta property=\"article:modified_time\" content=\"2025-01-22T22:44:13+00:00\" \/>\n<meta property=\"og:image\" content=\"https:\/\/news.canadamotorjobs.com\/wp-content\/uploads\/2025\/01\/Olinia-2025-Mexico-2.jpg\" \/>\n\t<meta property=\"og:image:width\" content=\"1024\" \/>\n\t<meta property=\"og:image:height\" content=\"683\" \/>\n\t<meta property=\"og:image:type\" content=\"image\/jpeg\" \/>\n<meta name=\"author\" content=\"Benoit Charette\" \/>\n<meta name=\"twitter:card\" content=\"summary_large_image\" \/>\n<meta name=\"twitter:creator\" content=\"@canadamotorjobs\" \/>\n<meta name=\"twitter:site\" content=\"@canadamotorjobs\" \/>\n<meta name=\"twitter:label1\" content=\"\u00c9crit par\" \/>\n\t<meta name=\"twitter:data1\" content=\"Benoit Charette\" \/>\n\t<meta name=\"twitter:label2\" content=\"Estimation du temps de lecture\" \/>\n\t<meta name=\"twitter:data2\" content=\"4 minutes\" \/>\n<!-- \/ Yoast SEO plugin. -->","yoast_head_json":{"title":"Le Mexique va fabriquer des V\u00c9 abordables sous la marque Olinia - CanadaMotorJobs.com","description":"Le Mexique va fabriquer des V\u00c9 abordables sous la marque Olinia - Benoit Charette - Annuel automobile - CanadaMotorJobs.com.","robots":{"index":"index","follow":"follow","max-snippet":"max-snippet:-1","max-image-preview":"max-image-preview:large","max-video-preview":"max-video-preview:-1"},"og_locale":"fr_CA","og_type":"article","og_title":"Le Mexique va fabriquer des V\u00c9 abordables sous la marque Olinia - CanadaMotorJobs.com","og_description":"Le Mexique va fabriquer des V\u00c9 abordables sous la marque Olinia - Benoit Charette - Annuel automobile - CanadaMotorJobs.com.","og_url":"https:\/\/news.canadamotorjobs.com\/fr\/le-mexique-va-fabriquer-des-ve-abordables-sous-la-marque-olinia\/","og_site_name":"CanadaMotorJobs.com","article_publisher":"https:\/\/www.facebook.com\/canadamotorjobs\/","article_published_time":"2025-01-22T22:20:26+00:00","article_modified_time":"2025-01-22T22:44:13+00:00","og_image":[{"width":1024,"height":683,"url":"https:\/\/news.canadamotorjobs.com\/wp-content\/uploads\/2025\/01\/Olinia-2025-Mexico-2.jpg","type":"image\/jpeg"}],"author":"Benoit Charette","twitter_card":"summary_large_image","twitter_creator":"@canadamotorjobs","twitter_site":"@canadamotorjobs","twitter_misc":{"\u00c9crit par":"Benoit Charette","Estimation du temps de lecture":"4 minutes"},"schema":{"@context":"https:\/\/schema.org","@graph":[{"@type":"Article","@id":"https:\/\/news.canadamotorjobs.com\/fr\/le-mexique-va-fabriquer-des-ve-abordables-sous-la-marque-olinia\/#article","isPartOf":{"@id":"https:\/\/news.canadamotorjobs.com\/fr\/le-mexique-va-fabriquer-des-ve-abordables-sous-la-marque-olinia\/"},"author":{"name":"Benoit Charette","@id":"https:\/\/news.canadamotorjobs.com\/#\/schema\/person\/51793d1f87d44011d7bcc2ed99269a90"},"headline":"Le Mexique va fabriquer des V\u00c9 abordables sous la marque Olinia","datePublished":"2025-01-22T22:20:26+00:00","dateModified":"2025-01-22T22:44:13+00:00","mainEntityOfPage":{"@id":"https:\/\/news.canadamotorjobs.com\/fr\/le-mexique-va-fabriquer-des-ve-abordables-sous-la-marque-olinia\/"},"wordCount":771,"publisher":{"@id":"https:\/\/news.canadamotorjobs.com\/#organization"},"image":{"@id":"https:\/\/news.canadamotorjobs.com\/fr\/le-mexique-va-fabriquer-des-ve-abordables-sous-la-marque-olinia\/#primaryimage"},"thumbnailUrl":"https:\/\/news.canadamotorjobs.com\/wp-content\/uploads\/2025\/01\/Olinia-2025-Mexico-2.jpg","articleSection":["Annuel automobile"],"inLanguage":"fr-CA"},{"@type":"WebPage","@id":"https:\/\/news.canadamotorjobs.com\/fr\/le-mexique-va-fabriquer-des-ve-abordables-sous-la-marque-olinia\/","url":"https:\/\/news.canadamotorjobs.com\/fr\/le-mexique-va-fabriquer-des-ve-abordables-sous-la-marque-olinia\/","name":"Le Mexique va fabriquer des V\u00c9 abordables sous la marque Olinia - CanadaMotorJobs.com","isPartOf":{"@id":"https:\/\/news.canadamotorjobs.com\/#website"},"primaryImageOfPage":{"@id":"https:\/\/news.canadamotorjobs.com\/fr\/le-mexique-va-fabriquer-des-ve-abordables-sous-la-marque-olinia\/#primaryimage"},"image":{"@id":"https:\/\/news.canadamotorjobs.com\/fr\/le-mexique-va-fabriquer-des-ve-abordables-sous-la-marque-olinia\/#primaryimage"},"thumbnailUrl":"https:\/\/news.canadamotorjobs.com\/wp-content\/uploads\/2025\/01\/Olinia-2025-Mexico-2.jpg","datePublished":"2025-01-22T22:20:26+00:00","dateModified":"2025-01-22T22:44:13+00:00","description":"Le Mexique va fabriquer des V\u00c9 abordables sous la marque Olinia - Benoit Charette - Annuel automobile - CanadaMotorJobs.com.","breadcrumb":{"@id":"https:\/\/news.canadamotorjobs.com\/fr\/le-mexique-va-fabriquer-des-ve-abordables-sous-la-marque-olinia\/#breadcrumb"},"inLanguage":"fr-CA","potentialAction":[{"@type":"ReadAction","target":["https:\/\/news.canadamotorjobs.com\/fr\/le-mexique-va-fabriquer-des-ve-abordables-sous-la-marque-olinia\/"]}]},{"@type":"ImageObject","inLanguage":"fr-CA","@id":"https:\/\/news.canadamotorjobs.com\/fr\/le-mexique-va-fabriquer-des-ve-abordables-sous-la-marque-olinia\/#primaryimage","url":"https:\/\/news.canadamotorjobs.com\/wp-content\/uploads\/2025\/01\/Olinia-2025-Mexico-2.jpg","contentUrl":"https:\/\/news.canadamotorjobs.com\/wp-content\/uploads\/2025\/01\/Olinia-2025-Mexico-2.jpg","width":1024,"height":683},{"@type":"BreadcrumbList","@id":"https:\/\/news.canadamotorjobs.com\/fr\/le-mexique-va-fabriquer-des-ve-abordables-sous-la-marque-olinia\/#breadcrumb","itemListElement":[{"@type":"ListItem","position":1,"name":"Home","item":"https:\/\/news.canadamotorjobs.com\/fr\/blog\/"},{"@type":"ListItem","position":2,"name":"Le Mexique va fabriquer des V\u00c9 abordables sous la marque Olinia"}]},{"@type":"WebSite","@id":"https:\/\/news.canadamotorjobs.com\/#website","url":"https:\/\/news.canadamotorjobs.com\/","name":"CanadaMotorJobs.com","description":"Automotive Jobs","publisher":{"@id":"https:\/\/news.canadamotorjobs.com\/#organization"},"potentialAction":[{"@type":"SearchAction","target":{"@type":"EntryPoint","urlTemplate":"https:\/\/news.canadamotorjobs.com\/?s={search_term_string}"},"query-input":"required name=search_term_string"}],"inLanguage":"fr-CA"},{"@type":"Organization","@id":"https:\/\/news.canadamotorjobs.com\/#organization","name":"Canada Motor Jobs","url":"https:\/\/news.canadamotorjobs.com\/","logo":{"@type":"ImageObject","inLanguage":"fr-CA","@id":"https:\/\/news.canadamotorjobs.com\/#\/schema\/logo\/image\/","url":"https:\/\/news.canadamotorjobs.com\/wp-content\/uploads\/2022\/10\/logo-canada-motor-jobs-1.png","contentUrl":"https:\/\/news.canadamotorjobs.com\/wp-content\/uploads\/2022\/10\/logo-canada-motor-jobs-1.png","width":800,"height":400,"caption":"Canada Motor Jobs"},"image":{"@id":"https:\/\/news.canadamotorjobs.com\/#\/schema\/logo\/image\/"},"sameAs":["https:\/\/www.facebook.com\/canadamotorjobs\/","https:\/\/x.com\/canadamotorjobs","https:\/\/www.instagram.com\/canadamotorjobs\/","https:\/\/www.linkedin.com\/company\/canadamotorjobs"]},{"@type":"Person","@id":"https:\/\/news.canadamotorjobs.com\/#\/schema\/person\/51793d1f87d44011d7bcc2ed99269a90","name":"Benoit Charette","image":{"@type":"ImageObject","inLanguage":"fr-CA","@id":"https:\/\/news.canadamotorjobs.com\/#\/schema\/person\/image\/","url":"https:\/\/secure.gravatar.com\/avatar\/45f3d2eebcccd909668d7ce7ea7267b6?s=96&d=mm&r=g","contentUrl":"https:\/\/secure.gravatar.com\/avatar\/45f3d2eebcccd909668d7ce7ea7267b6?s=96&d=mm&r=g","caption":"Benoit Charette"},"description":"Benoit Charette \/ Propri\u00e9taire et r\u00e9dacteur en chef Benoit Charette pratique le journalisme automobile depuis bient\u00f4t 30 ans. Il a fait ses classes au c\u00f4t\u00e9 de Daniel H\u00e9raud et au Carnet de route de 1992 \u00e0 2001. Il est fondateur, copropri\u00e9taire et r\u00e9dacteur en chef de L\u2019Annuel de l\u2019automobile, qu\u2019il publie depuis 2001. Il a anim\u00e9 les \u00e9missions RPM et RPM+ sur V et les L\u00e9gendes de la route sur Historia. \u00c0 la radio depuis 1986, il reprend l\u2019antenne cette ann\u00e9e sur les ondes de Cogeco et participe pour la deuxi\u00e8me ann\u00e9e \u00e0 l\u2019\u00e9mission Passion Auto sur RDS en plus de mettre en ligne le site Web officiel de L\u2019Annuel de l\u2019automobile sur annuelauto.ca.","sameAs":["https:\/\/annuelauto.ca\/"],"url":"https:\/\/news.canadamotorjobs.com\/fr\/author\/benoit-charette\/"}]}},"_links":{"self":[{"href":"https:\/\/news.canadamotorjobs.com\/fr\/wp-json\/wp\/v2\/posts\/190285"}],"collection":[{"href":"https:\/\/news.canadamotorjobs.com\/fr\/wp-json\/wp\/v2\/posts"}],"about":[{"href":"https:\/\/news.canadamotorjobs.com\/fr\/wp-json\/wp\/v2\/types\/post"}],"author":[{"embeddable":true,"href":"https:\/\/news.canadamotorjobs.com\/fr\/wp-json\/wp\/v2\/users\/8"}],"replies":[{"embeddable":true,"href":"https:\/\/news.canadamotorjobs.com\/fr\/wp-json\/wp\/v2\/comments?post=190285"}],"version-history":[{"count":2,"href":"https:\/\/news.canadamotorjobs.com\/fr\/wp-json\/wp\/v2\/posts\/190285\/revisions"}],"predecessor-version":[{"id":190289,"href":"https:\/\/news.canadamotorjobs.com\/fr\/wp-json\/wp\/v2\/posts\/190285\/revisions\/190289"}],"wp:featuredmedia":[{"embeddable":true,"href":"https:\/\/news.canadamotorjobs.com\/fr\/wp-json\/wp\/v2\/media\/190287"}],"wp:attachment":[{"href":"https:\/\/news.canadamotorjobs.com\/fr\/wp-json\/wp\/v2\/media?parent=190285"}],"wp:term":[{"taxonomy":"category","embeddable":true,"href":"https:\/\/news.canadamotorjobs.com\/fr\/wp-json\/wp\/v2\/categories?post=190285"},{"taxonomy":"post_tag","embeddable":true,"href":"https:\/\/news.canadamotorjobs.com\/fr\/wp-json\/wp\/v2\/tags?post=190285"}],"curies":[{"name":"wp","href":"https:\/\/api.w.org\/{rel}","templated":true}]}}