{"id":190203,"date":"2025-01-22T02:24:50","date_gmt":"2025-01-22T07:24:50","guid":{"rendered":"https:\/\/news.canadamotorjobs.com\/?p=190203"},"modified":"2025-01-22T02:30:10","modified_gmt":"2025-01-22T07:30:10","slug":"fin-du-mandat-ev-trump-change-de-cap","status":"publish","type":"post","link":"https:\/\/news.canadamotorjobs.com\/fr\/fin-du-mandat-ev-trump-change-de-cap\/","title":{"rendered":"Fin du \u00ab\u2009mandat EV\u2009\u00bb : Trump change de cap"},"content":{"rendered":"<\/p>\n<p>Le nouveau pr\u00e9sident des \u00c9tats-Unis n\u2019a pas tard\u00e9 \u00e0 imposer sa vision pour l\u2019industrie automobile. Quelques heures apr\u00e8s son investiture, Donald Trump a sign\u00e9 une s\u00e9rie d\u2019ordres ex\u00e9cutifs annulant les politiques favorisant les v\u00e9hicules \u00e9lectriques (V\u00c9), introduites par Joe Biden.<\/p>\n<p>L\u2019un des changements majeurs concerne l\u2019objectif non contraignant de Biden, qui visait \u00e0 ce que 50 % des nouvelles ventes de v\u00e9hicules aux \u00c9tats-Unis soient \u00e9lectriques d\u2019ici 2030.<\/p>\n<p>Bien que cet objectif n\u2019ait jamais \u00e9t\u00e9 une obligation l\u00e9gale, il \u00e9tait soutenu par de nombreux constructeurs automobiles. Trump, quant \u00e0 lui, s\u2019engage \u00e0 \u00ab promouvoir un v\u00e9ritable choix des consommateurs \u00bb en \u00e9liminant ce qu\u2019il qualifie de \u00ab distorsions du march\u00e9 impos\u00e9es par le gouvernement \u00bb.<\/p>\n<p><strong>Vers la suppression des subventions et des bornes de recharge<\/strong><\/p>\n<p>L\u2019administration Trump envisage \u00e9galement d\u2019\u00e9liminer les subventions f\u00e9d\u00e9rales, notamment le cr\u00e9dit d\u2019imp\u00f4t de 7500 $ pour l\u2019achat de v\u00e9hicules \u00e9lectriques. Bien que cet aspect n\u2019ait pas encore \u00e9t\u00e9 explicitement act\u00e9, l\u2019ordre ex\u00e9cutif mentionne une r\u00e9vision des \u00ab subventions injustes qui favorisent les v\u00e9hicules \u00e9lectriques aux d\u00e9pens d\u2019autres technologies \u00bb.<\/p>\n<p>De plus, le pr\u00e9sident a ordonn\u00e9 l\u2019arr\u00eat imm\u00e9diat du financement des infrastructures de recharge. Le programme lanc\u00e9 par Biden en 2021, dot\u00e9 de 7,5 milliards de dollars pour \u00e9tablir 500 000 bornes de recharge d\u2019ici 2030, est d\u00e9sormais suspendu.<\/p>\n<p><\/p>\n<figure><img decoding=\"async\" src=\"https:\/\/news.canadamotorjobs.com\/wp-content\/uploads\/2025\/01\/ford_040A1321-5.jpg\" alt=\"Des Ford F-150 \u00e0 essence \u00e0 l&#039;usine\" \/><figcaption>Des Ford F-150 \u00e0 essence \u00e0 l&#8217;usine | Auto123.com<\/figcaption><\/figure>\n<p><strong>Assouplissement des normes d\u2019\u00e9missions<\/strong><\/p>\n<p>Parmi les autres mesures annonc\u00e9es, Trump pr\u00e9voit de revenir aux normes d\u2019\u00e9missions et de consommation de carburant de 2019. Ce retour en arri\u00e8re pourrait autoriser environ 25 % d\u2019\u00e9missions suppl\u00e9mentaires par mile parcouru par rapport aux limites pr\u00e9vues pour 2025.<\/p>\n<p>Selon le pr\u00e9sident, ces changements visent \u00e0 \u00ab supprimer les obstacles aux ressources \u00e9nerg\u00e9tiques domestiques \u00bb et \u00e0 r\u00e9tablir une concurrence \u00e9quitable entre les v\u00e9hicules thermiques et \u00e9lectriques.<\/p>\n<p><strong>Impacts sur l\u2019industrie et les consommateurs<\/strong><\/p>\n<p>Ces d\u00e9cisions marquent un tournant majeur pour l\u2019industrie automobile. Alors que les constructeurs s\u2019\u00e9taient largement engag\u00e9s dans l\u2019\u00e9lectrification, notamment sous la pression des r\u00e9gulations pr\u00e9c\u00e9dentes, l\u2019abandon des incitatifs pourrait ralentir la transition.<\/p>\n<p>Pour les consommateurs, cela pourrait signifier une baisse des prix des v\u00e9hicules \u00e9lectriques \u00e0 court terme, mais une diminution des options abordables pour ceux qui souhaitent adopter cette technologie.<\/p>\n<p><\/p>\n<p style=\"padding-top: 15px\">Contenu original de <a href=\"https:\/\/www.auto123.com\/fr\/actualites\/trump-annule-mandat-vehicules-electriques\/72306\/\">auto123<\/a>.<\/p>\n<p>Le texte <a rel=\"nofollow\" href=\"https:\/\/annuelauto.ca\/fin-du-%e2%80%89mandat-ev%e2%80%89-trump-change-de-cap\/\">Fin du \u00ab\u2009mandat EV\u2009\u00bb : Trump change de cap<\/a> provient de <a rel=\"nofollow\" href=\"https:\/\/annuelauto.ca\">L&#8217;annuel de l&#8217;automobile &#8211; Actualit\u00e9 automobile<\/a><\/p>\n<p><\/p>\n","protected":false},"excerpt":{"rendered":"<p>Le nouveau pr\u00e9sident des \u00c9tats-Unis n\u2019a pas tard\u00e9 \u00e0 imposer sa vision pour l\u2019industrie automobile. Quelques heures apr\u00e8s son investiture, Donald Trump a sign\u00e9 une s\u00e9rie d\u2019ordres ex\u00e9cutifs annulant les politiques favorisant les v\u00e9hicules \u00e9lectriques (V\u00c9), introduites par Joe Biden. L\u2019un des changements majeurs concerne l\u2019objectif non contraignant de Biden, qui visait \u00e0 ce que [&hellip;]<\/p>\n","protected":false},"author":8,"featured_media":190205,"comment_status":"close","ping_status":"closed","sticky":false,"template":"","format":"standard","meta":{"_monsterinsights_skip_tracking":false,"_monsterinsights_sitenote_active":false,"_monsterinsights_sitenote_note":"","_monsterinsights_sitenote_category":0,"footnotes":""},"categories":[101],"tags":[],"yoast_head":"<!-- This site is optimized with the Yoast SEO plugin v23.2 - https:\/\/yoast.com\/wordpress\/plugins\/seo\/ -->\n<title>Fin du \u00ab\u2009mandat EV\u2009\u00bb : Trump change de cap - CanadaMotorJobs.com<\/title>\n<meta name=\"description\" content=\"Fin du \u00ab\u2009mandat EV\u2009\u00bb : Trump change de cap - Benoit Charette - Annuel automobile - CanadaMotorJobs.com.\" \/>\n<meta name=\"robots\" content=\"index, follow, max-snippet:-1, max-image-preview:large, max-video-preview:-1\" \/>\n<meta property=\"og:locale\" content=\"fr_CA\" \/>\n<meta property=\"og:type\" content=\"article\" \/>\n<meta property=\"og:title\" content=\"Fin du \u00ab\u2009mandat EV\u2009\u00bb : Trump change de cap - CanadaMotorJobs.com\" \/>\n<meta property=\"og:description\" content=\"Fin du \u00ab\u2009mandat EV\u2009\u00bb : Trump change de cap - Benoit Charette - Annuel automobile - CanadaMotorJobs.com.\" \/>\n<meta property=\"og:url\" content=\"https:\/\/news.canadamotorjobs.com\/fr\/fin-du-mandat-ev-trump-change-de-cap\/\" \/>\n<meta property=\"og:site_name\" content=\"CanadaMotorJobs.com\" \/>\n<meta property=\"article:publisher\" content=\"https:\/\/www.facebook.com\/canadamotorjobs\/\" \/>\n<meta property=\"article:published_time\" content=\"2025-01-22T07:24:50+00:00\" \/>\n<meta property=\"article:modified_time\" content=\"2025-01-22T07:30:10+00:00\" \/>\n<meta property=\"og:image\" content=\"https:\/\/news.canadamotorjobs.com\/wp-content\/uploads\/2025\/01\/ford_040A1321.jpg\" \/>\n\t<meta property=\"og:image:width\" content=\"1200\" \/>\n\t<meta property=\"og:image:height\" content=\"817\" \/>\n\t<meta property=\"og:image:type\" content=\"image\/jpeg\" \/>\n<meta name=\"author\" content=\"Benoit Charette\" \/>\n<meta name=\"twitter:card\" content=\"summary_large_image\" \/>\n<meta name=\"twitter:creator\" content=\"@canadamotorjobs\" \/>\n<meta name=\"twitter:site\" content=\"@canadamotorjobs\" \/>\n<meta name=\"twitter:label1\" content=\"\u00c9crit par\" \/>\n\t<meta name=\"twitter:data1\" content=\"Benoit Charette\" \/>\n\t<meta name=\"twitter:label2\" content=\"Estimation du temps de lecture\" \/>\n\t<meta name=\"twitter:data2\" content=\"2 minutes\" \/>\n<!-- \/ Yoast SEO plugin. -->","yoast_head_json":{"title":"Fin du \u00ab\u2009mandat EV\u2009\u00bb : Trump change de cap - CanadaMotorJobs.com","description":"Fin du \u00ab\u2009mandat EV\u2009\u00bb : Trump change de cap - Benoit Charette - Annuel automobile - CanadaMotorJobs.com.","robots":{"index":"index","follow":"follow","max-snippet":"max-snippet:-1","max-image-preview":"max-image-preview:large","max-video-preview":"max-video-preview:-1"},"og_locale":"fr_CA","og_type":"article","og_title":"Fin du \u00ab\u2009mandat EV\u2009\u00bb : Trump change de cap - CanadaMotorJobs.com","og_description":"Fin du \u00ab\u2009mandat EV\u2009\u00bb : Trump change de cap - Benoit Charette - Annuel automobile - CanadaMotorJobs.com.","og_url":"https:\/\/news.canadamotorjobs.com\/fr\/fin-du-mandat-ev-trump-change-de-cap\/","og_site_name":"CanadaMotorJobs.com","article_publisher":"https:\/\/www.facebook.com\/canadamotorjobs\/","article_published_time":"2025-01-22T07:24:50+00:00","article_modified_time":"2025-01-22T07:30:10+00:00","og_image":[{"width":1200,"height":817,"url":"https:\/\/news.canadamotorjobs.com\/wp-content\/uploads\/2025\/01\/ford_040A1321.jpg","type":"image\/jpeg"}],"author":"Benoit Charette","twitter_card":"summary_large_image","twitter_creator":"@canadamotorjobs","twitter_site":"@canadamotorjobs","twitter_misc":{"\u00c9crit par":"Benoit Charette","Estimation du temps de lecture":"2 minutes"},"schema":{"@context":"https:\/\/schema.org","@graph":[{"@type":"Article","@id":"https:\/\/news.canadamotorjobs.com\/fr\/fin-du-mandat-ev-trump-change-de-cap\/#article","isPartOf":{"@id":"https:\/\/news.canadamotorjobs.com\/fr\/fin-du-mandat-ev-trump-change-de-cap\/"},"author":{"name":"Benoit Charette","@id":"https:\/\/news.canadamotorjobs.com\/#\/schema\/person\/51793d1f87d44011d7bcc2ed99269a90"},"headline":"Fin du \u00ab\u2009mandat EV\u2009\u00bb : Trump change de cap","datePublished":"2025-01-22T07:24:50+00:00","dateModified":"2025-01-22T07:30:10+00:00","mainEntityOfPage":{"@id":"https:\/\/news.canadamotorjobs.com\/fr\/fin-du-mandat-ev-trump-change-de-cap\/"},"wordCount":426,"publisher":{"@id":"https:\/\/news.canadamotorjobs.com\/#organization"},"image":{"@id":"https:\/\/news.canadamotorjobs.com\/fr\/fin-du-mandat-ev-trump-change-de-cap\/#primaryimage"},"thumbnailUrl":"https:\/\/news.canadamotorjobs.com\/wp-content\/uploads\/2025\/01\/ford_040A1321.jpg","articleSection":["Annuel automobile"],"inLanguage":"fr-CA"},{"@type":"WebPage","@id":"https:\/\/news.canadamotorjobs.com\/fr\/fin-du-mandat-ev-trump-change-de-cap\/","url":"https:\/\/news.canadamotorjobs.com\/fr\/fin-du-mandat-ev-trump-change-de-cap\/","name":"Fin du \u00ab\u2009mandat EV\u2009\u00bb : Trump change de cap - CanadaMotorJobs.com","isPartOf":{"@id":"https:\/\/news.canadamotorjobs.com\/#website"},"primaryImageOfPage":{"@id":"https:\/\/news.canadamotorjobs.com\/fr\/fin-du-mandat-ev-trump-change-de-cap\/#primaryimage"},"image":{"@id":"https:\/\/news.canadamotorjobs.com\/fr\/fin-du-mandat-ev-trump-change-de-cap\/#primaryimage"},"thumbnailUrl":"https:\/\/news.canadamotorjobs.com\/wp-content\/uploads\/2025\/01\/ford_040A1321.jpg","datePublished":"2025-01-22T07:24:50+00:00","dateModified":"2025-01-22T07:30:10+00:00","description":"Fin du \u00ab\u2009mandat EV\u2009\u00bb : Trump change de cap - Benoit Charette - Annuel automobile - CanadaMotorJobs.com.","breadcrumb":{"@id":"https:\/\/news.canadamotorjobs.com\/fr\/fin-du-mandat-ev-trump-change-de-cap\/#breadcrumb"},"inLanguage":"fr-CA","potentialAction":[{"@type":"ReadAction","target":["https:\/\/news.canadamotorjobs.com\/fr\/fin-du-mandat-ev-trump-change-de-cap\/"]}]},{"@type":"ImageObject","inLanguage":"fr-CA","@id":"https:\/\/news.canadamotorjobs.com\/fr\/fin-du-mandat-ev-trump-change-de-cap\/#primaryimage","url":"https:\/\/news.canadamotorjobs.com\/wp-content\/uploads\/2025\/01\/ford_040A1321.jpg","contentUrl":"https:\/\/news.canadamotorjobs.com\/wp-content\/uploads\/2025\/01\/ford_040A1321.jpg","width":1200,"height":817},{"@type":"BreadcrumbList","@id":"https:\/\/news.canadamotorjobs.com\/fr\/fin-du-mandat-ev-trump-change-de-cap\/#breadcrumb","itemListElement":[{"@type":"ListItem","position":1,"name":"Home","item":"https:\/\/news.canadamotorjobs.com\/fr\/blog\/"},{"@type":"ListItem","position":2,"name":"Fin du \u00ab\u2009mandat EV\u2009\u00bb : Trump change de cap"}]},{"@type":"WebSite","@id":"https:\/\/news.canadamotorjobs.com\/#website","url":"https:\/\/news.canadamotorjobs.com\/","name":"CanadaMotorJobs.com","description":"Automotive Jobs","publisher":{"@id":"https:\/\/news.canadamotorjobs.com\/#organization"},"potentialAction":[{"@type":"SearchAction","target":{"@type":"EntryPoint","urlTemplate":"https:\/\/news.canadamotorjobs.com\/?s={search_term_string}"},"query-input":"required name=search_term_string"}],"inLanguage":"fr-CA"},{"@type":"Organization","@id":"https:\/\/news.canadamotorjobs.com\/#organization","name":"Canada Motor Jobs","url":"https:\/\/news.canadamotorjobs.com\/","logo":{"@type":"ImageObject","inLanguage":"fr-CA","@id":"https:\/\/news.canadamotorjobs.com\/#\/schema\/logo\/image\/","url":"https:\/\/news.canadamotorjobs.com\/wp-content\/uploads\/2022\/10\/logo-canada-motor-jobs-1.png","contentUrl":"https:\/\/news.canadamotorjobs.com\/wp-content\/uploads\/2022\/10\/logo-canada-motor-jobs-1.png","width":800,"height":400,"caption":"Canada Motor Jobs"},"image":{"@id":"https:\/\/news.canadamotorjobs.com\/#\/schema\/logo\/image\/"},"sameAs":["https:\/\/www.facebook.com\/canadamotorjobs\/","https:\/\/x.com\/canadamotorjobs","https:\/\/www.instagram.com\/canadamotorjobs\/","https:\/\/www.linkedin.com\/company\/canadamotorjobs"]},{"@type":"Person","@id":"https:\/\/news.canadamotorjobs.com\/#\/schema\/person\/51793d1f87d44011d7bcc2ed99269a90","name":"Benoit Charette","image":{"@type":"ImageObject","inLanguage":"fr-CA","@id":"https:\/\/news.canadamotorjobs.com\/#\/schema\/person\/image\/","url":"https:\/\/secure.gravatar.com\/avatar\/45f3d2eebcccd909668d7ce7ea7267b6?s=96&d=mm&r=g","contentUrl":"https:\/\/secure.gravatar.com\/avatar\/45f3d2eebcccd909668d7ce7ea7267b6?s=96&d=mm&r=g","caption":"Benoit Charette"},"description":"Benoit Charette \/ Propri\u00e9taire et r\u00e9dacteur en chef Benoit Charette pratique le journalisme automobile depuis bient\u00f4t 30 ans. Il a fait ses classes au c\u00f4t\u00e9 de Daniel H\u00e9raud et au Carnet de route de 1992 \u00e0 2001. Il est fondateur, copropri\u00e9taire et r\u00e9dacteur en chef de L\u2019Annuel de l\u2019automobile, qu\u2019il publie depuis 2001. Il a anim\u00e9 les \u00e9missions RPM et RPM+ sur V et les L\u00e9gendes de la route sur Historia. \u00c0 la radio depuis 1986, il reprend l\u2019antenne cette ann\u00e9e sur les ondes de Cogeco et participe pour la deuxi\u00e8me ann\u00e9e \u00e0 l\u2019\u00e9mission Passion Auto sur RDS en plus de mettre en ligne le site Web officiel de L\u2019Annuel de l\u2019automobile sur annuelauto.ca.","sameAs":["https:\/\/annuelauto.ca\/"],"url":"https:\/\/news.canadamotorjobs.com\/fr\/author\/benoit-charette\/"}]}},"_links":{"self":[{"href":"https:\/\/news.canadamotorjobs.com\/fr\/wp-json\/wp\/v2\/posts\/190203"}],"collection":[{"href":"https:\/\/news.canadamotorjobs.com\/fr\/wp-json\/wp\/v2\/posts"}],"about":[{"href":"https:\/\/news.canadamotorjobs.com\/fr\/wp-json\/wp\/v2\/types\/post"}],"author":[{"embeddable":true,"href":"https:\/\/news.canadamotorjobs.com\/fr\/wp-json\/wp\/v2\/users\/8"}],"replies":[{"embeddable":true,"href":"https:\/\/news.canadamotorjobs.com\/fr\/wp-json\/wp\/v2\/comments?post=190203"}],"version-history":[{"count":3,"href":"https:\/\/news.canadamotorjobs.com\/fr\/wp-json\/wp\/v2\/posts\/190203\/revisions"}],"predecessor-version":[{"id":190230,"href":"https:\/\/news.canadamotorjobs.com\/fr\/wp-json\/wp\/v2\/posts\/190203\/revisions\/190230"}],"wp:featuredmedia":[{"embeddable":true,"href":"https:\/\/news.canadamotorjobs.com\/fr\/wp-json\/wp\/v2\/media\/190205"}],"wp:attachment":[{"href":"https:\/\/news.canadamotorjobs.com\/fr\/wp-json\/wp\/v2\/media?parent=190203"}],"wp:term":[{"taxonomy":"category","embeddable":true,"href":"https:\/\/news.canadamotorjobs.com\/fr\/wp-json\/wp\/v2\/categories?post=190203"},{"taxonomy":"post_tag","embeddable":true,"href":"https:\/\/news.canadamotorjobs.com\/fr\/wp-json\/wp\/v2\/tags?post=190203"}],"curies":[{"name":"wp","href":"https:\/\/api.w.org\/{rel}","templated":true}]}}