{"id":190143,"date":"2025-01-22T02:24:50","date_gmt":"2025-01-22T07:24:50","guid":{"rendered":"https:\/\/news.canadamotorjobs.com\/?p=190143"},"modified":"2025-01-22T02:29:53","modified_gmt":"2025-01-22T07:29:53","slug":"la-porsche-917k-de-seinfeld-une-offre-de-25-millions-balayee-du-revers-de-la-main","status":"publish","type":"post","link":"https:\/\/news.canadamotorjobs.com\/fr\/la-porsche-917k-de-seinfeld-une-offre-de-25-millions-balayee-du-revers-de-la-main\/","title":{"rendered":"La Porsche 917K de Seinfeld : une offre de 25 millions balay\u00e9e du revers de la main"},"content":{"rendered":"<\/p>\n<p>Lors de la vente aux ench\u00e8res du groupe Mecum tenue \u00e0 Kissimmee, en Floride, une Porsche 917K de 1969 appartenant \u00e0 Jerry Seinfeld a entra\u00een\u00e9 une offre astronomique de 25 millions USD.<\/p>\n<p>Pourtant, l\u2019humoriste a refus\u00e9, estimant que le prix n\u2019atteignait pas le seuil de r\u00e9serve qu\u2019il souhaitait. Avec une fortune estim\u00e9e \u00e0 1,1 milliard de dollars, Seinfeld peut se permettre ce luxe, pr\u00e9f\u00e9rant probablement garder ce tr\u00e9sor automobile exceptionnel.<\/p>\n<p><\/p>\n<figure><img decoding=\"async\" src=\"https:\/\/news.canadamotorjobs.com\/wp-content\/uploads\/2025\/01\/mecum-auction-seinfield-porsche-917k-002-5.jpg\" alt=\"Lors de l&#039;encan Mecum\" \/><figcaption>Lors de l&#8217;encan Mecum | Auto123.com<\/figcaption><\/figure>\n<p><strong>Une Porsche mythique aux multiples facettes<\/strong><\/p>\n<p>Ce mod\u00e8le n\u2019est pas une Porsche ordinaire. La 917K, c\u00e9l\u00e9br\u00e9e comme l\u2019une des meilleures voitures de course de tous les temps, a permis \u00e0 Porsche de remporter sa premi\u00e8re victoire aux 24 Heures du Mans en 1970. Avec seulement 65 exemplaires produits, chaque mod\u00e8le est une pi\u00e8ce de collection rare.<\/p>\n<p><\/p>\n<figure><img decoding=\"async\" src=\"https:\/\/news.canadamotorjobs.com\/wp-content\/uploads\/2025\/01\/mecum-auction-seinfield-porsche-917k-005-1.jpg\" alt=\"La Porsche 917k 1969, de haut\" \/><figcaption>La Porsche 917k 1969, de haut | Auto123.com<\/figcaption><\/figure>\n<p>Mais ce ch\u00e2ssis 917-022, arborant la c\u00e9l\u00e8bre couleur Gulf bleu et orange, d\u00e9passe la raret\u00e9 : il est devenu une ic\u00f4ne gr\u00e2ce \u00e0 son r\u00f4le dans le film Le Mans de 1971, avec Steve McQueen. Sous son capot se cache un moteur 12 cylindres \u00e0 plat de 4,5 litres d\u00e9veloppant 580 chevaux et un couple de 366 lb-pi, une puissance capable de propulser cette b\u00eate de course \u00e0 des vitesses impressionnantes, m\u00eame selon les standards actuels.<\/p>\n<p><strong>Une histoire marqu\u00e9e par des c\u00e9l\u00e9brit\u00e9s<\/strong><\/p>\n<p>Avant d\u2019atterrir dans la collection de Seinfeld, cette Porsche a appartenu \u00e0 plusieurs personnalit\u00e9s connues. Steve McQueen l\u2019a initialement achet\u00e9e via sa soci\u00e9t\u00e9 Solar Productions, esp\u00e9rant participer aux 24 Heures du Mans. Bien qu\u2019il n\u2019ait pas pu r\u00e9aliser ce r\u00eave, la voiture a brill\u00e9 dans son film culte.<\/p>\n<p>Par la suite, elle est pass\u00e9e entre les mains de pilotes tels que Reinhold Joest, Brian Redman, et Richard Attwood, qui l\u2019a gard\u00e9e jusqu\u2019en 2020. Apr\u00e8s un bref passage chez le collectionneur Frank Gallogly, elle a rejoint la prestigieuse collection de Jerry Seinfeld, participant \u00e0 des \u00e9v\u00e9nements comme le Concours d\u2019\u00e9l\u00e9gance de Pebble Beach.<\/p>\n<p>La voiture a \u00e9t\u00e9 restaur\u00e9e en ao\u00fbt 2024.<\/p>\n<p><strong>Un tr\u00e9sor inestimable<\/strong><\/p>\n<p>Cette Porsche 917K repr\u00e9sente bien plus qu\u2019un v\u00e9hicule : elle incarne une fusion unique entre les exploits sportifs, la magie hollywoodienne et le prestige automobile.<\/p>\n<p><\/p>\n<figure><img decoding=\"async\" src=\"https:\/\/news.canadamotorjobs.com\/wp-content\/uploads\/2025\/01\/mecum-auction-seinfield-porsche-917k-007-1.jpg\" alt=\"La Porsche 917k 1969, avant\" \/><figcaption>La Porsche 917k 1969, avant | Auto123.com<\/figcaption><\/figure>\n<figure><img decoding=\"async\" src=\"https:\/\/news.canadamotorjobs.com\/wp-content\/uploads\/2025\/01\/mecum-auction-seinfield-porsche-917k-008-1.jpg\" alt=\"La Porsche 917k 1969, avec la signature d&#039;un ancien propri\u00e9taire\" \/><figcaption>La Porsche 917k 1969, avec la signature d&#8217;un ancien propri\u00e9taire | Auto123.com<\/figcaption><\/figure>\n<figure><img decoding=\"async\" src=\"https:\/\/news.canadamotorjobs.com\/wp-content\/uploads\/2025\/01\/mecum-auction-seinfield-porsche-917k-009-1.jpg\" alt=\"La Porsche 917k 1969, int\u00e9rieur\" \/><figcaption>La Porsche 917k 1969, int\u00e9rieur | Auto123.com<\/figcaption><\/figure>\n<figure><img decoding=\"async\" src=\"https:\/\/news.canadamotorjobs.com\/wp-content\/uploads\/2025\/01\/mecum-auction-seinfield-porsche-917k-010-1.jpg\" alt=\"La Porsche 917k 1969, moteur\" \/><figcaption>La Porsche 917k 1969, moteur | Auto123.com<\/figcaption><\/figure>\n<figure><img decoding=\"async\" src=\"https:\/\/news.canadamotorjobs.com\/wp-content\/uploads\/2025\/01\/mecum-auction-seinfield-porsche-917k-004-1.jpg\" alt=\"La Porsche 917k 1969, sur la piste\" \/><figcaption>La Porsche 917k 1969, sur la piste | Auto123.com<\/figcaption><\/figure>\n<figure><img decoding=\"async\" src=\"https:\/\/news.canadamotorjobs.com\/wp-content\/uploads\/2025\/01\/mecum-auction-seinfield-porsche-917k-012-1.jpg\" alt=\"La Porsche 917k 1969, de profil\" \/><figcaption>La Porsche 917k 1969, de profil | Auto123.com<\/figcaption><\/figure>\n<figure><img decoding=\"async\" src=\"https:\/\/news.canadamotorjobs.com\/wp-content\/uploads\/2025\/01\/mecum-auction-seinfield-porsche-917k-011-1.jpg\" alt=\"La Porsche 917k 1969, arri\u00e8re\" \/><figcaption>La Porsche 917k 1969, arri\u00e8re | Auto123.com<\/figcaption><\/figure>\n<p style=\"padding-top: 15px\">Contenu original de <a href=\"https:\/\/www.auto123.com\/fr\/actualites\/seinfeld-porsche-917k-refuse-vente\/72305\/\">auto123<\/a>.<\/p>\n<p>Le texte <a rel=\"nofollow\" href=\"https:\/\/annuelauto.ca\/la-porsche-917k-de-seinfeld-une-offre-de-25-millions-balayee-du-revers-de-la-main\/\">La Porsche 917K de Seinfeld : une offre de 25 millions balay\u00e9e du revers de la main<\/a> provient de <a rel=\"nofollow\" href=\"https:\/\/annuelauto.ca\">L&#8217;annuel de l&#8217;automobile &#8211; Actualit\u00e9 automobile<\/a><\/p>\n<p><\/p>\n","protected":false},"excerpt":{"rendered":"<p>Lors de la vente aux ench\u00e8res du groupe Mecum tenue \u00e0 Kissimmee, en Floride, une Porsche 917K de 1969 appartenant \u00e0 Jerry Seinfeld a entra\u00een\u00e9 une offre astronomique de 25 millions USD. Pourtant, l\u2019humoriste a refus\u00e9, estimant que le prix n\u2019atteignait pas le seuil de r\u00e9serve qu\u2019il souhaitait. Avec une fortune estim\u00e9e \u00e0 1,1 milliard [&hellip;]<\/p>\n","protected":false},"author":8,"featured_media":190145,"comment_status":"close","ping_status":"closed","sticky":false,"template":"","format":"standard","meta":{"_monsterinsights_skip_tracking":false,"_monsterinsights_sitenote_active":false,"_monsterinsights_sitenote_note":"","_monsterinsights_sitenote_category":0,"footnotes":""},"categories":[101],"tags":[],"yoast_head":"<!-- This site is optimized with the Yoast SEO plugin v23.2 - https:\/\/yoast.com\/wordpress\/plugins\/seo\/ -->\n<title>La Porsche 917K de Seinfeld : une offre de 25 millions balay\u00e9e du revers de la main - CanadaMotorJobs.com<\/title>\n<meta name=\"description\" content=\"La Porsche 917K de Seinfeld : une offre de 25 millions balay\u00e9e du revers de la main - Benoit Charette - Annuel automobile - CanadaMotorJobs.com.\" \/>\n<meta name=\"robots\" content=\"index, follow, max-snippet:-1, max-image-preview:large, max-video-preview:-1\" \/>\n<meta property=\"og:locale\" content=\"fr_CA\" \/>\n<meta property=\"og:type\" content=\"article\" \/>\n<meta property=\"og:title\" content=\"La Porsche 917K de Seinfeld : une offre de 25 millions balay\u00e9e du revers de la main - CanadaMotorJobs.com\" \/>\n<meta property=\"og:description\" content=\"La Porsche 917K de Seinfeld : une offre de 25 millions balay\u00e9e du revers de la main - Benoit Charette - Annuel automobile - CanadaMotorJobs.com.\" \/>\n<meta property=\"og:url\" content=\"https:\/\/news.canadamotorjobs.com\/fr\/la-porsche-917k-de-seinfeld-une-offre-de-25-millions-balayee-du-revers-de-la-main\/\" \/>\n<meta property=\"og:site_name\" content=\"CanadaMotorJobs.com\" \/>\n<meta property=\"article:publisher\" content=\"https:\/\/www.facebook.com\/canadamotorjobs\/\" \/>\n<meta property=\"article:published_time\" content=\"2025-01-22T07:24:50+00:00\" \/>\n<meta property=\"article:modified_time\" content=\"2025-01-22T07:29:53+00:00\" \/>\n<meta property=\"og:image\" content=\"https:\/\/news.canadamotorjobs.com\/wp-content\/uploads\/2025\/01\/mecum-auction-seinfield-porsche-917k-002.jpg\" \/>\n\t<meta property=\"og:image:width\" content=\"1200\" \/>\n\t<meta property=\"og:image:height\" content=\"674\" \/>\n\t<meta property=\"og:image:type\" content=\"image\/jpeg\" \/>\n<meta name=\"author\" content=\"Benoit Charette\" \/>\n<meta name=\"twitter:card\" content=\"summary_large_image\" \/>\n<meta name=\"twitter:creator\" content=\"@canadamotorjobs\" \/>\n<meta name=\"twitter:site\" content=\"@canadamotorjobs\" \/>\n<meta name=\"twitter:label1\" content=\"\u00c9crit par\" \/>\n\t<meta name=\"twitter:data1\" content=\"Benoit Charette\" \/>\n\t<meta name=\"twitter:label2\" content=\"Estimation du temps de lecture\" \/>\n\t<meta name=\"twitter:data2\" content=\"2 minutes\" \/>\n<!-- \/ Yoast SEO plugin. -->","yoast_head_json":{"title":"La Porsche 917K de Seinfeld : une offre de 25 millions balay\u00e9e du revers de la main - CanadaMotorJobs.com","description":"La Porsche 917K de Seinfeld : une offre de 25 millions balay\u00e9e du revers de la main - Benoit Charette - Annuel automobile - CanadaMotorJobs.com.","robots":{"index":"index","follow":"follow","max-snippet":"max-snippet:-1","max-image-preview":"max-image-preview:large","max-video-preview":"max-video-preview:-1"},"og_locale":"fr_CA","og_type":"article","og_title":"La Porsche 917K de Seinfeld : une offre de 25 millions balay\u00e9e du revers de la main - CanadaMotorJobs.com","og_description":"La Porsche 917K de Seinfeld : une offre de 25 millions balay\u00e9e du revers de la main - Benoit Charette - Annuel automobile - CanadaMotorJobs.com.","og_url":"https:\/\/news.canadamotorjobs.com\/fr\/la-porsche-917k-de-seinfeld-une-offre-de-25-millions-balayee-du-revers-de-la-main\/","og_site_name":"CanadaMotorJobs.com","article_publisher":"https:\/\/www.facebook.com\/canadamotorjobs\/","article_published_time":"2025-01-22T07:24:50+00:00","article_modified_time":"2025-01-22T07:29:53+00:00","og_image":[{"width":1200,"height":674,"url":"https:\/\/news.canadamotorjobs.com\/wp-content\/uploads\/2025\/01\/mecum-auction-seinfield-porsche-917k-002.jpg","type":"image\/jpeg"}],"author":"Benoit Charette","twitter_card":"summary_large_image","twitter_creator":"@canadamotorjobs","twitter_site":"@canadamotorjobs","twitter_misc":{"\u00c9crit par":"Benoit Charette","Estimation du temps de lecture":"2 minutes"},"schema":{"@context":"https:\/\/schema.org","@graph":[{"@type":"Article","@id":"https:\/\/news.canadamotorjobs.com\/fr\/la-porsche-917k-de-seinfeld-une-offre-de-25-millions-balayee-du-revers-de-la-main\/#article","isPartOf":{"@id":"https:\/\/news.canadamotorjobs.com\/fr\/la-porsche-917k-de-seinfeld-une-offre-de-25-millions-balayee-du-revers-de-la-main\/"},"author":{"name":"Benoit Charette","@id":"https:\/\/news.canadamotorjobs.com\/#\/schema\/person\/51793d1f87d44011d7bcc2ed99269a90"},"headline":"La Porsche 917K de Seinfeld : une offre de 25 millions balay\u00e9e du revers de la main","datePublished":"2025-01-22T07:24:50+00:00","dateModified":"2025-01-22T07:29:53+00:00","mainEntityOfPage":{"@id":"https:\/\/news.canadamotorjobs.com\/fr\/la-porsche-917k-de-seinfeld-une-offre-de-25-millions-balayee-du-revers-de-la-main\/"},"wordCount":494,"publisher":{"@id":"https:\/\/news.canadamotorjobs.com\/#organization"},"image":{"@id":"https:\/\/news.canadamotorjobs.com\/fr\/la-porsche-917k-de-seinfeld-une-offre-de-25-millions-balayee-du-revers-de-la-main\/#primaryimage"},"thumbnailUrl":"https:\/\/news.canadamotorjobs.com\/wp-content\/uploads\/2025\/01\/mecum-auction-seinfield-porsche-917k-002.jpg","articleSection":["Annuel automobile"],"inLanguage":"fr-CA"},{"@type":"WebPage","@id":"https:\/\/news.canadamotorjobs.com\/fr\/la-porsche-917k-de-seinfeld-une-offre-de-25-millions-balayee-du-revers-de-la-main\/","url":"https:\/\/news.canadamotorjobs.com\/fr\/la-porsche-917k-de-seinfeld-une-offre-de-25-millions-balayee-du-revers-de-la-main\/","name":"La Porsche 917K de Seinfeld : une offre de 25 millions balay\u00e9e du revers de la main - CanadaMotorJobs.com","isPartOf":{"@id":"https:\/\/news.canadamotorjobs.com\/#website"},"primaryImageOfPage":{"@id":"https:\/\/news.canadamotorjobs.com\/fr\/la-porsche-917k-de-seinfeld-une-offre-de-25-millions-balayee-du-revers-de-la-main\/#primaryimage"},"image":{"@id":"https:\/\/news.canadamotorjobs.com\/fr\/la-porsche-917k-de-seinfeld-une-offre-de-25-millions-balayee-du-revers-de-la-main\/#primaryimage"},"thumbnailUrl":"https:\/\/news.canadamotorjobs.com\/wp-content\/uploads\/2025\/01\/mecum-auction-seinfield-porsche-917k-002.jpg","datePublished":"2025-01-22T07:24:50+00:00","dateModified":"2025-01-22T07:29:53+00:00","description":"La Porsche 917K de Seinfeld : une offre de 25 millions balay\u00e9e du revers de la main - Benoit Charette - Annuel automobile - CanadaMotorJobs.com.","breadcrumb":{"@id":"https:\/\/news.canadamotorjobs.com\/fr\/la-porsche-917k-de-seinfeld-une-offre-de-25-millions-balayee-du-revers-de-la-main\/#breadcrumb"},"inLanguage":"fr-CA","potentialAction":[{"@type":"ReadAction","target":["https:\/\/news.canadamotorjobs.com\/fr\/la-porsche-917k-de-seinfeld-une-offre-de-25-millions-balayee-du-revers-de-la-main\/"]}]},{"@type":"ImageObject","inLanguage":"fr-CA","@id":"https:\/\/news.canadamotorjobs.com\/fr\/la-porsche-917k-de-seinfeld-une-offre-de-25-millions-balayee-du-revers-de-la-main\/#primaryimage","url":"https:\/\/news.canadamotorjobs.com\/wp-content\/uploads\/2025\/01\/mecum-auction-seinfield-porsche-917k-002.jpg","contentUrl":"https:\/\/news.canadamotorjobs.com\/wp-content\/uploads\/2025\/01\/mecum-auction-seinfield-porsche-917k-002.jpg","width":1200,"height":674},{"@type":"BreadcrumbList","@id":"https:\/\/news.canadamotorjobs.com\/fr\/la-porsche-917k-de-seinfeld-une-offre-de-25-millions-balayee-du-revers-de-la-main\/#breadcrumb","itemListElement":[{"@type":"ListItem","position":1,"name":"Home","item":"https:\/\/news.canadamotorjobs.com\/fr\/blog\/"},{"@type":"ListItem","position":2,"name":"La Porsche 917K de Seinfeld : une offre de 25 millions balay\u00e9e du revers de la main"}]},{"@type":"WebSite","@id":"https:\/\/news.canadamotorjobs.com\/#website","url":"https:\/\/news.canadamotorjobs.com\/","name":"CanadaMotorJobs.com","description":"Automotive Jobs","publisher":{"@id":"https:\/\/news.canadamotorjobs.com\/#organization"},"potentialAction":[{"@type":"SearchAction","target":{"@type":"EntryPoint","urlTemplate":"https:\/\/news.canadamotorjobs.com\/?s={search_term_string}"},"query-input":"required name=search_term_string"}],"inLanguage":"fr-CA"},{"@type":"Organization","@id":"https:\/\/news.canadamotorjobs.com\/#organization","name":"Canada Motor Jobs","url":"https:\/\/news.canadamotorjobs.com\/","logo":{"@type":"ImageObject","inLanguage":"fr-CA","@id":"https:\/\/news.canadamotorjobs.com\/#\/schema\/logo\/image\/","url":"https:\/\/news.canadamotorjobs.com\/wp-content\/uploads\/2022\/10\/logo-canada-motor-jobs-1.png","contentUrl":"https:\/\/news.canadamotorjobs.com\/wp-content\/uploads\/2022\/10\/logo-canada-motor-jobs-1.png","width":800,"height":400,"caption":"Canada Motor Jobs"},"image":{"@id":"https:\/\/news.canadamotorjobs.com\/#\/schema\/logo\/image\/"},"sameAs":["https:\/\/www.facebook.com\/canadamotorjobs\/","https:\/\/x.com\/canadamotorjobs","https:\/\/www.instagram.com\/canadamotorjobs\/","https:\/\/www.linkedin.com\/company\/canadamotorjobs"]},{"@type":"Person","@id":"https:\/\/news.canadamotorjobs.com\/#\/schema\/person\/51793d1f87d44011d7bcc2ed99269a90","name":"Benoit Charette","image":{"@type":"ImageObject","inLanguage":"fr-CA","@id":"https:\/\/news.canadamotorjobs.com\/#\/schema\/person\/image\/","url":"https:\/\/secure.gravatar.com\/avatar\/45f3d2eebcccd909668d7ce7ea7267b6?s=96&d=mm&r=g","contentUrl":"https:\/\/secure.gravatar.com\/avatar\/45f3d2eebcccd909668d7ce7ea7267b6?s=96&d=mm&r=g","caption":"Benoit Charette"},"description":"Benoit Charette \/ Propri\u00e9taire et r\u00e9dacteur en chef Benoit Charette pratique le journalisme automobile depuis bient\u00f4t 30 ans. Il a fait ses classes au c\u00f4t\u00e9 de Daniel H\u00e9raud et au Carnet de route de 1992 \u00e0 2001. Il est fondateur, copropri\u00e9taire et r\u00e9dacteur en chef de L\u2019Annuel de l\u2019automobile, qu\u2019il publie depuis 2001. Il a anim\u00e9 les \u00e9missions RPM et RPM+ sur V et les L\u00e9gendes de la route sur Historia. \u00c0 la radio depuis 1986, il reprend l\u2019antenne cette ann\u00e9e sur les ondes de Cogeco et participe pour la deuxi\u00e8me ann\u00e9e \u00e0 l\u2019\u00e9mission Passion Auto sur RDS en plus de mettre en ligne le site Web officiel de L\u2019Annuel de l\u2019automobile sur annuelauto.ca.","sameAs":["https:\/\/annuelauto.ca\/"],"url":"https:\/\/news.canadamotorjobs.com\/fr\/author\/benoit-charette\/"}]}},"_links":{"self":[{"href":"https:\/\/news.canadamotorjobs.com\/fr\/wp-json\/wp\/v2\/posts\/190143"}],"collection":[{"href":"https:\/\/news.canadamotorjobs.com\/fr\/wp-json\/wp\/v2\/posts"}],"about":[{"href":"https:\/\/news.canadamotorjobs.com\/fr\/wp-json\/wp\/v2\/types\/post"}],"author":[{"embeddable":true,"href":"https:\/\/news.canadamotorjobs.com\/fr\/wp-json\/wp\/v2\/users\/8"}],"replies":[{"embeddable":true,"href":"https:\/\/news.canadamotorjobs.com\/fr\/wp-json\/wp\/v2\/comments?post=190143"}],"version-history":[{"count":3,"href":"https:\/\/news.canadamotorjobs.com\/fr\/wp-json\/wp\/v2\/posts\/190143\/revisions"}],"predecessor-version":[{"id":190202,"href":"https:\/\/news.canadamotorjobs.com\/fr\/wp-json\/wp\/v2\/posts\/190143\/revisions\/190202"}],"wp:featuredmedia":[{"embeddable":true,"href":"https:\/\/news.canadamotorjobs.com\/fr\/wp-json\/wp\/v2\/media\/190145"}],"wp:attachment":[{"href":"https:\/\/news.canadamotorjobs.com\/fr\/wp-json\/wp\/v2\/media?parent=190143"}],"wp:term":[{"taxonomy":"category","embeddable":true,"href":"https:\/\/news.canadamotorjobs.com\/fr\/wp-json\/wp\/v2\/categories?post=190143"},{"taxonomy":"post_tag","embeddable":true,"href":"https:\/\/news.canadamotorjobs.com\/fr\/wp-json\/wp\/v2\/tags?post=190143"}],"curies":[{"name":"wp","href":"https:\/\/api.w.org\/{rel}","templated":true}]}}