{"id":190083,"date":"2025-01-22T02:24:51","date_gmt":"2025-01-22T07:24:51","guid":{"rendered":"https:\/\/news.canadamotorjobs.com\/?p=190083"},"modified":"2025-01-22T02:29:15","modified_gmt":"2025-01-22T07:29:15","slug":"reprise-de-la-production-du-ineos-grenadier","status":"publish","type":"post","link":"https:\/\/news.canadamotorjobs.com\/fr\/reprise-de-la-production-du-ineos-grenadier\/","title":{"rendered":"Reprise de la production du Ineos Grenadier"},"content":{"rendered":"<\/p>\n<p>Le constructeur Ineos a annonc\u00e9 \u00e0 la fin de la semaine derni\u00e8re que la production de son VUS Grenadier et de sa camionnette Grenadier Quartermaster avait reprise \u00e0 son usine de Hambach, en France.<\/p>\n<p>Il faut se rappeler que la production avait \u00e9t\u00e9 arr\u00eat\u00e9e en raison d\u2019un probl\u00e8me particulier et hors du contr\u00f4le de l\u2019entreprise, soit les ennuis du fournisseur de si\u00e8ges Recaro, qui avait cess\u00e9 la production de ses unit\u00e9s en juillet dernier en raison de probl\u00e8mes financiers l\u2019ayant pouss\u00e9 au bord de la faillite.<\/p>\n<p>Heureusement, Recaro a \u00e9t\u00e9 sauv\u00e9e gr\u00e2ce \u00e0 l\u2019intervention du fabricant italien de si\u00e8ges Proma. Les d\u00e9tails ont \u00e9t\u00e9 finalis\u00e9s le mois dernier, ce qui a permis de relancer la production. Cons\u00e9quemment, Ineos peut faire de m\u00eame avec ses mod\u00e8les et les si\u00e8ges qu\u2019elle souhaite installer \u00e0 leur bord.<\/p>\n<p><\/p>\n<figure><img decoding=\"async\" src=\"https:\/\/news.canadamotorjobs.com\/wp-content\/uploads\/2025\/01\/ineos-grenadier-production-004-5.jpg\" alt=\"L&#039;Ineos Grenadier, en production\" \/><figcaption>L&#8217;Ineos Grenadier, en production | Auto123.com<\/figcaption><\/figure>\n<blockquote><p><\/p>\n<p>\u00ab C\u2019est un excellent d\u00e9but d\u2019ann\u00e9e pour nous, un d\u00e9but d\u2019ann\u00e9e dont je suis fermement convaincu qu\u2019il sera le meilleur \u00e0 ce jour et qu\u2019il s\u2019appuiera sur la croissance de plus de 40 % d\u2019une ann\u00e9e \u00e0 l\u2019autre que nous avons r\u00e9alis\u00e9e en 2024. \u00bb<\/p>\n<p>&#8211; Lynn Calder, cheffe de la direction d\u2019Ineos<\/p>\n<p>\n<\/p><\/blockquote>\n<p>Fond\u00e9 en 2016, ce constructeur fait partie du g\u00e9ant de la chimie Ineos cr\u00e9\u00e9 en 1998. L\u2019entreprise avait initialement pr\u00e9vu d\u2019ajouter deux VUS additionnels \u00e0 sa gamme, dont un mod\u00e8le \u00e9lectrique, ainsi qu\u2019une deuxi\u00e8me usine. Cependant, la firme a annonc\u00e9 en ao\u00fbt dernier que ces projets \u00e9taient suspendus, car on souhaitait se concentrer sur de nouvelles variantes du Grenadier et du Grenadier Quartermaster, et sur le d\u00e9veloppement d\u2019autres march\u00e9s.<\/p>\n<p>Lynn Calder a d\u00e9clar\u00e9 qu\u2019avec l\u2019ajout r\u00e9cent des march\u00e9s de la Chine et du Mexique, Ineos est maintenant pr\u00e9sent dans pr\u00e8s de 50 pays.<\/p>\n<p><\/p>\n<figure><img decoding=\"async\" src=\"https:\/\/news.canadamotorjobs.com\/wp-content\/uploads\/2025\/01\/Inaos-Grenadier_4-1.jpg\" alt=\"L&#039;Ineos Grenadier Quartermaster, au Salon de Los Angeles 2024\" \/><figcaption>L&#8217;Ineos Grenadier Quartermaster, au Salon de Los Angeles 2024 | Auto123.com<\/figcaption><\/figure>\n<p style=\"padding-top: 15px\">Contenu original de <a href=\"https:\/\/www.auto123.com\/fr\/actualites\/ineos-grenadier-reprise-production-France\/72302\/\">auto123<\/a>.<\/p>\n<p>Le texte <a rel=\"nofollow\" href=\"https:\/\/annuelauto.ca\/reprise-de-la-production-du-ineos-grenadier\/\">Reprise de la production du Ineos Grenadier<\/a> provient de <a rel=\"nofollow\" href=\"https:\/\/annuelauto.ca\">L&#8217;annuel de l&#8217;automobile &#8211; Actualit\u00e9 automobile<\/a><\/p>\n<p><\/p>\n","protected":false},"excerpt":{"rendered":"<p>Le constructeur Ineos a annonc\u00e9 \u00e0 la fin de la semaine derni\u00e8re que la production de son VUS Grenadier et de sa camionnette Grenadier Quartermaster avait reprise \u00e0 son usine de Hambach, en France. Il faut se rappeler que la production avait \u00e9t\u00e9 arr\u00eat\u00e9e en raison d\u2019un probl\u00e8me particulier et hors du contr\u00f4le de l\u2019entreprise, [&hellip;]<\/p>\n","protected":false},"author":8,"featured_media":190085,"comment_status":"close","ping_status":"closed","sticky":false,"template":"","format":"standard","meta":{"_monsterinsights_skip_tracking":false,"_monsterinsights_sitenote_active":false,"_monsterinsights_sitenote_note":"","_monsterinsights_sitenote_category":0,"footnotes":""},"categories":[101],"tags":[],"yoast_head":"<!-- This site is optimized with the Yoast SEO plugin v23.2 - https:\/\/yoast.com\/wordpress\/plugins\/seo\/ -->\n<title>Reprise de la production du Ineos Grenadier - CanadaMotorJobs.com<\/title>\n<meta name=\"description\" content=\"Reprise de la production du Ineos Grenadier - Benoit Charette - Annuel automobile - CanadaMotorJobs.com.\" \/>\n<meta name=\"robots\" content=\"index, follow, max-snippet:-1, max-image-preview:large, max-video-preview:-1\" \/>\n<meta property=\"og:locale\" content=\"fr_CA\" \/>\n<meta property=\"og:type\" content=\"article\" \/>\n<meta property=\"og:title\" content=\"Reprise de la production du Ineos Grenadier - CanadaMotorJobs.com\" \/>\n<meta property=\"og:description\" content=\"Reprise de la production du Ineos Grenadier - Benoit Charette - Annuel automobile - CanadaMotorJobs.com.\" \/>\n<meta property=\"og:url\" content=\"https:\/\/news.canadamotorjobs.com\/fr\/reprise-de-la-production-du-ineos-grenadier\/\" \/>\n<meta property=\"og:site_name\" content=\"CanadaMotorJobs.com\" \/>\n<meta property=\"article:publisher\" content=\"https:\/\/www.facebook.com\/canadamotorjobs\/\" \/>\n<meta property=\"article:published_time\" content=\"2025-01-22T07:24:51+00:00\" \/>\n<meta property=\"article:modified_time\" content=\"2025-01-22T07:29:15+00:00\" \/>\n<meta property=\"og:image\" content=\"https:\/\/news.canadamotorjobs.com\/wp-content\/uploads\/2025\/01\/ineos-grenadier-production-004.jpg\" \/>\n\t<meta property=\"og:image:width\" content=\"1200\" \/>\n\t<meta property=\"og:image:height\" content=\"800\" \/>\n\t<meta property=\"og:image:type\" content=\"image\/jpeg\" \/>\n<meta name=\"author\" content=\"Benoit Charette\" \/>\n<meta name=\"twitter:card\" content=\"summary_large_image\" \/>\n<meta name=\"twitter:creator\" content=\"@canadamotorjobs\" \/>\n<meta name=\"twitter:site\" content=\"@canadamotorjobs\" \/>\n<meta name=\"twitter:label1\" content=\"\u00c9crit par\" \/>\n\t<meta name=\"twitter:data1\" content=\"Benoit Charette\" \/>\n\t<meta name=\"twitter:label2\" content=\"Estimation du temps de lecture\" \/>\n\t<meta name=\"twitter:data2\" content=\"2 minutes\" \/>\n<!-- \/ Yoast SEO plugin. -->","yoast_head_json":{"title":"Reprise de la production du Ineos Grenadier - CanadaMotorJobs.com","description":"Reprise de la production du Ineos Grenadier - Benoit Charette - Annuel automobile - CanadaMotorJobs.com.","robots":{"index":"index","follow":"follow","max-snippet":"max-snippet:-1","max-image-preview":"max-image-preview:large","max-video-preview":"max-video-preview:-1"},"og_locale":"fr_CA","og_type":"article","og_title":"Reprise de la production du Ineos Grenadier - CanadaMotorJobs.com","og_description":"Reprise de la production du Ineos Grenadier - Benoit Charette - Annuel automobile - CanadaMotorJobs.com.","og_url":"https:\/\/news.canadamotorjobs.com\/fr\/reprise-de-la-production-du-ineos-grenadier\/","og_site_name":"CanadaMotorJobs.com","article_publisher":"https:\/\/www.facebook.com\/canadamotorjobs\/","article_published_time":"2025-01-22T07:24:51+00:00","article_modified_time":"2025-01-22T07:29:15+00:00","og_image":[{"width":1200,"height":800,"url":"https:\/\/news.canadamotorjobs.com\/wp-content\/uploads\/2025\/01\/ineos-grenadier-production-004.jpg","type":"image\/jpeg"}],"author":"Benoit Charette","twitter_card":"summary_large_image","twitter_creator":"@canadamotorjobs","twitter_site":"@canadamotorjobs","twitter_misc":{"\u00c9crit par":"Benoit Charette","Estimation du temps de lecture":"2 minutes"},"schema":{"@context":"https:\/\/schema.org","@graph":[{"@type":"Article","@id":"https:\/\/news.canadamotorjobs.com\/fr\/reprise-de-la-production-du-ineos-grenadier\/#article","isPartOf":{"@id":"https:\/\/news.canadamotorjobs.com\/fr\/reprise-de-la-production-du-ineos-grenadier\/"},"author":{"name":"Benoit Charette","@id":"https:\/\/news.canadamotorjobs.com\/#\/schema\/person\/51793d1f87d44011d7bcc2ed99269a90"},"headline":"Reprise de la production du Ineos Grenadier","datePublished":"2025-01-22T07:24:51+00:00","dateModified":"2025-01-22T07:29:15+00:00","mainEntityOfPage":{"@id":"https:\/\/news.canadamotorjobs.com\/fr\/reprise-de-la-production-du-ineos-grenadier\/"},"wordCount":369,"publisher":{"@id":"https:\/\/news.canadamotorjobs.com\/#organization"},"image":{"@id":"https:\/\/news.canadamotorjobs.com\/fr\/reprise-de-la-production-du-ineos-grenadier\/#primaryimage"},"thumbnailUrl":"https:\/\/news.canadamotorjobs.com\/wp-content\/uploads\/2025\/01\/ineos-grenadier-production-004.jpg","articleSection":["Annuel automobile"],"inLanguage":"fr-CA"},{"@type":"WebPage","@id":"https:\/\/news.canadamotorjobs.com\/fr\/reprise-de-la-production-du-ineos-grenadier\/","url":"https:\/\/news.canadamotorjobs.com\/fr\/reprise-de-la-production-du-ineos-grenadier\/","name":"Reprise de la production du Ineos Grenadier - CanadaMotorJobs.com","isPartOf":{"@id":"https:\/\/news.canadamotorjobs.com\/#website"},"primaryImageOfPage":{"@id":"https:\/\/news.canadamotorjobs.com\/fr\/reprise-de-la-production-du-ineos-grenadier\/#primaryimage"},"image":{"@id":"https:\/\/news.canadamotorjobs.com\/fr\/reprise-de-la-production-du-ineos-grenadier\/#primaryimage"},"thumbnailUrl":"https:\/\/news.canadamotorjobs.com\/wp-content\/uploads\/2025\/01\/ineos-grenadier-production-004.jpg","datePublished":"2025-01-22T07:24:51+00:00","dateModified":"2025-01-22T07:29:15+00:00","description":"Reprise de la production du Ineos Grenadier - Benoit Charette - Annuel automobile - CanadaMotorJobs.com.","breadcrumb":{"@id":"https:\/\/news.canadamotorjobs.com\/fr\/reprise-de-la-production-du-ineos-grenadier\/#breadcrumb"},"inLanguage":"fr-CA","potentialAction":[{"@type":"ReadAction","target":["https:\/\/news.canadamotorjobs.com\/fr\/reprise-de-la-production-du-ineos-grenadier\/"]}]},{"@type":"ImageObject","inLanguage":"fr-CA","@id":"https:\/\/news.canadamotorjobs.com\/fr\/reprise-de-la-production-du-ineos-grenadier\/#primaryimage","url":"https:\/\/news.canadamotorjobs.com\/wp-content\/uploads\/2025\/01\/ineos-grenadier-production-004.jpg","contentUrl":"https:\/\/news.canadamotorjobs.com\/wp-content\/uploads\/2025\/01\/ineos-grenadier-production-004.jpg","width":1200,"height":800},{"@type":"BreadcrumbList","@id":"https:\/\/news.canadamotorjobs.com\/fr\/reprise-de-la-production-du-ineos-grenadier\/#breadcrumb","itemListElement":[{"@type":"ListItem","position":1,"name":"Home","item":"https:\/\/news.canadamotorjobs.com\/fr\/blog\/"},{"@type":"ListItem","position":2,"name":"Reprise de la production du Ineos Grenadier"}]},{"@type":"WebSite","@id":"https:\/\/news.canadamotorjobs.com\/#website","url":"https:\/\/news.canadamotorjobs.com\/","name":"CanadaMotorJobs.com","description":"Automotive Jobs","publisher":{"@id":"https:\/\/news.canadamotorjobs.com\/#organization"},"potentialAction":[{"@type":"SearchAction","target":{"@type":"EntryPoint","urlTemplate":"https:\/\/news.canadamotorjobs.com\/?s={search_term_string}"},"query-input":"required name=search_term_string"}],"inLanguage":"fr-CA"},{"@type":"Organization","@id":"https:\/\/news.canadamotorjobs.com\/#organization","name":"Canada Motor Jobs","url":"https:\/\/news.canadamotorjobs.com\/","logo":{"@type":"ImageObject","inLanguage":"fr-CA","@id":"https:\/\/news.canadamotorjobs.com\/#\/schema\/logo\/image\/","url":"https:\/\/news.canadamotorjobs.com\/wp-content\/uploads\/2022\/10\/logo-canada-motor-jobs-1.png","contentUrl":"https:\/\/news.canadamotorjobs.com\/wp-content\/uploads\/2022\/10\/logo-canada-motor-jobs-1.png","width":800,"height":400,"caption":"Canada Motor Jobs"},"image":{"@id":"https:\/\/news.canadamotorjobs.com\/#\/schema\/logo\/image\/"},"sameAs":["https:\/\/www.facebook.com\/canadamotorjobs\/","https:\/\/x.com\/canadamotorjobs","https:\/\/www.instagram.com\/canadamotorjobs\/","https:\/\/www.linkedin.com\/company\/canadamotorjobs"]},{"@type":"Person","@id":"https:\/\/news.canadamotorjobs.com\/#\/schema\/person\/51793d1f87d44011d7bcc2ed99269a90","name":"Benoit Charette","image":{"@type":"ImageObject","inLanguage":"fr-CA","@id":"https:\/\/news.canadamotorjobs.com\/#\/schema\/person\/image\/","url":"https:\/\/secure.gravatar.com\/avatar\/45f3d2eebcccd909668d7ce7ea7267b6?s=96&d=mm&r=g","contentUrl":"https:\/\/secure.gravatar.com\/avatar\/45f3d2eebcccd909668d7ce7ea7267b6?s=96&d=mm&r=g","caption":"Benoit Charette"},"description":"Benoit Charette \/ Propri\u00e9taire et r\u00e9dacteur en chef Benoit Charette pratique le journalisme automobile depuis bient\u00f4t 30 ans. Il a fait ses classes au c\u00f4t\u00e9 de Daniel H\u00e9raud et au Carnet de route de 1992 \u00e0 2001. Il est fondateur, copropri\u00e9taire et r\u00e9dacteur en chef de L\u2019Annuel de l\u2019automobile, qu\u2019il publie depuis 2001. Il a anim\u00e9 les \u00e9missions RPM et RPM+ sur V et les L\u00e9gendes de la route sur Historia. \u00c0 la radio depuis 1986, il reprend l\u2019antenne cette ann\u00e9e sur les ondes de Cogeco et participe pour la deuxi\u00e8me ann\u00e9e \u00e0 l\u2019\u00e9mission Passion Auto sur RDS en plus de mettre en ligne le site Web officiel de L\u2019Annuel de l\u2019automobile sur annuelauto.ca.","sameAs":["https:\/\/annuelauto.ca\/"],"url":"https:\/\/news.canadamotorjobs.com\/fr\/author\/benoit-charette\/"}]}},"_links":{"self":[{"href":"https:\/\/news.canadamotorjobs.com\/fr\/wp-json\/wp\/v2\/posts\/190083"}],"collection":[{"href":"https:\/\/news.canadamotorjobs.com\/fr\/wp-json\/wp\/v2\/posts"}],"about":[{"href":"https:\/\/news.canadamotorjobs.com\/fr\/wp-json\/wp\/v2\/types\/post"}],"author":[{"embeddable":true,"href":"https:\/\/news.canadamotorjobs.com\/fr\/wp-json\/wp\/v2\/users\/8"}],"replies":[{"embeddable":true,"href":"https:\/\/news.canadamotorjobs.com\/fr\/wp-json\/wp\/v2\/comments?post=190083"}],"version-history":[{"count":3,"href":"https:\/\/news.canadamotorjobs.com\/fr\/wp-json\/wp\/v2\/posts\/190083\/revisions"}],"predecessor-version":[{"id":190114,"href":"https:\/\/news.canadamotorjobs.com\/fr\/wp-json\/wp\/v2\/posts\/190083\/revisions\/190114"}],"wp:featuredmedia":[{"embeddable":true,"href":"https:\/\/news.canadamotorjobs.com\/fr\/wp-json\/wp\/v2\/media\/190085"}],"wp:attachment":[{"href":"https:\/\/news.canadamotorjobs.com\/fr\/wp-json\/wp\/v2\/media?parent=190083"}],"wp:term":[{"taxonomy":"category","embeddable":true,"href":"https:\/\/news.canadamotorjobs.com\/fr\/wp-json\/wp\/v2\/categories?post=190083"},{"taxonomy":"post_tag","embeddable":true,"href":"https:\/\/news.canadamotorjobs.com\/fr\/wp-json\/wp\/v2\/tags?post=190083"}],"curies":[{"name":"wp","href":"https:\/\/api.w.org\/{rel}","templated":true}]}}