{"id":189992,"date":"2025-01-21T02:25:01","date_gmt":"2025-01-21T07:25:01","guid":{"rendered":"https:\/\/news.canadamotorjobs.com\/?p=189992"},"modified":"2025-01-21T02:29:03","modified_gmt":"2025-01-21T07:29:03","slug":"kia-rappelle-plus-de-74-000-sorento-en-raison-dun-probleme-avec-les-phares-et-les-feux","status":"publish","type":"post","link":"https:\/\/news.canadamotorjobs.com\/fr\/kia-rappelle-plus-de-74-000-sorento-en-raison-dun-probleme-avec-les-phares-et-les-feux\/","title":{"rendered":"Kia rappelle plus de 74\u2009000 Sorento en raison d\u2019un probl\u00e8me avec les phares et les feux."},"content":{"rendered":"<\/p>\n<p>Kia a annonc\u00e9 le rappel de pr\u00e8s de 74 500 exemplaires de son Sorento, incluant les mod\u00e8les hybrides et hybrides rechargeables. La raison ? Un probl\u00e8me logiciel au niveau de l\u2019unit\u00e9 de contr\u00f4le des syst\u00e8mes de carrosserie, responsable de la gestion des phares et des feux, en serait la cause.<\/p>\n<p>Les v\u00e9hicules concern\u00e9s comprennent :<\/p>\n<ul><\/p>\n<li>\u2022\u00a0\u00a0\u00a0 Sorento 2024-2025<\/li>\n<p><\/p>\n<li>\u2022\u00a0\u00a0\u00a0 Sorento hybride et hybride rechargeable 2025<\/li>\n<p>\n<\/ul>\n<p>Cette d\u00e9faillance peut entra\u00eener la perte des feux de croisement et des feux, r\u00e9duisant ainsi la visibilit\u00e9 et augmentant le risque d\u2019accident.<\/p>\n<p><\/p>\n<figure><img decoding=\"async\" src=\"https:\/\/news.canadamotorjobs.com\/wp-content\/uploads\/2025\/01\/21427_2025_Sorento_HEV-5.jpg\" alt=\"Feu sur le Kia Sorento\" \/><figcaption>Feu sur le Kia Sorento | Auto123.com<\/figcaption><\/figure>\n<p><strong>Une solution gratuite pour les propri\u00e9taires<\/strong><\/p>\n<p>Pour rem\u00e9dier \u00e0 ce probl\u00e8me, Kia met \u00e0 la disposition une mise \u00e0 jour logicielle gratuite, qui pourra \u00eatre effectu\u00e9e lors d\u2019une visite chez le concessionnaire. Les propri\u00e9taires concern\u00e9s seront inform\u00e9s \u00e0 partir du 21 f\u00e9vrier 2025. Ce rappel affecte pour le moment les mod\u00e8les am\u00e9ricains, mais comme c\u2019est presque toujours le cas, ce probl\u00e8me existe aussi chez nous.<\/p>\n<p><strong>Impact sur la s\u00e9curit\u00e9<\/strong><\/p>\n<p>Rouler sans phares ou feux fonctionnels peut \u00eatre extr\u00eamement dangereux, notamment lors de conditions de faible luminosit\u00e9. Kia rappelle l\u2019importance de corriger ce probl\u00e8me rapidement pour garantir la s\u00e9curit\u00e9 des conducteurs et des autres usagers de la route.<\/p>\n<p>Si vous poss\u00e9dez un mod\u00e8le Sorento concern\u00e9, n\u2019h\u00e9sitez pas \u00e0 planifier une visite chez votre concessionnaire pour effectuer cette mise \u00e0 jour essentielle.<\/p>\n<p><\/p>\n<p style=\"padding-top: 15px\">Contenu original de <a href=\"https:\/\/www.auto123.com\/fr\/actualites\/kia-sorento-rappel-phares-feux\/72301\/\">auto123<\/a>.<\/p>\n<p>Le texte <a rel=\"nofollow\" href=\"https:\/\/annuelauto.ca\/kia-rappelle-plus-de-74%e2%80%89000-sorento-en-raison-dun-probleme-avec-les-phares-et-les-feux\/\">Kia rappelle plus de 74\u2009000 Sorento en raison d\u2019un probl\u00e8me avec les phares et les feux.<\/a> provient de <a rel=\"nofollow\" href=\"https:\/\/annuelauto.ca\">L&#8217;annuel de l&#8217;automobile &#8211; Actualit\u00e9 automobile<\/a><\/p>\n<p><\/p>\n","protected":false},"excerpt":{"rendered":"<p>Kia a annonc\u00e9 le rappel de pr\u00e8s de 74 500 exemplaires de son Sorento, incluant les mod\u00e8les hybrides et hybrides rechargeables. La raison ? Un probl\u00e8me logiciel au niveau de l\u2019unit\u00e9 de contr\u00f4le des syst\u00e8mes de carrosserie, responsable de la gestion des phares et des feux, en serait la cause. Les v\u00e9hicules concern\u00e9s comprennent : [&hellip;]<\/p>\n","protected":false},"author":8,"featured_media":189994,"comment_status":"close","ping_status":"closed","sticky":false,"template":"","format":"standard","meta":{"_monsterinsights_skip_tracking":false,"_monsterinsights_sitenote_active":false,"_monsterinsights_sitenote_note":"","_monsterinsights_sitenote_category":0,"footnotes":""},"categories":[101],"tags":[],"yoast_head":"<!-- This site is optimized with the Yoast SEO plugin v23.2 - https:\/\/yoast.com\/wordpress\/plugins\/seo\/ -->\n<title>Kia rappelle plus de 74\u2009000 Sorento en raison d\u2019un probl\u00e8me avec les phares et les feux. - CanadaMotorJobs.com<\/title>\n<meta name=\"description\" content=\"Kia rappelle plus de 74\u2009000 Sorento en raison d\u2019un probl\u00e8me avec les phares et les feux. - Benoit Charette - Annuel automobile - CanadaMotorJobs.com.\" \/>\n<meta name=\"robots\" content=\"index, follow, max-snippet:-1, max-image-preview:large, max-video-preview:-1\" \/>\n<meta property=\"og:locale\" content=\"fr_CA\" \/>\n<meta property=\"og:type\" content=\"article\" \/>\n<meta property=\"og:title\" content=\"Kia rappelle plus de 74\u2009000 Sorento en raison d\u2019un probl\u00e8me avec les phares et les feux. - CanadaMotorJobs.com\" \/>\n<meta property=\"og:description\" content=\"Kia rappelle plus de 74\u2009000 Sorento en raison d\u2019un probl\u00e8me avec les phares et les feux. - Benoit Charette - Annuel automobile - CanadaMotorJobs.com.\" \/>\n<meta property=\"og:url\" content=\"https:\/\/news.canadamotorjobs.com\/fr\/kia-rappelle-plus-de-74-000-sorento-en-raison-dun-probleme-avec-les-phares-et-les-feux\/\" \/>\n<meta property=\"og:site_name\" content=\"CanadaMotorJobs.com\" \/>\n<meta property=\"article:publisher\" content=\"https:\/\/www.facebook.com\/canadamotorjobs\/\" \/>\n<meta property=\"article:published_time\" content=\"2025-01-21T07:25:01+00:00\" \/>\n<meta property=\"article:modified_time\" content=\"2025-01-21T07:29:03+00:00\" \/>\n<meta property=\"og:image\" content=\"https:\/\/news.canadamotorjobs.com\/wp-content\/uploads\/2025\/01\/21427_2025_Sorento_HEV.jpg\" \/>\n\t<meta property=\"og:image:width\" content=\"1200\" \/>\n\t<meta property=\"og:image:height\" content=\"800\" \/>\n\t<meta property=\"og:image:type\" content=\"image\/jpeg\" \/>\n<meta name=\"author\" content=\"Benoit Charette\" \/>\n<meta name=\"twitter:card\" content=\"summary_large_image\" \/>\n<meta name=\"twitter:creator\" content=\"@canadamotorjobs\" \/>\n<meta name=\"twitter:site\" content=\"@canadamotorjobs\" \/>\n<meta name=\"twitter:label1\" content=\"\u00c9crit par\" \/>\n\t<meta name=\"twitter:data1\" content=\"Benoit Charette\" \/>\n\t<meta name=\"twitter:label2\" content=\"Estimation du temps de lecture\" \/>\n\t<meta name=\"twitter:data2\" content=\"1 minute\" \/>\n<!-- \/ Yoast SEO plugin. -->","yoast_head_json":{"title":"Kia rappelle plus de 74\u2009000 Sorento en raison d\u2019un probl\u00e8me avec les phares et les feux. - CanadaMotorJobs.com","description":"Kia rappelle plus de 74\u2009000 Sorento en raison d\u2019un probl\u00e8me avec les phares et les feux. - Benoit Charette - Annuel automobile - CanadaMotorJobs.com.","robots":{"index":"index","follow":"follow","max-snippet":"max-snippet:-1","max-image-preview":"max-image-preview:large","max-video-preview":"max-video-preview:-1"},"og_locale":"fr_CA","og_type":"article","og_title":"Kia rappelle plus de 74\u2009000 Sorento en raison d\u2019un probl\u00e8me avec les phares et les feux. - CanadaMotorJobs.com","og_description":"Kia rappelle plus de 74\u2009000 Sorento en raison d\u2019un probl\u00e8me avec les phares et les feux. - Benoit Charette - Annuel automobile - CanadaMotorJobs.com.","og_url":"https:\/\/news.canadamotorjobs.com\/fr\/kia-rappelle-plus-de-74-000-sorento-en-raison-dun-probleme-avec-les-phares-et-les-feux\/","og_site_name":"CanadaMotorJobs.com","article_publisher":"https:\/\/www.facebook.com\/canadamotorjobs\/","article_published_time":"2025-01-21T07:25:01+00:00","article_modified_time":"2025-01-21T07:29:03+00:00","og_image":[{"width":1200,"height":800,"url":"https:\/\/news.canadamotorjobs.com\/wp-content\/uploads\/2025\/01\/21427_2025_Sorento_HEV.jpg","type":"image\/jpeg"}],"author":"Benoit Charette","twitter_card":"summary_large_image","twitter_creator":"@canadamotorjobs","twitter_site":"@canadamotorjobs","twitter_misc":{"\u00c9crit par":"Benoit Charette","Estimation du temps de lecture":"1 minute"},"schema":{"@context":"https:\/\/schema.org","@graph":[{"@type":"Article","@id":"https:\/\/news.canadamotorjobs.com\/fr\/kia-rappelle-plus-de-74-000-sorento-en-raison-dun-probleme-avec-les-phares-et-les-feux\/#article","isPartOf":{"@id":"https:\/\/news.canadamotorjobs.com\/fr\/kia-rappelle-plus-de-74-000-sorento-en-raison-dun-probleme-avec-les-phares-et-les-feux\/"},"author":{"name":"Benoit Charette","@id":"https:\/\/news.canadamotorjobs.com\/#\/schema\/person\/51793d1f87d44011d7bcc2ed99269a90"},"headline":"Kia rappelle plus de 74\u2009000 Sorento en raison d\u2019un probl\u00e8me avec les phares et les feux.","datePublished":"2025-01-21T07:25:01+00:00","dateModified":"2025-01-21T07:29:03+00:00","mainEntityOfPage":{"@id":"https:\/\/news.canadamotorjobs.com\/fr\/kia-rappelle-plus-de-74-000-sorento-en-raison-dun-probleme-avec-les-phares-et-les-feux\/"},"wordCount":293,"publisher":{"@id":"https:\/\/news.canadamotorjobs.com\/#organization"},"image":{"@id":"https:\/\/news.canadamotorjobs.com\/fr\/kia-rappelle-plus-de-74-000-sorento-en-raison-dun-probleme-avec-les-phares-et-les-feux\/#primaryimage"},"thumbnailUrl":"https:\/\/news.canadamotorjobs.com\/wp-content\/uploads\/2025\/01\/21427_2025_Sorento_HEV.jpg","articleSection":["Annuel automobile"],"inLanguage":"fr-CA"},{"@type":"WebPage","@id":"https:\/\/news.canadamotorjobs.com\/fr\/kia-rappelle-plus-de-74-000-sorento-en-raison-dun-probleme-avec-les-phares-et-les-feux\/","url":"https:\/\/news.canadamotorjobs.com\/fr\/kia-rappelle-plus-de-74-000-sorento-en-raison-dun-probleme-avec-les-phares-et-les-feux\/","name":"Kia rappelle plus de 74\u2009000 Sorento en raison d\u2019un probl\u00e8me avec les phares et les feux. - CanadaMotorJobs.com","isPartOf":{"@id":"https:\/\/news.canadamotorjobs.com\/#website"},"primaryImageOfPage":{"@id":"https:\/\/news.canadamotorjobs.com\/fr\/kia-rappelle-plus-de-74-000-sorento-en-raison-dun-probleme-avec-les-phares-et-les-feux\/#primaryimage"},"image":{"@id":"https:\/\/news.canadamotorjobs.com\/fr\/kia-rappelle-plus-de-74-000-sorento-en-raison-dun-probleme-avec-les-phares-et-les-feux\/#primaryimage"},"thumbnailUrl":"https:\/\/news.canadamotorjobs.com\/wp-content\/uploads\/2025\/01\/21427_2025_Sorento_HEV.jpg","datePublished":"2025-01-21T07:25:01+00:00","dateModified":"2025-01-21T07:29:03+00:00","description":"Kia rappelle plus de 74\u2009000 Sorento en raison d\u2019un probl\u00e8me avec les phares et les feux. - Benoit Charette - Annuel automobile - CanadaMotorJobs.com.","breadcrumb":{"@id":"https:\/\/news.canadamotorjobs.com\/fr\/kia-rappelle-plus-de-74-000-sorento-en-raison-dun-probleme-avec-les-phares-et-les-feux\/#breadcrumb"},"inLanguage":"fr-CA","potentialAction":[{"@type":"ReadAction","target":["https:\/\/news.canadamotorjobs.com\/fr\/kia-rappelle-plus-de-74-000-sorento-en-raison-dun-probleme-avec-les-phares-et-les-feux\/"]}]},{"@type":"ImageObject","inLanguage":"fr-CA","@id":"https:\/\/news.canadamotorjobs.com\/fr\/kia-rappelle-plus-de-74-000-sorento-en-raison-dun-probleme-avec-les-phares-et-les-feux\/#primaryimage","url":"https:\/\/news.canadamotorjobs.com\/wp-content\/uploads\/2025\/01\/21427_2025_Sorento_HEV.jpg","contentUrl":"https:\/\/news.canadamotorjobs.com\/wp-content\/uploads\/2025\/01\/21427_2025_Sorento_HEV.jpg","width":1200,"height":800},{"@type":"BreadcrumbList","@id":"https:\/\/news.canadamotorjobs.com\/fr\/kia-rappelle-plus-de-74-000-sorento-en-raison-dun-probleme-avec-les-phares-et-les-feux\/#breadcrumb","itemListElement":[{"@type":"ListItem","position":1,"name":"Home","item":"https:\/\/news.canadamotorjobs.com\/fr\/blog\/"},{"@type":"ListItem","position":2,"name":"Kia rappelle plus de 74\u2009000 Sorento en raison d\u2019un probl\u00e8me avec les phares et les feux."}]},{"@type":"WebSite","@id":"https:\/\/news.canadamotorjobs.com\/#website","url":"https:\/\/news.canadamotorjobs.com\/","name":"CanadaMotorJobs.com","description":"Automotive Jobs","publisher":{"@id":"https:\/\/news.canadamotorjobs.com\/#organization"},"potentialAction":[{"@type":"SearchAction","target":{"@type":"EntryPoint","urlTemplate":"https:\/\/news.canadamotorjobs.com\/?s={search_term_string}"},"query-input":"required name=search_term_string"}],"inLanguage":"fr-CA"},{"@type":"Organization","@id":"https:\/\/news.canadamotorjobs.com\/#organization","name":"Canada Motor Jobs","url":"https:\/\/news.canadamotorjobs.com\/","logo":{"@type":"ImageObject","inLanguage":"fr-CA","@id":"https:\/\/news.canadamotorjobs.com\/#\/schema\/logo\/image\/","url":"https:\/\/news.canadamotorjobs.com\/wp-content\/uploads\/2022\/10\/logo-canada-motor-jobs-1.png","contentUrl":"https:\/\/news.canadamotorjobs.com\/wp-content\/uploads\/2022\/10\/logo-canada-motor-jobs-1.png","width":800,"height":400,"caption":"Canada Motor Jobs"},"image":{"@id":"https:\/\/news.canadamotorjobs.com\/#\/schema\/logo\/image\/"},"sameAs":["https:\/\/www.facebook.com\/canadamotorjobs\/","https:\/\/x.com\/canadamotorjobs","https:\/\/www.instagram.com\/canadamotorjobs\/","https:\/\/www.linkedin.com\/company\/canadamotorjobs"]},{"@type":"Person","@id":"https:\/\/news.canadamotorjobs.com\/#\/schema\/person\/51793d1f87d44011d7bcc2ed99269a90","name":"Benoit Charette","image":{"@type":"ImageObject","inLanguage":"fr-CA","@id":"https:\/\/news.canadamotorjobs.com\/#\/schema\/person\/image\/","url":"https:\/\/secure.gravatar.com\/avatar\/45f3d2eebcccd909668d7ce7ea7267b6?s=96&d=mm&r=g","contentUrl":"https:\/\/secure.gravatar.com\/avatar\/45f3d2eebcccd909668d7ce7ea7267b6?s=96&d=mm&r=g","caption":"Benoit Charette"},"description":"Benoit Charette \/ Propri\u00e9taire et r\u00e9dacteur en chef Benoit Charette pratique le journalisme automobile depuis bient\u00f4t 30 ans. Il a fait ses classes au c\u00f4t\u00e9 de Daniel H\u00e9raud et au Carnet de route de 1992 \u00e0 2001. Il est fondateur, copropri\u00e9taire et r\u00e9dacteur en chef de L\u2019Annuel de l\u2019automobile, qu\u2019il publie depuis 2001. Il a anim\u00e9 les \u00e9missions RPM et RPM+ sur V et les L\u00e9gendes de la route sur Historia. \u00c0 la radio depuis 1986, il reprend l\u2019antenne cette ann\u00e9e sur les ondes de Cogeco et participe pour la deuxi\u00e8me ann\u00e9e \u00e0 l\u2019\u00e9mission Passion Auto sur RDS en plus de mettre en ligne le site Web officiel de L\u2019Annuel de l\u2019automobile sur annuelauto.ca.","sameAs":["https:\/\/annuelauto.ca\/"],"url":"https:\/\/news.canadamotorjobs.com\/fr\/author\/benoit-charette\/"}]}},"_links":{"self":[{"href":"https:\/\/news.canadamotorjobs.com\/fr\/wp-json\/wp\/v2\/posts\/189992"}],"collection":[{"href":"https:\/\/news.canadamotorjobs.com\/fr\/wp-json\/wp\/v2\/posts"}],"about":[{"href":"https:\/\/news.canadamotorjobs.com\/fr\/wp-json\/wp\/v2\/types\/post"}],"author":[{"embeddable":true,"href":"https:\/\/news.canadamotorjobs.com\/fr\/wp-json\/wp\/v2\/users\/8"}],"replies":[{"embeddable":true,"href":"https:\/\/news.canadamotorjobs.com\/fr\/wp-json\/wp\/v2\/comments?post=189992"}],"version-history":[{"count":3,"href":"https:\/\/news.canadamotorjobs.com\/fr\/wp-json\/wp\/v2\/posts\/189992\/revisions"}],"predecessor-version":[{"id":190019,"href":"https:\/\/news.canadamotorjobs.com\/fr\/wp-json\/wp\/v2\/posts\/189992\/revisions\/190019"}],"wp:featuredmedia":[{"embeddable":true,"href":"https:\/\/news.canadamotorjobs.com\/fr\/wp-json\/wp\/v2\/media\/189994"}],"wp:attachment":[{"href":"https:\/\/news.canadamotorjobs.com\/fr\/wp-json\/wp\/v2\/media?parent=189992"}],"wp:term":[{"taxonomy":"category","embeddable":true,"href":"https:\/\/news.canadamotorjobs.com\/fr\/wp-json\/wp\/v2\/categories?post=189992"},{"taxonomy":"post_tag","embeddable":true,"href":"https:\/\/news.canadamotorjobs.com\/fr\/wp-json\/wp\/v2\/tags?post=189992"}],"curies":[{"name":"wp","href":"https:\/\/api.w.org\/{rel}","templated":true}]}}