{"id":189945,"date":"2025-01-20T19:08:46","date_gmt":"2025-01-21T00:08:46","guid":{"rendered":"https:\/\/news.canadamotorjobs.com\/?p=189945"},"modified":"2025-01-20T19:29:19","modified_gmt":"2025-01-21T00:29:19","slug":"salon-de-montreal-2025-deux-oeuvres-dart-sur-quatre-roues-chez-lexus","status":"publish","type":"post","link":"https:\/\/news.canadamotorjobs.com\/fr\/salon-de-montreal-2025-deux-oeuvres-dart-sur-quatre-roues-chez-lexus\/","title":{"rendered":"Salon de Montr\u00e9al 2025\u00a0: Deux oeuvres d\u2019art sur quatre roues chez Lexus"},"content":{"rendered":"<\/p>\n<p>Les yeux des visiteurs s\u2019\u00e9carquillent \u00e0 l\u2019approche du kiosque de <a href=\"https:\/\/annuelauto.ca\/lexus-ev-2027-retard-technologies\/\" target=\"_blank\" rel=\"noopener noreferrer\">Lexus<\/a> cette ann\u00e9e, au <a href=\"https:\/\/annuelauto.ca\/salon-de-montreal-2025-deux-ford-mustang-aux-antipodes\/\" target=\"_blank\" rel=\"noopener noreferrer\">Salon de l\u2019auto de Montr\u00e9al<\/a> (SAM). Deux v\u00e9hicules tranchent avec le style BCBG des autres mod\u00e8les. Deux v\u00e9hicules qui ne laissent personne indiff\u00e9rent\u00a0: certains esquissent un sourire, d\u2019autres ont un regard interrogateur. C\u2019est normal puisque le constructeur en a fait des \u0153uvres d&#8217;art sur quatre roues.<\/p>\n<p>Ce duo r\u00e9unit un utilitaire NX et une berline IS. Par l\u2019audace de leurs designs, ils rappellent la Porsche de Janis Joplin, la Rolls-Royce de John Lennon ou encore cette vingtaine de <em>Art\u00a0Cars<\/em> commandit\u00e9s par <a href=\"https:\/\/annuelauto.ca\/bmw-presente-la-nouvelle-generation-de-son-systeme-multimedia-idrive\/\" target=\"_blank\" rel=\"noopener noreferrer\">BMW<\/a> depuis 1975. Bref, ils ajoutent du piquant \u00e0 l\u2019<a href=\"https:\/\/annuelauto.ca\/salon-de-lauto-de-montreal-2025-pourquoi-ce-nouveau-logo\/\" target=\"_blank\" rel=\"noopener noreferrer\">exposition pr\u00e9sent\u00e9e au Palais des congr\u00e8s de Montr\u00e9al<\/a> jusqu\u2019au 26 janvier.<\/p>\n<p>Issus d\u2019une initiative de Lexus Canada baptis\u00e9e \u00ab\u00a0Savoir-faire Lexus\u00a0\u00bb leur pr\u00e9sentation au SAM co\u00efncide avec l\u2019amorce des c\u00e9l\u00e9brations du 35e\u00a0anniversaire de la marque au pays. Et pour \u00e9voquer ce savoir-faire entourant la conception et la fabrication de ces v\u00e9hicules, on a fait appel \u00e0 deux artistes locaux qui ont cr\u00e9\u00e9 des \u0153uvres originales servant \u00e0 habiller les deux mod\u00e8les populaires; des \u0153uvres qui \u00e9voquent pour eux des moments importants li\u00e9s \u00e0 la nature, \u00e0 leurs proches ou \u00e0 eux-m\u00eames.<\/p>\n<h3><strong>Deux muralistes qu\u00e9b\u00e9cois<\/strong><\/h3>\n<p>\nCes artistes sont Maxilie Martel-Racicot et Patrick Dyer, deux muralistes mieux connus par leurs noms d\u2019artiste\u00a0: Mono\u00a0Sourcil et Peru. Deux artistes au style aussi distinctif que reconnaissable, reconnaissent les responsables de cette initiative.<\/p>\n<p>Par exemple, le Lexus\u00a0NX sign\u00e9 Mono Sourcil \u00e9voque la joie de vivre et la lumi\u00e8re. Son habillage s\u2019inspire de ces moments o\u00f9 l\u2019on entre en rapport avec la nature, explique l\u2019artiste montr\u00e9alaise. \u00ab\u00a0Ces moments surviennent lorsque nous nous entourons de ceux qu\u2019on aime, tout en admirant notre environnement. J\u2019ai donc choisi de repr\u00e9senter plusieurs de ces petits moments pr\u00e9cieux o\u00f9 la nature occupe une place importante dans nos vies.\u00a0\u00bb<\/p>\n<p>Peru, pour sa part, s\u2019est inspir\u00e9 des moments qu\u2019on passe \u00e0 bord d\u2019une voiture familiale, comme la berline\u00a0IS, puisqu\u2019elle devient l\u2019extension de la maison, dit-il. Il ajoute d\u2019ailleurs que certains de ses souvenirs d\u2019enfance les plus marquants remontent \u00e0 l\u2019\u00e9poque o\u00f9, dans son P\u00e9rou natal, il se retrouvait sur la banquette arri\u00e8re de la voiture paternelle. \u00ab\u00a0J\u2019y ai pass\u00e9 beaucoup de temps \u00e0 m\u00e9diter en regardant l\u2019ext\u00e9rieur et en me perdant dans mes r\u00eaves. J\u2019essaie maintenant de cr\u00e9er des moments significatifs pour mes propres enfants de la m\u00eame mani\u00e8re.\u00a0\u00bb En exploitant la g\u00e9om\u00e9trie en casse-t\u00eate qu\u2019il aime tant exploiter, avec ces lignes \u00e9pur\u00e9es et ces couleurs primaires qui \u00e9voquent la simplicit\u00e9 de l\u2019enfance, il affirme avoir r\u00e9alis\u00e9 des motifs m\u00e9ditatifs qui vont transporter les gens dans le temps, \u00ab\u00a0comme s\u2019ils \u00e9taient assis sur la banquette arri\u00e8re de leur voiture avec rien d\u2019autre que leur imagination.\u00a0\u00bb<\/p>\n<p>Ces deux r\u00e9alisations, esp\u00e8rent les strat\u00e8ges de Lexus Canada, accrocheront notamment le regard d\u2019une client\u00e8le jeune dans l\u2019espoir, sans doute, d\u2019\u00e9lever encore davantage Lexus, une marque qui a tout de m\u00eame d\u00e9croch\u00e9 le troisi\u00e8me rang des marques de luxe au palmar\u00e8s national des ventes, en 2024.<\/p>\n<h3><strong>Des \u00ab\u00a0\u0153uvres\u00a0roulantes\u00a0\u00bb destin\u00e9es \u00e0 voyager<\/strong><\/h3>\n<p>\nCes deux \u0153uvres roulantes ne seront pas expos\u00e9es qu\u2019\u00e0 Montr\u00e9al. On les verra aussi dans les deux autres grands salons canadiens\u00a0: \u00e0 Toronto et \u00e0 Vancouver, nous a appris une responsable du marketing de Lexus lors du d\u00e9voilement du NX sign\u00e9 Mono Sourcil, qui avait lieu au Vieux-Port de Montr\u00e9al, le 15 janvier dernier.<\/p>\n<p>Certains remarqueront, par ailleurs, que ces deux v\u00e9hicules-tableaux n\u2019ont pas \u00e9t\u00e9 r\u00e9alis\u00e9s au pinceau ou \u00e0 l\u2019a\u00e9rographe. On les a plut\u00f4t habill\u00e9s d\u2019une pellicule de plastique qui devient le support de ces \u0153uvres. Ce support offre d\u2019ailleurs l\u2019avantage d\u2019\u00eatre reproduisible. On pourrait donc \u00ab\u00a0cloner\u00a0\u00bb ces cr\u00e9ations afin de pr\u00e9senter la m\u00eame cr\u00e9ation lors de deux \u00e9v\u00e9nements se produisant au m\u00eame moment, nous a-t-on expliqu\u00e9. Il serait m\u00eame possible de fournir un double de l\u2019un ou l\u2019autre de ces deux v\u00e9hicules \u00e0 un concessionnaire int\u00e9ress\u00e9 de l\u2019exposer dans ses installations. Pratique\u00a0!<\/p>\n<p><em>Photos : Luc Gagn\u00e9<\/em><\/p>\n<p>Le texte <a rel=\"nofollow\" href=\"https:\/\/annuelauto.ca\/salon-de-montreal-2025-deux-oeuvres-dart-sur-quatre-roues-chez-lexus\/\">Salon de Montr\u00e9al 2025\u00a0: Deux oeuvres d\u2019art sur quatre roues chez Lexus<\/a> provient de <a rel=\"nofollow\" href=\"https:\/\/annuelauto.ca\">L&#8217;annuel de l&#8217;automobile &#8211; Actualit\u00e9 automobile<\/a><\/p>\n<p><\/p>\n","protected":false},"excerpt":{"rendered":"<p>Les yeux des visiteurs s\u2019\u00e9carquillent \u00e0 l\u2019approche du kiosque de Lexus cette ann\u00e9e, au Salon de l\u2019auto de Montr\u00e9al (SAM). Deux v\u00e9hicules tranchent avec le style BCBG des autres mod\u00e8les. Deux v\u00e9hicules qui ne laissent personne indiff\u00e9rent\u00a0: certains esquissent un sourire, d\u2019autres ont un regard interrogateur. C\u2019est normal puisque le constructeur en a fait des [&hellip;]<\/p>\n","protected":false},"author":8,"featured_media":189947,"comment_status":"close","ping_status":"closed","sticky":false,"template":"","format":"standard","meta":{"_monsterinsights_skip_tracking":false,"_monsterinsights_sitenote_active":false,"_monsterinsights_sitenote_note":"","_monsterinsights_sitenote_category":0,"footnotes":""},"categories":[101],"tags":[],"yoast_head":"<!-- This site is optimized with the Yoast SEO plugin v23.2 - https:\/\/yoast.com\/wordpress\/plugins\/seo\/ -->\n<title>Salon de Montr\u00e9al 2025\u00a0: Deux oeuvres d\u2019art sur quatre roues chez Lexus - CanadaMotorJobs.com<\/title>\n<meta name=\"description\" content=\"Salon de Montr\u00e9al 2025\u00a0: Deux oeuvres d\u2019art sur quatre roues chez Lexus - Benoit Charette - Annuel automobile - CanadaMotorJobs.com.\" \/>\n<meta name=\"robots\" content=\"index, follow, max-snippet:-1, max-image-preview:large, max-video-preview:-1\" \/>\n<meta property=\"og:locale\" content=\"fr_CA\" \/>\n<meta property=\"og:type\" content=\"article\" \/>\n<meta property=\"og:title\" content=\"Salon de Montr\u00e9al 2025\u00a0: Deux oeuvres d\u2019art sur quatre roues chez Lexus - CanadaMotorJobs.com\" \/>\n<meta property=\"og:description\" content=\"Salon de Montr\u00e9al 2025\u00a0: Deux oeuvres d\u2019art sur quatre roues chez Lexus - Benoit Charette - Annuel automobile - CanadaMotorJobs.com.\" \/>\n<meta property=\"og:url\" content=\"https:\/\/news.canadamotorjobs.com\/fr\/salon-de-montreal-2025-deux-oeuvres-dart-sur-quatre-roues-chez-lexus\/\" \/>\n<meta property=\"og:site_name\" content=\"CanadaMotorJobs.com\" \/>\n<meta property=\"article:publisher\" content=\"https:\/\/www.facebook.com\/canadamotorjobs\/\" \/>\n<meta property=\"article:published_time\" content=\"2025-01-21T00:08:46+00:00\" \/>\n<meta property=\"article:modified_time\" content=\"2025-01-21T00:29:19+00:00\" \/>\n<meta property=\"og:image\" content=\"https:\/\/news.canadamotorjobs.com\/wp-content\/uploads\/2025\/01\/Lexus-NX-Savoir-faire-Lexus-2025-2.jpg\" \/>\n\t<meta property=\"og:image:width\" content=\"1024\" \/>\n\t<meta property=\"og:image:height\" content=\"683\" \/>\n\t<meta property=\"og:image:type\" content=\"image\/jpeg\" \/>\n<meta name=\"author\" content=\"Benoit Charette\" \/>\n<meta name=\"twitter:card\" content=\"summary_large_image\" \/>\n<meta name=\"twitter:creator\" content=\"@canadamotorjobs\" \/>\n<meta name=\"twitter:site\" content=\"@canadamotorjobs\" \/>\n<meta name=\"twitter:label1\" content=\"\u00c9crit par\" \/>\n\t<meta name=\"twitter:data1\" content=\"Benoit Charette\" \/>\n\t<meta name=\"twitter:label2\" content=\"Estimation du temps de lecture\" \/>\n\t<meta name=\"twitter:data2\" content=\"4 minutes\" \/>\n<!-- \/ Yoast SEO plugin. -->","yoast_head_json":{"title":"Salon de Montr\u00e9al 2025\u00a0: Deux oeuvres d\u2019art sur quatre roues chez Lexus - CanadaMotorJobs.com","description":"Salon de Montr\u00e9al 2025\u00a0: Deux oeuvres d\u2019art sur quatre roues chez Lexus - Benoit Charette - Annuel automobile - CanadaMotorJobs.com.","robots":{"index":"index","follow":"follow","max-snippet":"max-snippet:-1","max-image-preview":"max-image-preview:large","max-video-preview":"max-video-preview:-1"},"og_locale":"fr_CA","og_type":"article","og_title":"Salon de Montr\u00e9al 2025\u00a0: Deux oeuvres d\u2019art sur quatre roues chez Lexus - CanadaMotorJobs.com","og_description":"Salon de Montr\u00e9al 2025\u00a0: Deux oeuvres d\u2019art sur quatre roues chez Lexus - Benoit Charette - Annuel automobile - CanadaMotorJobs.com.","og_url":"https:\/\/news.canadamotorjobs.com\/fr\/salon-de-montreal-2025-deux-oeuvres-dart-sur-quatre-roues-chez-lexus\/","og_site_name":"CanadaMotorJobs.com","article_publisher":"https:\/\/www.facebook.com\/canadamotorjobs\/","article_published_time":"2025-01-21T00:08:46+00:00","article_modified_time":"2025-01-21T00:29:19+00:00","og_image":[{"width":1024,"height":683,"url":"https:\/\/news.canadamotorjobs.com\/wp-content\/uploads\/2025\/01\/Lexus-NX-Savoir-faire-Lexus-2025-2.jpg","type":"image\/jpeg"}],"author":"Benoit Charette","twitter_card":"summary_large_image","twitter_creator":"@canadamotorjobs","twitter_site":"@canadamotorjobs","twitter_misc":{"\u00c9crit par":"Benoit Charette","Estimation du temps de lecture":"4 minutes"},"schema":{"@context":"https:\/\/schema.org","@graph":[{"@type":"Article","@id":"https:\/\/news.canadamotorjobs.com\/fr\/salon-de-montreal-2025-deux-oeuvres-dart-sur-quatre-roues-chez-lexus\/#article","isPartOf":{"@id":"https:\/\/news.canadamotorjobs.com\/fr\/salon-de-montreal-2025-deux-oeuvres-dart-sur-quatre-roues-chez-lexus\/"},"author":{"name":"Benoit Charette","@id":"https:\/\/news.canadamotorjobs.com\/#\/schema\/person\/51793d1f87d44011d7bcc2ed99269a90"},"headline":"Salon de Montr\u00e9al 2025\u00a0: Deux oeuvres d\u2019art sur quatre roues chez Lexus","datePublished":"2025-01-21T00:08:46+00:00","dateModified":"2025-01-21T00:29:19+00:00","mainEntityOfPage":{"@id":"https:\/\/news.canadamotorjobs.com\/fr\/salon-de-montreal-2025-deux-oeuvres-dart-sur-quatre-roues-chez-lexus\/"},"wordCount":781,"publisher":{"@id":"https:\/\/news.canadamotorjobs.com\/#organization"},"image":{"@id":"https:\/\/news.canadamotorjobs.com\/fr\/salon-de-montreal-2025-deux-oeuvres-dart-sur-quatre-roues-chez-lexus\/#primaryimage"},"thumbnailUrl":"https:\/\/news.canadamotorjobs.com\/wp-content\/uploads\/2025\/01\/Lexus-NX-Savoir-faire-Lexus-2025-2.jpg","articleSection":["Annuel automobile"],"inLanguage":"fr-CA"},{"@type":"WebPage","@id":"https:\/\/news.canadamotorjobs.com\/fr\/salon-de-montreal-2025-deux-oeuvres-dart-sur-quatre-roues-chez-lexus\/","url":"https:\/\/news.canadamotorjobs.com\/fr\/salon-de-montreal-2025-deux-oeuvres-dart-sur-quatre-roues-chez-lexus\/","name":"Salon de Montr\u00e9al 2025\u00a0: Deux oeuvres d\u2019art sur quatre roues chez Lexus - CanadaMotorJobs.com","isPartOf":{"@id":"https:\/\/news.canadamotorjobs.com\/#website"},"primaryImageOfPage":{"@id":"https:\/\/news.canadamotorjobs.com\/fr\/salon-de-montreal-2025-deux-oeuvres-dart-sur-quatre-roues-chez-lexus\/#primaryimage"},"image":{"@id":"https:\/\/news.canadamotorjobs.com\/fr\/salon-de-montreal-2025-deux-oeuvres-dart-sur-quatre-roues-chez-lexus\/#primaryimage"},"thumbnailUrl":"https:\/\/news.canadamotorjobs.com\/wp-content\/uploads\/2025\/01\/Lexus-NX-Savoir-faire-Lexus-2025-2.jpg","datePublished":"2025-01-21T00:08:46+00:00","dateModified":"2025-01-21T00:29:19+00:00","description":"Salon de Montr\u00e9al 2025\u00a0: Deux oeuvres d\u2019art sur quatre roues chez Lexus - Benoit Charette - Annuel automobile - CanadaMotorJobs.com.","breadcrumb":{"@id":"https:\/\/news.canadamotorjobs.com\/fr\/salon-de-montreal-2025-deux-oeuvres-dart-sur-quatre-roues-chez-lexus\/#breadcrumb"},"inLanguage":"fr-CA","potentialAction":[{"@type":"ReadAction","target":["https:\/\/news.canadamotorjobs.com\/fr\/salon-de-montreal-2025-deux-oeuvres-dart-sur-quatre-roues-chez-lexus\/"]}]},{"@type":"ImageObject","inLanguage":"fr-CA","@id":"https:\/\/news.canadamotorjobs.com\/fr\/salon-de-montreal-2025-deux-oeuvres-dart-sur-quatre-roues-chez-lexus\/#primaryimage","url":"https:\/\/news.canadamotorjobs.com\/wp-content\/uploads\/2025\/01\/Lexus-NX-Savoir-faire-Lexus-2025-2.jpg","contentUrl":"https:\/\/news.canadamotorjobs.com\/wp-content\/uploads\/2025\/01\/Lexus-NX-Savoir-faire-Lexus-2025-2.jpg","width":1024,"height":683},{"@type":"BreadcrumbList","@id":"https:\/\/news.canadamotorjobs.com\/fr\/salon-de-montreal-2025-deux-oeuvres-dart-sur-quatre-roues-chez-lexus\/#breadcrumb","itemListElement":[{"@type":"ListItem","position":1,"name":"Home","item":"https:\/\/news.canadamotorjobs.com\/fr\/blog\/"},{"@type":"ListItem","position":2,"name":"Salon de Montr\u00e9al 2025\u00a0: Deux oeuvres d\u2019art sur quatre roues chez Lexus"}]},{"@type":"WebSite","@id":"https:\/\/news.canadamotorjobs.com\/#website","url":"https:\/\/news.canadamotorjobs.com\/","name":"CanadaMotorJobs.com","description":"Automotive Jobs","publisher":{"@id":"https:\/\/news.canadamotorjobs.com\/#organization"},"potentialAction":[{"@type":"SearchAction","target":{"@type":"EntryPoint","urlTemplate":"https:\/\/news.canadamotorjobs.com\/?s={search_term_string}"},"query-input":"required name=search_term_string"}],"inLanguage":"fr-CA"},{"@type":"Organization","@id":"https:\/\/news.canadamotorjobs.com\/#organization","name":"Canada Motor Jobs","url":"https:\/\/news.canadamotorjobs.com\/","logo":{"@type":"ImageObject","inLanguage":"fr-CA","@id":"https:\/\/news.canadamotorjobs.com\/#\/schema\/logo\/image\/","url":"https:\/\/news.canadamotorjobs.com\/wp-content\/uploads\/2022\/10\/logo-canada-motor-jobs-1.png","contentUrl":"https:\/\/news.canadamotorjobs.com\/wp-content\/uploads\/2022\/10\/logo-canada-motor-jobs-1.png","width":800,"height":400,"caption":"Canada Motor Jobs"},"image":{"@id":"https:\/\/news.canadamotorjobs.com\/#\/schema\/logo\/image\/"},"sameAs":["https:\/\/www.facebook.com\/canadamotorjobs\/","https:\/\/x.com\/canadamotorjobs","https:\/\/www.instagram.com\/canadamotorjobs\/","https:\/\/www.linkedin.com\/company\/canadamotorjobs"]},{"@type":"Person","@id":"https:\/\/news.canadamotorjobs.com\/#\/schema\/person\/51793d1f87d44011d7bcc2ed99269a90","name":"Benoit Charette","image":{"@type":"ImageObject","inLanguage":"fr-CA","@id":"https:\/\/news.canadamotorjobs.com\/#\/schema\/person\/image\/","url":"https:\/\/secure.gravatar.com\/avatar\/45f3d2eebcccd909668d7ce7ea7267b6?s=96&d=mm&r=g","contentUrl":"https:\/\/secure.gravatar.com\/avatar\/45f3d2eebcccd909668d7ce7ea7267b6?s=96&d=mm&r=g","caption":"Benoit Charette"},"description":"Benoit Charette \/ Propri\u00e9taire et r\u00e9dacteur en chef Benoit Charette pratique le journalisme automobile depuis bient\u00f4t 30 ans. Il a fait ses classes au c\u00f4t\u00e9 de Daniel H\u00e9raud et au Carnet de route de 1992 \u00e0 2001. Il est fondateur, copropri\u00e9taire et r\u00e9dacteur en chef de L\u2019Annuel de l\u2019automobile, qu\u2019il publie depuis 2001. Il a anim\u00e9 les \u00e9missions RPM et RPM+ sur V et les L\u00e9gendes de la route sur Historia. \u00c0 la radio depuis 1986, il reprend l\u2019antenne cette ann\u00e9e sur les ondes de Cogeco et participe pour la deuxi\u00e8me ann\u00e9e \u00e0 l\u2019\u00e9mission Passion Auto sur RDS en plus de mettre en ligne le site Web officiel de L\u2019Annuel de l\u2019automobile sur annuelauto.ca.","sameAs":["https:\/\/annuelauto.ca\/"],"url":"https:\/\/news.canadamotorjobs.com\/fr\/author\/benoit-charette\/"}]}},"_links":{"self":[{"href":"https:\/\/news.canadamotorjobs.com\/fr\/wp-json\/wp\/v2\/posts\/189945"}],"collection":[{"href":"https:\/\/news.canadamotorjobs.com\/fr\/wp-json\/wp\/v2\/posts"}],"about":[{"href":"https:\/\/news.canadamotorjobs.com\/fr\/wp-json\/wp\/v2\/types\/post"}],"author":[{"embeddable":true,"href":"https:\/\/news.canadamotorjobs.com\/fr\/wp-json\/wp\/v2\/users\/8"}],"replies":[{"embeddable":true,"href":"https:\/\/news.canadamotorjobs.com\/fr\/wp-json\/wp\/v2\/comments?post=189945"}],"version-history":[{"count":2,"href":"https:\/\/news.canadamotorjobs.com\/fr\/wp-json\/wp\/v2\/posts\/189945\/revisions"}],"predecessor-version":[{"id":189949,"href":"https:\/\/news.canadamotorjobs.com\/fr\/wp-json\/wp\/v2\/posts\/189945\/revisions\/189949"}],"wp:featuredmedia":[{"embeddable":true,"href":"https:\/\/news.canadamotorjobs.com\/fr\/wp-json\/wp\/v2\/media\/189947"}],"wp:attachment":[{"href":"https:\/\/news.canadamotorjobs.com\/fr\/wp-json\/wp\/v2\/media?parent=189945"}],"wp:term":[{"taxonomy":"category","embeddable":true,"href":"https:\/\/news.canadamotorjobs.com\/fr\/wp-json\/wp\/v2\/categories?post=189945"},{"taxonomy":"post_tag","embeddable":true,"href":"https:\/\/news.canadamotorjobs.com\/fr\/wp-json\/wp\/v2\/tags?post=189945"}],"curies":[{"name":"wp","href":"https:\/\/api.w.org\/{rel}","templated":true}]}}