{"id":189852,"date":"2025-01-20T07:29:51","date_gmt":"2025-01-20T12:29:51","guid":{"rendered":"https:\/\/news.canadamotorjobs.com\/?p=189852"},"modified":"2025-01-20T07:44:04","modified_gmt":"2025-01-20T12:44:04","slug":"8-conseils-pour-optimiser-lautonomie-et-les-performances-de-votre-voiture-electrique-en-hiver","status":"publish","type":"post","link":"https:\/\/news.canadamotorjobs.com\/fr\/8-conseils-pour-optimiser-lautonomie-et-les-performances-de-votre-voiture-electrique-en-hiver\/","title":{"rendered":"8 conseils pour optimiser l\u2019autonomie et les performances de votre voiture \u00e9lectrique en hiver"},"content":{"rendered":"<\/p>\n<p>L\u2019hiver peut s\u00e9rieusement r\u00e9duire l\u2019autonomie de votre voiture \u00e9lectrique (VE). Selon les experts, il est courant de perdre jusqu\u2019\u00e0 <strong>30 % d\u2019autonomie<\/strong> lorsque les temp\u00e9ratures chutent. Voici <strong>8 conseils essentiels<\/strong> pour vous aider \u00e0 tirer le meilleur parti de votre VE durant la saison froide.<\/p>\n<h3>1. Garez votre VE dans un garage<\/h3>\n<p>\nSi possible, garez votre VE dans un <strong>garage<\/strong>. M\u00eame non chauff\u00e9, un garage prot\u00e8ge la batterie contre les temp\u00e9ratures extr\u00eames. Selon Richard Reina, directeur de formation produit chez CARiD.com, &#8220;une diff\u00e9rence de quelques degr\u00e9s peut aider la batterie \u00e0 conserver sa charge plus longtemps&#8221;.<\/p>\n<h3>2. Programmez votre d\u00e9part<\/h3>\n<p>\nLa programmation de votre d\u00e9part permet de <strong>pr\u00e9conditionner<\/strong> la batterie et l\u2019habitacle. Casey Donahue, PDG d\u2019Optiwatt, recommande d\u2019utiliser des applications comme Optiwatt pour chauffer la batterie et maximiser l\u2019autonomie avant de prendre la route.<\/p>\n<h3>3. Pr\u00e9conditionnez avant de charger<\/h3>\n<p>\nLe pr\u00e9conditionnement avant la recharge est crucial. Une batterie froide se d\u00e9charge plus rapidement et limite l\u2019efficacit\u00e9 du freinage r\u00e9g\u00e9n\u00e9ratif. Chauffez la batterie pour am\u00e9liorer les performances g\u00e9n\u00e9rales.<\/p>\n<h3>4. Chargez intelligemment<\/h3>\n<p>\nChargez votre VE <strong>pendant la nuit<\/strong> pour commencer la journ\u00e9e avec une batterie pleine. Une charge compl\u00e8te compense les pertes d\u2019autonomie dues au froid.<\/p>\n<h3>5. Utilisez le mode \u00c9co et limitez les accessoires \u00e9lectriques<\/h3>\n<p>\nLe <strong>mode \u00c9co<\/strong> r\u00e9duit la consommation d\u2019\u00e9nergie en limitant certaines fonctions, comme la puissance d\u2019acc\u00e9l\u00e9ration ou le chauffage. Selon Reina, &#8220;les si\u00e8ges chauffants consomment moins que le chauffage habitacle&#8221;. R\u00e9duisez \u00e9galement la temp\u00e9rature du chauffage pour pr\u00e9server la batterie.<\/p>\n<h3>6. Pr\u00e9parez votre VE pour l\u2019hiver<\/h3>\n<p><\/p>\n<ul><\/p>\n<li><strong>Gonflez vos pneus<\/strong> correctement.<\/li>\n<p><\/p>\n<li><strong>\u00c9vitez les acc\u00e9l\u00e9rations rapides.<\/strong><\/li>\n<p><\/p>\n<li>Retirez les charges inutiles pour r\u00e9duire le poids total.<br \/>\nCes pratiques, courantes pour les voitures thermiques, sont tout aussi utiles pour les VE.<\/li>\n<p>\n<\/ul>\n<p><\/p>\n<h3>7. Planifiez vos recharges publiques<\/h3>\n<p>\nLes <strong>bornes de recharge<\/strong> peuvent \u00eatre prises d\u2019assaut en hiver, surtout lors des week-ends et des vacances. Planifiez votre itin\u00e9raire et privil\u00e9giez les stations avec plusieurs bornes pour \u00e9viter les longues attentes.<\/p>\n<h3>8. Pr\u00e9parez-vous au pire<\/h3>\n<p>\nPour les longs trajets ou en cas de temp\u00eate, pr\u00e9parez un kit de survie comprenant :<\/p>\n<ul><\/p>\n<li><strong>Des v\u00eatements chauds<\/strong>, couvertures et nourriture.<\/li>\n<p><\/p>\n<li><strong>Un chargeur portable<\/strong> pour t\u00e9l\u00e9phone.<\/li>\n<p><\/p>\n<li>Une petite pelle pour d\u00e9neiger votre v\u00e9hicule.<br \/>\nChargez \u00e9galement votre batterie \u00e0 100 % avant tout mauvais temps et surveillez les alertes m\u00e9t\u00e9o.<\/li>\n<p>\n<\/ul>\n<p><\/p>\n<h3>Conclusion<\/h3>\n<p>\nEn suivant ces <strong>astuces hivernales<\/strong>, vous pouvez maximiser l\u2019autonomie et la performance de votre voiture \u00e9lectrique, tout en restant en s\u00e9curit\u00e9 sur la route. Avez-vous d\u2019autres conseils pour l\u2019hiver ? Partagez-les dans les commentaires !<\/p>\n<p>Le texte <a rel=\"nofollow\" href=\"https:\/\/annuelauto.ca\/conseils-autonomie-vehicule-electrique-hiver\/\">8 conseils pour optimiser l\u2019autonomie et les performances de votre voiture \u00e9lectrique en hiver<\/a> provient de <a rel=\"nofollow\" href=\"https:\/\/annuelauto.ca\">L&#8217;annuel de l&#8217;automobile &#8211; Actualit\u00e9 automobile<\/a><\/p>\n<p><\/p>\n","protected":false},"excerpt":{"rendered":"<p>L\u2019hiver peut s\u00e9rieusement r\u00e9duire l\u2019autonomie de votre voiture \u00e9lectrique (VE). Selon les experts, il est courant de perdre jusqu\u2019\u00e0 30 % d\u2019autonomie lorsque les temp\u00e9ratures chutent. Voici 8 conseils essentiels pour vous aider \u00e0 tirer le meilleur parti de votre VE durant la saison froide. 1. Garez votre VE dans un garage Si possible, garez [&hellip;]<\/p>\n","protected":false},"author":8,"featured_media":189854,"comment_status":"close","ping_status":"closed","sticky":false,"template":"","format":"standard","meta":{"_monsterinsights_skip_tracking":false,"_monsterinsights_sitenote_active":false,"_monsterinsights_sitenote_note":"","_monsterinsights_sitenote_category":0,"footnotes":""},"categories":[101],"tags":[],"yoast_head":"<!-- This site is optimized with the Yoast SEO plugin v23.2 - https:\/\/yoast.com\/wordpress\/plugins\/seo\/ -->\n<title>8 conseils pour optimiser l\u2019autonomie et les performances de votre voiture \u00e9lectrique en hiver - CanadaMotorJobs.com<\/title>\n<meta name=\"description\" content=\"8 conseils pour optimiser l\u2019autonomie et les performances de votre voiture \u00e9lectrique en hiver - Benoit Charette - Annuel automobile - CanadaMotorJobs.com.\" \/>\n<meta name=\"robots\" content=\"index, follow, max-snippet:-1, max-image-preview:large, max-video-preview:-1\" \/>\n<meta property=\"og:locale\" content=\"fr_CA\" \/>\n<meta property=\"og:type\" content=\"article\" \/>\n<meta property=\"og:title\" content=\"8 conseils pour optimiser l\u2019autonomie et les performances de votre voiture \u00e9lectrique en hiver - CanadaMotorJobs.com\" \/>\n<meta property=\"og:description\" content=\"8 conseils pour optimiser l\u2019autonomie et les performances de votre voiture \u00e9lectrique en hiver - Benoit Charette - Annuel automobile - CanadaMotorJobs.com.\" \/>\n<meta property=\"og:url\" content=\"https:\/\/news.canadamotorjobs.com\/fr\/8-conseils-pour-optimiser-lautonomie-et-les-performances-de-votre-voiture-electrique-en-hiver\/\" \/>\n<meta property=\"og:site_name\" content=\"CanadaMotorJobs.com\" \/>\n<meta property=\"article:publisher\" content=\"https:\/\/www.facebook.com\/canadamotorjobs\/\" \/>\n<meta property=\"article:published_time\" content=\"2025-01-20T12:29:51+00:00\" \/>\n<meta property=\"article:modified_time\" content=\"2025-01-20T12:44:04+00:00\" \/>\n<meta property=\"og:image\" content=\"https:\/\/news.canadamotorjobs.com\/wp-content\/uploads\/2025\/01\/Large-53140-2023IONIQ6.jpg\" \/>\n\t<meta property=\"og:image:width\" content=\"1200\" \/>\n\t<meta property=\"og:image:height\" content=\"800\" \/>\n\t<meta property=\"og:image:type\" content=\"image\/jpeg\" \/>\n<meta name=\"author\" content=\"Benoit Charette\" \/>\n<meta name=\"twitter:card\" content=\"summary_large_image\" \/>\n<meta name=\"twitter:creator\" content=\"@canadamotorjobs\" \/>\n<meta name=\"twitter:site\" content=\"@canadamotorjobs\" \/>\n<meta name=\"twitter:label1\" content=\"\u00c9crit par\" \/>\n\t<meta name=\"twitter:data1\" content=\"Benoit Charette\" \/>\n\t<meta name=\"twitter:label2\" content=\"Estimation du temps de lecture\" \/>\n\t<meta name=\"twitter:data2\" content=\"2 minutes\" \/>\n<!-- \/ Yoast SEO plugin. -->","yoast_head_json":{"title":"8 conseils pour optimiser l\u2019autonomie et les performances de votre voiture \u00e9lectrique en hiver - CanadaMotorJobs.com","description":"8 conseils pour optimiser l\u2019autonomie et les performances de votre voiture \u00e9lectrique en hiver - Benoit Charette - Annuel automobile - CanadaMotorJobs.com.","robots":{"index":"index","follow":"follow","max-snippet":"max-snippet:-1","max-image-preview":"max-image-preview:large","max-video-preview":"max-video-preview:-1"},"og_locale":"fr_CA","og_type":"article","og_title":"8 conseils pour optimiser l\u2019autonomie et les performances de votre voiture \u00e9lectrique en hiver - CanadaMotorJobs.com","og_description":"8 conseils pour optimiser l\u2019autonomie et les performances de votre voiture \u00e9lectrique en hiver - Benoit Charette - Annuel automobile - CanadaMotorJobs.com.","og_url":"https:\/\/news.canadamotorjobs.com\/fr\/8-conseils-pour-optimiser-lautonomie-et-les-performances-de-votre-voiture-electrique-en-hiver\/","og_site_name":"CanadaMotorJobs.com","article_publisher":"https:\/\/www.facebook.com\/canadamotorjobs\/","article_published_time":"2025-01-20T12:29:51+00:00","article_modified_time":"2025-01-20T12:44:04+00:00","og_image":[{"width":1200,"height":800,"url":"https:\/\/news.canadamotorjobs.com\/wp-content\/uploads\/2025\/01\/Large-53140-2023IONIQ6.jpg","type":"image\/jpeg"}],"author":"Benoit Charette","twitter_card":"summary_large_image","twitter_creator":"@canadamotorjobs","twitter_site":"@canadamotorjobs","twitter_misc":{"\u00c9crit par":"Benoit Charette","Estimation du temps de lecture":"2 minutes"},"schema":{"@context":"https:\/\/schema.org","@graph":[{"@type":"Article","@id":"https:\/\/news.canadamotorjobs.com\/fr\/8-conseils-pour-optimiser-lautonomie-et-les-performances-de-votre-voiture-electrique-en-hiver\/#article","isPartOf":{"@id":"https:\/\/news.canadamotorjobs.com\/fr\/8-conseils-pour-optimiser-lautonomie-et-les-performances-de-votre-voiture-electrique-en-hiver\/"},"author":{"name":"Benoit Charette","@id":"https:\/\/news.canadamotorjobs.com\/#\/schema\/person\/51793d1f87d44011d7bcc2ed99269a90"},"headline":"8 conseils pour optimiser l\u2019autonomie et les performances de votre voiture \u00e9lectrique en hiver","datePublished":"2025-01-20T12:29:51+00:00","dateModified":"2025-01-20T12:44:04+00:00","mainEntityOfPage":{"@id":"https:\/\/news.canadamotorjobs.com\/fr\/8-conseils-pour-optimiser-lautonomie-et-les-performances-de-votre-voiture-electrique-en-hiver\/"},"wordCount":492,"publisher":{"@id":"https:\/\/news.canadamotorjobs.com\/#organization"},"image":{"@id":"https:\/\/news.canadamotorjobs.com\/fr\/8-conseils-pour-optimiser-lautonomie-et-les-performances-de-votre-voiture-electrique-en-hiver\/#primaryimage"},"thumbnailUrl":"https:\/\/news.canadamotorjobs.com\/wp-content\/uploads\/2025\/01\/Large-53140-2023IONIQ6.jpg","articleSection":["Annuel automobile"],"inLanguage":"fr-CA"},{"@type":"WebPage","@id":"https:\/\/news.canadamotorjobs.com\/fr\/8-conseils-pour-optimiser-lautonomie-et-les-performances-de-votre-voiture-electrique-en-hiver\/","url":"https:\/\/news.canadamotorjobs.com\/fr\/8-conseils-pour-optimiser-lautonomie-et-les-performances-de-votre-voiture-electrique-en-hiver\/","name":"8 conseils pour optimiser l\u2019autonomie et les performances de votre voiture \u00e9lectrique en hiver - CanadaMotorJobs.com","isPartOf":{"@id":"https:\/\/news.canadamotorjobs.com\/#website"},"primaryImageOfPage":{"@id":"https:\/\/news.canadamotorjobs.com\/fr\/8-conseils-pour-optimiser-lautonomie-et-les-performances-de-votre-voiture-electrique-en-hiver\/#primaryimage"},"image":{"@id":"https:\/\/news.canadamotorjobs.com\/fr\/8-conseils-pour-optimiser-lautonomie-et-les-performances-de-votre-voiture-electrique-en-hiver\/#primaryimage"},"thumbnailUrl":"https:\/\/news.canadamotorjobs.com\/wp-content\/uploads\/2025\/01\/Large-53140-2023IONIQ6.jpg","datePublished":"2025-01-20T12:29:51+00:00","dateModified":"2025-01-20T12:44:04+00:00","description":"8 conseils pour optimiser l\u2019autonomie et les performances de votre voiture \u00e9lectrique en hiver - Benoit Charette - Annuel automobile - CanadaMotorJobs.com.","breadcrumb":{"@id":"https:\/\/news.canadamotorjobs.com\/fr\/8-conseils-pour-optimiser-lautonomie-et-les-performances-de-votre-voiture-electrique-en-hiver\/#breadcrumb"},"inLanguage":"fr-CA","potentialAction":[{"@type":"ReadAction","target":["https:\/\/news.canadamotorjobs.com\/fr\/8-conseils-pour-optimiser-lautonomie-et-les-performances-de-votre-voiture-electrique-en-hiver\/"]}]},{"@type":"ImageObject","inLanguage":"fr-CA","@id":"https:\/\/news.canadamotorjobs.com\/fr\/8-conseils-pour-optimiser-lautonomie-et-les-performances-de-votre-voiture-electrique-en-hiver\/#primaryimage","url":"https:\/\/news.canadamotorjobs.com\/wp-content\/uploads\/2025\/01\/Large-53140-2023IONIQ6.jpg","contentUrl":"https:\/\/news.canadamotorjobs.com\/wp-content\/uploads\/2025\/01\/Large-53140-2023IONIQ6.jpg","width":1200,"height":800},{"@type":"BreadcrumbList","@id":"https:\/\/news.canadamotorjobs.com\/fr\/8-conseils-pour-optimiser-lautonomie-et-les-performances-de-votre-voiture-electrique-en-hiver\/#breadcrumb","itemListElement":[{"@type":"ListItem","position":1,"name":"Home","item":"https:\/\/news.canadamotorjobs.com\/fr\/blog\/"},{"@type":"ListItem","position":2,"name":"8 conseils pour optimiser l\u2019autonomie et les performances de votre voiture \u00e9lectrique en hiver"}]},{"@type":"WebSite","@id":"https:\/\/news.canadamotorjobs.com\/#website","url":"https:\/\/news.canadamotorjobs.com\/","name":"CanadaMotorJobs.com","description":"Automotive Jobs","publisher":{"@id":"https:\/\/news.canadamotorjobs.com\/#organization"},"potentialAction":[{"@type":"SearchAction","target":{"@type":"EntryPoint","urlTemplate":"https:\/\/news.canadamotorjobs.com\/?s={search_term_string}"},"query-input":"required name=search_term_string"}],"inLanguage":"fr-CA"},{"@type":"Organization","@id":"https:\/\/news.canadamotorjobs.com\/#organization","name":"Canada Motor Jobs","url":"https:\/\/news.canadamotorjobs.com\/","logo":{"@type":"ImageObject","inLanguage":"fr-CA","@id":"https:\/\/news.canadamotorjobs.com\/#\/schema\/logo\/image\/","url":"https:\/\/news.canadamotorjobs.com\/wp-content\/uploads\/2022\/10\/logo-canada-motor-jobs-1.png","contentUrl":"https:\/\/news.canadamotorjobs.com\/wp-content\/uploads\/2022\/10\/logo-canada-motor-jobs-1.png","width":800,"height":400,"caption":"Canada Motor Jobs"},"image":{"@id":"https:\/\/news.canadamotorjobs.com\/#\/schema\/logo\/image\/"},"sameAs":["https:\/\/www.facebook.com\/canadamotorjobs\/","https:\/\/x.com\/canadamotorjobs","https:\/\/www.instagram.com\/canadamotorjobs\/","https:\/\/www.linkedin.com\/company\/canadamotorjobs"]},{"@type":"Person","@id":"https:\/\/news.canadamotorjobs.com\/#\/schema\/person\/51793d1f87d44011d7bcc2ed99269a90","name":"Benoit Charette","image":{"@type":"ImageObject","inLanguage":"fr-CA","@id":"https:\/\/news.canadamotorjobs.com\/#\/schema\/person\/image\/","url":"https:\/\/secure.gravatar.com\/avatar\/45f3d2eebcccd909668d7ce7ea7267b6?s=96&d=mm&r=g","contentUrl":"https:\/\/secure.gravatar.com\/avatar\/45f3d2eebcccd909668d7ce7ea7267b6?s=96&d=mm&r=g","caption":"Benoit Charette"},"description":"Benoit Charette \/ Propri\u00e9taire et r\u00e9dacteur en chef Benoit Charette pratique le journalisme automobile depuis bient\u00f4t 30 ans. Il a fait ses classes au c\u00f4t\u00e9 de Daniel H\u00e9raud et au Carnet de route de 1992 \u00e0 2001. Il est fondateur, copropri\u00e9taire et r\u00e9dacteur en chef de L\u2019Annuel de l\u2019automobile, qu\u2019il publie depuis 2001. Il a anim\u00e9 les \u00e9missions RPM et RPM+ sur V et les L\u00e9gendes de la route sur Historia. \u00c0 la radio depuis 1986, il reprend l\u2019antenne cette ann\u00e9e sur les ondes de Cogeco et participe pour la deuxi\u00e8me ann\u00e9e \u00e0 l\u2019\u00e9mission Passion Auto sur RDS en plus de mettre en ligne le site Web officiel de L\u2019Annuel de l\u2019automobile sur annuelauto.ca.","sameAs":["https:\/\/annuelauto.ca\/"],"url":"https:\/\/news.canadamotorjobs.com\/fr\/author\/benoit-charette\/"}]}},"_links":{"self":[{"href":"https:\/\/news.canadamotorjobs.com\/fr\/wp-json\/wp\/v2\/posts\/189852"}],"collection":[{"href":"https:\/\/news.canadamotorjobs.com\/fr\/wp-json\/wp\/v2\/posts"}],"about":[{"href":"https:\/\/news.canadamotorjobs.com\/fr\/wp-json\/wp\/v2\/types\/post"}],"author":[{"embeddable":true,"href":"https:\/\/news.canadamotorjobs.com\/fr\/wp-json\/wp\/v2\/users\/8"}],"replies":[{"embeddable":true,"href":"https:\/\/news.canadamotorjobs.com\/fr\/wp-json\/wp\/v2\/comments?post=189852"}],"version-history":[{"count":2,"href":"https:\/\/news.canadamotorjobs.com\/fr\/wp-json\/wp\/v2\/posts\/189852\/revisions"}],"predecessor-version":[{"id":189856,"href":"https:\/\/news.canadamotorjobs.com\/fr\/wp-json\/wp\/v2\/posts\/189852\/revisions\/189856"}],"wp:featuredmedia":[{"embeddable":true,"href":"https:\/\/news.canadamotorjobs.com\/fr\/wp-json\/wp\/v2\/media\/189854"}],"wp:attachment":[{"href":"https:\/\/news.canadamotorjobs.com\/fr\/wp-json\/wp\/v2\/media?parent=189852"}],"wp:term":[{"taxonomy":"category","embeddable":true,"href":"https:\/\/news.canadamotorjobs.com\/fr\/wp-json\/wp\/v2\/categories?post=189852"},{"taxonomy":"post_tag","embeddable":true,"href":"https:\/\/news.canadamotorjobs.com\/fr\/wp-json\/wp\/v2\/tags?post=189852"}],"curies":[{"name":"wp","href":"https:\/\/api.w.org\/{rel}","templated":true}]}}