{"id":189778,"date":"2025-01-18T14:24:29","date_gmt":"2025-01-18T19:24:29","guid":{"rendered":"https:\/\/news.canadamotorjobs.com\/?p=189778"},"modified":"2025-01-18T14:31:48","modified_gmt":"2025-01-18T19:31:48","slug":"la-gouverneure-du-michigan-previent-que-les-tarifs-affecteraient-lindustrie-automobile-americaine","status":"publish","type":"post","link":"https:\/\/news.canadamotorjobs.com\/fr\/la-gouverneure-du-michigan-previent-que-les-tarifs-affecteraient-lindustrie-automobile-americaine\/","title":{"rendered":"La gouverneure du Michigan pr\u00e9vient que les tarifs affecteraient l\u2019industrie automobile am\u00e9ricaine"},"content":{"rendered":"<\/p>\n<p>La gouverneure de l\u2019\u00e9tat du Michigan, Gretchen Whitmer, a pr\u00e9venu la future administration Trump que les tarifs anticip\u00e9s de 25 % sur les importations en provenance du Canada et du Mexique pourraient nuire \u00e0 l\u2019industrie automobile am\u00e9ricaine et faire augmenter le prix des v\u00e9hicules.<\/p>\n<p>Cette derni\u00e8re a d\u00e9clar\u00e9 le tout lors d\u2019un discours tenu \u00e0 D\u00e9troit. Selon elle, l\u2019imposition de droits de douane affecterait les cha\u00eenes d\u2019approvisionnement, ralentirait les lignes de production et supprimerait \u00ab des emplois des deux c\u00f4t\u00e9s de la fronti\u00e8re \u00bb.<\/p>\n<p>C\u2019est le site Automotive News qui nous rapporte cette nouvelle. Gretchen Whitmer en rajoute :<\/p>\n<blockquote><p><\/p>\n<p>\u00ab Pensez-y : 70 % de toutes les pi\u00e8ces automobiles que nous fabriquons dans le Michigan sont directement envoy\u00e9es chez nos voisins\u2026 Le seul gagnant dans cette \u00e9quation est la Chine. Elle n\u2019aimerait rien de plus que de nous voir paralyser l\u2019\u00e9cosyst\u00e8me automobile am\u00e9ricain par nos propres moyens. C\u2019est une question de s\u00e9curit\u00e9 nationale. \u00bb<\/p>\n<p>\n<\/p><\/blockquote>\n<p>Comme elle l\u2019a rappel\u00e9, plusieurs pi\u00e8ces automobiles traversent la fronti\u00e8re plusieurs fois avant de faire partie d\u2019un v\u00e9hicule assembl\u00e9. Elle a aussi soulign\u00e9 qu\u2019un quart des 700 milliards USD d\u2019\u00e9changes commerciaux annuels entre le Canada et les \u00c9tats-Unis passe par la fronti\u00e8re Detroit-Windsor.<\/p>\n<p><\/p>\n<figure><img decoding=\"async\" src=\"https:\/\/news.canadamotorjobs.com\/wp-content\/uploads\/2025\/01\/2025_Ford_Maverick_Lariat_03-5.jpg\" alt=\"Le Ford Maverick 2025\" \/><figcaption>Le Ford Maverick 2025 | Auto123.com<\/figcaption><\/figure>\n<p>\u00ab Chaque fois qu\u2019une pi\u00e8ce automobile du Michigan traverse la fronti\u00e8re et est tax\u00e9e, ces co\u00fbts sont r\u00e9percut\u00e9s sur le concessionnaire \u00bb, a d\u00e9clar\u00e9 Whitmer. \u00ab Parfois, cela se produit plusieurs fois au cours de la production. Cela signifie que vous paierez plus cher pour acheter un Chevrolet Silverado, r\u00e9parer le moteur de votre Ford Mustang ou remplacer l\u2019aile de votre Jeep Grand Cherokee. \u00bb<\/p>\n<p>D\u2019autres chiffres hallucinants ont \u00e9t\u00e9 avanc\u00e9s, dont celui concernant les dix principaux constructeurs qui poss\u00e8dent des usines au Mexique. Ces derniers ont assembl\u00e9 1,4 million de mod\u00e8les au cours des six premiers mois de 2024. Du nombre, 90 % ont \u00e9t\u00e9 achet\u00e9s par des Am\u00e9ricains.<\/p>\n<p>Le grand patron de Ford, Jim Farley, a d\u00e9clar\u00e9 la semaine derni\u00e8re qu\u2019une grande partie de la cha\u00eene d\u2019approvisionnement de son entreprise d\u00e9pendait de pays du monde entier et que les droits de douane constituaient un v\u00e9ritable d\u00e9fi.<\/p>\n<p>Gretchen Whitmer a d\u00e9clar\u00e9 qu\u2019elle et son bureau avaient eu des discussions actives avec le premier ministre de l\u2019Ontario, Doug Ford, et d\u2019autres responsables canadiens \u00ab pour explorer les moyens de collaborer sur les tarifs douaniers, de r\u00e9duire le co\u00fbt des affaires et de prot\u00e9ger l\u2019industrie et les consommateurs du Michigan \u00bb.<\/p>\n<p>Donald Trump a menac\u00e9 d\u2019imposer des tarifs de 25 % d\u00e8s son entr\u00e9e en fonction le 20 janvier prochain. Le temps commence \u00e0 presser.<\/p>\n<p><\/p>\n<figure><img decoding=\"async\" src=\"https:\/\/news.canadamotorjobs.com\/wp-content\/uploads\/2025\/01\/2025-chevrolet-equinox-db_8-1.jpg\" alt=\"Le Chevrolet Equinox 2024, \u00e0 D\u00e9troit\" \/><figcaption>Le Chevrolet Equinox 2024, \u00e0 D\u00e9troit | Auto123.com<\/figcaption><\/figure>\n<p style=\"padding-top: 15px\">Contenu original de <a href=\"https:\/\/www.auto123.com\/fr\/actualites\/gretchen-whitmer-michigan-donald-trump-tarifs\/72297\/\">auto123<\/a>.<\/p>\n<p>Le texte <a rel=\"nofollow\" href=\"https:\/\/annuelauto.ca\/la-gouverneure-du-michigan-previent-que-les-tarifs-affecteraient-lindustrie-automobile-americaine\/\">La gouverneure du Michigan pr\u00e9vient que les tarifs affecteraient l\u2019industrie automobile am\u00e9ricaine<\/a> provient de <a rel=\"nofollow\" href=\"https:\/\/annuelauto.ca\">L&#8217;annuel de l&#8217;automobile &#8211; Actualit\u00e9 automobile<\/a><\/p>\n<p><\/p>\n","protected":false},"excerpt":{"rendered":"<p>La gouverneure de l\u2019\u00e9tat du Michigan, Gretchen Whitmer, a pr\u00e9venu la future administration Trump que les tarifs anticip\u00e9s de 25 % sur les importations en provenance du Canada et du Mexique pourraient nuire \u00e0 l\u2019industrie automobile am\u00e9ricaine et faire augmenter le prix des v\u00e9hicules. Cette derni\u00e8re a d\u00e9clar\u00e9 le tout lors d\u2019un discours tenu \u00e0 [&hellip;]<\/p>\n","protected":false},"author":8,"featured_media":189780,"comment_status":"close","ping_status":"closed","sticky":false,"template":"","format":"standard","meta":{"_monsterinsights_skip_tracking":false,"_monsterinsights_sitenote_active":false,"_monsterinsights_sitenote_note":"","_monsterinsights_sitenote_category":0,"footnotes":""},"categories":[101],"tags":[],"yoast_head":"<!-- This site is optimized with the Yoast SEO plugin v23.2 - https:\/\/yoast.com\/wordpress\/plugins\/seo\/ -->\n<title>La gouverneure du Michigan pr\u00e9vient que les tarifs affecteraient l\u2019industrie automobile am\u00e9ricaine - CanadaMotorJobs.com<\/title>\n<meta name=\"description\" content=\"La gouverneure du Michigan pr\u00e9vient que les tarifs affecteraient l\u2019industrie automobile am\u00e9ricaine - Benoit Charette - Annuel automobile - CanadaMotorJobs.com.\" \/>\n<meta name=\"robots\" content=\"index, follow, max-snippet:-1, max-image-preview:large, max-video-preview:-1\" \/>\n<meta property=\"og:locale\" content=\"fr_CA\" \/>\n<meta property=\"og:type\" content=\"article\" \/>\n<meta property=\"og:title\" content=\"La gouverneure du Michigan pr\u00e9vient que les tarifs affecteraient l\u2019industrie automobile am\u00e9ricaine - CanadaMotorJobs.com\" \/>\n<meta property=\"og:description\" content=\"La gouverneure du Michigan pr\u00e9vient que les tarifs affecteraient l\u2019industrie automobile am\u00e9ricaine - Benoit Charette - Annuel automobile - CanadaMotorJobs.com.\" \/>\n<meta property=\"og:url\" content=\"https:\/\/news.canadamotorjobs.com\/fr\/la-gouverneure-du-michigan-previent-que-les-tarifs-affecteraient-lindustrie-automobile-americaine\/\" \/>\n<meta property=\"og:site_name\" content=\"CanadaMotorJobs.com\" \/>\n<meta property=\"article:publisher\" content=\"https:\/\/www.facebook.com\/canadamotorjobs\/\" \/>\n<meta property=\"article:published_time\" content=\"2025-01-18T19:24:29+00:00\" \/>\n<meta property=\"article:modified_time\" content=\"2025-01-18T19:31:48+00:00\" \/>\n<meta property=\"og:image\" content=\"https:\/\/news.canadamotorjobs.com\/wp-content\/uploads\/2025\/01\/2025_Ford_Maverick_Lariat_03.jpg\" \/>\n\t<meta property=\"og:image:width\" content=\"1200\" \/>\n\t<meta property=\"og:image:height\" content=\"802\" \/>\n\t<meta property=\"og:image:type\" content=\"image\/jpeg\" \/>\n<meta name=\"author\" content=\"Benoit Charette\" \/>\n<meta name=\"twitter:card\" content=\"summary_large_image\" \/>\n<meta name=\"twitter:creator\" content=\"@canadamotorjobs\" \/>\n<meta name=\"twitter:site\" content=\"@canadamotorjobs\" \/>\n<meta name=\"twitter:label1\" content=\"\u00c9crit par\" \/>\n\t<meta name=\"twitter:data1\" content=\"Benoit Charette\" \/>\n\t<meta name=\"twitter:label2\" content=\"Estimation du temps de lecture\" \/>\n\t<meta name=\"twitter:data2\" content=\"3 minutes\" \/>\n<!-- \/ Yoast SEO plugin. -->","yoast_head_json":{"title":"La gouverneure du Michigan pr\u00e9vient que les tarifs affecteraient l\u2019industrie automobile am\u00e9ricaine - CanadaMotorJobs.com","description":"La gouverneure du Michigan pr\u00e9vient que les tarifs affecteraient l\u2019industrie automobile am\u00e9ricaine - Benoit Charette - Annuel automobile - CanadaMotorJobs.com.","robots":{"index":"index","follow":"follow","max-snippet":"max-snippet:-1","max-image-preview":"max-image-preview:large","max-video-preview":"max-video-preview:-1"},"og_locale":"fr_CA","og_type":"article","og_title":"La gouverneure du Michigan pr\u00e9vient que les tarifs affecteraient l\u2019industrie automobile am\u00e9ricaine - CanadaMotorJobs.com","og_description":"La gouverneure du Michigan pr\u00e9vient que les tarifs affecteraient l\u2019industrie automobile am\u00e9ricaine - Benoit Charette - Annuel automobile - CanadaMotorJobs.com.","og_url":"https:\/\/news.canadamotorjobs.com\/fr\/la-gouverneure-du-michigan-previent-que-les-tarifs-affecteraient-lindustrie-automobile-americaine\/","og_site_name":"CanadaMotorJobs.com","article_publisher":"https:\/\/www.facebook.com\/canadamotorjobs\/","article_published_time":"2025-01-18T19:24:29+00:00","article_modified_time":"2025-01-18T19:31:48+00:00","og_image":[{"width":1200,"height":802,"url":"https:\/\/news.canadamotorjobs.com\/wp-content\/uploads\/2025\/01\/2025_Ford_Maverick_Lariat_03.jpg","type":"image\/jpeg"}],"author":"Benoit Charette","twitter_card":"summary_large_image","twitter_creator":"@canadamotorjobs","twitter_site":"@canadamotorjobs","twitter_misc":{"\u00c9crit par":"Benoit Charette","Estimation du temps de lecture":"3 minutes"},"schema":{"@context":"https:\/\/schema.org","@graph":[{"@type":"Article","@id":"https:\/\/news.canadamotorjobs.com\/fr\/la-gouverneure-du-michigan-previent-que-les-tarifs-affecteraient-lindustrie-automobile-americaine\/#article","isPartOf":{"@id":"https:\/\/news.canadamotorjobs.com\/fr\/la-gouverneure-du-michigan-previent-que-les-tarifs-affecteraient-lindustrie-automobile-americaine\/"},"author":{"name":"Benoit Charette","@id":"https:\/\/news.canadamotorjobs.com\/#\/schema\/person\/51793d1f87d44011d7bcc2ed99269a90"},"headline":"La gouverneure du Michigan pr\u00e9vient que les tarifs affecteraient l\u2019industrie automobile am\u00e9ricaine","datePublished":"2025-01-18T19:24:29+00:00","dateModified":"2025-01-18T19:31:48+00:00","mainEntityOfPage":{"@id":"https:\/\/news.canadamotorjobs.com\/fr\/la-gouverneure-du-michigan-previent-que-les-tarifs-affecteraient-lindustrie-automobile-americaine\/"},"wordCount":520,"publisher":{"@id":"https:\/\/news.canadamotorjobs.com\/#organization"},"image":{"@id":"https:\/\/news.canadamotorjobs.com\/fr\/la-gouverneure-du-michigan-previent-que-les-tarifs-affecteraient-lindustrie-automobile-americaine\/#primaryimage"},"thumbnailUrl":"https:\/\/news.canadamotorjobs.com\/wp-content\/uploads\/2025\/01\/2025_Ford_Maverick_Lariat_03.jpg","articleSection":["Annuel automobile"],"inLanguage":"fr-CA"},{"@type":"WebPage","@id":"https:\/\/news.canadamotorjobs.com\/fr\/la-gouverneure-du-michigan-previent-que-les-tarifs-affecteraient-lindustrie-automobile-americaine\/","url":"https:\/\/news.canadamotorjobs.com\/fr\/la-gouverneure-du-michigan-previent-que-les-tarifs-affecteraient-lindustrie-automobile-americaine\/","name":"La gouverneure du Michigan pr\u00e9vient que les tarifs affecteraient l\u2019industrie automobile am\u00e9ricaine - CanadaMotorJobs.com","isPartOf":{"@id":"https:\/\/news.canadamotorjobs.com\/#website"},"primaryImageOfPage":{"@id":"https:\/\/news.canadamotorjobs.com\/fr\/la-gouverneure-du-michigan-previent-que-les-tarifs-affecteraient-lindustrie-automobile-americaine\/#primaryimage"},"image":{"@id":"https:\/\/news.canadamotorjobs.com\/fr\/la-gouverneure-du-michigan-previent-que-les-tarifs-affecteraient-lindustrie-automobile-americaine\/#primaryimage"},"thumbnailUrl":"https:\/\/news.canadamotorjobs.com\/wp-content\/uploads\/2025\/01\/2025_Ford_Maverick_Lariat_03.jpg","datePublished":"2025-01-18T19:24:29+00:00","dateModified":"2025-01-18T19:31:48+00:00","description":"La gouverneure du Michigan pr\u00e9vient que les tarifs affecteraient l\u2019industrie automobile am\u00e9ricaine - Benoit Charette - Annuel automobile - CanadaMotorJobs.com.","breadcrumb":{"@id":"https:\/\/news.canadamotorjobs.com\/fr\/la-gouverneure-du-michigan-previent-que-les-tarifs-affecteraient-lindustrie-automobile-americaine\/#breadcrumb"},"inLanguage":"fr-CA","potentialAction":[{"@type":"ReadAction","target":["https:\/\/news.canadamotorjobs.com\/fr\/la-gouverneure-du-michigan-previent-que-les-tarifs-affecteraient-lindustrie-automobile-americaine\/"]}]},{"@type":"ImageObject","inLanguage":"fr-CA","@id":"https:\/\/news.canadamotorjobs.com\/fr\/la-gouverneure-du-michigan-previent-que-les-tarifs-affecteraient-lindustrie-automobile-americaine\/#primaryimage","url":"https:\/\/news.canadamotorjobs.com\/wp-content\/uploads\/2025\/01\/2025_Ford_Maverick_Lariat_03.jpg","contentUrl":"https:\/\/news.canadamotorjobs.com\/wp-content\/uploads\/2025\/01\/2025_Ford_Maverick_Lariat_03.jpg","width":1200,"height":802},{"@type":"BreadcrumbList","@id":"https:\/\/news.canadamotorjobs.com\/fr\/la-gouverneure-du-michigan-previent-que-les-tarifs-affecteraient-lindustrie-automobile-americaine\/#breadcrumb","itemListElement":[{"@type":"ListItem","position":1,"name":"Home","item":"https:\/\/news.canadamotorjobs.com\/fr\/blog\/"},{"@type":"ListItem","position":2,"name":"La gouverneure du Michigan pr\u00e9vient que les tarifs affecteraient l\u2019industrie automobile am\u00e9ricaine"}]},{"@type":"WebSite","@id":"https:\/\/news.canadamotorjobs.com\/#website","url":"https:\/\/news.canadamotorjobs.com\/","name":"CanadaMotorJobs.com","description":"Automotive Jobs","publisher":{"@id":"https:\/\/news.canadamotorjobs.com\/#organization"},"potentialAction":[{"@type":"SearchAction","target":{"@type":"EntryPoint","urlTemplate":"https:\/\/news.canadamotorjobs.com\/?s={search_term_string}"},"query-input":"required name=search_term_string"}],"inLanguage":"fr-CA"},{"@type":"Organization","@id":"https:\/\/news.canadamotorjobs.com\/#organization","name":"Canada Motor Jobs","url":"https:\/\/news.canadamotorjobs.com\/","logo":{"@type":"ImageObject","inLanguage":"fr-CA","@id":"https:\/\/news.canadamotorjobs.com\/#\/schema\/logo\/image\/","url":"https:\/\/news.canadamotorjobs.com\/wp-content\/uploads\/2022\/10\/logo-canada-motor-jobs-1.png","contentUrl":"https:\/\/news.canadamotorjobs.com\/wp-content\/uploads\/2022\/10\/logo-canada-motor-jobs-1.png","width":800,"height":400,"caption":"Canada Motor Jobs"},"image":{"@id":"https:\/\/news.canadamotorjobs.com\/#\/schema\/logo\/image\/"},"sameAs":["https:\/\/www.facebook.com\/canadamotorjobs\/","https:\/\/x.com\/canadamotorjobs","https:\/\/www.instagram.com\/canadamotorjobs\/","https:\/\/www.linkedin.com\/company\/canadamotorjobs"]},{"@type":"Person","@id":"https:\/\/news.canadamotorjobs.com\/#\/schema\/person\/51793d1f87d44011d7bcc2ed99269a90","name":"Benoit Charette","image":{"@type":"ImageObject","inLanguage":"fr-CA","@id":"https:\/\/news.canadamotorjobs.com\/#\/schema\/person\/image\/","url":"https:\/\/secure.gravatar.com\/avatar\/45f3d2eebcccd909668d7ce7ea7267b6?s=96&d=mm&r=g","contentUrl":"https:\/\/secure.gravatar.com\/avatar\/45f3d2eebcccd909668d7ce7ea7267b6?s=96&d=mm&r=g","caption":"Benoit Charette"},"description":"Benoit Charette \/ Propri\u00e9taire et r\u00e9dacteur en chef Benoit Charette pratique le journalisme automobile depuis bient\u00f4t 30 ans. Il a fait ses classes au c\u00f4t\u00e9 de Daniel H\u00e9raud et au Carnet de route de 1992 \u00e0 2001. Il est fondateur, copropri\u00e9taire et r\u00e9dacteur en chef de L\u2019Annuel de l\u2019automobile, qu\u2019il publie depuis 2001. Il a anim\u00e9 les \u00e9missions RPM et RPM+ sur V et les L\u00e9gendes de la route sur Historia. \u00c0 la radio depuis 1986, il reprend l\u2019antenne cette ann\u00e9e sur les ondes de Cogeco et participe pour la deuxi\u00e8me ann\u00e9e \u00e0 l\u2019\u00e9mission Passion Auto sur RDS en plus de mettre en ligne le site Web officiel de L\u2019Annuel de l\u2019automobile sur annuelauto.ca.","sameAs":["https:\/\/annuelauto.ca\/"],"url":"https:\/\/news.canadamotorjobs.com\/fr\/author\/benoit-charette\/"}]}},"_links":{"self":[{"href":"https:\/\/news.canadamotorjobs.com\/fr\/wp-json\/wp\/v2\/posts\/189778"}],"collection":[{"href":"https:\/\/news.canadamotorjobs.com\/fr\/wp-json\/wp\/v2\/posts"}],"about":[{"href":"https:\/\/news.canadamotorjobs.com\/fr\/wp-json\/wp\/v2\/types\/post"}],"author":[{"embeddable":true,"href":"https:\/\/news.canadamotorjobs.com\/fr\/wp-json\/wp\/v2\/users\/8"}],"replies":[{"embeddable":true,"href":"https:\/\/news.canadamotorjobs.com\/fr\/wp-json\/wp\/v2\/comments?post=189778"}],"version-history":[{"count":3,"href":"https:\/\/news.canadamotorjobs.com\/fr\/wp-json\/wp\/v2\/posts\/189778\/revisions"}],"predecessor-version":[{"id":189809,"href":"https:\/\/news.canadamotorjobs.com\/fr\/wp-json\/wp\/v2\/posts\/189778\/revisions\/189809"}],"wp:featuredmedia":[{"embeddable":true,"href":"https:\/\/news.canadamotorjobs.com\/fr\/wp-json\/wp\/v2\/media\/189780"}],"wp:attachment":[{"href":"https:\/\/news.canadamotorjobs.com\/fr\/wp-json\/wp\/v2\/media?parent=189778"}],"wp:term":[{"taxonomy":"category","embeddable":true,"href":"https:\/\/news.canadamotorjobs.com\/fr\/wp-json\/wp\/v2\/categories?post=189778"},{"taxonomy":"post_tag","embeddable":true,"href":"https:\/\/news.canadamotorjobs.com\/fr\/wp-json\/wp\/v2\/tags?post=189778"}],"curies":[{"name":"wp","href":"https:\/\/api.w.org\/{rel}","templated":true}]}}