{"id":189726,"date":"2025-01-18T14:24:29","date_gmt":"2025-01-18T19:24:29","guid":{"rendered":"https:\/\/news.canadamotorjobs.com\/?p=189726"},"modified":"2025-01-18T14:31:25","modified_gmt":"2025-01-18T19:31:25","slug":"porsche-songerait-a-une-prochaine-generation-pour-le-macan-a-essence","status":"publish","type":"post","link":"https:\/\/news.canadamotorjobs.com\/fr\/porsche-songerait-a-une-prochaine-generation-pour-le-macan-a-essence\/","title":{"rendered":"Porsche songerait \u00e0 une prochaine g\u00e9n\u00e9ration pour le Macan \u00e0 essence"},"content":{"rendered":"<\/p>\n<p>En 2024, nous avons eu droit au lancement de la version \u00e9lectrique du Porsche Macan. Le plan initial \u00e9tait que ce mod\u00e8le venait remplacer graduellement la version \u00e0 essence, qui ne serait pas renouvel\u00e9e au bout de son cycle de production.<\/p>\n<p>Or, la fa\u00e7on dont le march\u00e9 du v\u00e9hicule \u00e9lectrique se comporte \u00e0 travers la plan\u00e8te, avec des fluctuations qui inqui\u00e8tent sur certains march\u00e9s, pourrait forcer Porsche \u00e0 revoir son plan.<\/p>\n<p><strong>Une nouvelle g\u00e9n\u00e9ration du Macan \u00e0 essence?<\/strong><\/p>\n<p>Le site Autocar, citant des sources anonymes, rapportait hier que Porsche envisageait la possibilit\u00e9 de proposer une nouvelle g\u00e9n\u00e9ration du Macan \u00e0 essence.<\/p>\n<p>Une autre des possibilit\u00e9s \u00e9tudi\u00e9es serait de modifier le Macan \u00e9lectrique pour l\u2019\u00e9quiper d\u2019un groupe motopropulseur hybride rechargeable o\u00f9 un moteur \u00e0 essence servirait de g\u00e9n\u00e9rateur pour augmenter l\u2019autonomie.<\/p>\n<p>La popularit\u00e9 de ce type d\u2019approche cro\u00eet \u00e0 travers l\u2019industrie. La nouvelle marque \u00e9lectrique du groupe Volkswagen, Scout, pr\u00e9voit une telle configuration pour sa camionnette Terra et son VUS Traveler.<\/p>\n<p>Chez Stellantis, Ram a annonc\u00e9 que la version \u00e0 prolongateur d\u2019autonomie de sa camionnette 1500 serait produite avant la version tout \u00e9lectrique. General Motors a d\u00e9j\u00e0 annonc\u00e9 le retour de cette technologie que l\u2019on a d\u00e9j\u00e0 vue avec la Chevrolet Volt.<\/p>\n<p>\u00a0<\/p>\n<p><\/p>\n<figure><img decoding=\"async\" src=\"https:\/\/news.canadamotorjobs.com\/wp-content\/uploads\/2025\/01\/04_Macan_4S_Charging_Station-5.jpeg\" alt=\"Le Porsche Macan EV 2025\" \/><figcaption>Le Porsche Macan EV 2025 | Auto123.com<\/figcaption><\/figure>\n<p><strong>Le Macan \u00e9lectrique, un succ\u00e8s<\/strong><\/p>\n<p>Quant au nouveau Macan \u00e9lectrique, il a connu un excellent d\u00e9part. Lanc\u00e9 \u00e0 l\u2019automne, il a quand m\u00eame \u00e9t\u00e9 \u00e9coul\u00e9 \u00e0 raison de 18 278 unit\u00e9s. Cependant, Porsche est prudente, car avec sa berline Taycan, elle a vu le mod\u00e8le conna\u00eetre un d\u00e9part canon, mais par la suite subir une baisse importante. On parle de 49 % en 2024, par rapport \u00e0 2023.<\/p>\n<p>Il y a quelques ann\u00e9es, Porsche parlait d\u2019une gamme o\u00f9 80 % de ses ventes seraient tout \u00e9lectriques en 2030. La compagnie a revu ses plans l\u2019\u00e9t\u00e9 dernier. Il est clair que les mod\u00e8les \u00e0 essence vont c\u00f4toyer ceux tout \u00e9lectriques sur une p\u00e9riode plus longue qu\u2019initialement pr\u00e9vu.<\/p>\n<p>Il faudra voir, donc, ce que la compagnie va d\u00e9cider avec son Macan \u00e0 essence, dont la production devait prendre fin d\u2019ici l\u2019ann\u00e9e prochaine. Pour le Cayenne, la compagnie a confirm\u00e9 l\u2019\u00e9t\u00e9 dernier qu\u2019une version \u00e0 essence serait vendue au-del\u00e0 de 2030, m\u00eame si la variante 100 % \u00e9lectrique doit se pointer en 2026.<\/p>\n<p>Le m\u00eame sort pourrait \u00eatre r\u00e9serv\u00e9 \u00e0 la Panamera, ainsi qu\u2019\u00e0 la 911.<\/p>\n<p><\/p>\n<p style=\"padding-top: 15px\">Contenu original de <a href=\"https:\/\/www.auto123.com\/fr\/actualites\/porsche-macan-essence-prochaine-generation-possibilite\/72295\/\">auto123<\/a>.<\/p>\n<p>Le texte <a rel=\"nofollow\" href=\"https:\/\/annuelauto.ca\/porsche-songerait-a-une-prochaine-generation-pour-le-macan-a-essence\/\">Porsche songerait \u00e0 une prochaine g\u00e9n\u00e9ration pour le Macan \u00e0 essence<\/a> provient de <a rel=\"nofollow\" href=\"https:\/\/annuelauto.ca\">L&#8217;annuel de l&#8217;automobile &#8211; Actualit\u00e9 automobile<\/a><\/p>\n<p><\/p>\n","protected":false},"excerpt":{"rendered":"<p>En 2024, nous avons eu droit au lancement de la version \u00e9lectrique du Porsche Macan. Le plan initial \u00e9tait que ce mod\u00e8le venait remplacer graduellement la version \u00e0 essence, qui ne serait pas renouvel\u00e9e au bout de son cycle de production. Or, la fa\u00e7on dont le march\u00e9 du v\u00e9hicule \u00e9lectrique se comporte \u00e0 travers la [&hellip;]<\/p>\n","protected":false},"author":8,"featured_media":189728,"comment_status":"close","ping_status":"closed","sticky":false,"template":"","format":"standard","meta":{"_monsterinsights_skip_tracking":false,"_monsterinsights_sitenote_active":false,"_monsterinsights_sitenote_note":"","_monsterinsights_sitenote_category":0,"footnotes":""},"categories":[101],"tags":[],"yoast_head":"<!-- This site is optimized with the Yoast SEO plugin v23.2 - https:\/\/yoast.com\/wordpress\/plugins\/seo\/ -->\n<title>Porsche songerait \u00e0 une prochaine g\u00e9n\u00e9ration pour le Macan \u00e0 essence - CanadaMotorJobs.com<\/title>\n<meta name=\"description\" content=\"Porsche songerait \u00e0 une prochaine g\u00e9n\u00e9ration pour le Macan \u00e0 essence - Benoit Charette - Annuel automobile - CanadaMotorJobs.com.\" \/>\n<meta name=\"robots\" content=\"index, follow, max-snippet:-1, max-image-preview:large, max-video-preview:-1\" \/>\n<meta property=\"og:locale\" content=\"fr_CA\" \/>\n<meta property=\"og:type\" content=\"article\" \/>\n<meta property=\"og:title\" content=\"Porsche songerait \u00e0 une prochaine g\u00e9n\u00e9ration pour le Macan \u00e0 essence - CanadaMotorJobs.com\" \/>\n<meta property=\"og:description\" content=\"Porsche songerait \u00e0 une prochaine g\u00e9n\u00e9ration pour le Macan \u00e0 essence - Benoit Charette - Annuel automobile - CanadaMotorJobs.com.\" \/>\n<meta property=\"og:url\" content=\"https:\/\/news.canadamotorjobs.com\/fr\/porsche-songerait-a-une-prochaine-generation-pour-le-macan-a-essence\/\" \/>\n<meta property=\"og:site_name\" content=\"CanadaMotorJobs.com\" \/>\n<meta property=\"article:publisher\" content=\"https:\/\/www.facebook.com\/canadamotorjobs\/\" \/>\n<meta property=\"article:published_time\" content=\"2025-01-18T19:24:29+00:00\" \/>\n<meta property=\"article:modified_time\" content=\"2025-01-18T19:31:25+00:00\" \/>\n<meta property=\"og:image\" content=\"https:\/\/news.canadamotorjobs.com\/wp-content\/uploads\/2025\/01\/04_Macan_4S_Charging_Station.jpeg\" \/>\n\t<meta property=\"og:image:width\" content=\"1200\" \/>\n\t<meta property=\"og:image:height\" content=\"675\" \/>\n\t<meta property=\"og:image:type\" content=\"image\/jpeg\" \/>\n<meta name=\"author\" content=\"Benoit Charette\" \/>\n<meta name=\"twitter:card\" content=\"summary_large_image\" \/>\n<meta name=\"twitter:creator\" content=\"@canadamotorjobs\" \/>\n<meta name=\"twitter:site\" content=\"@canadamotorjobs\" \/>\n<meta name=\"twitter:label1\" content=\"\u00c9crit par\" \/>\n\t<meta name=\"twitter:data1\" content=\"Benoit Charette\" \/>\n\t<meta name=\"twitter:label2\" content=\"Estimation du temps de lecture\" \/>\n\t<meta name=\"twitter:data2\" content=\"2 minutes\" \/>\n<!-- \/ Yoast SEO plugin. -->","yoast_head_json":{"title":"Porsche songerait \u00e0 une prochaine g\u00e9n\u00e9ration pour le Macan \u00e0 essence - CanadaMotorJobs.com","description":"Porsche songerait \u00e0 une prochaine g\u00e9n\u00e9ration pour le Macan \u00e0 essence - Benoit Charette - Annuel automobile - CanadaMotorJobs.com.","robots":{"index":"index","follow":"follow","max-snippet":"max-snippet:-1","max-image-preview":"max-image-preview:large","max-video-preview":"max-video-preview:-1"},"og_locale":"fr_CA","og_type":"article","og_title":"Porsche songerait \u00e0 une prochaine g\u00e9n\u00e9ration pour le Macan \u00e0 essence - CanadaMotorJobs.com","og_description":"Porsche songerait \u00e0 une prochaine g\u00e9n\u00e9ration pour le Macan \u00e0 essence - Benoit Charette - Annuel automobile - CanadaMotorJobs.com.","og_url":"https:\/\/news.canadamotorjobs.com\/fr\/porsche-songerait-a-une-prochaine-generation-pour-le-macan-a-essence\/","og_site_name":"CanadaMotorJobs.com","article_publisher":"https:\/\/www.facebook.com\/canadamotorjobs\/","article_published_time":"2025-01-18T19:24:29+00:00","article_modified_time":"2025-01-18T19:31:25+00:00","og_image":[{"width":1200,"height":675,"url":"https:\/\/news.canadamotorjobs.com\/wp-content\/uploads\/2025\/01\/04_Macan_4S_Charging_Station.jpeg","type":"image\/jpeg"}],"author":"Benoit Charette","twitter_card":"summary_large_image","twitter_creator":"@canadamotorjobs","twitter_site":"@canadamotorjobs","twitter_misc":{"\u00c9crit par":"Benoit Charette","Estimation du temps de lecture":"2 minutes"},"schema":{"@context":"https:\/\/schema.org","@graph":[{"@type":"Article","@id":"https:\/\/news.canadamotorjobs.com\/fr\/porsche-songerait-a-une-prochaine-generation-pour-le-macan-a-essence\/#article","isPartOf":{"@id":"https:\/\/news.canadamotorjobs.com\/fr\/porsche-songerait-a-une-prochaine-generation-pour-le-macan-a-essence\/"},"author":{"name":"Benoit Charette","@id":"https:\/\/news.canadamotorjobs.com\/#\/schema\/person\/51793d1f87d44011d7bcc2ed99269a90"},"headline":"Porsche songerait \u00e0 une prochaine g\u00e9n\u00e9ration pour le Macan \u00e0 essence","datePublished":"2025-01-18T19:24:29+00:00","dateModified":"2025-01-18T19:31:25+00:00","mainEntityOfPage":{"@id":"https:\/\/news.canadamotorjobs.com\/fr\/porsche-songerait-a-une-prochaine-generation-pour-le-macan-a-essence\/"},"wordCount":448,"publisher":{"@id":"https:\/\/news.canadamotorjobs.com\/#organization"},"image":{"@id":"https:\/\/news.canadamotorjobs.com\/fr\/porsche-songerait-a-une-prochaine-generation-pour-le-macan-a-essence\/#primaryimage"},"thumbnailUrl":"https:\/\/news.canadamotorjobs.com\/wp-content\/uploads\/2025\/01\/04_Macan_4S_Charging_Station.jpeg","articleSection":["Annuel automobile"],"inLanguage":"fr-CA"},{"@type":"WebPage","@id":"https:\/\/news.canadamotorjobs.com\/fr\/porsche-songerait-a-une-prochaine-generation-pour-le-macan-a-essence\/","url":"https:\/\/news.canadamotorjobs.com\/fr\/porsche-songerait-a-une-prochaine-generation-pour-le-macan-a-essence\/","name":"Porsche songerait \u00e0 une prochaine g\u00e9n\u00e9ration pour le Macan \u00e0 essence - CanadaMotorJobs.com","isPartOf":{"@id":"https:\/\/news.canadamotorjobs.com\/#website"},"primaryImageOfPage":{"@id":"https:\/\/news.canadamotorjobs.com\/fr\/porsche-songerait-a-une-prochaine-generation-pour-le-macan-a-essence\/#primaryimage"},"image":{"@id":"https:\/\/news.canadamotorjobs.com\/fr\/porsche-songerait-a-une-prochaine-generation-pour-le-macan-a-essence\/#primaryimage"},"thumbnailUrl":"https:\/\/news.canadamotorjobs.com\/wp-content\/uploads\/2025\/01\/04_Macan_4S_Charging_Station.jpeg","datePublished":"2025-01-18T19:24:29+00:00","dateModified":"2025-01-18T19:31:25+00:00","description":"Porsche songerait \u00e0 une prochaine g\u00e9n\u00e9ration pour le Macan \u00e0 essence - Benoit Charette - Annuel automobile - CanadaMotorJobs.com.","breadcrumb":{"@id":"https:\/\/news.canadamotorjobs.com\/fr\/porsche-songerait-a-une-prochaine-generation-pour-le-macan-a-essence\/#breadcrumb"},"inLanguage":"fr-CA","potentialAction":[{"@type":"ReadAction","target":["https:\/\/news.canadamotorjobs.com\/fr\/porsche-songerait-a-une-prochaine-generation-pour-le-macan-a-essence\/"]}]},{"@type":"ImageObject","inLanguage":"fr-CA","@id":"https:\/\/news.canadamotorjobs.com\/fr\/porsche-songerait-a-une-prochaine-generation-pour-le-macan-a-essence\/#primaryimage","url":"https:\/\/news.canadamotorjobs.com\/wp-content\/uploads\/2025\/01\/04_Macan_4S_Charging_Station.jpeg","contentUrl":"https:\/\/news.canadamotorjobs.com\/wp-content\/uploads\/2025\/01\/04_Macan_4S_Charging_Station.jpeg","width":1200,"height":675},{"@type":"BreadcrumbList","@id":"https:\/\/news.canadamotorjobs.com\/fr\/porsche-songerait-a-une-prochaine-generation-pour-le-macan-a-essence\/#breadcrumb","itemListElement":[{"@type":"ListItem","position":1,"name":"Home","item":"https:\/\/news.canadamotorjobs.com\/fr\/blog\/"},{"@type":"ListItem","position":2,"name":"Porsche songerait \u00e0 une prochaine g\u00e9n\u00e9ration pour le Macan \u00e0 essence"}]},{"@type":"WebSite","@id":"https:\/\/news.canadamotorjobs.com\/#website","url":"https:\/\/news.canadamotorjobs.com\/","name":"CanadaMotorJobs.com","description":"Automotive Jobs","publisher":{"@id":"https:\/\/news.canadamotorjobs.com\/#organization"},"potentialAction":[{"@type":"SearchAction","target":{"@type":"EntryPoint","urlTemplate":"https:\/\/news.canadamotorjobs.com\/?s={search_term_string}"},"query-input":"required name=search_term_string"}],"inLanguage":"fr-CA"},{"@type":"Organization","@id":"https:\/\/news.canadamotorjobs.com\/#organization","name":"Canada Motor Jobs","url":"https:\/\/news.canadamotorjobs.com\/","logo":{"@type":"ImageObject","inLanguage":"fr-CA","@id":"https:\/\/news.canadamotorjobs.com\/#\/schema\/logo\/image\/","url":"https:\/\/news.canadamotorjobs.com\/wp-content\/uploads\/2022\/10\/logo-canada-motor-jobs-1.png","contentUrl":"https:\/\/news.canadamotorjobs.com\/wp-content\/uploads\/2022\/10\/logo-canada-motor-jobs-1.png","width":800,"height":400,"caption":"Canada Motor Jobs"},"image":{"@id":"https:\/\/news.canadamotorjobs.com\/#\/schema\/logo\/image\/"},"sameAs":["https:\/\/www.facebook.com\/canadamotorjobs\/","https:\/\/x.com\/canadamotorjobs","https:\/\/www.instagram.com\/canadamotorjobs\/","https:\/\/www.linkedin.com\/company\/canadamotorjobs"]},{"@type":"Person","@id":"https:\/\/news.canadamotorjobs.com\/#\/schema\/person\/51793d1f87d44011d7bcc2ed99269a90","name":"Benoit Charette","image":{"@type":"ImageObject","inLanguage":"fr-CA","@id":"https:\/\/news.canadamotorjobs.com\/#\/schema\/person\/image\/","url":"https:\/\/secure.gravatar.com\/avatar\/45f3d2eebcccd909668d7ce7ea7267b6?s=96&d=mm&r=g","contentUrl":"https:\/\/secure.gravatar.com\/avatar\/45f3d2eebcccd909668d7ce7ea7267b6?s=96&d=mm&r=g","caption":"Benoit Charette"},"description":"Benoit Charette \/ Propri\u00e9taire et r\u00e9dacteur en chef Benoit Charette pratique le journalisme automobile depuis bient\u00f4t 30 ans. Il a fait ses classes au c\u00f4t\u00e9 de Daniel H\u00e9raud et au Carnet de route de 1992 \u00e0 2001. Il est fondateur, copropri\u00e9taire et r\u00e9dacteur en chef de L\u2019Annuel de l\u2019automobile, qu\u2019il publie depuis 2001. Il a anim\u00e9 les \u00e9missions RPM et RPM+ sur V et les L\u00e9gendes de la route sur Historia. \u00c0 la radio depuis 1986, il reprend l\u2019antenne cette ann\u00e9e sur les ondes de Cogeco et participe pour la deuxi\u00e8me ann\u00e9e \u00e0 l\u2019\u00e9mission Passion Auto sur RDS en plus de mettre en ligne le site Web officiel de L\u2019Annuel de l\u2019automobile sur annuelauto.ca.","sameAs":["https:\/\/annuelauto.ca\/"],"url":"https:\/\/news.canadamotorjobs.com\/fr\/author\/benoit-charette\/"}]}},"_links":{"self":[{"href":"https:\/\/news.canadamotorjobs.com\/fr\/wp-json\/wp\/v2\/posts\/189726"}],"collection":[{"href":"https:\/\/news.canadamotorjobs.com\/fr\/wp-json\/wp\/v2\/posts"}],"about":[{"href":"https:\/\/news.canadamotorjobs.com\/fr\/wp-json\/wp\/v2\/types\/post"}],"author":[{"embeddable":true,"href":"https:\/\/news.canadamotorjobs.com\/fr\/wp-json\/wp\/v2\/users\/8"}],"replies":[{"embeddable":true,"href":"https:\/\/news.canadamotorjobs.com\/fr\/wp-json\/wp\/v2\/comments?post=189726"}],"version-history":[{"count":3,"href":"https:\/\/news.canadamotorjobs.com\/fr\/wp-json\/wp\/v2\/posts\/189726\/revisions"}],"predecessor-version":[{"id":189753,"href":"https:\/\/news.canadamotorjobs.com\/fr\/wp-json\/wp\/v2\/posts\/189726\/revisions\/189753"}],"wp:featuredmedia":[{"embeddable":true,"href":"https:\/\/news.canadamotorjobs.com\/fr\/wp-json\/wp\/v2\/media\/189728"}],"wp:attachment":[{"href":"https:\/\/news.canadamotorjobs.com\/fr\/wp-json\/wp\/v2\/media?parent=189726"}],"wp:term":[{"taxonomy":"category","embeddable":true,"href":"https:\/\/news.canadamotorjobs.com\/fr\/wp-json\/wp\/v2\/categories?post=189726"},{"taxonomy":"post_tag","embeddable":true,"href":"https:\/\/news.canadamotorjobs.com\/fr\/wp-json\/wp\/v2\/tags?post=189726"}],"curies":[{"name":"wp","href":"https:\/\/api.w.org\/{rel}","templated":true}]}}