{"id":189698,"date":"2025-01-18T14:24:29","date_gmt":"2025-01-18T19:24:29","guid":{"rendered":"https:\/\/news.canadamotorjobs.com\/?p=189698"},"modified":"2025-01-18T14:31:14","modified_gmt":"2025-01-18T19:31:14","slug":"polestar-confirme-un-nouveau-vus-compact-le-polestar-7","status":"publish","type":"post","link":"https:\/\/news.canadamotorjobs.com\/fr\/polestar-confirme-un-nouveau-vus-compact-le-polestar-7\/","title":{"rendered":"Polestar confirme un nouveau VUS compact, le Polestar 7"},"content":{"rendered":"<\/p>\n<p><strong>\u2022\u00a0\u00a0\u00a0 Polestar \u00e9tablit son plan de match pour les Polestar 5, 6 et 7.<\/strong><\/p>\n<p>Le constructeur su\u00e9dois Polestar, sp\u00e9cialis\u00e9 dans les v\u00e9hicules \u00e9lectriques de performance, a confirm\u00e9 plusieurs projets majeurs cette semaine. Parmi eux, le Polestar 7. Ce VUS compact, qui remplacera la Polestar 2 en tant que mod\u00e8le d\u2019entr\u00e9e de gamme de la marque, est pr\u00e9vu autour de 2027.<\/p>\n<p><\/p>\n<figure><img decoding=\"async\" src=\"https:\/\/news.canadamotorjobs.com\/wp-content\/uploads\/2025\/01\/polestar-5-003-5.jpg\" alt=\"Le concept Polestar 5\" \/><figcaption>Le concept Polestar 5 | Auto123.com<\/figcaption><\/figure>\n<p><strong>Polestar 5 et 6 : des \u00e9tapes cl\u00e9s avant le 7<\/strong><\/p>\n<p>Avant l\u2019arriv\u00e9e du Polestar 7, la marque pr\u00e9voit de lancer deux mod\u00e8les marquants. En 2025, la Polestar 5, une berline \u00e9lectrique rivalisant avec la Porsche Taycan et la Tesla Model S, marquera une avanc\u00e9e technologique majeure. Ce mod\u00e8le, inspir\u00e9 du concept Precept pr\u00e9sent\u00e9 en 2020, offrira jusqu\u2019\u00e0 884 chevaux gr\u00e2ce \u00e0 une plateforme d\u00e9velopp\u00e9e en interne.<\/p>\n<p>Puis, en 2026, la Polestar 6, un coup\u00e9 sportif bas\u00e9 sur le concept O2, viendra compl\u00e9ter l\u2019offre avec des performances similaires \u00e0 celles de la Polestar 5.<\/p>\n<p><strong>Le Polestar 7 : un VUS compact con\u00e7u en Europe<\/strong><\/p>\n<p>Le Polestar 7 sera produit en Europe, une d\u00e9cision strat\u00e9gique pour \u00e9viter les lourdes taxes impos\u00e9es aux v\u00e9hicules fabriqu\u00e9s en Chine. Ce mod\u00e8le devrait utiliser la plateforme SEA de Geely, d\u00e9j\u00e0 exploit\u00e9e par le Volvo EX30 et d\u2019autres mod\u00e8les \u00e9lectriques. Cette architecture promet des performances \u00e9lev\u00e9es, comme des acc\u00e9l\u00e9rations de 0 \u00e0 100 km\/h en 3,4 secondes pour les versions les plus puissantes.<\/p>\n<p>Le design du Polestar 7 sera l\u2019\u0153uvre de Philipp R\u00f6mers, ancien designer chez Audi, qui a pris les r\u00eanes du design chez Polestar en 2023. Selon lui, le Polestar 7 incarnera tout ce que les clients attendent en mati\u00e8re de design et de performance.<\/p>\n<p><strong>Objectifs ambitieux pour Polestar<\/strong><\/p>\n<p>Avec l\u2019arriv\u00e9e de ces nouveaux mod\u00e8les, Polestar pr\u00e9voit une croissance des ventes de 30 \u00e0 35 % entre 2025 et 2027. La marque envisage \u00e9galement d\u2019\u00e9largir son r\u00e9seau de distribution, passant de 36 \u00e0 57 points de vente en Am\u00e9rique du Nord.<\/p>\n<p>Parall\u00e8lement, Polestar compte r\u00e9duire ses co\u00fbts en se concentrant sur une seule plateforme flexible apr\u00e8s 2027, tout en augmentant ses revenus gr\u00e2ce \u00e0 la vente de cr\u00e9dits carbone.<\/p>\n<p><\/p>\n<p style=\"padding-top: 15px\">Contenu original de <a href=\"https:\/\/www.auto123.com\/fr\/actualites\/polestar-7-vus-compact-electrique\/72294\/\">auto123<\/a>.<\/p>\n<p>Le texte <a rel=\"nofollow\" href=\"https:\/\/annuelauto.ca\/polestar-confirme-un-nouveau-vus-compact-le-polestar-7\/\">Polestar confirme un nouveau VUS compact, le Polestar 7<\/a> provient de <a rel=\"nofollow\" href=\"https:\/\/annuelauto.ca\">L&#8217;annuel de l&#8217;automobile &#8211; Actualit\u00e9 automobile<\/a><\/p>\n<p><\/p>\n","protected":false},"excerpt":{"rendered":"<p>\u2022\u00a0\u00a0\u00a0 Polestar \u00e9tablit son plan de match pour les Polestar 5, 6 et 7. Le constructeur su\u00e9dois Polestar, sp\u00e9cialis\u00e9 dans les v\u00e9hicules \u00e9lectriques de performance, a confirm\u00e9 plusieurs projets majeurs cette semaine. Parmi eux, le Polestar 7. Ce VUS compact, qui remplacera la Polestar 2 en tant que mod\u00e8le d\u2019entr\u00e9e de gamme de la marque, [&hellip;]<\/p>\n","protected":false},"author":8,"featured_media":189700,"comment_status":"close","ping_status":"closed","sticky":false,"template":"","format":"standard","meta":{"_monsterinsights_skip_tracking":false,"_monsterinsights_sitenote_active":false,"_monsterinsights_sitenote_note":"","_monsterinsights_sitenote_category":0,"footnotes":""},"categories":[101],"tags":[],"yoast_head":"<!-- This site is optimized with the Yoast SEO plugin v23.2 - https:\/\/yoast.com\/wordpress\/plugins\/seo\/ -->\n<title>Polestar confirme un nouveau VUS compact, le Polestar 7 - CanadaMotorJobs.com<\/title>\n<meta name=\"description\" content=\"Polestar confirme un nouveau VUS compact, le Polestar 7 - Benoit Charette - Annuel automobile - CanadaMotorJobs.com.\" \/>\n<meta name=\"robots\" content=\"index, follow, max-snippet:-1, max-image-preview:large, max-video-preview:-1\" \/>\n<meta property=\"og:locale\" content=\"fr_CA\" \/>\n<meta property=\"og:type\" content=\"article\" \/>\n<meta property=\"og:title\" content=\"Polestar confirme un nouveau VUS compact, le Polestar 7 - CanadaMotorJobs.com\" \/>\n<meta property=\"og:description\" content=\"Polestar confirme un nouveau VUS compact, le Polestar 7 - Benoit Charette - Annuel automobile - CanadaMotorJobs.com.\" \/>\n<meta property=\"og:url\" content=\"https:\/\/news.canadamotorjobs.com\/fr\/polestar-confirme-un-nouveau-vus-compact-le-polestar-7\/\" \/>\n<meta property=\"og:site_name\" content=\"CanadaMotorJobs.com\" \/>\n<meta property=\"article:publisher\" content=\"https:\/\/www.facebook.com\/canadamotorjobs\/\" \/>\n<meta property=\"article:published_time\" content=\"2025-01-18T19:24:29+00:00\" \/>\n<meta property=\"article:modified_time\" content=\"2025-01-18T19:31:14+00:00\" \/>\n<meta property=\"og:image\" content=\"https:\/\/news.canadamotorjobs.com\/wp-content\/uploads\/2025\/01\/polestar-5-003.jpg\" \/>\n\t<meta property=\"og:image:width\" content=\"1200\" \/>\n\t<meta property=\"og:image:height\" content=\"675\" \/>\n\t<meta property=\"og:image:type\" content=\"image\/jpeg\" \/>\n<meta name=\"author\" content=\"Benoit Charette\" \/>\n<meta name=\"twitter:card\" content=\"summary_large_image\" \/>\n<meta name=\"twitter:creator\" content=\"@canadamotorjobs\" \/>\n<meta name=\"twitter:site\" content=\"@canadamotorjobs\" \/>\n<meta name=\"twitter:label1\" content=\"\u00c9crit par\" \/>\n\t<meta name=\"twitter:data1\" content=\"Benoit Charette\" \/>\n\t<meta name=\"twitter:label2\" content=\"Estimation du temps de lecture\" \/>\n\t<meta name=\"twitter:data2\" content=\"2 minutes\" \/>\n<!-- \/ Yoast SEO plugin. -->","yoast_head_json":{"title":"Polestar confirme un nouveau VUS compact, le Polestar 7 - CanadaMotorJobs.com","description":"Polestar confirme un nouveau VUS compact, le Polestar 7 - Benoit Charette - Annuel automobile - CanadaMotorJobs.com.","robots":{"index":"index","follow":"follow","max-snippet":"max-snippet:-1","max-image-preview":"max-image-preview:large","max-video-preview":"max-video-preview:-1"},"og_locale":"fr_CA","og_type":"article","og_title":"Polestar confirme un nouveau VUS compact, le Polestar 7 - CanadaMotorJobs.com","og_description":"Polestar confirme un nouveau VUS compact, le Polestar 7 - Benoit Charette - Annuel automobile - CanadaMotorJobs.com.","og_url":"https:\/\/news.canadamotorjobs.com\/fr\/polestar-confirme-un-nouveau-vus-compact-le-polestar-7\/","og_site_name":"CanadaMotorJobs.com","article_publisher":"https:\/\/www.facebook.com\/canadamotorjobs\/","article_published_time":"2025-01-18T19:24:29+00:00","article_modified_time":"2025-01-18T19:31:14+00:00","og_image":[{"width":1200,"height":675,"url":"https:\/\/news.canadamotorjobs.com\/wp-content\/uploads\/2025\/01\/polestar-5-003.jpg","type":"image\/jpeg"}],"author":"Benoit Charette","twitter_card":"summary_large_image","twitter_creator":"@canadamotorjobs","twitter_site":"@canadamotorjobs","twitter_misc":{"\u00c9crit par":"Benoit Charette","Estimation du temps de lecture":"2 minutes"},"schema":{"@context":"https:\/\/schema.org","@graph":[{"@type":"Article","@id":"https:\/\/news.canadamotorjobs.com\/fr\/polestar-confirme-un-nouveau-vus-compact-le-polestar-7\/#article","isPartOf":{"@id":"https:\/\/news.canadamotorjobs.com\/fr\/polestar-confirme-un-nouveau-vus-compact-le-polestar-7\/"},"author":{"name":"Benoit Charette","@id":"https:\/\/news.canadamotorjobs.com\/#\/schema\/person\/51793d1f87d44011d7bcc2ed99269a90"},"headline":"Polestar confirme un nouveau VUS compact, le Polestar 7","datePublished":"2025-01-18T19:24:29+00:00","dateModified":"2025-01-18T19:31:14+00:00","mainEntityOfPage":{"@id":"https:\/\/news.canadamotorjobs.com\/fr\/polestar-confirme-un-nouveau-vus-compact-le-polestar-7\/"},"wordCount":392,"publisher":{"@id":"https:\/\/news.canadamotorjobs.com\/#organization"},"image":{"@id":"https:\/\/news.canadamotorjobs.com\/fr\/polestar-confirme-un-nouveau-vus-compact-le-polestar-7\/#primaryimage"},"thumbnailUrl":"https:\/\/news.canadamotorjobs.com\/wp-content\/uploads\/2025\/01\/polestar-5-003.jpg","articleSection":["Annuel automobile"],"inLanguage":"fr-CA"},{"@type":"WebPage","@id":"https:\/\/news.canadamotorjobs.com\/fr\/polestar-confirme-un-nouveau-vus-compact-le-polestar-7\/","url":"https:\/\/news.canadamotorjobs.com\/fr\/polestar-confirme-un-nouveau-vus-compact-le-polestar-7\/","name":"Polestar confirme un nouveau VUS compact, le Polestar 7 - CanadaMotorJobs.com","isPartOf":{"@id":"https:\/\/news.canadamotorjobs.com\/#website"},"primaryImageOfPage":{"@id":"https:\/\/news.canadamotorjobs.com\/fr\/polestar-confirme-un-nouveau-vus-compact-le-polestar-7\/#primaryimage"},"image":{"@id":"https:\/\/news.canadamotorjobs.com\/fr\/polestar-confirme-un-nouveau-vus-compact-le-polestar-7\/#primaryimage"},"thumbnailUrl":"https:\/\/news.canadamotorjobs.com\/wp-content\/uploads\/2025\/01\/polestar-5-003.jpg","datePublished":"2025-01-18T19:24:29+00:00","dateModified":"2025-01-18T19:31:14+00:00","description":"Polestar confirme un nouveau VUS compact, le Polestar 7 - Benoit Charette - Annuel automobile - CanadaMotorJobs.com.","breadcrumb":{"@id":"https:\/\/news.canadamotorjobs.com\/fr\/polestar-confirme-un-nouveau-vus-compact-le-polestar-7\/#breadcrumb"},"inLanguage":"fr-CA","potentialAction":[{"@type":"ReadAction","target":["https:\/\/news.canadamotorjobs.com\/fr\/polestar-confirme-un-nouveau-vus-compact-le-polestar-7\/"]}]},{"@type":"ImageObject","inLanguage":"fr-CA","@id":"https:\/\/news.canadamotorjobs.com\/fr\/polestar-confirme-un-nouveau-vus-compact-le-polestar-7\/#primaryimage","url":"https:\/\/news.canadamotorjobs.com\/wp-content\/uploads\/2025\/01\/polestar-5-003.jpg","contentUrl":"https:\/\/news.canadamotorjobs.com\/wp-content\/uploads\/2025\/01\/polestar-5-003.jpg","width":1200,"height":675},{"@type":"BreadcrumbList","@id":"https:\/\/news.canadamotorjobs.com\/fr\/polestar-confirme-un-nouveau-vus-compact-le-polestar-7\/#breadcrumb","itemListElement":[{"@type":"ListItem","position":1,"name":"Home","item":"https:\/\/news.canadamotorjobs.com\/fr\/blog\/"},{"@type":"ListItem","position":2,"name":"Polestar confirme un nouveau VUS compact, le Polestar 7"}]},{"@type":"WebSite","@id":"https:\/\/news.canadamotorjobs.com\/#website","url":"https:\/\/news.canadamotorjobs.com\/","name":"CanadaMotorJobs.com","description":"Automotive Jobs","publisher":{"@id":"https:\/\/news.canadamotorjobs.com\/#organization"},"potentialAction":[{"@type":"SearchAction","target":{"@type":"EntryPoint","urlTemplate":"https:\/\/news.canadamotorjobs.com\/?s={search_term_string}"},"query-input":"required name=search_term_string"}],"inLanguage":"fr-CA"},{"@type":"Organization","@id":"https:\/\/news.canadamotorjobs.com\/#organization","name":"Canada Motor Jobs","url":"https:\/\/news.canadamotorjobs.com\/","logo":{"@type":"ImageObject","inLanguage":"fr-CA","@id":"https:\/\/news.canadamotorjobs.com\/#\/schema\/logo\/image\/","url":"https:\/\/news.canadamotorjobs.com\/wp-content\/uploads\/2022\/10\/logo-canada-motor-jobs-1.png","contentUrl":"https:\/\/news.canadamotorjobs.com\/wp-content\/uploads\/2022\/10\/logo-canada-motor-jobs-1.png","width":800,"height":400,"caption":"Canada Motor Jobs"},"image":{"@id":"https:\/\/news.canadamotorjobs.com\/#\/schema\/logo\/image\/"},"sameAs":["https:\/\/www.facebook.com\/canadamotorjobs\/","https:\/\/x.com\/canadamotorjobs","https:\/\/www.instagram.com\/canadamotorjobs\/","https:\/\/www.linkedin.com\/company\/canadamotorjobs"]},{"@type":"Person","@id":"https:\/\/news.canadamotorjobs.com\/#\/schema\/person\/51793d1f87d44011d7bcc2ed99269a90","name":"Benoit Charette","image":{"@type":"ImageObject","inLanguage":"fr-CA","@id":"https:\/\/news.canadamotorjobs.com\/#\/schema\/person\/image\/","url":"https:\/\/secure.gravatar.com\/avatar\/45f3d2eebcccd909668d7ce7ea7267b6?s=96&d=mm&r=g","contentUrl":"https:\/\/secure.gravatar.com\/avatar\/45f3d2eebcccd909668d7ce7ea7267b6?s=96&d=mm&r=g","caption":"Benoit Charette"},"description":"Benoit Charette \/ Propri\u00e9taire et r\u00e9dacteur en chef Benoit Charette pratique le journalisme automobile depuis bient\u00f4t 30 ans. Il a fait ses classes au c\u00f4t\u00e9 de Daniel H\u00e9raud et au Carnet de route de 1992 \u00e0 2001. Il est fondateur, copropri\u00e9taire et r\u00e9dacteur en chef de L\u2019Annuel de l\u2019automobile, qu\u2019il publie depuis 2001. Il a anim\u00e9 les \u00e9missions RPM et RPM+ sur V et les L\u00e9gendes de la route sur Historia. \u00c0 la radio depuis 1986, il reprend l\u2019antenne cette ann\u00e9e sur les ondes de Cogeco et participe pour la deuxi\u00e8me ann\u00e9e \u00e0 l\u2019\u00e9mission Passion Auto sur RDS en plus de mettre en ligne le site Web officiel de L\u2019Annuel de l\u2019automobile sur annuelauto.ca.","sameAs":["https:\/\/annuelauto.ca\/"],"url":"https:\/\/news.canadamotorjobs.com\/fr\/author\/benoit-charette\/"}]}},"_links":{"self":[{"href":"https:\/\/news.canadamotorjobs.com\/fr\/wp-json\/wp\/v2\/posts\/189698"}],"collection":[{"href":"https:\/\/news.canadamotorjobs.com\/fr\/wp-json\/wp\/v2\/posts"}],"about":[{"href":"https:\/\/news.canadamotorjobs.com\/fr\/wp-json\/wp\/v2\/types\/post"}],"author":[{"embeddable":true,"href":"https:\/\/news.canadamotorjobs.com\/fr\/wp-json\/wp\/v2\/users\/8"}],"replies":[{"embeddable":true,"href":"https:\/\/news.canadamotorjobs.com\/fr\/wp-json\/wp\/v2\/comments?post=189698"}],"version-history":[{"count":3,"href":"https:\/\/news.canadamotorjobs.com\/fr\/wp-json\/wp\/v2\/posts\/189698\/revisions"}],"predecessor-version":[{"id":189725,"href":"https:\/\/news.canadamotorjobs.com\/fr\/wp-json\/wp\/v2\/posts\/189698\/revisions\/189725"}],"wp:featuredmedia":[{"embeddable":true,"href":"https:\/\/news.canadamotorjobs.com\/fr\/wp-json\/wp\/v2\/media\/189700"}],"wp:attachment":[{"href":"https:\/\/news.canadamotorjobs.com\/fr\/wp-json\/wp\/v2\/media?parent=189698"}],"wp:term":[{"taxonomy":"category","embeddable":true,"href":"https:\/\/news.canadamotorjobs.com\/fr\/wp-json\/wp\/v2\/categories?post=189698"},{"taxonomy":"post_tag","embeddable":true,"href":"https:\/\/news.canadamotorjobs.com\/fr\/wp-json\/wp\/v2\/tags?post=189698"}],"curies":[{"name":"wp","href":"https:\/\/api.w.org\/{rel}","templated":true}]}}