{"id":189671,"date":"2025-01-18T08:22:40","date_gmt":"2025-01-18T13:22:40","guid":{"rendered":"https:\/\/news.canadamotorjobs.com\/?p=189671"},"modified":"2025-01-18T08:29:29","modified_gmt":"2025-01-18T13:29:29","slug":"ford-ajuste-ses-prix-pour-les-vehicules-electriques-et-phev","status":"publish","type":"post","link":"https:\/\/news.canadamotorjobs.com\/fr\/ford-ajuste-ses-prix-pour-les-vehicules-electriques-et-phev\/","title":{"rendered":"Ford ajuste ses prix pour les v\u00e9hicules \u00e9lectriques et PHEV"},"content":{"rendered":"<\/p>\n<p>La suspension brusque du programme f\u00e9d\u00e9ral iZEV (Incentives for Zero-Emission Vehicles) a caus\u00e9 une onde de choc dans l&#8217;industrie automobile. Ce programme, essentiel pour encourager les consommateurs \u00e0 adopter des v\u00e9hicules \u00e9lectriques (VE), a \u00e9t\u00e9 mis en pause avec un pr\u00e9avis minimal, mettant en p\u00e9ril les ventes et ralentissant la transition \u00e9nerg\u00e9tique. Comme d&#8217;autres constructeurs, Ford a ajust\u00e9 ses prix.<\/p>\n<h3>Un appel \u00e0 l&#8217;action pour le gouvernement<\/h3>\n<p>\nFord exhorte le gouvernement f\u00e9d\u00e9ral \u00e0 r\u00e9tablir rapidement les incitatifs du programme iZEV. Ces aides financi\u00e8res ont prouv\u00e9 leur efficacit\u00e9 pour rendre les VE plus accessibles et encourager les consommateurs \u00e0 faire le saut vers une mobilit\u00e9 verte.<\/p>\n<h3>Une r\u00e9ponse proactive : Des incitatifs du manufacturier<\/h3>\n<p>\nEn attendant une reprise \u00e9ventuelle du programme iZEV, Ford du Canada a d\u00e9cid\u00e9 de prendre les devants en introduisant ses propres incitatifs temporaires. Ces rabais sont valables pour les ventes r\u00e9alis\u00e9es entre le 13 et le 31 janvier 2025 et concernent plusieurs mod\u00e8les \u00e9lectriques et hybrides rechargeables \u00e9ligibles.<\/p>\n<h3>Les d\u00e9tails des incitatifs Ford :<\/h3>\n<p><\/p>\n<ul><\/p>\n<li><strong>5 000 $<\/strong> pour les Ford Mustang Mach-E (2023-2025).<\/li>\n<p><\/p>\n<li><strong>5 000 $<\/strong> pour les Ford F-150 Lightning Pro et XLT (2023-2025).<\/li>\n<p><\/p>\n<li><strong>5 000 $<\/strong> pour les Ford Escape PHEV (2024-2025).<\/li>\n<p><\/p>\n<li><strong>2 500 $<\/strong> pour les Lincoln Corsair PHEV (2024-2025).<\/li>\n<p>\n<\/ul>\n<p>\nFord pr\u00e9cise que cette initiative n\u2019a pas vocation \u00e0 remplacer d\u00e9finitivement le programme iZEV, mais \u00e0 offrir un soutien temporaire aux consommateurs.<\/p>\n<h3>Une transition \u00e0 ne pas freiner<\/h3>\n<p>\nLa suspension du programme iZEV met en lumi\u00e8re les d\u00e9fis auxquels l&#8217;industrie automobile fait face dans la transition \u00e9nerg\u00e9tique. Ford, en tant que leader, montre l\u2019exemple en offrant des solutions temporaires tout en appelant \u00e0 une action rapide du gouvernement.<\/p>\n<h4><\/h4>\n<p>\n\u00a0<\/p>\n<p>Le texte <a rel=\"nofollow\" href=\"https:\/\/annuelauto.ca\/ford-reagit-suspension-izev\/\">Ford ajuste ses prix pour les v\u00e9hicules \u00e9lectriques et PHEV<\/a> provient de <a rel=\"nofollow\" href=\"https:\/\/annuelauto.ca\">L&#8217;annuel de l&#8217;automobile &#8211; Actualit\u00e9 automobile<\/a><\/p>\n<p><\/p>\n","protected":false},"excerpt":{"rendered":"<p>La suspension brusque du programme f\u00e9d\u00e9ral iZEV (Incentives for Zero-Emission Vehicles) a caus\u00e9 une onde de choc dans l&#8217;industrie automobile. Ce programme, essentiel pour encourager les consommateurs \u00e0 adopter des v\u00e9hicules \u00e9lectriques (VE), a \u00e9t\u00e9 mis en pause avec un pr\u00e9avis minimal, mettant en p\u00e9ril les ventes et ralentissant la transition \u00e9nerg\u00e9tique. Comme d&#8217;autres constructeurs, [&hellip;]<\/p>\n","protected":false},"author":8,"featured_media":189673,"comment_status":"close","ping_status":"closed","sticky":false,"template":"","format":"standard","meta":{"_monsterinsights_skip_tracking":false,"_monsterinsights_sitenote_active":false,"_monsterinsights_sitenote_note":"","_monsterinsights_sitenote_category":0,"footnotes":""},"categories":[101],"tags":[],"yoast_head":"<!-- This site is optimized with the Yoast SEO plugin v23.2 - https:\/\/yoast.com\/wordpress\/plugins\/seo\/ -->\n<title>Ford ajuste ses prix pour les v\u00e9hicules \u00e9lectriques et PHEV - CanadaMotorJobs.com<\/title>\n<meta name=\"description\" content=\"Ford ajuste ses prix pour les v\u00e9hicules \u00e9lectriques et PHEV - Benoit Charette - Annuel automobile - CanadaMotorJobs.com.\" \/>\n<meta name=\"robots\" content=\"index, follow, max-snippet:-1, max-image-preview:large, max-video-preview:-1\" \/>\n<meta property=\"og:locale\" content=\"fr_CA\" \/>\n<meta property=\"og:type\" content=\"article\" \/>\n<meta property=\"og:title\" content=\"Ford ajuste ses prix pour les v\u00e9hicules \u00e9lectriques et PHEV - CanadaMotorJobs.com\" \/>\n<meta property=\"og:description\" content=\"Ford ajuste ses prix pour les v\u00e9hicules \u00e9lectriques et PHEV - Benoit Charette - Annuel automobile - CanadaMotorJobs.com.\" \/>\n<meta property=\"og:url\" content=\"https:\/\/news.canadamotorjobs.com\/fr\/ford-ajuste-ses-prix-pour-les-vehicules-electriques-et-phev\/\" \/>\n<meta property=\"og:site_name\" content=\"CanadaMotorJobs.com\" \/>\n<meta property=\"article:publisher\" content=\"https:\/\/www.facebook.com\/canadamotorjobs\/\" \/>\n<meta property=\"article:published_time\" content=\"2025-01-18T13:22:40+00:00\" \/>\n<meta property=\"article:modified_time\" content=\"2025-01-18T13:29:29+00:00\" \/>\n<meta property=\"og:image\" content=\"https:\/\/news.canadamotorjobs.com\/wp-content\/uploads\/2025\/01\/403229-2023-ford-mustang-mach-e.jpg\" \/>\n\t<meta property=\"og:image:width\" content=\"1920\" \/>\n\t<meta property=\"og:image:height\" content=\"1200\" \/>\n\t<meta property=\"og:image:type\" content=\"image\/jpeg\" \/>\n<meta name=\"author\" content=\"Benoit Charette\" \/>\n<meta name=\"twitter:card\" content=\"summary_large_image\" \/>\n<meta name=\"twitter:creator\" content=\"@canadamotorjobs\" \/>\n<meta name=\"twitter:site\" content=\"@canadamotorjobs\" \/>\n<meta name=\"twitter:label1\" content=\"\u00c9crit par\" \/>\n\t<meta name=\"twitter:data1\" content=\"Benoit Charette\" \/>\n\t<meta name=\"twitter:label2\" content=\"Estimation du temps de lecture\" \/>\n\t<meta name=\"twitter:data2\" content=\"1 minute\" \/>\n<!-- \/ Yoast SEO plugin. -->","yoast_head_json":{"title":"Ford ajuste ses prix pour les v\u00e9hicules \u00e9lectriques et PHEV - CanadaMotorJobs.com","description":"Ford ajuste ses prix pour les v\u00e9hicules \u00e9lectriques et PHEV - Benoit Charette - Annuel automobile - CanadaMotorJobs.com.","robots":{"index":"index","follow":"follow","max-snippet":"max-snippet:-1","max-image-preview":"max-image-preview:large","max-video-preview":"max-video-preview:-1"},"og_locale":"fr_CA","og_type":"article","og_title":"Ford ajuste ses prix pour les v\u00e9hicules \u00e9lectriques et PHEV - CanadaMotorJobs.com","og_description":"Ford ajuste ses prix pour les v\u00e9hicules \u00e9lectriques et PHEV - Benoit Charette - Annuel automobile - CanadaMotorJobs.com.","og_url":"https:\/\/news.canadamotorjobs.com\/fr\/ford-ajuste-ses-prix-pour-les-vehicules-electriques-et-phev\/","og_site_name":"CanadaMotorJobs.com","article_publisher":"https:\/\/www.facebook.com\/canadamotorjobs\/","article_published_time":"2025-01-18T13:22:40+00:00","article_modified_time":"2025-01-18T13:29:29+00:00","og_image":[{"width":1920,"height":1200,"url":"https:\/\/news.canadamotorjobs.com\/wp-content\/uploads\/2025\/01\/403229-2023-ford-mustang-mach-e.jpg","type":"image\/jpeg"}],"author":"Benoit Charette","twitter_card":"summary_large_image","twitter_creator":"@canadamotorjobs","twitter_site":"@canadamotorjobs","twitter_misc":{"\u00c9crit par":"Benoit Charette","Estimation du temps de lecture":"1 minute"},"schema":{"@context":"https:\/\/schema.org","@graph":[{"@type":"Article","@id":"https:\/\/news.canadamotorjobs.com\/fr\/ford-ajuste-ses-prix-pour-les-vehicules-electriques-et-phev\/#article","isPartOf":{"@id":"https:\/\/news.canadamotorjobs.com\/fr\/ford-ajuste-ses-prix-pour-les-vehicules-electriques-et-phev\/"},"author":{"name":"Benoit Charette","@id":"https:\/\/news.canadamotorjobs.com\/#\/schema\/person\/51793d1f87d44011d7bcc2ed99269a90"},"headline":"Ford ajuste ses prix pour les v\u00e9hicules \u00e9lectriques et PHEV","datePublished":"2025-01-18T13:22:40+00:00","dateModified":"2025-01-18T13:29:29+00:00","mainEntityOfPage":{"@id":"https:\/\/news.canadamotorjobs.com\/fr\/ford-ajuste-ses-prix-pour-les-vehicules-electriques-et-phev\/"},"wordCount":310,"publisher":{"@id":"https:\/\/news.canadamotorjobs.com\/#organization"},"image":{"@id":"https:\/\/news.canadamotorjobs.com\/fr\/ford-ajuste-ses-prix-pour-les-vehicules-electriques-et-phev\/#primaryimage"},"thumbnailUrl":"https:\/\/news.canadamotorjobs.com\/wp-content\/uploads\/2025\/01\/403229-2023-ford-mustang-mach-e.jpg","articleSection":["Annuel automobile"],"inLanguage":"fr-CA"},{"@type":"WebPage","@id":"https:\/\/news.canadamotorjobs.com\/fr\/ford-ajuste-ses-prix-pour-les-vehicules-electriques-et-phev\/","url":"https:\/\/news.canadamotorjobs.com\/fr\/ford-ajuste-ses-prix-pour-les-vehicules-electriques-et-phev\/","name":"Ford ajuste ses prix pour les v\u00e9hicules \u00e9lectriques et PHEV - CanadaMotorJobs.com","isPartOf":{"@id":"https:\/\/news.canadamotorjobs.com\/#website"},"primaryImageOfPage":{"@id":"https:\/\/news.canadamotorjobs.com\/fr\/ford-ajuste-ses-prix-pour-les-vehicules-electriques-et-phev\/#primaryimage"},"image":{"@id":"https:\/\/news.canadamotorjobs.com\/fr\/ford-ajuste-ses-prix-pour-les-vehicules-electriques-et-phev\/#primaryimage"},"thumbnailUrl":"https:\/\/news.canadamotorjobs.com\/wp-content\/uploads\/2025\/01\/403229-2023-ford-mustang-mach-e.jpg","datePublished":"2025-01-18T13:22:40+00:00","dateModified":"2025-01-18T13:29:29+00:00","description":"Ford ajuste ses prix pour les v\u00e9hicules \u00e9lectriques et PHEV - Benoit Charette - Annuel automobile - CanadaMotorJobs.com.","breadcrumb":{"@id":"https:\/\/news.canadamotorjobs.com\/fr\/ford-ajuste-ses-prix-pour-les-vehicules-electriques-et-phev\/#breadcrumb"},"inLanguage":"fr-CA","potentialAction":[{"@type":"ReadAction","target":["https:\/\/news.canadamotorjobs.com\/fr\/ford-ajuste-ses-prix-pour-les-vehicules-electriques-et-phev\/"]}]},{"@type":"ImageObject","inLanguage":"fr-CA","@id":"https:\/\/news.canadamotorjobs.com\/fr\/ford-ajuste-ses-prix-pour-les-vehicules-electriques-et-phev\/#primaryimage","url":"https:\/\/news.canadamotorjobs.com\/wp-content\/uploads\/2025\/01\/403229-2023-ford-mustang-mach-e.jpg","contentUrl":"https:\/\/news.canadamotorjobs.com\/wp-content\/uploads\/2025\/01\/403229-2023-ford-mustang-mach-e.jpg","width":1920,"height":1200},{"@type":"BreadcrumbList","@id":"https:\/\/news.canadamotorjobs.com\/fr\/ford-ajuste-ses-prix-pour-les-vehicules-electriques-et-phev\/#breadcrumb","itemListElement":[{"@type":"ListItem","position":1,"name":"Home","item":"https:\/\/news.canadamotorjobs.com\/fr\/blog\/"},{"@type":"ListItem","position":2,"name":"Ford ajuste ses prix pour les v\u00e9hicules \u00e9lectriques et PHEV"}]},{"@type":"WebSite","@id":"https:\/\/news.canadamotorjobs.com\/#website","url":"https:\/\/news.canadamotorjobs.com\/","name":"CanadaMotorJobs.com","description":"Automotive Jobs","publisher":{"@id":"https:\/\/news.canadamotorjobs.com\/#organization"},"potentialAction":[{"@type":"SearchAction","target":{"@type":"EntryPoint","urlTemplate":"https:\/\/news.canadamotorjobs.com\/?s={search_term_string}"},"query-input":"required name=search_term_string"}],"inLanguage":"fr-CA"},{"@type":"Organization","@id":"https:\/\/news.canadamotorjobs.com\/#organization","name":"Canada Motor Jobs","url":"https:\/\/news.canadamotorjobs.com\/","logo":{"@type":"ImageObject","inLanguage":"fr-CA","@id":"https:\/\/news.canadamotorjobs.com\/#\/schema\/logo\/image\/","url":"https:\/\/news.canadamotorjobs.com\/wp-content\/uploads\/2022\/10\/logo-canada-motor-jobs-1.png","contentUrl":"https:\/\/news.canadamotorjobs.com\/wp-content\/uploads\/2022\/10\/logo-canada-motor-jobs-1.png","width":800,"height":400,"caption":"Canada Motor Jobs"},"image":{"@id":"https:\/\/news.canadamotorjobs.com\/#\/schema\/logo\/image\/"},"sameAs":["https:\/\/www.facebook.com\/canadamotorjobs\/","https:\/\/x.com\/canadamotorjobs","https:\/\/www.instagram.com\/canadamotorjobs\/","https:\/\/www.linkedin.com\/company\/canadamotorjobs"]},{"@type":"Person","@id":"https:\/\/news.canadamotorjobs.com\/#\/schema\/person\/51793d1f87d44011d7bcc2ed99269a90","name":"Benoit Charette","image":{"@type":"ImageObject","inLanguage":"fr-CA","@id":"https:\/\/news.canadamotorjobs.com\/#\/schema\/person\/image\/","url":"https:\/\/secure.gravatar.com\/avatar\/45f3d2eebcccd909668d7ce7ea7267b6?s=96&d=mm&r=g","contentUrl":"https:\/\/secure.gravatar.com\/avatar\/45f3d2eebcccd909668d7ce7ea7267b6?s=96&d=mm&r=g","caption":"Benoit Charette"},"description":"Benoit Charette \/ Propri\u00e9taire et r\u00e9dacteur en chef Benoit Charette pratique le journalisme automobile depuis bient\u00f4t 30 ans. Il a fait ses classes au c\u00f4t\u00e9 de Daniel H\u00e9raud et au Carnet de route de 1992 \u00e0 2001. Il est fondateur, copropri\u00e9taire et r\u00e9dacteur en chef de L\u2019Annuel de l\u2019automobile, qu\u2019il publie depuis 2001. Il a anim\u00e9 les \u00e9missions RPM et RPM+ sur V et les L\u00e9gendes de la route sur Historia. \u00c0 la radio depuis 1986, il reprend l\u2019antenne cette ann\u00e9e sur les ondes de Cogeco et participe pour la deuxi\u00e8me ann\u00e9e \u00e0 l\u2019\u00e9mission Passion Auto sur RDS en plus de mettre en ligne le site Web officiel de L\u2019Annuel de l\u2019automobile sur annuelauto.ca.","sameAs":["https:\/\/annuelauto.ca\/"],"url":"https:\/\/news.canadamotorjobs.com\/fr\/author\/benoit-charette\/"}]}},"_links":{"self":[{"href":"https:\/\/news.canadamotorjobs.com\/fr\/wp-json\/wp\/v2\/posts\/189671"}],"collection":[{"href":"https:\/\/news.canadamotorjobs.com\/fr\/wp-json\/wp\/v2\/posts"}],"about":[{"href":"https:\/\/news.canadamotorjobs.com\/fr\/wp-json\/wp\/v2\/types\/post"}],"author":[{"embeddable":true,"href":"https:\/\/news.canadamotorjobs.com\/fr\/wp-json\/wp\/v2\/users\/8"}],"replies":[{"embeddable":true,"href":"https:\/\/news.canadamotorjobs.com\/fr\/wp-json\/wp\/v2\/comments?post=189671"}],"version-history":[{"count":2,"href":"https:\/\/news.canadamotorjobs.com\/fr\/wp-json\/wp\/v2\/posts\/189671\/revisions"}],"predecessor-version":[{"id":189675,"href":"https:\/\/news.canadamotorjobs.com\/fr\/wp-json\/wp\/v2\/posts\/189671\/revisions\/189675"}],"wp:featuredmedia":[{"embeddable":true,"href":"https:\/\/news.canadamotorjobs.com\/fr\/wp-json\/wp\/v2\/media\/189673"}],"wp:attachment":[{"href":"https:\/\/news.canadamotorjobs.com\/fr\/wp-json\/wp\/v2\/media?parent=189671"}],"wp:term":[{"taxonomy":"category","embeddable":true,"href":"https:\/\/news.canadamotorjobs.com\/fr\/wp-json\/wp\/v2\/categories?post=189671"},{"taxonomy":"post_tag","embeddable":true,"href":"https:\/\/news.canadamotorjobs.com\/fr\/wp-json\/wp\/v2\/tags?post=189671"}],"curies":[{"name":"wp","href":"https:\/\/api.w.org\/{rel}","templated":true}]}}