{"id":189627,"date":"2025-01-17T16:46:27","date_gmt":"2025-01-17T21:46:27","guid":{"rendered":"https:\/\/news.canadamotorjobs.com\/?p=189627"},"modified":"2025-01-17T17:28:47","modified_gmt":"2025-01-17T22:28:47","slug":"salon-de-montreal-2025-deux-ford-mustang-aux-antipodes","status":"publish","type":"post","link":"https:\/\/news.canadamotorjobs.com\/fr\/salon-de-montreal-2025-deux-ford-mustang-aux-antipodes\/","title":{"rendered":"Salon de Montr\u00e9al 2025\u00a0: Deux Ford Mustang aux antipodes"},"content":{"rendered":"<\/p>\n<p>Le <a href=\"https:\/\/annuelauto.ca\/salon-de-lauto-de-montreal-2025-pourquoi-ce-nouveau-logo\/\" target=\"_blank\" rel=\"noopener noreferrer\">Salon de l\u2019auto de Montr\u00e9al 2025<\/a> (SAM), qui ouvre ses portes aujourd\u2019hui, propose aux visiteurs deux primeurs sign\u00e9es Ford qui sont litt\u00e9ralement aux antipodes. La premi\u00e8re, un v\u00e9lo arborant l\u2019\u00e9cusson de la Mustang, est la plus r\u00e9cente nouveaut\u00e9 \u00e9lectrifi\u00e9e offerte par Ford au pays. Quant \u00e0 la seconde, la <a href=\"https:\/\/annuelauto.ca\/ford-mustang-gtd-spirit-of-america-hommage-a-un-esprit-audacieux\/\" target=\"_blank\" rel=\"noopener noreferrer\">Mustang\u00a0GTD<\/a>, elle s\u2019abreuve d\u2019essence pour alimenter sa harde de 815\u00a0pur\u00a0sang destin\u00e9e \u00e0 l\u2019\u00e9lancer \u00e0 toute allure pour redorer le mythe du c\u00e9l\u00e8bre pony car.<\/p>\n<h3><strong>Mustang \u00e0 deux roues et \u00e9lectrique<\/strong><\/h3>\n<p>\nLes Qu\u00e9b\u00e9cois qui vouent une \u00e9gale passion \u00e0 la Mustang et au cyclisme peuvent d\u00e9sormais marier les deux. <a href=\"https:\/\/annuelauto.ca\/lucid-motors-salon-de-lauto-de-montreal-2025\/\" target=\"_blank\" rel=\"noopener noreferrer\">En visitant le SAM<\/a>, ils pourront voir de pr\u00e8s la Mustang la plus rapide de l\u2019histoire, mais aussi un nouveau v\u00e9lo qui porte son nom. Ils devront cependant \u00eatre attentifs pour trouver ce dernier, car, contrairement au bolide, cette primeur n\u2019a pas eu droit \u00e0 un podium ou un espace d\u2019exposition particulier. L\u2019atmosph\u00e8re un peu sombre du kiosque et sa couleur gris carbone ne facilitent pas sa recherche. D\u2019autant plus qu\u2019il repose sur un support Thule arrim\u00e9 \u00e0 l\u2019arri\u00e8re d\u2019un Ford Explorer\u2026 de couleur similaire. Mais heureusement, pour le trouver, vous n\u2019aurez qu\u2019\u00e0 vous diriger vers l\u2019imposante Mustang GTD qui tr\u00f4ne dignement dans son module d\u2019exposition bien \u00e9clair\u00e9. Le v\u00e9lo Mustang se trouve juste \u00e0 c\u00f4t\u00e9 !<\/p>\n<p>Le v\u00e9lo \u00e9lectrique Mustang a \u00e9t\u00e9 lanc\u00e9 aux \u00c9tats-Unis en ao\u00fbt 2024 dans la foul\u00e9e du 60e anniversaire du pony car. Ford a lanc\u00e9 le v\u00e9lo Bronco au m\u00eame moment. \u00c0 l\u2019\u00e9poque, leur commercialisation \u00e9tait limit\u00e9e au march\u00e9 \u00e9tatsunien. Mais, aujourd\u2019hui, ils sont tous deux disponibles sur notre par le biais d\u2019un site internet www.ford-bikes.ca ou chez certains concessionnaires Ford participants.<\/p>\n<h3><strong>Jusqu\u2019\u00e0 100\u00a0kilom\u00e8tres d\u2019autonomie<\/strong><\/h3>\n<p>\nLe v\u00e9lo de route Mustang est dot\u00e9 d\u2019un moteur \u00e9lectrique de 750\u00a0W (1\u00a0ch) qui produit 63\u00a0lb-pi de couple et autorise une vitesse de pointe de 32\u00a0km\/h. Sa batterie de 720\u00a0Wh permet de parcourir jusqu\u2019\u00e0 100\u00a0kilom\u00e8tres, du moins selon l\u2019utilisation qu\u2019on fait du v\u00e9lo et le mode de motorisation choisi (\u00c9co, Normal, Sport et Piste).<\/p>\n<p>Pesant un peu plus de 30\u00a0kg (avec le cadre en aluminium de taille moyenne), sa dotation comprend une transmission Shimano Cues U4000 \u00e0 9\u00a0vitesses avec changement de vitesse m\u00e9canique, des freins hydrauliques Tektro \u00e0 quatre pistons, des pneus Pirelli Angel Urban GT, un projecteur avant et un feu de frein arri\u00e8re. Enfin, un \u00e9cran tactile couleur est fix\u00e9 au centre du guidon.<\/p>\n<p>Le v\u00e9lo \u00e9lectrique Mustang est offert \u00e0 partir de 4\u00a0990\u00a0$ en gris carbone m\u00e9tallique. C\u2019est la couleur de s\u00e9rie. Dix autres couleurs sont offertes pour un suppl\u00e9ment de 490\u00a0$<\/p>\n<h3><strong>Bronco : un v\u00e9lo tout terrain<\/strong><\/h3>\n<p>\nPour ce qui est du v\u00e9lo Bronco, fid\u00e8le \u00e0 la vocation de l\u2019utilitaire du m\u00eame nom qu\u2019il \u00e9mule, on le destine \u00e0 un usage hors route. Il partage le moteur de 750\u00a0W du v\u00e9lo Mustang, mais dispose d\u2019une suspension plus robuste, de pneus tout terrain Pirelli Scorpion Enduro\u00a0M et d\u2019un si\u00e8ge de style motocross qui devrait offrir plus de confort sur des pistes cahoteuses. Son autonomie peut \u00e9galement atteindre 100\u00a0kilom\u00e8tres dans les meilleures conditions.<\/p>\n<p>Pour r\u00e9aliser ces v\u00e9los, Ford a fait appel au fabricant australien N+, dont le si\u00e8ge social est \u00e0 Melbourne. Cette entreprise fabrique \u00e9galement les v\u00e9los Mercedes-Benz EQ Formula E\u00a0Team et Mercedes-AMG que vend Mercedes-Benz depuis quelques ann\u00e9es.<\/p>\n<h3><strong>Mustang GTD, la Mustang \u00ab\u00a0canadienne\u00a0\u00bb<\/strong><\/h3>\n<p>\nFace au deux-roues arborant l\u2019\u00e9cusson du poney galopant, les visiteurs du salon peuvent aussi r\u00eaver en admirant la Mustang GTD, un bolide capable d\u2019atteindre 325\u00a0km\/h. C\u2019est la vitesse de pointe la plus \u00e9lev\u00e9e de toutes les Mustang de route fabriqu\u00e9es jusqu\u2019ici.<\/p>\n<p>D\u00e9voil\u00e9e en ao\u00fbt 2023, cette Mustang emprunte son nom au championnat GTD (pour GT\u00a0Daytona) d\u2019IMSA. Elle est d\u2019abord assembl\u00e9e partiellement \u00e0 l\u2019usine Ford de Flat Rock, au Michigan, qui produit les coup\u00e9s et cabriolets Mustang. Puis, les voitures sont transport\u00e9es aux installations de la soci\u00e9t\u00e9 Multimatic de Markham, en Ontario.<\/p>\n<p>Alors s\u2019op\u00e8re une transformation qui en fait un bolide avec un V8 de 5,2\u00a0L qui livre 815\u00a0ch et 664\u00a0lb-pi de couple. De quoi marier le temp\u00e9rament d\u2019une voiture de course et celui d\u2019une routi\u00e8re de haute performance. Produite \u00e0 1\u00a0000 exemplaires, la GTD est offerte \u00e0 partir d\u2019environ 325\u00a0000\u00a0$\u00a0US.<\/p>\n<p><\/p>\n<div class='avia-iframe-wrap'><iframe loading=\"lazy\" title=\"Ford Mustang\u24c7 GTD: Road to the Ring\" width=\"1500\" height=\"844\" src=\"https:\/\/www.youtube.com\/embed\/YuxuSLB1hg8?feature=oembed\" frameborder=\"0\" allow=\"accelerometer; autoplay; clipboard-write; encrypted-media; gyroscope; picture-in-picture; web-share\" referrerpolicy=\"strict-origin-when-cross-origin\" allowfullscreen><\/iframe><\/div>\n<p>\nFait \u00e0 noter, la Mustang GTD s\u2019est illustr\u00e9e sur le circuit du N\u00fcrburgring r\u00e9cemment. Le 10 d\u00e9cembre dernier, le pilote Dirk M\u00fcller de Multimatic Motorsports a parcouru les 20,8\u00a0kilom\u00e8tres de ce circuit surnomm\u00e9 \u00ab\u00a0l\u2019Enfer vert\u00a0\u00bb en 6\u00a0minutes et 57,685\u00a0secondes au volant d\u2019une GTD. Cette Mustang est alors devenue la voiture de marque am\u00e9ricaine ayant accompli le tour du N\u00fcrburgring le plus rapide de l\u2019histoire.<\/p>\n<p><em>Photos : Luc Gagn\u00e9 et Ford<\/em><\/p>\n<p>Le texte <a rel=\"nofollow\" href=\"https:\/\/annuelauto.ca\/salon-de-montreal-2025-deux-ford-mustang-aux-antipodes\/\">Salon de Montr\u00e9al 2025\u00a0: Deux Ford Mustang aux antipodes<\/a> provient de <a rel=\"nofollow\" href=\"https:\/\/annuelauto.ca\">L&#8217;annuel de l&#8217;automobile &#8211; Actualit\u00e9 automobile<\/a><\/p>\n<p><\/p>\n","protected":false},"excerpt":{"rendered":"<p>Le Salon de l\u2019auto de Montr\u00e9al 2025 (SAM), qui ouvre ses portes aujourd\u2019hui, propose aux visiteurs deux primeurs sign\u00e9es Ford qui sont litt\u00e9ralement aux antipodes. La premi\u00e8re, un v\u00e9lo arborant l\u2019\u00e9cusson de la Mustang, est la plus r\u00e9cente nouveaut\u00e9 \u00e9lectrifi\u00e9e offerte par Ford au pays. Quant \u00e0 la seconde, la Mustang\u00a0GTD, elle s\u2019abreuve d\u2019essence pour [&hellip;]<\/p>\n","protected":false},"author":8,"featured_media":189629,"comment_status":"close","ping_status":"closed","sticky":false,"template":"","format":"standard","meta":{"_monsterinsights_skip_tracking":false,"_monsterinsights_sitenote_active":false,"_monsterinsights_sitenote_note":"","_monsterinsights_sitenote_category":0,"footnotes":""},"categories":[101],"tags":[],"yoast_head":"<!-- This site is optimized with the Yoast SEO plugin v23.2 - https:\/\/yoast.com\/wordpress\/plugins\/seo\/ -->\n<title>Salon de Montr\u00e9al 2025\u00a0: Deux Ford Mustang aux antipodes - CanadaMotorJobs.com<\/title>\n<meta name=\"description\" content=\"Salon de Montr\u00e9al 2025\u00a0: Deux Ford Mustang aux antipodes - Benoit Charette - Annuel automobile - CanadaMotorJobs.com.\" \/>\n<meta name=\"robots\" content=\"index, follow, max-snippet:-1, max-image-preview:large, max-video-preview:-1\" \/>\n<meta property=\"og:locale\" content=\"fr_CA\" \/>\n<meta property=\"og:type\" content=\"article\" \/>\n<meta property=\"og:title\" content=\"Salon de Montr\u00e9al 2025\u00a0: Deux Ford Mustang aux antipodes - CanadaMotorJobs.com\" \/>\n<meta property=\"og:description\" content=\"Salon de Montr\u00e9al 2025\u00a0: Deux Ford Mustang aux antipodes - Benoit Charette - Annuel automobile - CanadaMotorJobs.com.\" \/>\n<meta property=\"og:url\" content=\"https:\/\/news.canadamotorjobs.com\/fr\/salon-de-montreal-2025-deux-ford-mustang-aux-antipodes\/\" \/>\n<meta property=\"og:site_name\" content=\"CanadaMotorJobs.com\" \/>\n<meta property=\"article:publisher\" content=\"https:\/\/www.facebook.com\/canadamotorjobs\/\" \/>\n<meta property=\"article:published_time\" content=\"2025-01-17T21:46:27+00:00\" \/>\n<meta property=\"article:modified_time\" content=\"2025-01-17T22:28:47+00:00\" \/>\n<meta property=\"og:image\" content=\"https:\/\/news.canadamotorjobs.com\/wp-content\/uploads\/2025\/01\/VeloElec-Ford-Mustang-2025LG-4.jpg\" \/>\n\t<meta property=\"og:image:width\" content=\"1024\" \/>\n\t<meta property=\"og:image:height\" content=\"683\" \/>\n\t<meta property=\"og:image:type\" content=\"image\/jpeg\" \/>\n<meta name=\"author\" content=\"Benoit Charette\" \/>\n<meta name=\"twitter:card\" content=\"summary_large_image\" \/>\n<meta name=\"twitter:creator\" content=\"@canadamotorjobs\" \/>\n<meta name=\"twitter:site\" content=\"@canadamotorjobs\" \/>\n<meta name=\"twitter:label1\" content=\"\u00c9crit par\" \/>\n\t<meta name=\"twitter:data1\" content=\"Benoit Charette\" \/>\n\t<meta name=\"twitter:label2\" content=\"Estimation du temps de lecture\" \/>\n\t<meta name=\"twitter:data2\" content=\"4 minutes\" \/>\n<!-- \/ Yoast SEO plugin. -->","yoast_head_json":{"title":"Salon de Montr\u00e9al 2025\u00a0: Deux Ford Mustang aux antipodes - CanadaMotorJobs.com","description":"Salon de Montr\u00e9al 2025\u00a0: Deux Ford Mustang aux antipodes - Benoit Charette - Annuel automobile - CanadaMotorJobs.com.","robots":{"index":"index","follow":"follow","max-snippet":"max-snippet:-1","max-image-preview":"max-image-preview:large","max-video-preview":"max-video-preview:-1"},"og_locale":"fr_CA","og_type":"article","og_title":"Salon de Montr\u00e9al 2025\u00a0: Deux Ford Mustang aux antipodes - CanadaMotorJobs.com","og_description":"Salon de Montr\u00e9al 2025\u00a0: Deux Ford Mustang aux antipodes - Benoit Charette - Annuel automobile - CanadaMotorJobs.com.","og_url":"https:\/\/news.canadamotorjobs.com\/fr\/salon-de-montreal-2025-deux-ford-mustang-aux-antipodes\/","og_site_name":"CanadaMotorJobs.com","article_publisher":"https:\/\/www.facebook.com\/canadamotorjobs\/","article_published_time":"2025-01-17T21:46:27+00:00","article_modified_time":"2025-01-17T22:28:47+00:00","og_image":[{"width":1024,"height":683,"url":"https:\/\/news.canadamotorjobs.com\/wp-content\/uploads\/2025\/01\/VeloElec-Ford-Mustang-2025LG-4.jpg","type":"image\/jpeg"}],"author":"Benoit Charette","twitter_card":"summary_large_image","twitter_creator":"@canadamotorjobs","twitter_site":"@canadamotorjobs","twitter_misc":{"\u00c9crit par":"Benoit Charette","Estimation du temps de lecture":"4 minutes"},"schema":{"@context":"https:\/\/schema.org","@graph":[{"@type":"Article","@id":"https:\/\/news.canadamotorjobs.com\/fr\/salon-de-montreal-2025-deux-ford-mustang-aux-antipodes\/#article","isPartOf":{"@id":"https:\/\/news.canadamotorjobs.com\/fr\/salon-de-montreal-2025-deux-ford-mustang-aux-antipodes\/"},"author":{"name":"Benoit Charette","@id":"https:\/\/news.canadamotorjobs.com\/#\/schema\/person\/51793d1f87d44011d7bcc2ed99269a90"},"headline":"Salon de Montr\u00e9al 2025\u00a0: Deux Ford Mustang aux antipodes","datePublished":"2025-01-17T21:46:27+00:00","dateModified":"2025-01-17T22:28:47+00:00","mainEntityOfPage":{"@id":"https:\/\/news.canadamotorjobs.com\/fr\/salon-de-montreal-2025-deux-ford-mustang-aux-antipodes\/"},"wordCount":895,"publisher":{"@id":"https:\/\/news.canadamotorjobs.com\/#organization"},"image":{"@id":"https:\/\/news.canadamotorjobs.com\/fr\/salon-de-montreal-2025-deux-ford-mustang-aux-antipodes\/#primaryimage"},"thumbnailUrl":"https:\/\/news.canadamotorjobs.com\/wp-content\/uploads\/2025\/01\/VeloElec-Ford-Mustang-2025LG-4.jpg","articleSection":["Annuel automobile"],"inLanguage":"fr-CA"},{"@type":"WebPage","@id":"https:\/\/news.canadamotorjobs.com\/fr\/salon-de-montreal-2025-deux-ford-mustang-aux-antipodes\/","url":"https:\/\/news.canadamotorjobs.com\/fr\/salon-de-montreal-2025-deux-ford-mustang-aux-antipodes\/","name":"Salon de Montr\u00e9al 2025\u00a0: Deux Ford Mustang aux antipodes - CanadaMotorJobs.com","isPartOf":{"@id":"https:\/\/news.canadamotorjobs.com\/#website"},"primaryImageOfPage":{"@id":"https:\/\/news.canadamotorjobs.com\/fr\/salon-de-montreal-2025-deux-ford-mustang-aux-antipodes\/#primaryimage"},"image":{"@id":"https:\/\/news.canadamotorjobs.com\/fr\/salon-de-montreal-2025-deux-ford-mustang-aux-antipodes\/#primaryimage"},"thumbnailUrl":"https:\/\/news.canadamotorjobs.com\/wp-content\/uploads\/2025\/01\/VeloElec-Ford-Mustang-2025LG-4.jpg","datePublished":"2025-01-17T21:46:27+00:00","dateModified":"2025-01-17T22:28:47+00:00","description":"Salon de Montr\u00e9al 2025\u00a0: Deux Ford Mustang aux antipodes - Benoit Charette - Annuel automobile - CanadaMotorJobs.com.","breadcrumb":{"@id":"https:\/\/news.canadamotorjobs.com\/fr\/salon-de-montreal-2025-deux-ford-mustang-aux-antipodes\/#breadcrumb"},"inLanguage":"fr-CA","potentialAction":[{"@type":"ReadAction","target":["https:\/\/news.canadamotorjobs.com\/fr\/salon-de-montreal-2025-deux-ford-mustang-aux-antipodes\/"]}]},{"@type":"ImageObject","inLanguage":"fr-CA","@id":"https:\/\/news.canadamotorjobs.com\/fr\/salon-de-montreal-2025-deux-ford-mustang-aux-antipodes\/#primaryimage","url":"https:\/\/news.canadamotorjobs.com\/wp-content\/uploads\/2025\/01\/VeloElec-Ford-Mustang-2025LG-4.jpg","contentUrl":"https:\/\/news.canadamotorjobs.com\/wp-content\/uploads\/2025\/01\/VeloElec-Ford-Mustang-2025LG-4.jpg","width":1024,"height":683},{"@type":"BreadcrumbList","@id":"https:\/\/news.canadamotorjobs.com\/fr\/salon-de-montreal-2025-deux-ford-mustang-aux-antipodes\/#breadcrumb","itemListElement":[{"@type":"ListItem","position":1,"name":"Home","item":"https:\/\/news.canadamotorjobs.com\/fr\/blog\/"},{"@type":"ListItem","position":2,"name":"Salon de Montr\u00e9al 2025\u00a0: Deux Ford Mustang aux antipodes"}]},{"@type":"WebSite","@id":"https:\/\/news.canadamotorjobs.com\/#website","url":"https:\/\/news.canadamotorjobs.com\/","name":"CanadaMotorJobs.com","description":"Automotive Jobs","publisher":{"@id":"https:\/\/news.canadamotorjobs.com\/#organization"},"potentialAction":[{"@type":"SearchAction","target":{"@type":"EntryPoint","urlTemplate":"https:\/\/news.canadamotorjobs.com\/?s={search_term_string}"},"query-input":"required name=search_term_string"}],"inLanguage":"fr-CA"},{"@type":"Organization","@id":"https:\/\/news.canadamotorjobs.com\/#organization","name":"Canada Motor Jobs","url":"https:\/\/news.canadamotorjobs.com\/","logo":{"@type":"ImageObject","inLanguage":"fr-CA","@id":"https:\/\/news.canadamotorjobs.com\/#\/schema\/logo\/image\/","url":"https:\/\/news.canadamotorjobs.com\/wp-content\/uploads\/2022\/10\/logo-canada-motor-jobs-1.png","contentUrl":"https:\/\/news.canadamotorjobs.com\/wp-content\/uploads\/2022\/10\/logo-canada-motor-jobs-1.png","width":800,"height":400,"caption":"Canada Motor Jobs"},"image":{"@id":"https:\/\/news.canadamotorjobs.com\/#\/schema\/logo\/image\/"},"sameAs":["https:\/\/www.facebook.com\/canadamotorjobs\/","https:\/\/x.com\/canadamotorjobs","https:\/\/www.instagram.com\/canadamotorjobs\/","https:\/\/www.linkedin.com\/company\/canadamotorjobs"]},{"@type":"Person","@id":"https:\/\/news.canadamotorjobs.com\/#\/schema\/person\/51793d1f87d44011d7bcc2ed99269a90","name":"Benoit Charette","image":{"@type":"ImageObject","inLanguage":"fr-CA","@id":"https:\/\/news.canadamotorjobs.com\/#\/schema\/person\/image\/","url":"https:\/\/secure.gravatar.com\/avatar\/45f3d2eebcccd909668d7ce7ea7267b6?s=96&d=mm&r=g","contentUrl":"https:\/\/secure.gravatar.com\/avatar\/45f3d2eebcccd909668d7ce7ea7267b6?s=96&d=mm&r=g","caption":"Benoit Charette"},"description":"Benoit Charette \/ Propri\u00e9taire et r\u00e9dacteur en chef Benoit Charette pratique le journalisme automobile depuis bient\u00f4t 30 ans. Il a fait ses classes au c\u00f4t\u00e9 de Daniel H\u00e9raud et au Carnet de route de 1992 \u00e0 2001. Il est fondateur, copropri\u00e9taire et r\u00e9dacteur en chef de L\u2019Annuel de l\u2019automobile, qu\u2019il publie depuis 2001. Il a anim\u00e9 les \u00e9missions RPM et RPM+ sur V et les L\u00e9gendes de la route sur Historia. \u00c0 la radio depuis 1986, il reprend l\u2019antenne cette ann\u00e9e sur les ondes de Cogeco et participe pour la deuxi\u00e8me ann\u00e9e \u00e0 l\u2019\u00e9mission Passion Auto sur RDS en plus de mettre en ligne le site Web officiel de L\u2019Annuel de l\u2019automobile sur annuelauto.ca.","sameAs":["https:\/\/annuelauto.ca\/"],"url":"https:\/\/news.canadamotorjobs.com\/fr\/author\/benoit-charette\/"}]}},"_links":{"self":[{"href":"https:\/\/news.canadamotorjobs.com\/fr\/wp-json\/wp\/v2\/posts\/189627"}],"collection":[{"href":"https:\/\/news.canadamotorjobs.com\/fr\/wp-json\/wp\/v2\/posts"}],"about":[{"href":"https:\/\/news.canadamotorjobs.com\/fr\/wp-json\/wp\/v2\/types\/post"}],"author":[{"embeddable":true,"href":"https:\/\/news.canadamotorjobs.com\/fr\/wp-json\/wp\/v2\/users\/8"}],"replies":[{"embeddable":true,"href":"https:\/\/news.canadamotorjobs.com\/fr\/wp-json\/wp\/v2\/comments?post=189627"}],"version-history":[{"count":2,"href":"https:\/\/news.canadamotorjobs.com\/fr\/wp-json\/wp\/v2\/posts\/189627\/revisions"}],"predecessor-version":[{"id":189631,"href":"https:\/\/news.canadamotorjobs.com\/fr\/wp-json\/wp\/v2\/posts\/189627\/revisions\/189631"}],"wp:featuredmedia":[{"embeddable":true,"href":"https:\/\/news.canadamotorjobs.com\/fr\/wp-json\/wp\/v2\/media\/189629"}],"wp:attachment":[{"href":"https:\/\/news.canadamotorjobs.com\/fr\/wp-json\/wp\/v2\/media?parent=189627"}],"wp:term":[{"taxonomy":"category","embeddable":true,"href":"https:\/\/news.canadamotorjobs.com\/fr\/wp-json\/wp\/v2\/categories?post=189627"},{"taxonomy":"post_tag","embeddable":true,"href":"https:\/\/news.canadamotorjobs.com\/fr\/wp-json\/wp\/v2\/tags?post=189627"}],"curies":[{"name":"wp","href":"https:\/\/api.w.org\/{rel}","templated":true}]}}