{"id":189587,"date":"2025-01-17T14:24:28","date_gmt":"2025-01-17T19:24:28","guid":{"rendered":"https:\/\/news.canadamotorjobs.com\/?p=189587"},"modified":"2025-01-17T14:29:54","modified_gmt":"2025-01-17T19:29:54","slug":"montreal-2025-premiere-canadienne-pour-le-hyundai-ioniq-9-2026","status":"publish","type":"post","link":"https:\/\/news.canadamotorjobs.com\/fr\/montreal-2025-premiere-canadienne-pour-le-hyundai-ioniq-9-2026\/","title":{"rendered":"Montr\u00e9al 2025 : premi\u00e8re canadienne pour le Hyundai Ioniq 9 2026"},"content":{"rendered":"<\/p>\n<p>Montr\u00e9al, Qu\u00e9bec \u2014 Le choix de Montr\u00e9al pour la premi\u00e8re canadienne du Hyundai Ioniq 9 2026 n\u2019a certainement pas \u00e9t\u00e9 une surprise. Une grande partie des ventes \u00e9lectriques de Hyundai Canada proviennent du Qu\u00e9bec. L\u2019endroit logique pour lancer le Ioniq 9 \u2014 essentiellement une version tout \u00e9lectrique et modernis\u00e9e du Palisade \u2014 se trouvait donc ici m\u00eame, dans la plus grande m\u00e9tropole de la province.<\/p>\n<p>Pr\u00e9vu pour un lancement commercial au printemps, l\u2019Ioniq 9 repr\u00e9sente pour Hyundai \u00ab une nouvelle \u00e9tape dans notre transition vers un avenir \u00e9lectrifi\u00e9 \u00bb, a d\u00e9clar\u00e9 Steve Flamand, directeur g\u00e9n\u00e9ral des ventes et de la strat\u00e9gie num\u00e9rique pour la division canadienne du constructeur cor\u00e9en.<\/p>\n<p><\/p>\n<figure><img decoding=\"async\" src=\"https:\/\/news.canadamotorjobs.com\/wp-content\/uploads\/2025\/01\/DSCF5433-5.jpg\" alt=\"Le Hyundai Ioniq 9 2026\" \/><figcaption>Le Hyundai Ioniq 9 2026 | Auto123.com<\/figcaption><\/figure>\n<h2>Design du Hyundai Ioniq 9 2026<\/h2>\n<p>Les dimensions du Ioniq 9 sont similaires \u00e0 celles de son proche cousin chez Kia, l\u2019EV9. Malgr\u00e9 le vaste espace int\u00e9rieur qu\u2019il offre, le mod\u00e8le affiche des dimensions raisonnables, vu de l\u2019ext\u00e9rieur. L\u2019empattement de 3130 mm y est pour quelque chose, alors que \u00e7a permet de maximiser l\u2019espace int\u00e9rieur sans faire du v\u00e9hicule un monstre st\u00e9ro\u00efdien.<\/p>\n<p>Sans surprise, on retrouve des motifs pixelis\u00e9s pour les phares et feux, deux \u00e0 trois fois plus que sur d\u2019autres nouveaux mod\u00e8les r\u00e9cents de Hyundai. L\u2019Ioniq 9 va se distinguer sur la route, surtout la nuit tomb\u00e9e. Autour de cet \u00e9clairage, les contours du v\u00e9hicule sont plus arrondis que ceux de l\u2019EV9 et l\u2019effet global fait moins char d\u2019assaut que le nouveau Santa Fe.<\/p>\n<p>Les jantes de 19 pouces sont de s\u00e9rie, avec des options pour des jantes de 20 ou de 21 pouces. La variante haut de gamme Calligraphy est \u00e9quip\u00e9e de s\u00e9rie des jantes les plus grandes.<\/p>\n<p><\/p>\n<figure><img decoding=\"async\" src=\"https:\/\/news.canadamotorjobs.com\/wp-content\/uploads\/2025\/01\/hyundai_ioniq_9_calligraphy_81-1.jpeg\" alt=\"Le Hyundai Ioniq 9 2026, int\u00e9rieur\" \/><figcaption>Le Hyundai Ioniq 9 2026, int\u00e9rieur | Auto123.com<\/figcaption><\/figure>\n<figure><img decoding=\"async\" src=\"https:\/\/news.canadamotorjobs.com\/wp-content\/uploads\/2025\/01\/hyundai_ioniq_9_calligraphy_44-1.jpeg\" alt=\"Le Hyundai Ioniq 9 2026, si\u00e8ges de deuxi\u00e8me rang\u00e9e\" \/><figcaption>Le Hyundai Ioniq 9 2026, si\u00e8ges de deuxi\u00e8me rang\u00e9e | Auto123.com<\/figcaption><\/figure>\n<p>\u00c0 l\u2019int\u00e9rieur, il y a suffisamment d\u2019espace pour la famille et les animaux de compagnie. Difficile, en plus, de ne pas remarquer le grand \u00e9cran incurv\u00e9 qui regroupe les donn\u00e9es relatives \u00e0 la conduite, ainsi que le syst\u00e8me multim\u00e9dia.<\/p>\n<p>Le volume du coffre est aussi g\u00e9n\u00e9reux que l\u2019on peut s\u2019y attendre et le souhaiter pour un v\u00e9hicule familial. Le volume de chargement est de 620 litres avec les si\u00e8ges en place et de 1323 litres avec la troisi\u00e8me rang\u00e9e rabattue. Il vous en faut plus ? Avec le mod\u00e8le \u00e0 propulsion, vous disposez de 88 litres suppl\u00e9mentaires dans le coffre sous le capot ; avec la variante \u00e0 quatre roues motrices, ce volume tombe \u00e0 52 litres.<\/p>\n<p><\/p>\n<figure><img decoding=\"async\" src=\"https:\/\/news.canadamotorjobs.com\/wp-content\/uploads\/2025\/01\/PXL_20250116_155508039-1.jpg\" alt=\"Le Hyundai Ioniq 9 2026, calandre, roue\" \/><figcaption>Le Hyundai Ioniq 9 2026, calandre, roue | Auto123.com<\/figcaption><\/figure>\n<h2>Motorisation du Hyundai Ioniq 9 2026<\/h2>\n<p>Hyundai propose trois configurations du Ioniq 9. Le mod\u00e8le \u00e0 propulsion est \u00e9quip\u00e9 d\u2019un moteur de 160 kW ; la version \u00e0 traction int\u00e9grale est pourvue d\u2019un moteur arri\u00e8re de 160 kW et d\u2019un moteur avant de 70 kW ; quant \u00e0 la variante Performance, elle est dot\u00e9e de moteurs de 160 kW \u00e0 l\u2019avant et \u00e0 l\u2019arri\u00e8re.<\/p>\n<p>Hyundai a parl\u00e9 aujourd\u2019hui d\u2019une autonomie maximale de \u00ab plus de 500 km \u00bb pour toutes les versions ; logiquement, le mod\u00e8le \u00e0 propulsion avec des roues de 19 pouces offrira la plus grande autonomie, mais nous n\u2019avons pas encore de chiffres exacts. \u00c0 noter que Hyundai pr\u00e9cise que l\u2019Ioniq 9 sera \u00e9quip\u00e9 de s\u00e9rie d\u2019un port de charge NACS (North American Charging Stadard) pour la recharge sur le r\u00e9seau Tesla.<\/p>\n<p>Hyundai a \u00e9galement communiqu\u00e9 les chiffres de puissance du mod\u00e8le : 422 chevaux et 516 lb-pi de couple pour la variante Performance. Le mod\u00e8le \u00e0 propulsion offre 215 chevaux, le mod\u00e8le \u00e0 traction int\u00e9grale 303.<\/p>\n<h2>Prix canadien du Hyundai Ioniq 9 2026<\/h2>\n<p>Ce ne sont pas tous les chiffres qui ont \u00e9t\u00e9 divulgu\u00e9s aujourd\u2019hui. Nous nous attendons \u00e0 ce que les prix du Ioniq 9 soient annonc\u00e9s dans les prochaines semaines, compte tenu de son arriv\u00e9e au printemps chez les concessionnaires. Si l\u2019on se fie \u00e0 ce que fait Kia avec son EV9, on peut s\u2019attendre \u00e0 un prix de base avoisinant les 60 000 $ au Canada.<\/p>\n<p><\/p>\n<p style=\"padding-top: 15px\">Contenu original de <a href=\"https:\/\/www.auto123.com\/fr\/actualites\/hyundai-ioniq-9-2026-premiere-canadienne\/72293\/\">auto123<\/a>.<\/p>\n<p>Le texte <a rel=\"nofollow\" href=\"https:\/\/annuelauto.ca\/montreal-2025-premiere-canadienne-pour-le-hyundai-ioniq-9-2026\/\">Montr\u00e9al 2025 : premi\u00e8re canadienne pour le Hyundai Ioniq 9 2026<\/a> provient de <a rel=\"nofollow\" href=\"https:\/\/annuelauto.ca\">L&#8217;annuel de l&#8217;automobile &#8211; Actualit\u00e9 automobile<\/a><\/p>\n<p><\/p>\n","protected":false},"excerpt":{"rendered":"<p>Montr\u00e9al, Qu\u00e9bec \u2014 Le choix de Montr\u00e9al pour la premi\u00e8re canadienne du Hyundai Ioniq 9 2026 n\u2019a certainement pas \u00e9t\u00e9 une surprise. Une grande partie des ventes \u00e9lectriques de Hyundai Canada proviennent du Qu\u00e9bec. L\u2019endroit logique pour lancer le Ioniq 9 \u2014 essentiellement une version tout \u00e9lectrique et modernis\u00e9e du Palisade \u2014 se trouvait donc [&hellip;]<\/p>\n","protected":false},"author":8,"featured_media":189589,"comment_status":"close","ping_status":"closed","sticky":false,"template":"","format":"standard","meta":{"_monsterinsights_skip_tracking":false,"_monsterinsights_sitenote_active":false,"_monsterinsights_sitenote_note":"","_monsterinsights_sitenote_category":0,"footnotes":""},"categories":[101],"tags":[],"yoast_head":"<!-- This site is optimized with the Yoast SEO plugin v23.2 - https:\/\/yoast.com\/wordpress\/plugins\/seo\/ -->\n<title>Montr\u00e9al 2025 : premi\u00e8re canadienne pour le Hyundai Ioniq 9 2026 - CanadaMotorJobs.com<\/title>\n<meta name=\"description\" content=\"Montr\u00e9al 2025 : premi\u00e8re canadienne pour le Hyundai Ioniq 9 2026 - Benoit Charette - Annuel automobile - CanadaMotorJobs.com.\" \/>\n<meta name=\"robots\" content=\"index, follow, max-snippet:-1, max-image-preview:large, max-video-preview:-1\" \/>\n<meta property=\"og:locale\" content=\"fr_CA\" \/>\n<meta property=\"og:type\" content=\"article\" \/>\n<meta property=\"og:title\" content=\"Montr\u00e9al 2025 : premi\u00e8re canadienne pour le Hyundai Ioniq 9 2026 - CanadaMotorJobs.com\" \/>\n<meta property=\"og:description\" content=\"Montr\u00e9al 2025 : premi\u00e8re canadienne pour le Hyundai Ioniq 9 2026 - Benoit Charette - Annuel automobile - CanadaMotorJobs.com.\" \/>\n<meta property=\"og:url\" content=\"https:\/\/news.canadamotorjobs.com\/fr\/montreal-2025-premiere-canadienne-pour-le-hyundai-ioniq-9-2026\/\" \/>\n<meta property=\"og:site_name\" content=\"CanadaMotorJobs.com\" \/>\n<meta property=\"article:publisher\" content=\"https:\/\/www.facebook.com\/canadamotorjobs\/\" \/>\n<meta property=\"article:published_time\" content=\"2025-01-17T19:24:28+00:00\" \/>\n<meta property=\"article:modified_time\" content=\"2025-01-17T19:29:54+00:00\" \/>\n<meta property=\"og:image\" content=\"https:\/\/news.canadamotorjobs.com\/wp-content\/uploads\/2025\/01\/DSCF5433.jpg\" \/>\n\t<meta property=\"og:image:width\" content=\"1200\" \/>\n\t<meta property=\"og:image:height\" content=\"800\" \/>\n\t<meta property=\"og:image:type\" content=\"image\/jpeg\" \/>\n<meta name=\"author\" content=\"Benoit Charette\" \/>\n<meta name=\"twitter:card\" content=\"summary_large_image\" \/>\n<meta name=\"twitter:creator\" content=\"@canadamotorjobs\" \/>\n<meta name=\"twitter:site\" content=\"@canadamotorjobs\" \/>\n<meta name=\"twitter:label1\" content=\"\u00c9crit par\" \/>\n\t<meta name=\"twitter:data1\" content=\"Benoit Charette\" \/>\n\t<meta name=\"twitter:label2\" content=\"Estimation du temps de lecture\" \/>\n\t<meta name=\"twitter:data2\" content=\"4 minutes\" \/>\n<!-- \/ Yoast SEO plugin. -->","yoast_head_json":{"title":"Montr\u00e9al 2025 : premi\u00e8re canadienne pour le Hyundai Ioniq 9 2026 - CanadaMotorJobs.com","description":"Montr\u00e9al 2025 : premi\u00e8re canadienne pour le Hyundai Ioniq 9 2026 - Benoit Charette - Annuel automobile - CanadaMotorJobs.com.","robots":{"index":"index","follow":"follow","max-snippet":"max-snippet:-1","max-image-preview":"max-image-preview:large","max-video-preview":"max-video-preview:-1"},"og_locale":"fr_CA","og_type":"article","og_title":"Montr\u00e9al 2025 : premi\u00e8re canadienne pour le Hyundai Ioniq 9 2026 - CanadaMotorJobs.com","og_description":"Montr\u00e9al 2025 : premi\u00e8re canadienne pour le Hyundai Ioniq 9 2026 - Benoit Charette - Annuel automobile - CanadaMotorJobs.com.","og_url":"https:\/\/news.canadamotorjobs.com\/fr\/montreal-2025-premiere-canadienne-pour-le-hyundai-ioniq-9-2026\/","og_site_name":"CanadaMotorJobs.com","article_publisher":"https:\/\/www.facebook.com\/canadamotorjobs\/","article_published_time":"2025-01-17T19:24:28+00:00","article_modified_time":"2025-01-17T19:29:54+00:00","og_image":[{"width":1200,"height":800,"url":"https:\/\/news.canadamotorjobs.com\/wp-content\/uploads\/2025\/01\/DSCF5433.jpg","type":"image\/jpeg"}],"author":"Benoit Charette","twitter_card":"summary_large_image","twitter_creator":"@canadamotorjobs","twitter_site":"@canadamotorjobs","twitter_misc":{"\u00c9crit par":"Benoit Charette","Estimation du temps de lecture":"4 minutes"},"schema":{"@context":"https:\/\/schema.org","@graph":[{"@type":"Article","@id":"https:\/\/news.canadamotorjobs.com\/fr\/montreal-2025-premiere-canadienne-pour-le-hyundai-ioniq-9-2026\/#article","isPartOf":{"@id":"https:\/\/news.canadamotorjobs.com\/fr\/montreal-2025-premiere-canadienne-pour-le-hyundai-ioniq-9-2026\/"},"author":{"name":"Benoit Charette","@id":"https:\/\/news.canadamotorjobs.com\/#\/schema\/person\/51793d1f87d44011d7bcc2ed99269a90"},"headline":"Montr\u00e9al 2025 : premi\u00e8re canadienne pour le Hyundai Ioniq 9 2026","datePublished":"2025-01-17T19:24:28+00:00","dateModified":"2025-01-17T19:29:54+00:00","mainEntityOfPage":{"@id":"https:\/\/news.canadamotorjobs.com\/fr\/montreal-2025-premiere-canadienne-pour-le-hyundai-ioniq-9-2026\/"},"wordCount":716,"publisher":{"@id":"https:\/\/news.canadamotorjobs.com\/#organization"},"image":{"@id":"https:\/\/news.canadamotorjobs.com\/fr\/montreal-2025-premiere-canadienne-pour-le-hyundai-ioniq-9-2026\/#primaryimage"},"thumbnailUrl":"https:\/\/news.canadamotorjobs.com\/wp-content\/uploads\/2025\/01\/DSCF5433.jpg","articleSection":["Annuel automobile"],"inLanguage":"fr-CA"},{"@type":"WebPage","@id":"https:\/\/news.canadamotorjobs.com\/fr\/montreal-2025-premiere-canadienne-pour-le-hyundai-ioniq-9-2026\/","url":"https:\/\/news.canadamotorjobs.com\/fr\/montreal-2025-premiere-canadienne-pour-le-hyundai-ioniq-9-2026\/","name":"Montr\u00e9al 2025 : premi\u00e8re canadienne pour le Hyundai Ioniq 9 2026 - CanadaMotorJobs.com","isPartOf":{"@id":"https:\/\/news.canadamotorjobs.com\/#website"},"primaryImageOfPage":{"@id":"https:\/\/news.canadamotorjobs.com\/fr\/montreal-2025-premiere-canadienne-pour-le-hyundai-ioniq-9-2026\/#primaryimage"},"image":{"@id":"https:\/\/news.canadamotorjobs.com\/fr\/montreal-2025-premiere-canadienne-pour-le-hyundai-ioniq-9-2026\/#primaryimage"},"thumbnailUrl":"https:\/\/news.canadamotorjobs.com\/wp-content\/uploads\/2025\/01\/DSCF5433.jpg","datePublished":"2025-01-17T19:24:28+00:00","dateModified":"2025-01-17T19:29:54+00:00","description":"Montr\u00e9al 2025 : premi\u00e8re canadienne pour le Hyundai Ioniq 9 2026 - Benoit Charette - Annuel automobile - CanadaMotorJobs.com.","breadcrumb":{"@id":"https:\/\/news.canadamotorjobs.com\/fr\/montreal-2025-premiere-canadienne-pour-le-hyundai-ioniq-9-2026\/#breadcrumb"},"inLanguage":"fr-CA","potentialAction":[{"@type":"ReadAction","target":["https:\/\/news.canadamotorjobs.com\/fr\/montreal-2025-premiere-canadienne-pour-le-hyundai-ioniq-9-2026\/"]}]},{"@type":"ImageObject","inLanguage":"fr-CA","@id":"https:\/\/news.canadamotorjobs.com\/fr\/montreal-2025-premiere-canadienne-pour-le-hyundai-ioniq-9-2026\/#primaryimage","url":"https:\/\/news.canadamotorjobs.com\/wp-content\/uploads\/2025\/01\/DSCF5433.jpg","contentUrl":"https:\/\/news.canadamotorjobs.com\/wp-content\/uploads\/2025\/01\/DSCF5433.jpg","width":1200,"height":800},{"@type":"BreadcrumbList","@id":"https:\/\/news.canadamotorjobs.com\/fr\/montreal-2025-premiere-canadienne-pour-le-hyundai-ioniq-9-2026\/#breadcrumb","itemListElement":[{"@type":"ListItem","position":1,"name":"Home","item":"https:\/\/news.canadamotorjobs.com\/fr\/blog\/"},{"@type":"ListItem","position":2,"name":"Montr\u00e9al 2025 : premi\u00e8re canadienne pour le Hyundai Ioniq 9 2026"}]},{"@type":"WebSite","@id":"https:\/\/news.canadamotorjobs.com\/#website","url":"https:\/\/news.canadamotorjobs.com\/","name":"CanadaMotorJobs.com","description":"Automotive Jobs","publisher":{"@id":"https:\/\/news.canadamotorjobs.com\/#organization"},"potentialAction":[{"@type":"SearchAction","target":{"@type":"EntryPoint","urlTemplate":"https:\/\/news.canadamotorjobs.com\/?s={search_term_string}"},"query-input":"required name=search_term_string"}],"inLanguage":"fr-CA"},{"@type":"Organization","@id":"https:\/\/news.canadamotorjobs.com\/#organization","name":"Canada Motor Jobs","url":"https:\/\/news.canadamotorjobs.com\/","logo":{"@type":"ImageObject","inLanguage":"fr-CA","@id":"https:\/\/news.canadamotorjobs.com\/#\/schema\/logo\/image\/","url":"https:\/\/news.canadamotorjobs.com\/wp-content\/uploads\/2022\/10\/logo-canada-motor-jobs-1.png","contentUrl":"https:\/\/news.canadamotorjobs.com\/wp-content\/uploads\/2022\/10\/logo-canada-motor-jobs-1.png","width":800,"height":400,"caption":"Canada Motor Jobs"},"image":{"@id":"https:\/\/news.canadamotorjobs.com\/#\/schema\/logo\/image\/"},"sameAs":["https:\/\/www.facebook.com\/canadamotorjobs\/","https:\/\/x.com\/canadamotorjobs","https:\/\/www.instagram.com\/canadamotorjobs\/","https:\/\/www.linkedin.com\/company\/canadamotorjobs"]},{"@type":"Person","@id":"https:\/\/news.canadamotorjobs.com\/#\/schema\/person\/51793d1f87d44011d7bcc2ed99269a90","name":"Benoit Charette","image":{"@type":"ImageObject","inLanguage":"fr-CA","@id":"https:\/\/news.canadamotorjobs.com\/#\/schema\/person\/image\/","url":"https:\/\/secure.gravatar.com\/avatar\/45f3d2eebcccd909668d7ce7ea7267b6?s=96&d=mm&r=g","contentUrl":"https:\/\/secure.gravatar.com\/avatar\/45f3d2eebcccd909668d7ce7ea7267b6?s=96&d=mm&r=g","caption":"Benoit Charette"},"description":"Benoit Charette \/ Propri\u00e9taire et r\u00e9dacteur en chef Benoit Charette pratique le journalisme automobile depuis bient\u00f4t 30 ans. Il a fait ses classes au c\u00f4t\u00e9 de Daniel H\u00e9raud et au Carnet de route de 1992 \u00e0 2001. Il est fondateur, copropri\u00e9taire et r\u00e9dacteur en chef de L\u2019Annuel de l\u2019automobile, qu\u2019il publie depuis 2001. Il a anim\u00e9 les \u00e9missions RPM et RPM+ sur V et les L\u00e9gendes de la route sur Historia. \u00c0 la radio depuis 1986, il reprend l\u2019antenne cette ann\u00e9e sur les ondes de Cogeco et participe pour la deuxi\u00e8me ann\u00e9e \u00e0 l\u2019\u00e9mission Passion Auto sur RDS en plus de mettre en ligne le site Web officiel de L\u2019Annuel de l\u2019automobile sur annuelauto.ca.","sameAs":["https:\/\/annuelauto.ca\/"],"url":"https:\/\/news.canadamotorjobs.com\/fr\/author\/benoit-charette\/"}]}},"_links":{"self":[{"href":"https:\/\/news.canadamotorjobs.com\/fr\/wp-json\/wp\/v2\/posts\/189587"}],"collection":[{"href":"https:\/\/news.canadamotorjobs.com\/fr\/wp-json\/wp\/v2\/posts"}],"about":[{"href":"https:\/\/news.canadamotorjobs.com\/fr\/wp-json\/wp\/v2\/types\/post"}],"author":[{"embeddable":true,"href":"https:\/\/news.canadamotorjobs.com\/fr\/wp-json\/wp\/v2\/users\/8"}],"replies":[{"embeddable":true,"href":"https:\/\/news.canadamotorjobs.com\/fr\/wp-json\/wp\/v2\/comments?post=189587"}],"version-history":[{"count":3,"href":"https:\/\/news.canadamotorjobs.com\/fr\/wp-json\/wp\/v2\/posts\/189587\/revisions"}],"predecessor-version":[{"id":189626,"href":"https:\/\/news.canadamotorjobs.com\/fr\/wp-json\/wp\/v2\/posts\/189587\/revisions\/189626"}],"wp:featuredmedia":[{"embeddable":true,"href":"https:\/\/news.canadamotorjobs.com\/fr\/wp-json\/wp\/v2\/media\/189589"}],"wp:attachment":[{"href":"https:\/\/news.canadamotorjobs.com\/fr\/wp-json\/wp\/v2\/media?parent=189587"}],"wp:term":[{"taxonomy":"category","embeddable":true,"href":"https:\/\/news.canadamotorjobs.com\/fr\/wp-json\/wp\/v2\/categories?post=189587"},{"taxonomy":"post_tag","embeddable":true,"href":"https:\/\/news.canadamotorjobs.com\/fr\/wp-json\/wp\/v2\/tags?post=189587"}],"curies":[{"name":"wp","href":"https:\/\/api.w.org\/{rel}","templated":true}]}}