{"id":189547,"date":"2025-01-17T14:24:28","date_gmt":"2025-01-17T19:24:28","guid":{"rendered":"https:\/\/news.canadamotorjobs.com\/?p=189547"},"modified":"2025-01-17T14:29:35","modified_gmt":"2025-01-17T19:29:35","slug":"une-derniere-salve-pour-les-lexus-rc-et-rc-f-en-2025","status":"publish","type":"post","link":"https:\/\/news.canadamotorjobs.com\/fr\/une-derniere-salve-pour-les-lexus-rc-et-rc-f-en-2025\/","title":{"rendered":"Une derni\u00e8re salve pour les Lexus RC et RC F en 2025"},"content":{"rendered":"<\/p>\n<p>Lexus pr\u00e9pare les adieux de deux mod\u00e8les phares, les RC et RC F, apr\u00e8s 2025. La deuxi\u00e8me sera offerte en \u00c9dition finale, \u00e0 tirage limit\u00e9e.<\/p>\n<p>La production prendra fin en novembre 2025, marquant la fin d\u2019une \u00e8re pour ces coup\u00e9s de luxe.<\/p>\n<p><\/p>\n<figure><img decoding=\"async\" src=\"https:\/\/news.canadamotorjobs.com\/wp-content\/uploads\/2025\/01\/2025_Lexus_RCF_FinalEdition_005-5.jpg\" alt=\"Lexus RC F \u00c9dition finale 2025, avant\" \/><figcaption>Lexus RC F \u00c9dition finale 2025, avant | Auto123.com<\/figcaption><\/figure>\n<p><strong>Un mod\u00e8le exclusif<\/strong><\/p>\n<p>La RC F \u00c9dition finale se distingue par des d\u00e9tails uniques, \u00e0 l\u2019int\u00e9rieur comme \u00e0 l\u2019ext\u00e9rieur, t\u00e9moignant de l\u2019attention port\u00e9e \u00e0 cette ultime s\u00e9rie.<\/p>\n<p>Notamment, cette variante se pare de jantes BBS forg\u00e9es de 19 pouces et est chauss\u00e9e de pneus Michelin Pilot Sport 4 S. Elle ajoute une touche sportive avec des \u00e9l\u00e9ments en fibre de carbone, dont un diffuseur, des jupes lat\u00e9rales et un aileron arri\u00e8re actif et un toit.<\/p>\n<p>Au Canada, la RC F \u00c9dition finale sera uniquement propos\u00e9e avec la couleur ext\u00e9rieure Incognito.<\/p>\n<p><\/p>\n<figure><img decoding=\"async\" src=\"https:\/\/news.canadamotorjobs.com\/wp-content\/uploads\/2025\/01\/2025_Lexus_RC_FSPORT-1.jpg\" alt=\"Lexus RC F \u00c9dition finale 2025, int\u00e9rieur\" \/><figcaption>Lexus RC F \u00c9dition finale 2025, int\u00e9rieur | Auto123.com<\/figcaption><\/figure>\n<p><strong>Une ambiance int\u00e9rieure sportive<\/strong><\/p>\n<p>\u00c0 l\u2019int\u00e9rieur, l\u2019\u00c9dition finale offre un habitacle en cuir et ultrasu\u00e8de noir et rouge sur mesure, \u00e9quip\u00e9 de s\u00e9rie d\u2019un syst\u00e8me audio haut de gamme Mark Levinson et d\u2019un \u00e9cran tactile de 10,3 pouces. On retrouve sur la console avant un embl\u00e8me \u00ab Final Edition \u00bb en fibre de carbone, indiquant le num\u00e9ro de production.<\/p>\n<p>Les si\u00e8ges baquets de la RC F ajoutent une touche de dynamisme suppl\u00e9mentaire, tandis que l\u2019instrumentation accueille une s\u00e9quence d\u2019accueil personnalis\u00e9e.<\/p>\n<p><\/p>\n<figure><img decoding=\"async\" src=\"https:\/\/news.canadamotorjobs.com\/wp-content\/uploads\/2025\/01\/2025_Lexus_RCF_FinalEdition_004-1.jpg\" alt=\"Lexus RC F \u00c9dition finale 2025, roue\" \/><figcaption>Lexus RC F \u00c9dition finale 2025, roue | Auto123.com<\/figcaption><\/figure>\n<p><strong>Sous le capot : une performance inchang\u00e9e<\/strong><\/p>\n<p>Le RC F Final Edition conserve le V8 de 5,0 litres atmosph\u00e9rique offrant 467 chevaux, avec une configuration \u00e0 propulsion et un diff\u00e9rentiel \u00e0 glissement limit\u00e9.<\/p>\n<p><strong>Un h\u00e9ritage modeste, mais appr\u00e9ci\u00e9<\/strong><\/p>\n<p>Depuis son lancement en 2014, Lexus a vendu environ 79 000 unit\u00e9s de la RC dans 62 pays, tandis que la RC F, plus orient\u00e9e vers la performance, s\u2019est \u00e9coul\u00e9e \u00e0 12 000 exemplaires dans 57 pays.<\/p>\n<p><strong>Que r\u00e9serve l\u2019avenir ?<\/strong><\/p>\n<p>Lexus reste discr\u00e8te sur une \u00e9ventuelle successeure pour la RC. Cependant, des rumeurs au Japon \u00e9voquent le d\u00e9veloppement d\u2019un nouveau coup\u00e9 2 +2 qui pourrait remplacer \u00e0 la fois la RC et le coup\u00e9 LC, plus luxueux.<\/p>\n<p><strong>Une page qui se tourne<\/strong><\/p>\n<p>La fin des Lexus RC et RC F marque un tournant pour la marque. L\u2019\u00e9dition limit\u00e9e, riche en d\u00e9tails exclusifs, c\u00e9l\u00e8bre l\u2019h\u00e9ritage de ces coup\u00e9s tout en laissant une signature spectaculaire.<\/p>\n<p><\/p>\n<figure><img decoding=\"async\" src=\"https:\/\/news.canadamotorjobs.com\/wp-content\/uploads\/2025\/01\/2025_Lexus_RCF_FinalEdition_006-1.jpg\" alt=\"Lexus RC F \u00c9dition finale 2025, arri\u00e8re\" \/><figcaption>Lexus RC F \u00c9dition finale 2025, arri\u00e8re | Auto123.com<\/figcaption><\/figure>\n<p style=\"padding-top: 15px\">Contenu original de <a href=\"https:\/\/www.auto123.com\/fr\/actualites\/fin-lexus-rc-rc-f-2025\/72290\/\">auto123<\/a>.<\/p>\n<p>Le texte <a rel=\"nofollow\" href=\"https:\/\/annuelauto.ca\/une-derniere-salve-pour-les-lexus-rc-et-rc-f-en-2025\/\">Une derni\u00e8re salve pour les Lexus RC et RC F en 2025<\/a> provient de <a rel=\"nofollow\" href=\"https:\/\/annuelauto.ca\">L&#8217;annuel de l&#8217;automobile &#8211; Actualit\u00e9 automobile<\/a><\/p>\n<p><\/p>\n","protected":false},"excerpt":{"rendered":"<p>Lexus pr\u00e9pare les adieux de deux mod\u00e8les phares, les RC et RC F, apr\u00e8s 2025. La deuxi\u00e8me sera offerte en \u00c9dition finale, \u00e0 tirage limit\u00e9e. La production prendra fin en novembre 2025, marquant la fin d\u2019une \u00e8re pour ces coup\u00e9s de luxe. Lexus RC F \u00c9dition finale 2025, avant | Auto123.com Un mod\u00e8le exclusif La [&hellip;]<\/p>\n","protected":false},"author":8,"featured_media":189549,"comment_status":"close","ping_status":"closed","sticky":false,"template":"","format":"standard","meta":{"_monsterinsights_skip_tracking":false,"_monsterinsights_sitenote_active":false,"_monsterinsights_sitenote_note":"","_monsterinsights_sitenote_category":0,"footnotes":""},"categories":[101],"tags":[],"yoast_head":"<!-- This site is optimized with the Yoast SEO plugin v23.2 - https:\/\/yoast.com\/wordpress\/plugins\/seo\/ -->\n<title>Une derni\u00e8re salve pour les Lexus RC et RC F en 2025 - CanadaMotorJobs.com<\/title>\n<meta name=\"description\" content=\"Une derni\u00e8re salve pour les Lexus RC et RC F en 2025 - Benoit Charette - Annuel automobile - CanadaMotorJobs.com.\" \/>\n<meta name=\"robots\" content=\"index, follow, max-snippet:-1, max-image-preview:large, max-video-preview:-1\" \/>\n<meta property=\"og:locale\" content=\"fr_CA\" \/>\n<meta property=\"og:type\" content=\"article\" \/>\n<meta property=\"og:title\" content=\"Une derni\u00e8re salve pour les Lexus RC et RC F en 2025 - CanadaMotorJobs.com\" \/>\n<meta property=\"og:description\" content=\"Une derni\u00e8re salve pour les Lexus RC et RC F en 2025 - Benoit Charette - Annuel automobile - CanadaMotorJobs.com.\" \/>\n<meta property=\"og:url\" content=\"https:\/\/news.canadamotorjobs.com\/fr\/une-derniere-salve-pour-les-lexus-rc-et-rc-f-en-2025\/\" \/>\n<meta property=\"og:site_name\" content=\"CanadaMotorJobs.com\" \/>\n<meta property=\"article:publisher\" content=\"https:\/\/www.facebook.com\/canadamotorjobs\/\" \/>\n<meta property=\"article:published_time\" content=\"2025-01-17T19:24:28+00:00\" \/>\n<meta property=\"article:modified_time\" content=\"2025-01-17T19:29:35+00:00\" \/>\n<meta property=\"og:image\" content=\"https:\/\/news.canadamotorjobs.com\/wp-content\/uploads\/2025\/01\/2025_Lexus_RCF_FinalEdition_005.jpg\" \/>\n\t<meta property=\"og:image:width\" content=\"1200\" \/>\n\t<meta property=\"og:image:height\" content=\"800\" \/>\n\t<meta property=\"og:image:type\" content=\"image\/jpeg\" \/>\n<meta name=\"author\" content=\"Benoit Charette\" \/>\n<meta name=\"twitter:card\" content=\"summary_large_image\" \/>\n<meta name=\"twitter:creator\" content=\"@canadamotorjobs\" \/>\n<meta name=\"twitter:site\" content=\"@canadamotorjobs\" \/>\n<meta name=\"twitter:label1\" content=\"\u00c9crit par\" \/>\n\t<meta name=\"twitter:data1\" content=\"Benoit Charette\" \/>\n\t<meta name=\"twitter:label2\" content=\"Estimation du temps de lecture\" \/>\n\t<meta name=\"twitter:data2\" content=\"2 minutes\" \/>\n<!-- \/ Yoast SEO plugin. -->","yoast_head_json":{"title":"Une derni\u00e8re salve pour les Lexus RC et RC F en 2025 - CanadaMotorJobs.com","description":"Une derni\u00e8re salve pour les Lexus RC et RC F en 2025 - Benoit Charette - Annuel automobile - CanadaMotorJobs.com.","robots":{"index":"index","follow":"follow","max-snippet":"max-snippet:-1","max-image-preview":"max-image-preview:large","max-video-preview":"max-video-preview:-1"},"og_locale":"fr_CA","og_type":"article","og_title":"Une derni\u00e8re salve pour les Lexus RC et RC F en 2025 - CanadaMotorJobs.com","og_description":"Une derni\u00e8re salve pour les Lexus RC et RC F en 2025 - Benoit Charette - Annuel automobile - CanadaMotorJobs.com.","og_url":"https:\/\/news.canadamotorjobs.com\/fr\/une-derniere-salve-pour-les-lexus-rc-et-rc-f-en-2025\/","og_site_name":"CanadaMotorJobs.com","article_publisher":"https:\/\/www.facebook.com\/canadamotorjobs\/","article_published_time":"2025-01-17T19:24:28+00:00","article_modified_time":"2025-01-17T19:29:35+00:00","og_image":[{"width":1200,"height":800,"url":"https:\/\/news.canadamotorjobs.com\/wp-content\/uploads\/2025\/01\/2025_Lexus_RCF_FinalEdition_005.jpg","type":"image\/jpeg"}],"author":"Benoit Charette","twitter_card":"summary_large_image","twitter_creator":"@canadamotorjobs","twitter_site":"@canadamotorjobs","twitter_misc":{"\u00c9crit par":"Benoit Charette","Estimation du temps de lecture":"2 minutes"},"schema":{"@context":"https:\/\/schema.org","@graph":[{"@type":"Article","@id":"https:\/\/news.canadamotorjobs.com\/fr\/une-derniere-salve-pour-les-lexus-rc-et-rc-f-en-2025\/#article","isPartOf":{"@id":"https:\/\/news.canadamotorjobs.com\/fr\/une-derniere-salve-pour-les-lexus-rc-et-rc-f-en-2025\/"},"author":{"name":"Benoit Charette","@id":"https:\/\/news.canadamotorjobs.com\/#\/schema\/person\/51793d1f87d44011d7bcc2ed99269a90"},"headline":"Une derni\u00e8re salve pour les Lexus RC et RC F en 2025","datePublished":"2025-01-17T19:24:28+00:00","dateModified":"2025-01-17T19:29:35+00:00","mainEntityOfPage":{"@id":"https:\/\/news.canadamotorjobs.com\/fr\/une-derniere-salve-pour-les-lexus-rc-et-rc-f-en-2025\/"},"wordCount":472,"publisher":{"@id":"https:\/\/news.canadamotorjobs.com\/#organization"},"image":{"@id":"https:\/\/news.canadamotorjobs.com\/fr\/une-derniere-salve-pour-les-lexus-rc-et-rc-f-en-2025\/#primaryimage"},"thumbnailUrl":"https:\/\/news.canadamotorjobs.com\/wp-content\/uploads\/2025\/01\/2025_Lexus_RCF_FinalEdition_005.jpg","articleSection":["Annuel automobile"],"inLanguage":"fr-CA"},{"@type":"WebPage","@id":"https:\/\/news.canadamotorjobs.com\/fr\/une-derniere-salve-pour-les-lexus-rc-et-rc-f-en-2025\/","url":"https:\/\/news.canadamotorjobs.com\/fr\/une-derniere-salve-pour-les-lexus-rc-et-rc-f-en-2025\/","name":"Une derni\u00e8re salve pour les Lexus RC et RC F en 2025 - CanadaMotorJobs.com","isPartOf":{"@id":"https:\/\/news.canadamotorjobs.com\/#website"},"primaryImageOfPage":{"@id":"https:\/\/news.canadamotorjobs.com\/fr\/une-derniere-salve-pour-les-lexus-rc-et-rc-f-en-2025\/#primaryimage"},"image":{"@id":"https:\/\/news.canadamotorjobs.com\/fr\/une-derniere-salve-pour-les-lexus-rc-et-rc-f-en-2025\/#primaryimage"},"thumbnailUrl":"https:\/\/news.canadamotorjobs.com\/wp-content\/uploads\/2025\/01\/2025_Lexus_RCF_FinalEdition_005.jpg","datePublished":"2025-01-17T19:24:28+00:00","dateModified":"2025-01-17T19:29:35+00:00","description":"Une derni\u00e8re salve pour les Lexus RC et RC F en 2025 - Benoit Charette - Annuel automobile - CanadaMotorJobs.com.","breadcrumb":{"@id":"https:\/\/news.canadamotorjobs.com\/fr\/une-derniere-salve-pour-les-lexus-rc-et-rc-f-en-2025\/#breadcrumb"},"inLanguage":"fr-CA","potentialAction":[{"@type":"ReadAction","target":["https:\/\/news.canadamotorjobs.com\/fr\/une-derniere-salve-pour-les-lexus-rc-et-rc-f-en-2025\/"]}]},{"@type":"ImageObject","inLanguage":"fr-CA","@id":"https:\/\/news.canadamotorjobs.com\/fr\/une-derniere-salve-pour-les-lexus-rc-et-rc-f-en-2025\/#primaryimage","url":"https:\/\/news.canadamotorjobs.com\/wp-content\/uploads\/2025\/01\/2025_Lexus_RCF_FinalEdition_005.jpg","contentUrl":"https:\/\/news.canadamotorjobs.com\/wp-content\/uploads\/2025\/01\/2025_Lexus_RCF_FinalEdition_005.jpg","width":1200,"height":800},{"@type":"BreadcrumbList","@id":"https:\/\/news.canadamotorjobs.com\/fr\/une-derniere-salve-pour-les-lexus-rc-et-rc-f-en-2025\/#breadcrumb","itemListElement":[{"@type":"ListItem","position":1,"name":"Home","item":"https:\/\/news.canadamotorjobs.com\/fr\/blog\/"},{"@type":"ListItem","position":2,"name":"Une derni\u00e8re salve pour les Lexus RC et RC F en 2025"}]},{"@type":"WebSite","@id":"https:\/\/news.canadamotorjobs.com\/#website","url":"https:\/\/news.canadamotorjobs.com\/","name":"CanadaMotorJobs.com","description":"Automotive Jobs","publisher":{"@id":"https:\/\/news.canadamotorjobs.com\/#organization"},"potentialAction":[{"@type":"SearchAction","target":{"@type":"EntryPoint","urlTemplate":"https:\/\/news.canadamotorjobs.com\/?s={search_term_string}"},"query-input":"required name=search_term_string"}],"inLanguage":"fr-CA"},{"@type":"Organization","@id":"https:\/\/news.canadamotorjobs.com\/#organization","name":"Canada Motor Jobs","url":"https:\/\/news.canadamotorjobs.com\/","logo":{"@type":"ImageObject","inLanguage":"fr-CA","@id":"https:\/\/news.canadamotorjobs.com\/#\/schema\/logo\/image\/","url":"https:\/\/news.canadamotorjobs.com\/wp-content\/uploads\/2022\/10\/logo-canada-motor-jobs-1.png","contentUrl":"https:\/\/news.canadamotorjobs.com\/wp-content\/uploads\/2022\/10\/logo-canada-motor-jobs-1.png","width":800,"height":400,"caption":"Canada Motor Jobs"},"image":{"@id":"https:\/\/news.canadamotorjobs.com\/#\/schema\/logo\/image\/"},"sameAs":["https:\/\/www.facebook.com\/canadamotorjobs\/","https:\/\/x.com\/canadamotorjobs","https:\/\/www.instagram.com\/canadamotorjobs\/","https:\/\/www.linkedin.com\/company\/canadamotorjobs"]},{"@type":"Person","@id":"https:\/\/news.canadamotorjobs.com\/#\/schema\/person\/51793d1f87d44011d7bcc2ed99269a90","name":"Benoit Charette","image":{"@type":"ImageObject","inLanguage":"fr-CA","@id":"https:\/\/news.canadamotorjobs.com\/#\/schema\/person\/image\/","url":"https:\/\/secure.gravatar.com\/avatar\/45f3d2eebcccd909668d7ce7ea7267b6?s=96&d=mm&r=g","contentUrl":"https:\/\/secure.gravatar.com\/avatar\/45f3d2eebcccd909668d7ce7ea7267b6?s=96&d=mm&r=g","caption":"Benoit Charette"},"description":"Benoit Charette \/ Propri\u00e9taire et r\u00e9dacteur en chef Benoit Charette pratique le journalisme automobile depuis bient\u00f4t 30 ans. Il a fait ses classes au c\u00f4t\u00e9 de Daniel H\u00e9raud et au Carnet de route de 1992 \u00e0 2001. Il est fondateur, copropri\u00e9taire et r\u00e9dacteur en chef de L\u2019Annuel de l\u2019automobile, qu\u2019il publie depuis 2001. Il a anim\u00e9 les \u00e9missions RPM et RPM+ sur V et les L\u00e9gendes de la route sur Historia. \u00c0 la radio depuis 1986, il reprend l\u2019antenne cette ann\u00e9e sur les ondes de Cogeco et participe pour la deuxi\u00e8me ann\u00e9e \u00e0 l\u2019\u00e9mission Passion Auto sur RDS en plus de mettre en ligne le site Web officiel de L\u2019Annuel de l\u2019automobile sur annuelauto.ca.","sameAs":["https:\/\/annuelauto.ca\/"],"url":"https:\/\/news.canadamotorjobs.com\/fr\/author\/benoit-charette\/"}]}},"_links":{"self":[{"href":"https:\/\/news.canadamotorjobs.com\/fr\/wp-json\/wp\/v2\/posts\/189547"}],"collection":[{"href":"https:\/\/news.canadamotorjobs.com\/fr\/wp-json\/wp\/v2\/posts"}],"about":[{"href":"https:\/\/news.canadamotorjobs.com\/fr\/wp-json\/wp\/v2\/types\/post"}],"author":[{"embeddable":true,"href":"https:\/\/news.canadamotorjobs.com\/fr\/wp-json\/wp\/v2\/users\/8"}],"replies":[{"embeddable":true,"href":"https:\/\/news.canadamotorjobs.com\/fr\/wp-json\/wp\/v2\/comments?post=189547"}],"version-history":[{"count":3,"href":"https:\/\/news.canadamotorjobs.com\/fr\/wp-json\/wp\/v2\/posts\/189547\/revisions"}],"predecessor-version":[{"id":189586,"href":"https:\/\/news.canadamotorjobs.com\/fr\/wp-json\/wp\/v2\/posts\/189547\/revisions\/189586"}],"wp:featuredmedia":[{"embeddable":true,"href":"https:\/\/news.canadamotorjobs.com\/fr\/wp-json\/wp\/v2\/media\/189549"}],"wp:attachment":[{"href":"https:\/\/news.canadamotorjobs.com\/fr\/wp-json\/wp\/v2\/media?parent=189547"}],"wp:term":[{"taxonomy":"category","embeddable":true,"href":"https:\/\/news.canadamotorjobs.com\/fr\/wp-json\/wp\/v2\/categories?post=189547"},{"taxonomy":"post_tag","embeddable":true,"href":"https:\/\/news.canadamotorjobs.com\/fr\/wp-json\/wp\/v2\/tags?post=189547"}],"curies":[{"name":"wp","href":"https:\/\/api.w.org\/{rel}","templated":true}]}}