{"id":189413,"date":"2025-01-16T14:24:35","date_gmt":"2025-01-16T19:24:35","guid":{"rendered":"https:\/\/news.canadamotorjobs.com\/?p=189413"},"modified":"2025-01-16T14:29:01","modified_gmt":"2025-01-16T19:29:01","slug":"audi-confirme-un-nouveau-q3-et-plusieurs-modeles-phev-en-2025","status":"publish","type":"post","link":"https:\/\/news.canadamotorjobs.com\/fr\/audi-confirme-un-nouveau-q3-et-plusieurs-modeles-phev-en-2025\/","title":{"rendered":"Audi confirme un nouveau Q3 et plusieurs mod\u00e8les PHEV en 2025"},"content":{"rendered":"<\/p>\n<p>Voil\u00e0 plus d\u2019un an que la prochaine g\u00e9n\u00e9ration du Q3 est \u00e0 l\u2019essai. Hier, Audi a confirm\u00e9 que le lancement du mod\u00e8le aurait lieu en 2025.<\/p>\n<p>Mais ce n\u2019est pas tout ce qui a \u00e9t\u00e9 annonc\u00e9 par la firme allemande. La nouvelle cuv\u00e9e de la berline A7 sera aussi pr\u00e9sent\u00e9e en cours d\u2019ann\u00e9e, ainsi que plusieurs mod\u00e8les hybrides rechargeables.<\/p>\n<p><\/p>\n<figure><img decoding=\"async\" src=\"https:\/\/news.canadamotorjobs.com\/wp-content\/uploads\/2025\/01\/A241334_large-5.jpg\" alt=\"Le Audi Q6 e-tron\" \/><figcaption>Le Audi Q6 e-tron | Auto123.com<\/figcaption><\/figure>\n<p>Concernant le VUS Q3, les d\u00e9tails sont rares. Les mod\u00e8les aper\u00e7us \u00e0 l\u2019essai laissent entrevoir que les dimensions seront sensiblement les m\u00eames. Il faut dire que la nouvelle mouture va toujours profiter de la m\u00eame plateforme (MQB de Volkswagen), quoique retravaill\u00e9e et nomm\u00e9e MQB Evo.<\/p>\n<p>C\u2019est donc un Q3 pourvu d\u2019un moteur \u00e0 essence qui nous attend, l\u2019un des derniers nouveaux produits d\u2019Audi qui sera \u00e9quip\u00e9 comme tel, car la compagnie a d\u00e9j\u00e0 annonc\u00e9 qu\u2019\u00e0 compter de 2026, elle n\u2019allait que lancer des mod\u00e8les \u00e9lectriques. Bien s\u00fbr, l\u2019\u00e9volution du march\u00e9 du v\u00e9hicule \u00e9lectrique pourrait forcer le constructeur \u00e0 revoir ses plans ; il faudra voir.<\/p>\n<p>L\u2019annonce concernant plusieurs mod\u00e8les hybrides rechargeables est peut-\u00eatre un indice en ce sens.<\/p>\n<p>Audi a cl\u00f4tur\u00e9 l\u2019ann\u00e9e avec un total de 1 671 218 ventes, un chiffre int\u00e9ressant, mais en recul de 11,8 % par rapport \u00e0 l\u2019ann\u00e9e derni\u00e8re. Du c\u00f4t\u00e9 \u00e9lectrique, ce sont 164 000 v\u00e9hicules que la compagnie a livr\u00e9s, un recul de 8 % par rapport \u00e0 2023.<\/p>\n<p>L\u2019arriv\u00e9e du VUS Q6 e-tron en cours d\u2019ann\u00e9es 2024, d\u2019une berline A5 retouch\u00e9e, sans compter que le prochain Q7 est sur la planche \u00e0 dessin, va aider l\u2019entreprise en 2025. Et c\u2019est sans compter sur les Q3, A7 et autres versions hybrides rechargeables promises en 2025.<\/p>\n<p><\/p>\n<figure><img decoding=\"async\" src=\"https:\/\/news.canadamotorjobs.com\/wp-content\/uploads\/2025\/01\/A242943_large-1.jpg\" alt=\"Audi A5 2025, sur la route\" \/><figcaption>Audi A5 2025, sur la route | Auto123.com<\/figcaption><\/figure>\n<p style=\"padding-top: 15px\">Contenu original de <a href=\"https:\/\/www.auto123.com\/fr\/actualites\/audi-q3-a7-hybrides-rechargeables-2025\/72287\/\">auto123<\/a>.<\/p>\n<p>Le texte <a rel=\"nofollow\" href=\"https:\/\/annuelauto.ca\/audi-confirme-un-nouveau-q3-et-plusieurs-modeles-phev-en-2025\/\">Audi confirme un nouveau Q3 et plusieurs mod\u00e8les PHEV en 2025<\/a> provient de <a rel=\"nofollow\" href=\"https:\/\/annuelauto.ca\">L&#8217;annuel de l&#8217;automobile &#8211; Actualit\u00e9 automobile<\/a><\/p>\n<p><\/p>\n","protected":false},"excerpt":{"rendered":"<p>Voil\u00e0 plus d\u2019un an que la prochaine g\u00e9n\u00e9ration du Q3 est \u00e0 l\u2019essai. Hier, Audi a confirm\u00e9 que le lancement du mod\u00e8le aurait lieu en 2025. Mais ce n\u2019est pas tout ce qui a \u00e9t\u00e9 annonc\u00e9 par la firme allemande. La nouvelle cuv\u00e9e de la berline A7 sera aussi pr\u00e9sent\u00e9e en cours d\u2019ann\u00e9e, ainsi que [&hellip;]<\/p>\n","protected":false},"author":8,"featured_media":189415,"comment_status":"close","ping_status":"closed","sticky":false,"template":"","format":"standard","meta":{"_monsterinsights_skip_tracking":false,"_monsterinsights_sitenote_active":false,"_monsterinsights_sitenote_note":"","_monsterinsights_sitenote_category":0,"footnotes":""},"categories":[101],"tags":[],"yoast_head":"<!-- This site is optimized with the Yoast SEO plugin v23.2 - https:\/\/yoast.com\/wordpress\/plugins\/seo\/ -->\n<title>Audi confirme un nouveau Q3 et plusieurs mod\u00e8les PHEV en 2025 - CanadaMotorJobs.com<\/title>\n<meta name=\"description\" content=\"Audi confirme un nouveau Q3 et plusieurs mod\u00e8les PHEV en 2025 - Benoit Charette - Annuel automobile - CanadaMotorJobs.com.\" \/>\n<meta name=\"robots\" content=\"index, follow, max-snippet:-1, max-image-preview:large, max-video-preview:-1\" \/>\n<meta property=\"og:locale\" content=\"fr_CA\" \/>\n<meta property=\"og:type\" content=\"article\" \/>\n<meta property=\"og:title\" content=\"Audi confirme un nouveau Q3 et plusieurs mod\u00e8les PHEV en 2025 - CanadaMotorJobs.com\" \/>\n<meta property=\"og:description\" content=\"Audi confirme un nouveau Q3 et plusieurs mod\u00e8les PHEV en 2025 - Benoit Charette - Annuel automobile - CanadaMotorJobs.com.\" \/>\n<meta property=\"og:url\" content=\"https:\/\/news.canadamotorjobs.com\/fr\/audi-confirme-un-nouveau-q3-et-plusieurs-modeles-phev-en-2025\/\" \/>\n<meta property=\"og:site_name\" content=\"CanadaMotorJobs.com\" \/>\n<meta property=\"article:publisher\" content=\"https:\/\/www.facebook.com\/canadamotorjobs\/\" \/>\n<meta property=\"article:published_time\" content=\"2025-01-16T19:24:35+00:00\" \/>\n<meta property=\"article:modified_time\" content=\"2025-01-16T19:29:01+00:00\" \/>\n<meta property=\"og:image\" content=\"https:\/\/news.canadamotorjobs.com\/wp-content\/uploads\/2025\/01\/A241334_large.jpg\" \/>\n\t<meta property=\"og:image:width\" content=\"1200\" \/>\n\t<meta property=\"og:image:height\" content=\"801\" \/>\n\t<meta property=\"og:image:type\" content=\"image\/jpeg\" \/>\n<meta name=\"author\" content=\"Benoit Charette\" \/>\n<meta name=\"twitter:card\" content=\"summary_large_image\" \/>\n<meta name=\"twitter:creator\" content=\"@canadamotorjobs\" \/>\n<meta name=\"twitter:site\" content=\"@canadamotorjobs\" \/>\n<meta name=\"twitter:label1\" content=\"\u00c9crit par\" \/>\n\t<meta name=\"twitter:data1\" content=\"Benoit Charette\" \/>\n\t<meta name=\"twitter:label2\" content=\"Estimation du temps de lecture\" \/>\n\t<meta name=\"twitter:data2\" content=\"2 minutes\" \/>\n<!-- \/ Yoast SEO plugin. -->","yoast_head_json":{"title":"Audi confirme un nouveau Q3 et plusieurs mod\u00e8les PHEV en 2025 - CanadaMotorJobs.com","description":"Audi confirme un nouveau Q3 et plusieurs mod\u00e8les PHEV en 2025 - Benoit Charette - Annuel automobile - CanadaMotorJobs.com.","robots":{"index":"index","follow":"follow","max-snippet":"max-snippet:-1","max-image-preview":"max-image-preview:large","max-video-preview":"max-video-preview:-1"},"og_locale":"fr_CA","og_type":"article","og_title":"Audi confirme un nouveau Q3 et plusieurs mod\u00e8les PHEV en 2025 - CanadaMotorJobs.com","og_description":"Audi confirme un nouveau Q3 et plusieurs mod\u00e8les PHEV en 2025 - Benoit Charette - Annuel automobile - CanadaMotorJobs.com.","og_url":"https:\/\/news.canadamotorjobs.com\/fr\/audi-confirme-un-nouveau-q3-et-plusieurs-modeles-phev-en-2025\/","og_site_name":"CanadaMotorJobs.com","article_publisher":"https:\/\/www.facebook.com\/canadamotorjobs\/","article_published_time":"2025-01-16T19:24:35+00:00","article_modified_time":"2025-01-16T19:29:01+00:00","og_image":[{"width":1200,"height":801,"url":"https:\/\/news.canadamotorjobs.com\/wp-content\/uploads\/2025\/01\/A241334_large.jpg","type":"image\/jpeg"}],"author":"Benoit Charette","twitter_card":"summary_large_image","twitter_creator":"@canadamotorjobs","twitter_site":"@canadamotorjobs","twitter_misc":{"\u00c9crit par":"Benoit Charette","Estimation du temps de lecture":"2 minutes"},"schema":{"@context":"https:\/\/schema.org","@graph":[{"@type":"Article","@id":"https:\/\/news.canadamotorjobs.com\/fr\/audi-confirme-un-nouveau-q3-et-plusieurs-modeles-phev-en-2025\/#article","isPartOf":{"@id":"https:\/\/news.canadamotorjobs.com\/fr\/audi-confirme-un-nouveau-q3-et-plusieurs-modeles-phev-en-2025\/"},"author":{"name":"Benoit Charette","@id":"https:\/\/news.canadamotorjobs.com\/#\/schema\/person\/51793d1f87d44011d7bcc2ed99269a90"},"headline":"Audi confirme un nouveau Q3 et plusieurs mod\u00e8les PHEV en 2025","datePublished":"2025-01-16T19:24:35+00:00","dateModified":"2025-01-16T19:29:01+00:00","mainEntityOfPage":{"@id":"https:\/\/news.canadamotorjobs.com\/fr\/audi-confirme-un-nouveau-q3-et-plusieurs-modeles-phev-en-2025\/"},"wordCount":350,"publisher":{"@id":"https:\/\/news.canadamotorjobs.com\/#organization"},"image":{"@id":"https:\/\/news.canadamotorjobs.com\/fr\/audi-confirme-un-nouveau-q3-et-plusieurs-modeles-phev-en-2025\/#primaryimage"},"thumbnailUrl":"https:\/\/news.canadamotorjobs.com\/wp-content\/uploads\/2025\/01\/A241334_large.jpg","articleSection":["Annuel automobile"],"inLanguage":"fr-CA"},{"@type":"WebPage","@id":"https:\/\/news.canadamotorjobs.com\/fr\/audi-confirme-un-nouveau-q3-et-plusieurs-modeles-phev-en-2025\/","url":"https:\/\/news.canadamotorjobs.com\/fr\/audi-confirme-un-nouveau-q3-et-plusieurs-modeles-phev-en-2025\/","name":"Audi confirme un nouveau Q3 et plusieurs mod\u00e8les PHEV en 2025 - CanadaMotorJobs.com","isPartOf":{"@id":"https:\/\/news.canadamotorjobs.com\/#website"},"primaryImageOfPage":{"@id":"https:\/\/news.canadamotorjobs.com\/fr\/audi-confirme-un-nouveau-q3-et-plusieurs-modeles-phev-en-2025\/#primaryimage"},"image":{"@id":"https:\/\/news.canadamotorjobs.com\/fr\/audi-confirme-un-nouveau-q3-et-plusieurs-modeles-phev-en-2025\/#primaryimage"},"thumbnailUrl":"https:\/\/news.canadamotorjobs.com\/wp-content\/uploads\/2025\/01\/A241334_large.jpg","datePublished":"2025-01-16T19:24:35+00:00","dateModified":"2025-01-16T19:29:01+00:00","description":"Audi confirme un nouveau Q3 et plusieurs mod\u00e8les PHEV en 2025 - Benoit Charette - Annuel automobile - CanadaMotorJobs.com.","breadcrumb":{"@id":"https:\/\/news.canadamotorjobs.com\/fr\/audi-confirme-un-nouveau-q3-et-plusieurs-modeles-phev-en-2025\/#breadcrumb"},"inLanguage":"fr-CA","potentialAction":[{"@type":"ReadAction","target":["https:\/\/news.canadamotorjobs.com\/fr\/audi-confirme-un-nouveau-q3-et-plusieurs-modeles-phev-en-2025\/"]}]},{"@type":"ImageObject","inLanguage":"fr-CA","@id":"https:\/\/news.canadamotorjobs.com\/fr\/audi-confirme-un-nouveau-q3-et-plusieurs-modeles-phev-en-2025\/#primaryimage","url":"https:\/\/news.canadamotorjobs.com\/wp-content\/uploads\/2025\/01\/A241334_large.jpg","contentUrl":"https:\/\/news.canadamotorjobs.com\/wp-content\/uploads\/2025\/01\/A241334_large.jpg","width":1200,"height":801},{"@type":"BreadcrumbList","@id":"https:\/\/news.canadamotorjobs.com\/fr\/audi-confirme-un-nouveau-q3-et-plusieurs-modeles-phev-en-2025\/#breadcrumb","itemListElement":[{"@type":"ListItem","position":1,"name":"Home","item":"https:\/\/news.canadamotorjobs.com\/fr\/blog\/"},{"@type":"ListItem","position":2,"name":"Audi confirme un nouveau Q3 et plusieurs mod\u00e8les PHEV en 2025"}]},{"@type":"WebSite","@id":"https:\/\/news.canadamotorjobs.com\/#website","url":"https:\/\/news.canadamotorjobs.com\/","name":"CanadaMotorJobs.com","description":"Automotive Jobs","publisher":{"@id":"https:\/\/news.canadamotorjobs.com\/#organization"},"potentialAction":[{"@type":"SearchAction","target":{"@type":"EntryPoint","urlTemplate":"https:\/\/news.canadamotorjobs.com\/?s={search_term_string}"},"query-input":"required name=search_term_string"}],"inLanguage":"fr-CA"},{"@type":"Organization","@id":"https:\/\/news.canadamotorjobs.com\/#organization","name":"Canada Motor Jobs","url":"https:\/\/news.canadamotorjobs.com\/","logo":{"@type":"ImageObject","inLanguage":"fr-CA","@id":"https:\/\/news.canadamotorjobs.com\/#\/schema\/logo\/image\/","url":"https:\/\/news.canadamotorjobs.com\/wp-content\/uploads\/2022\/10\/logo-canada-motor-jobs-1.png","contentUrl":"https:\/\/news.canadamotorjobs.com\/wp-content\/uploads\/2022\/10\/logo-canada-motor-jobs-1.png","width":800,"height":400,"caption":"Canada Motor Jobs"},"image":{"@id":"https:\/\/news.canadamotorjobs.com\/#\/schema\/logo\/image\/"},"sameAs":["https:\/\/www.facebook.com\/canadamotorjobs\/","https:\/\/x.com\/canadamotorjobs","https:\/\/www.instagram.com\/canadamotorjobs\/","https:\/\/www.linkedin.com\/company\/canadamotorjobs"]},{"@type":"Person","@id":"https:\/\/news.canadamotorjobs.com\/#\/schema\/person\/51793d1f87d44011d7bcc2ed99269a90","name":"Benoit Charette","image":{"@type":"ImageObject","inLanguage":"fr-CA","@id":"https:\/\/news.canadamotorjobs.com\/#\/schema\/person\/image\/","url":"https:\/\/secure.gravatar.com\/avatar\/45f3d2eebcccd909668d7ce7ea7267b6?s=96&d=mm&r=g","contentUrl":"https:\/\/secure.gravatar.com\/avatar\/45f3d2eebcccd909668d7ce7ea7267b6?s=96&d=mm&r=g","caption":"Benoit Charette"},"description":"Benoit Charette \/ Propri\u00e9taire et r\u00e9dacteur en chef Benoit Charette pratique le journalisme automobile depuis bient\u00f4t 30 ans. Il a fait ses classes au c\u00f4t\u00e9 de Daniel H\u00e9raud et au Carnet de route de 1992 \u00e0 2001. Il est fondateur, copropri\u00e9taire et r\u00e9dacteur en chef de L\u2019Annuel de l\u2019automobile, qu\u2019il publie depuis 2001. Il a anim\u00e9 les \u00e9missions RPM et RPM+ sur V et les L\u00e9gendes de la route sur Historia. \u00c0 la radio depuis 1986, il reprend l\u2019antenne cette ann\u00e9e sur les ondes de Cogeco et participe pour la deuxi\u00e8me ann\u00e9e \u00e0 l\u2019\u00e9mission Passion Auto sur RDS en plus de mettre en ligne le site Web officiel de L\u2019Annuel de l\u2019automobile sur annuelauto.ca.","sameAs":["https:\/\/annuelauto.ca\/"],"url":"https:\/\/news.canadamotorjobs.com\/fr\/author\/benoit-charette\/"}]}},"_links":{"self":[{"href":"https:\/\/news.canadamotorjobs.com\/fr\/wp-json\/wp\/v2\/posts\/189413"}],"collection":[{"href":"https:\/\/news.canadamotorjobs.com\/fr\/wp-json\/wp\/v2\/posts"}],"about":[{"href":"https:\/\/news.canadamotorjobs.com\/fr\/wp-json\/wp\/v2\/types\/post"}],"author":[{"embeddable":true,"href":"https:\/\/news.canadamotorjobs.com\/fr\/wp-json\/wp\/v2\/users\/8"}],"replies":[{"embeddable":true,"href":"https:\/\/news.canadamotorjobs.com\/fr\/wp-json\/wp\/v2\/comments?post=189413"}],"version-history":[{"count":3,"href":"https:\/\/news.canadamotorjobs.com\/fr\/wp-json\/wp\/v2\/posts\/189413\/revisions"}],"predecessor-version":[{"id":189444,"href":"https:\/\/news.canadamotorjobs.com\/fr\/wp-json\/wp\/v2\/posts\/189413\/revisions\/189444"}],"wp:featuredmedia":[{"embeddable":true,"href":"https:\/\/news.canadamotorjobs.com\/fr\/wp-json\/wp\/v2\/media\/189415"}],"wp:attachment":[{"href":"https:\/\/news.canadamotorjobs.com\/fr\/wp-json\/wp\/v2\/media?parent=189413"}],"wp:term":[{"taxonomy":"category","embeddable":true,"href":"https:\/\/news.canadamotorjobs.com\/fr\/wp-json\/wp\/v2\/categories?post=189413"},{"taxonomy":"post_tag","embeddable":true,"href":"https:\/\/news.canadamotorjobs.com\/fr\/wp-json\/wp\/v2\/tags?post=189413"}],"curies":[{"name":"wp","href":"https:\/\/api.w.org\/{rel}","templated":true}]}}