{"id":189385,"date":"2025-01-16T14:24:35","date_gmt":"2025-01-16T19:24:35","guid":{"rendered":"https:\/\/news.canadamotorjobs.com\/?p=189385"},"modified":"2025-01-16T14:28:47","modified_gmt":"2025-01-16T19:28:47","slug":"ford-rappelle-320-000-camionnettes-super-duty-pour-un-defaut-de-la-pompe-a-carburant","status":"publish","type":"post","link":"https:\/\/news.canadamotorjobs.com\/fr\/ford-rappelle-320-000-camionnettes-super-duty-pour-un-defaut-de-la-pompe-a-carburant\/","title":{"rendered":"Ford rappelle 320\u2009000 camionnettes Super Duty pour un d\u00e9faut de la pompe \u00e0 carburant"},"content":{"rendered":"<\/p>\n<p>Ford a lanc\u00e9 un rappel visant plusieurs mod\u00e8les de sa gamme Super Duty. Les d\u00e9clinaisons vis\u00e9es sont les :<\/p>\n<ul><\/p>\n<li>\u2022\u00a0\u00a0\u00a0 F-250, F-350, F-450, F-550 et F-600 (2020-2022).<\/li>\n<p><\/p>\n<li>\u2022\u00a0\u00a0\u00a0 F-650 et F-750 (2021-2022).<\/li>\n<p>\n<\/ul>\n<p>Ce rappel concerne uniquement les camionnettes \u00e9quip\u00e9es du moteur V8 turbodiesel de 6,7 litres. On parle tout de m\u00eame d\u2019un nombre important de v\u00e9hicules, soit plus de 295 000 aux \u00c9tats-Unis et quelque 25 000 au Canada.<\/p>\n<p><strong>La cause du probl\u00e8me<\/strong><\/p>\n<p>Selon l\u2019avis publi\u00e9 le 20 d\u00e9cembre 2024 par la NHTSA (National Highway Traffic Safety Administration) am\u00e9ricaine, l\u2019\u00e9quivalent de Transports Canada, des d\u00e9p\u00f4ts de biodiesel us\u00e9 peuvent s\u2019accumuler sur les composants du rouleau d\u2019entra\u00eenement de la pompe \u00e0 carburant \u00e0 haute pression. Cette accumulation peut entra\u00eener une d\u00e9faillance de la pompe, augmentant ainsi le risque de perte de puissance du moteur et, potentiellement, d\u2019accident.<\/p>\n<p>Ford a pr\u00e9cis\u00e9 que les sympt\u00f4mes suivants peuvent alerter les propri\u00e9taires :<\/p>\n<ul><\/p>\n<li>\u2022\u00a0\u00a0\u00a0 Temps de d\u00e9marrage prolong\u00e9.<\/li>\n<p><\/p>\n<li>\u2022\u00a0\u00a0\u00a0 Bruit excessif du moteur.<\/li>\n<p><\/p>\n<li>\u2022\u00a0\u00a0\u00a0 Perte de puissance motrice.<\/li>\n<p><\/p>\n<li>\u2022\u00a0\u00a0\u00a0 Allumage du t\u00e9moin de v\u00e9rification du moteur.<\/li>\n<p>\n<\/ul>\n<p>Ford a annonc\u00e9 que les concessionnaires mettront \u00e0 jour le logiciel du module de commande du groupe motopropulseur pour am\u00e9liorer le refroidissement de la pompe et pr\u00e9venir la formation de d\u00e9p\u00f4ts.<\/p>\n<p>Cette intervention sera effectu\u00e9e gratuitement pour les propri\u00e9taires des v\u00e9hicules concern\u00e9s.<\/p>\n<p>\u00c0 ce jour, Ford a d\u00e9clar\u00e9 qu\u2019aucun accident ni blessure n\u2019a \u00e9t\u00e9 signal\u00e9 en lien avec ce probl\u00e8me.<\/p>\n<p><\/p>\n<figure><img decoding=\"async\" src=\"https:\/\/news.canadamotorjobs.com\/wp-content\/uploads\/2025\/01\/ford_f-250_super_duty_king_ranch_crew_cab_160_wb_2021-5.jpeg\" alt=\"Ford F-250\" \/><figcaption>Ford F-250 | Auto123.com<\/figcaption><\/figure>\n<p style=\"padding-top: 15px\">Contenu original de <a href=\"https:\/\/www.auto123.com\/fr\/actualites\/rappel-ford-super-duty-defaut-pompe-carburant\/72285\/\">auto123<\/a>.<\/p>\n<p>Le texte <a rel=\"nofollow\" href=\"https:\/\/annuelauto.ca\/ford-rappelle-320%e2%80%89000-camionnettes-super-duty-pour-un-defaut-de-la-pompe-a-carburant\/\">Ford rappelle 320\u2009000 camionnettes Super Duty pour un d\u00e9faut de la pompe \u00e0 carburant<\/a> provient de <a rel=\"nofollow\" href=\"https:\/\/annuelauto.ca\">L&#8217;annuel de l&#8217;automobile &#8211; Actualit\u00e9 automobile<\/a><\/p>\n<p><\/p>\n","protected":false},"excerpt":{"rendered":"<p>Ford a lanc\u00e9 un rappel visant plusieurs mod\u00e8les de sa gamme Super Duty. Les d\u00e9clinaisons vis\u00e9es sont les : \u2022\u00a0\u00a0\u00a0 F-250, F-350, F-450, F-550 et F-600 (2020-2022). \u2022\u00a0\u00a0\u00a0 F-650 et F-750 (2021-2022). Ce rappel concerne uniquement les camionnettes \u00e9quip\u00e9es du moteur V8 turbodiesel de 6,7 litres. On parle tout de m\u00eame d\u2019un nombre important de [&hellip;]<\/p>\n","protected":false},"author":8,"featured_media":189387,"comment_status":"close","ping_status":"closed","sticky":false,"template":"","format":"standard","meta":{"_monsterinsights_skip_tracking":false,"_monsterinsights_sitenote_active":false,"_monsterinsights_sitenote_note":"","_monsterinsights_sitenote_category":0,"footnotes":""},"categories":[101],"tags":[],"yoast_head":"<!-- This site is optimized with the Yoast SEO plugin v23.2 - https:\/\/yoast.com\/wordpress\/plugins\/seo\/ -->\n<title>Ford rappelle 320\u2009000 camionnettes Super Duty pour un d\u00e9faut de la pompe \u00e0 carburant - CanadaMotorJobs.com<\/title>\n<meta name=\"description\" content=\"Ford rappelle 320\u2009000 camionnettes Super Duty pour un d\u00e9faut de la pompe \u00e0 carburant - Benoit Charette - Annuel automobile - CanadaMotorJobs.com.\" \/>\n<meta name=\"robots\" content=\"index, follow, max-snippet:-1, max-image-preview:large, max-video-preview:-1\" \/>\n<meta property=\"og:locale\" content=\"fr_CA\" \/>\n<meta property=\"og:type\" content=\"article\" \/>\n<meta property=\"og:title\" content=\"Ford rappelle 320\u2009000 camionnettes Super Duty pour un d\u00e9faut de la pompe \u00e0 carburant - CanadaMotorJobs.com\" \/>\n<meta property=\"og:description\" content=\"Ford rappelle 320\u2009000 camionnettes Super Duty pour un d\u00e9faut de la pompe \u00e0 carburant - Benoit Charette - Annuel automobile - CanadaMotorJobs.com.\" \/>\n<meta property=\"og:url\" content=\"https:\/\/news.canadamotorjobs.com\/fr\/ford-rappelle-320-000-camionnettes-super-duty-pour-un-defaut-de-la-pompe-a-carburant\/\" \/>\n<meta property=\"og:site_name\" content=\"CanadaMotorJobs.com\" \/>\n<meta property=\"article:publisher\" content=\"https:\/\/www.facebook.com\/canadamotorjobs\/\" \/>\n<meta property=\"article:published_time\" content=\"2025-01-16T19:24:35+00:00\" \/>\n<meta property=\"article:modified_time\" content=\"2025-01-16T19:28:47+00:00\" \/>\n<meta property=\"og:image\" content=\"https:\/\/news.canadamotorjobs.com\/wp-content\/uploads\/2025\/01\/ford_f-250_super_duty_king_ranch_crew_cab_160_wb_2021.jpeg\" \/>\n\t<meta property=\"og:image:width\" content=\"1200\" \/>\n\t<meta property=\"og:image:height\" content=\"735\" \/>\n\t<meta property=\"og:image:type\" content=\"image\/jpeg\" \/>\n<meta name=\"author\" content=\"Benoit Charette\" \/>\n<meta name=\"twitter:card\" content=\"summary_large_image\" \/>\n<meta name=\"twitter:creator\" content=\"@canadamotorjobs\" \/>\n<meta name=\"twitter:site\" content=\"@canadamotorjobs\" \/>\n<meta name=\"twitter:label1\" content=\"\u00c9crit par\" \/>\n\t<meta name=\"twitter:data1\" content=\"Benoit Charette\" \/>\n\t<meta name=\"twitter:label2\" content=\"Estimation du temps de lecture\" \/>\n\t<meta name=\"twitter:data2\" content=\"1 minute\" \/>\n<!-- \/ Yoast SEO plugin. -->","yoast_head_json":{"title":"Ford rappelle 320\u2009000 camionnettes Super Duty pour un d\u00e9faut de la pompe \u00e0 carburant - CanadaMotorJobs.com","description":"Ford rappelle 320\u2009000 camionnettes Super Duty pour un d\u00e9faut de la pompe \u00e0 carburant - Benoit Charette - Annuel automobile - CanadaMotorJobs.com.","robots":{"index":"index","follow":"follow","max-snippet":"max-snippet:-1","max-image-preview":"max-image-preview:large","max-video-preview":"max-video-preview:-1"},"og_locale":"fr_CA","og_type":"article","og_title":"Ford rappelle 320\u2009000 camionnettes Super Duty pour un d\u00e9faut de la pompe \u00e0 carburant - CanadaMotorJobs.com","og_description":"Ford rappelle 320\u2009000 camionnettes Super Duty pour un d\u00e9faut de la pompe \u00e0 carburant - Benoit Charette - Annuel automobile - CanadaMotorJobs.com.","og_url":"https:\/\/news.canadamotorjobs.com\/fr\/ford-rappelle-320-000-camionnettes-super-duty-pour-un-defaut-de-la-pompe-a-carburant\/","og_site_name":"CanadaMotorJobs.com","article_publisher":"https:\/\/www.facebook.com\/canadamotorjobs\/","article_published_time":"2025-01-16T19:24:35+00:00","article_modified_time":"2025-01-16T19:28:47+00:00","og_image":[{"width":1200,"height":735,"url":"https:\/\/news.canadamotorjobs.com\/wp-content\/uploads\/2025\/01\/ford_f-250_super_duty_king_ranch_crew_cab_160_wb_2021.jpeg","type":"image\/jpeg"}],"author":"Benoit Charette","twitter_card":"summary_large_image","twitter_creator":"@canadamotorjobs","twitter_site":"@canadamotorjobs","twitter_misc":{"\u00c9crit par":"Benoit Charette","Estimation du temps de lecture":"1 minute"},"schema":{"@context":"https:\/\/schema.org","@graph":[{"@type":"Article","@id":"https:\/\/news.canadamotorjobs.com\/fr\/ford-rappelle-320-000-camionnettes-super-duty-pour-un-defaut-de-la-pompe-a-carburant\/#article","isPartOf":{"@id":"https:\/\/news.canadamotorjobs.com\/fr\/ford-rappelle-320-000-camionnettes-super-duty-pour-un-defaut-de-la-pompe-a-carburant\/"},"author":{"name":"Benoit Charette","@id":"https:\/\/news.canadamotorjobs.com\/#\/schema\/person\/51793d1f87d44011d7bcc2ed99269a90"},"headline":"Ford rappelle 320\u2009000 camionnettes Super Duty pour un d\u00e9faut de la pompe \u00e0 carburant","datePublished":"2025-01-16T19:24:35+00:00","dateModified":"2025-01-16T19:28:47+00:00","mainEntityOfPage":{"@id":"https:\/\/news.canadamotorjobs.com\/fr\/ford-rappelle-320-000-camionnettes-super-duty-pour-un-defaut-de-la-pompe-a-carburant\/"},"wordCount":296,"publisher":{"@id":"https:\/\/news.canadamotorjobs.com\/#organization"},"image":{"@id":"https:\/\/news.canadamotorjobs.com\/fr\/ford-rappelle-320-000-camionnettes-super-duty-pour-un-defaut-de-la-pompe-a-carburant\/#primaryimage"},"thumbnailUrl":"https:\/\/news.canadamotorjobs.com\/wp-content\/uploads\/2025\/01\/ford_f-250_super_duty_king_ranch_crew_cab_160_wb_2021.jpeg","articleSection":["Annuel automobile"],"inLanguage":"fr-CA"},{"@type":"WebPage","@id":"https:\/\/news.canadamotorjobs.com\/fr\/ford-rappelle-320-000-camionnettes-super-duty-pour-un-defaut-de-la-pompe-a-carburant\/","url":"https:\/\/news.canadamotorjobs.com\/fr\/ford-rappelle-320-000-camionnettes-super-duty-pour-un-defaut-de-la-pompe-a-carburant\/","name":"Ford rappelle 320\u2009000 camionnettes Super Duty pour un d\u00e9faut de la pompe \u00e0 carburant - CanadaMotorJobs.com","isPartOf":{"@id":"https:\/\/news.canadamotorjobs.com\/#website"},"primaryImageOfPage":{"@id":"https:\/\/news.canadamotorjobs.com\/fr\/ford-rappelle-320-000-camionnettes-super-duty-pour-un-defaut-de-la-pompe-a-carburant\/#primaryimage"},"image":{"@id":"https:\/\/news.canadamotorjobs.com\/fr\/ford-rappelle-320-000-camionnettes-super-duty-pour-un-defaut-de-la-pompe-a-carburant\/#primaryimage"},"thumbnailUrl":"https:\/\/news.canadamotorjobs.com\/wp-content\/uploads\/2025\/01\/ford_f-250_super_duty_king_ranch_crew_cab_160_wb_2021.jpeg","datePublished":"2025-01-16T19:24:35+00:00","dateModified":"2025-01-16T19:28:47+00:00","description":"Ford rappelle 320\u2009000 camionnettes Super Duty pour un d\u00e9faut de la pompe \u00e0 carburant - Benoit Charette - Annuel automobile - CanadaMotorJobs.com.","breadcrumb":{"@id":"https:\/\/news.canadamotorjobs.com\/fr\/ford-rappelle-320-000-camionnettes-super-duty-pour-un-defaut-de-la-pompe-a-carburant\/#breadcrumb"},"inLanguage":"fr-CA","potentialAction":[{"@type":"ReadAction","target":["https:\/\/news.canadamotorjobs.com\/fr\/ford-rappelle-320-000-camionnettes-super-duty-pour-un-defaut-de-la-pompe-a-carburant\/"]}]},{"@type":"ImageObject","inLanguage":"fr-CA","@id":"https:\/\/news.canadamotorjobs.com\/fr\/ford-rappelle-320-000-camionnettes-super-duty-pour-un-defaut-de-la-pompe-a-carburant\/#primaryimage","url":"https:\/\/news.canadamotorjobs.com\/wp-content\/uploads\/2025\/01\/ford_f-250_super_duty_king_ranch_crew_cab_160_wb_2021.jpeg","contentUrl":"https:\/\/news.canadamotorjobs.com\/wp-content\/uploads\/2025\/01\/ford_f-250_super_duty_king_ranch_crew_cab_160_wb_2021.jpeg","width":1200,"height":735},{"@type":"BreadcrumbList","@id":"https:\/\/news.canadamotorjobs.com\/fr\/ford-rappelle-320-000-camionnettes-super-duty-pour-un-defaut-de-la-pompe-a-carburant\/#breadcrumb","itemListElement":[{"@type":"ListItem","position":1,"name":"Home","item":"https:\/\/news.canadamotorjobs.com\/fr\/blog\/"},{"@type":"ListItem","position":2,"name":"Ford rappelle 320\u2009000 camionnettes Super Duty pour un d\u00e9faut de la pompe \u00e0 carburant"}]},{"@type":"WebSite","@id":"https:\/\/news.canadamotorjobs.com\/#website","url":"https:\/\/news.canadamotorjobs.com\/","name":"CanadaMotorJobs.com","description":"Automotive Jobs","publisher":{"@id":"https:\/\/news.canadamotorjobs.com\/#organization"},"potentialAction":[{"@type":"SearchAction","target":{"@type":"EntryPoint","urlTemplate":"https:\/\/news.canadamotorjobs.com\/?s={search_term_string}"},"query-input":"required name=search_term_string"}],"inLanguage":"fr-CA"},{"@type":"Organization","@id":"https:\/\/news.canadamotorjobs.com\/#organization","name":"Canada Motor Jobs","url":"https:\/\/news.canadamotorjobs.com\/","logo":{"@type":"ImageObject","inLanguage":"fr-CA","@id":"https:\/\/news.canadamotorjobs.com\/#\/schema\/logo\/image\/","url":"https:\/\/news.canadamotorjobs.com\/wp-content\/uploads\/2022\/10\/logo-canada-motor-jobs-1.png","contentUrl":"https:\/\/news.canadamotorjobs.com\/wp-content\/uploads\/2022\/10\/logo-canada-motor-jobs-1.png","width":800,"height":400,"caption":"Canada Motor Jobs"},"image":{"@id":"https:\/\/news.canadamotorjobs.com\/#\/schema\/logo\/image\/"},"sameAs":["https:\/\/www.facebook.com\/canadamotorjobs\/","https:\/\/x.com\/canadamotorjobs","https:\/\/www.instagram.com\/canadamotorjobs\/","https:\/\/www.linkedin.com\/company\/canadamotorjobs"]},{"@type":"Person","@id":"https:\/\/news.canadamotorjobs.com\/#\/schema\/person\/51793d1f87d44011d7bcc2ed99269a90","name":"Benoit Charette","image":{"@type":"ImageObject","inLanguage":"fr-CA","@id":"https:\/\/news.canadamotorjobs.com\/#\/schema\/person\/image\/","url":"https:\/\/secure.gravatar.com\/avatar\/45f3d2eebcccd909668d7ce7ea7267b6?s=96&d=mm&r=g","contentUrl":"https:\/\/secure.gravatar.com\/avatar\/45f3d2eebcccd909668d7ce7ea7267b6?s=96&d=mm&r=g","caption":"Benoit Charette"},"description":"Benoit Charette \/ Propri\u00e9taire et r\u00e9dacteur en chef Benoit Charette pratique le journalisme automobile depuis bient\u00f4t 30 ans. Il a fait ses classes au c\u00f4t\u00e9 de Daniel H\u00e9raud et au Carnet de route de 1992 \u00e0 2001. Il est fondateur, copropri\u00e9taire et r\u00e9dacteur en chef de L\u2019Annuel de l\u2019automobile, qu\u2019il publie depuis 2001. Il a anim\u00e9 les \u00e9missions RPM et RPM+ sur V et les L\u00e9gendes de la route sur Historia. \u00c0 la radio depuis 1986, il reprend l\u2019antenne cette ann\u00e9e sur les ondes de Cogeco et participe pour la deuxi\u00e8me ann\u00e9e \u00e0 l\u2019\u00e9mission Passion Auto sur RDS en plus de mettre en ligne le site Web officiel de L\u2019Annuel de l\u2019automobile sur annuelauto.ca.","sameAs":["https:\/\/annuelauto.ca\/"],"url":"https:\/\/news.canadamotorjobs.com\/fr\/author\/benoit-charette\/"}]}},"_links":{"self":[{"href":"https:\/\/news.canadamotorjobs.com\/fr\/wp-json\/wp\/v2\/posts\/189385"}],"collection":[{"href":"https:\/\/news.canadamotorjobs.com\/fr\/wp-json\/wp\/v2\/posts"}],"about":[{"href":"https:\/\/news.canadamotorjobs.com\/fr\/wp-json\/wp\/v2\/types\/post"}],"author":[{"embeddable":true,"href":"https:\/\/news.canadamotorjobs.com\/fr\/wp-json\/wp\/v2\/users\/8"}],"replies":[{"embeddable":true,"href":"https:\/\/news.canadamotorjobs.com\/fr\/wp-json\/wp\/v2\/comments?post=189385"}],"version-history":[{"count":3,"href":"https:\/\/news.canadamotorjobs.com\/fr\/wp-json\/wp\/v2\/posts\/189385\/revisions"}],"predecessor-version":[{"id":189412,"href":"https:\/\/news.canadamotorjobs.com\/fr\/wp-json\/wp\/v2\/posts\/189385\/revisions\/189412"}],"wp:featuredmedia":[{"embeddable":true,"href":"https:\/\/news.canadamotorjobs.com\/fr\/wp-json\/wp\/v2\/media\/189387"}],"wp:attachment":[{"href":"https:\/\/news.canadamotorjobs.com\/fr\/wp-json\/wp\/v2\/media?parent=189385"}],"wp:term":[{"taxonomy":"category","embeddable":true,"href":"https:\/\/news.canadamotorjobs.com\/fr\/wp-json\/wp\/v2\/categories?post=189385"},{"taxonomy":"post_tag","embeddable":true,"href":"https:\/\/news.canadamotorjobs.com\/fr\/wp-json\/wp\/v2\/tags?post=189385"}],"curies":[{"name":"wp","href":"https:\/\/api.w.org\/{rel}","templated":true}]}}