{"id":189358,"date":"2025-01-16T06:29:18","date_gmt":"2025-01-16T11:29:18","guid":{"rendered":"https:\/\/news.canadamotorjobs.com\/?p=189358"},"modified":"2025-01-16T06:44:15","modified_gmt":"2025-01-16T11:44:15","slug":"des-constructeurs-automobiles-chinois-sinteressent-aux-usines-allemandes-de-volkswagen-destinees-a-la-fermeture","status":"publish","type":"post","link":"https:\/\/news.canadamotorjobs.com\/fr\/des-constructeurs-automobiles-chinois-sinteressent-aux-usines-allemandes-de-volkswagen-destinees-a-la-fermeture\/","title":{"rendered":"Des constructeurs automobiles chinois s\u2019int\u00e9ressent aux usines allemandes de Volkswagen destin\u00e9es \u00e0 la fermeture."},"content":{"rendered":"<\/p>\n<p>Des constructeurs automobiles chinois et des responsables gouvernementaux s\u2019int\u00e9ressent aux usines allemandes de Volkswagen destin\u00e9es \u00e0 la fermeture. Selon une source proche des discussions, cette acquisition permettrait \u00e0 la Chine de renforcer son influence dans l\u2019un des secteurs industriels les plus prestigieux d\u2019Allemagne : l\u2019automobile. Avec l\u2019\u00e9mergence des v\u00e9hicules \u00e9lectriques (VE), l\u2019Allemagne, berceau de marques embl\u00e9matiques comme Audi et Porsche, est devenue une cible strat\u00e9gique. Acheter une usine en Allemagne offrirait aux constructeurs chinois une entr\u00e9e directe sur le march\u00e9 europ\u00e9en, tout en \u00e9vitant les taxes impos\u00e9es sur les VE import\u00e9s.<\/p>\n<h3>Volkswagen : Entre Rationalisation et R\u00e9sistance Syndicale<\/h3>\n<p>\nSous pression pour r\u00e9duire ses co\u00fbts, Volkswagen a d\u00e9cid\u00e9 de cesser la production dans deux de ses usines allemandes :<\/p>\n<ul><\/p>\n<li><strong>Dresde<\/strong> : une usine de 340 employ\u00e9s produisant l\u2019ID.3, dont les activit\u00e9s s\u2019arr\u00eateront en 2025.<\/li>\n<p><\/p>\n<li><strong>Osnabr\u00fcck<\/strong> : une usine avec 2 300 salari\u00e9s fabriquant le T-Roc Cabrio, pr\u00e9vue pour fermer en 2027.<\/li>\n<p>\n<\/ul>\n<p>\nCes fermetures s&#8217;inscrivent dans une strat\u00e9gie visant \u00e0 contrer la baisse des ventes, exacerb\u00e9e par une concurrence accrue des constructeurs chinois. Bien que Volkswagen explore des solutions de rechange, notamment la vente de ces sites, les discussions se heurtent \u00e0 la r\u00e9sistance des syndicats allemands.<\/p>\n<h3>Les Constructeurs Chinois \u00e0 l\u2019Aff\u00fbt<\/h3>\n<p>\nDe nombreux constructeurs chinois, comme BYD, Leapmotor et Chery Auto, envisagent d\u2019\u00e9tablir des usines en Europe pour contourner les barri\u00e8res tarifaires. Certains privil\u00e9gient des pays \u00e0 faibles co\u00fbts de production, comme la Hongrie ou la Turquie, tandis que d&#8217;autres consid\u00e8rent l&#8217;Allemagne comme un tremplin strat\u00e9gique. Un porte-parole de Chery Auto a d\u00e9clar\u00e9 :<\/p>\n<blockquote><p>\u00ab Acheter une usine existante permettrait un d\u00e9marrage plus rapide, mais construire une nouvelle usine offrirait l\u2019avantage de r\u00e9pondre aux derni\u00e8res normes. \u00bb<\/p><\/blockquote>\n<p><\/p>\n<h3>Une Tension Politique et \u00c9conomique<\/h3>\n<p>\nL&#8217;int\u00e9r\u00eat chinois pour les usines allemandes de Volkswagen s&#8217;inscrit dans un contexte politique tendu. Alors que l&#8217;Allemagne cherche \u00e0 r\u00e9duire sa d\u00e9pendance vis-\u00e0-vis de la Chine, les relations bilat\u00e9rales se refroidissent. La ministre des Affaires \u00e9trang\u00e8res, Annalena Baerbock, a qualifi\u00e9 la Chine de \u00ab rival syst\u00e9mique \u00bb, exacerbant les frictions. Cependant, les investisseurs chinois restent optimistes. Selon la chambre de commerce chinoise \u00e0 Berlin, conqu\u00e9rir le march\u00e9 allemand est un symbole de r\u00e9ussite pour les fabricants de VE.<\/p>\n<h3>Une Transformation de l\u2019Industrie Europ\u00e9enne<\/h3>\n<p>\nLa vente potentielle des usines Volkswagen \u00e0 des investisseurs chinois pourrait red\u00e9finir le paysage de l&#8217;industrie automobile en Europe. Alors que la transition vers l\u2019\u00e9lectrique bouleverse le march\u00e9, cette initiative pourrait intensifier la concurrence et poser de nouveaux d\u00e9fis aux constructeurs europ\u00e9ens. Avec des usines allemandes en jeu, cette d\u00e9cision pourrait marquer un tournant d\u00e9cisif pour l\u2019avenir de la collaboration sino-europ\u00e9enne dans le secteur automobile. <strong>L\u2019histoire est en marche.<\/strong><\/p>\n<p>Avec des renseignements de Reuters<\/p>\n<p>Le texte <a rel=\"nofollow\" href=\"https:\/\/annuelauto.ca\/usines-volkswagen-constructeurs-chinois\/\">Des constructeurs automobiles chinois s\u2019int\u00e9ressent aux usines allemandes de Volkswagen destin\u00e9es \u00e0 la fermeture.<\/a> provient de <a rel=\"nofollow\" href=\"https:\/\/annuelauto.ca\">L&#8217;annuel de l&#8217;automobile &#8211; Actualit\u00e9 automobile<\/a><\/p>\n<p><\/p>\n","protected":false},"excerpt":{"rendered":"<p>Des constructeurs automobiles chinois et des responsables gouvernementaux s\u2019int\u00e9ressent aux usines allemandes de Volkswagen destin\u00e9es \u00e0 la fermeture. Selon une source proche des discussions, cette acquisition permettrait \u00e0 la Chine de renforcer son influence dans l\u2019un des secteurs industriels les plus prestigieux d\u2019Allemagne : l\u2019automobile. Avec l\u2019\u00e9mergence des v\u00e9hicules \u00e9lectriques (VE), l\u2019Allemagne, berceau de marques [&hellip;]<\/p>\n","protected":false},"author":8,"featured_media":189360,"comment_status":"close","ping_status":"closed","sticky":false,"template":"","format":"standard","meta":{"_monsterinsights_skip_tracking":false,"_monsterinsights_sitenote_active":false,"_monsterinsights_sitenote_note":"","_monsterinsights_sitenote_category":0,"footnotes":""},"categories":[101],"tags":[],"yoast_head":"<!-- This site is optimized with the Yoast SEO plugin v23.2 - https:\/\/yoast.com\/wordpress\/plugins\/seo\/ -->\n<title>Des constructeurs automobiles chinois s\u2019int\u00e9ressent aux usines allemandes de Volkswagen destin\u00e9es \u00e0 la fermeture. - CanadaMotorJobs.com<\/title>\n<meta name=\"description\" content=\"Des constructeurs automobiles chinois s\u2019int\u00e9ressent aux usines allemandes de Volkswagen destin\u00e9es \u00e0 la fermeture. - Benoit Charette - Annuel automobile - CanadaMotorJobs.com.\" \/>\n<meta name=\"robots\" content=\"index, follow, max-snippet:-1, max-image-preview:large, max-video-preview:-1\" \/>\n<meta property=\"og:locale\" content=\"fr_CA\" \/>\n<meta property=\"og:type\" content=\"article\" \/>\n<meta property=\"og:title\" content=\"Des constructeurs automobiles chinois s\u2019int\u00e9ressent aux usines allemandes de Volkswagen destin\u00e9es \u00e0 la fermeture. - CanadaMotorJobs.com\" \/>\n<meta property=\"og:description\" content=\"Des constructeurs automobiles chinois s\u2019int\u00e9ressent aux usines allemandes de Volkswagen destin\u00e9es \u00e0 la fermeture. - Benoit Charette - Annuel automobile - CanadaMotorJobs.com.\" \/>\n<meta property=\"og:url\" content=\"https:\/\/news.canadamotorjobs.com\/fr\/des-constructeurs-automobiles-chinois-sinteressent-aux-usines-allemandes-de-volkswagen-destinees-a-la-fermeture\/\" \/>\n<meta property=\"og:site_name\" content=\"CanadaMotorJobs.com\" \/>\n<meta property=\"article:publisher\" content=\"https:\/\/www.facebook.com\/canadamotorjobs\/\" \/>\n<meta property=\"article:published_time\" content=\"2025-01-16T11:29:18+00:00\" \/>\n<meta property=\"article:modified_time\" content=\"2025-01-16T11:44:15+00:00\" \/>\n<meta property=\"og:image\" content=\"https:\/\/news.canadamotorjobs.com\/wp-content\/uploads\/2025\/01\/DB2012IM00049_web_1600.jpg\" \/>\n\t<meta property=\"og:image:width\" content=\"1600\" \/>\n\t<meta property=\"og:image:height\" content=\"592\" \/>\n\t<meta property=\"og:image:type\" content=\"image\/jpeg\" \/>\n<meta name=\"author\" content=\"Benoit Charette\" \/>\n<meta name=\"twitter:card\" content=\"summary_large_image\" \/>\n<meta name=\"twitter:creator\" content=\"@canadamotorjobs\" \/>\n<meta name=\"twitter:site\" content=\"@canadamotorjobs\" \/>\n<meta name=\"twitter:label1\" content=\"\u00c9crit par\" \/>\n\t<meta name=\"twitter:data1\" content=\"Benoit Charette\" \/>\n\t<meta name=\"twitter:label2\" content=\"Estimation du temps de lecture\" \/>\n\t<meta name=\"twitter:data2\" content=\"3 minutes\" \/>\n<!-- \/ Yoast SEO plugin. -->","yoast_head_json":{"title":"Des constructeurs automobiles chinois s\u2019int\u00e9ressent aux usines allemandes de Volkswagen destin\u00e9es \u00e0 la fermeture. - CanadaMotorJobs.com","description":"Des constructeurs automobiles chinois s\u2019int\u00e9ressent aux usines allemandes de Volkswagen destin\u00e9es \u00e0 la fermeture. - Benoit Charette - Annuel automobile - CanadaMotorJobs.com.","robots":{"index":"index","follow":"follow","max-snippet":"max-snippet:-1","max-image-preview":"max-image-preview:large","max-video-preview":"max-video-preview:-1"},"og_locale":"fr_CA","og_type":"article","og_title":"Des constructeurs automobiles chinois s\u2019int\u00e9ressent aux usines allemandes de Volkswagen destin\u00e9es \u00e0 la fermeture. - CanadaMotorJobs.com","og_description":"Des constructeurs automobiles chinois s\u2019int\u00e9ressent aux usines allemandes de Volkswagen destin\u00e9es \u00e0 la fermeture. - Benoit Charette - Annuel automobile - CanadaMotorJobs.com.","og_url":"https:\/\/news.canadamotorjobs.com\/fr\/des-constructeurs-automobiles-chinois-sinteressent-aux-usines-allemandes-de-volkswagen-destinees-a-la-fermeture\/","og_site_name":"CanadaMotorJobs.com","article_publisher":"https:\/\/www.facebook.com\/canadamotorjobs\/","article_published_time":"2025-01-16T11:29:18+00:00","article_modified_time":"2025-01-16T11:44:15+00:00","og_image":[{"width":1600,"height":592,"url":"https:\/\/news.canadamotorjobs.com\/wp-content\/uploads\/2025\/01\/DB2012IM00049_web_1600.jpg","type":"image\/jpeg"}],"author":"Benoit Charette","twitter_card":"summary_large_image","twitter_creator":"@canadamotorjobs","twitter_site":"@canadamotorjobs","twitter_misc":{"\u00c9crit par":"Benoit Charette","Estimation du temps de lecture":"3 minutes"},"schema":{"@context":"https:\/\/schema.org","@graph":[{"@type":"Article","@id":"https:\/\/news.canadamotorjobs.com\/fr\/des-constructeurs-automobiles-chinois-sinteressent-aux-usines-allemandes-de-volkswagen-destinees-a-la-fermeture\/#article","isPartOf":{"@id":"https:\/\/news.canadamotorjobs.com\/fr\/des-constructeurs-automobiles-chinois-sinteressent-aux-usines-allemandes-de-volkswagen-destinees-a-la-fermeture\/"},"author":{"name":"Benoit Charette","@id":"https:\/\/news.canadamotorjobs.com\/#\/schema\/person\/51793d1f87d44011d7bcc2ed99269a90"},"headline":"Des constructeurs automobiles chinois s\u2019int\u00e9ressent aux usines allemandes de Volkswagen destin\u00e9es \u00e0 la fermeture.","datePublished":"2025-01-16T11:29:18+00:00","dateModified":"2025-01-16T11:44:15+00:00","mainEntityOfPage":{"@id":"https:\/\/news.canadamotorjobs.com\/fr\/des-constructeurs-automobiles-chinois-sinteressent-aux-usines-allemandes-de-volkswagen-destinees-a-la-fermeture\/"},"wordCount":528,"publisher":{"@id":"https:\/\/news.canadamotorjobs.com\/#organization"},"image":{"@id":"https:\/\/news.canadamotorjobs.com\/fr\/des-constructeurs-automobiles-chinois-sinteressent-aux-usines-allemandes-de-volkswagen-destinees-a-la-fermeture\/#primaryimage"},"thumbnailUrl":"https:\/\/news.canadamotorjobs.com\/wp-content\/uploads\/2025\/01\/DB2012IM00049_web_1600.jpg","articleSection":["Annuel automobile"],"inLanguage":"fr-CA"},{"@type":"WebPage","@id":"https:\/\/news.canadamotorjobs.com\/fr\/des-constructeurs-automobiles-chinois-sinteressent-aux-usines-allemandes-de-volkswagen-destinees-a-la-fermeture\/","url":"https:\/\/news.canadamotorjobs.com\/fr\/des-constructeurs-automobiles-chinois-sinteressent-aux-usines-allemandes-de-volkswagen-destinees-a-la-fermeture\/","name":"Des constructeurs automobiles chinois s\u2019int\u00e9ressent aux usines allemandes de Volkswagen destin\u00e9es \u00e0 la fermeture. - CanadaMotorJobs.com","isPartOf":{"@id":"https:\/\/news.canadamotorjobs.com\/#website"},"primaryImageOfPage":{"@id":"https:\/\/news.canadamotorjobs.com\/fr\/des-constructeurs-automobiles-chinois-sinteressent-aux-usines-allemandes-de-volkswagen-destinees-a-la-fermeture\/#primaryimage"},"image":{"@id":"https:\/\/news.canadamotorjobs.com\/fr\/des-constructeurs-automobiles-chinois-sinteressent-aux-usines-allemandes-de-volkswagen-destinees-a-la-fermeture\/#primaryimage"},"thumbnailUrl":"https:\/\/news.canadamotorjobs.com\/wp-content\/uploads\/2025\/01\/DB2012IM00049_web_1600.jpg","datePublished":"2025-01-16T11:29:18+00:00","dateModified":"2025-01-16T11:44:15+00:00","description":"Des constructeurs automobiles chinois s\u2019int\u00e9ressent aux usines allemandes de Volkswagen destin\u00e9es \u00e0 la fermeture. - Benoit Charette - Annuel automobile - CanadaMotorJobs.com.","breadcrumb":{"@id":"https:\/\/news.canadamotorjobs.com\/fr\/des-constructeurs-automobiles-chinois-sinteressent-aux-usines-allemandes-de-volkswagen-destinees-a-la-fermeture\/#breadcrumb"},"inLanguage":"fr-CA","potentialAction":[{"@type":"ReadAction","target":["https:\/\/news.canadamotorjobs.com\/fr\/des-constructeurs-automobiles-chinois-sinteressent-aux-usines-allemandes-de-volkswagen-destinees-a-la-fermeture\/"]}]},{"@type":"ImageObject","inLanguage":"fr-CA","@id":"https:\/\/news.canadamotorjobs.com\/fr\/des-constructeurs-automobiles-chinois-sinteressent-aux-usines-allemandes-de-volkswagen-destinees-a-la-fermeture\/#primaryimage","url":"https:\/\/news.canadamotorjobs.com\/wp-content\/uploads\/2025\/01\/DB2012IM00049_web_1600.jpg","contentUrl":"https:\/\/news.canadamotorjobs.com\/wp-content\/uploads\/2025\/01\/DB2012IM00049_web_1600.jpg","width":1600,"height":592},{"@type":"BreadcrumbList","@id":"https:\/\/news.canadamotorjobs.com\/fr\/des-constructeurs-automobiles-chinois-sinteressent-aux-usines-allemandes-de-volkswagen-destinees-a-la-fermeture\/#breadcrumb","itemListElement":[{"@type":"ListItem","position":1,"name":"Home","item":"https:\/\/news.canadamotorjobs.com\/fr\/blog\/"},{"@type":"ListItem","position":2,"name":"Des constructeurs automobiles chinois s\u2019int\u00e9ressent aux usines allemandes de Volkswagen destin\u00e9es \u00e0 la fermeture."}]},{"@type":"WebSite","@id":"https:\/\/news.canadamotorjobs.com\/#website","url":"https:\/\/news.canadamotorjobs.com\/","name":"CanadaMotorJobs.com","description":"Automotive Jobs","publisher":{"@id":"https:\/\/news.canadamotorjobs.com\/#organization"},"potentialAction":[{"@type":"SearchAction","target":{"@type":"EntryPoint","urlTemplate":"https:\/\/news.canadamotorjobs.com\/?s={search_term_string}"},"query-input":"required name=search_term_string"}],"inLanguage":"fr-CA"},{"@type":"Organization","@id":"https:\/\/news.canadamotorjobs.com\/#organization","name":"Canada Motor Jobs","url":"https:\/\/news.canadamotorjobs.com\/","logo":{"@type":"ImageObject","inLanguage":"fr-CA","@id":"https:\/\/news.canadamotorjobs.com\/#\/schema\/logo\/image\/","url":"https:\/\/news.canadamotorjobs.com\/wp-content\/uploads\/2022\/10\/logo-canada-motor-jobs-1.png","contentUrl":"https:\/\/news.canadamotorjobs.com\/wp-content\/uploads\/2022\/10\/logo-canada-motor-jobs-1.png","width":800,"height":400,"caption":"Canada Motor Jobs"},"image":{"@id":"https:\/\/news.canadamotorjobs.com\/#\/schema\/logo\/image\/"},"sameAs":["https:\/\/www.facebook.com\/canadamotorjobs\/","https:\/\/x.com\/canadamotorjobs","https:\/\/www.instagram.com\/canadamotorjobs\/","https:\/\/www.linkedin.com\/company\/canadamotorjobs"]},{"@type":"Person","@id":"https:\/\/news.canadamotorjobs.com\/#\/schema\/person\/51793d1f87d44011d7bcc2ed99269a90","name":"Benoit Charette","image":{"@type":"ImageObject","inLanguage":"fr-CA","@id":"https:\/\/news.canadamotorjobs.com\/#\/schema\/person\/image\/","url":"https:\/\/secure.gravatar.com\/avatar\/45f3d2eebcccd909668d7ce7ea7267b6?s=96&d=mm&r=g","contentUrl":"https:\/\/secure.gravatar.com\/avatar\/45f3d2eebcccd909668d7ce7ea7267b6?s=96&d=mm&r=g","caption":"Benoit Charette"},"description":"Benoit Charette \/ Propri\u00e9taire et r\u00e9dacteur en chef Benoit Charette pratique le journalisme automobile depuis bient\u00f4t 30 ans. Il a fait ses classes au c\u00f4t\u00e9 de Daniel H\u00e9raud et au Carnet de route de 1992 \u00e0 2001. Il est fondateur, copropri\u00e9taire et r\u00e9dacteur en chef de L\u2019Annuel de l\u2019automobile, qu\u2019il publie depuis 2001. Il a anim\u00e9 les \u00e9missions RPM et RPM+ sur V et les L\u00e9gendes de la route sur Historia. \u00c0 la radio depuis 1986, il reprend l\u2019antenne cette ann\u00e9e sur les ondes de Cogeco et participe pour la deuxi\u00e8me ann\u00e9e \u00e0 l\u2019\u00e9mission Passion Auto sur RDS en plus de mettre en ligne le site Web officiel de L\u2019Annuel de l\u2019automobile sur annuelauto.ca.","sameAs":["https:\/\/annuelauto.ca\/"],"url":"https:\/\/news.canadamotorjobs.com\/fr\/author\/benoit-charette\/"}]}},"_links":{"self":[{"href":"https:\/\/news.canadamotorjobs.com\/fr\/wp-json\/wp\/v2\/posts\/189358"}],"collection":[{"href":"https:\/\/news.canadamotorjobs.com\/fr\/wp-json\/wp\/v2\/posts"}],"about":[{"href":"https:\/\/news.canadamotorjobs.com\/fr\/wp-json\/wp\/v2\/types\/post"}],"author":[{"embeddable":true,"href":"https:\/\/news.canadamotorjobs.com\/fr\/wp-json\/wp\/v2\/users\/8"}],"replies":[{"embeddable":true,"href":"https:\/\/news.canadamotorjobs.com\/fr\/wp-json\/wp\/v2\/comments?post=189358"}],"version-history":[{"count":2,"href":"https:\/\/news.canadamotorjobs.com\/fr\/wp-json\/wp\/v2\/posts\/189358\/revisions"}],"predecessor-version":[{"id":189362,"href":"https:\/\/news.canadamotorjobs.com\/fr\/wp-json\/wp\/v2\/posts\/189358\/revisions\/189362"}],"wp:featuredmedia":[{"embeddable":true,"href":"https:\/\/news.canadamotorjobs.com\/fr\/wp-json\/wp\/v2\/media\/189360"}],"wp:attachment":[{"href":"https:\/\/news.canadamotorjobs.com\/fr\/wp-json\/wp\/v2\/media?parent=189358"}],"wp:term":[{"taxonomy":"category","embeddable":true,"href":"https:\/\/news.canadamotorjobs.com\/fr\/wp-json\/wp\/v2\/categories?post=189358"},{"taxonomy":"post_tag","embeddable":true,"href":"https:\/\/news.canadamotorjobs.com\/fr\/wp-json\/wp\/v2\/tags?post=189358"}],"curies":[{"name":"wp","href":"https:\/\/api.w.org\/{rel}","templated":true}]}}