{"id":189331,"date":"2025-01-16T06:43:44","date_gmt":"2025-01-16T11:43:44","guid":{"rendered":"https:\/\/news.canadamotorjobs.com\/?p=189331"},"modified":"2025-01-16T06:44:05","modified_gmt":"2025-01-16T11:44:05","slug":"porsche-envisage-une-nouvelle-generation-du-macan-a-essence","status":"publish","type":"post","link":"https:\/\/news.canadamotorjobs.com\/fr\/porsche-envisage-une-nouvelle-generation-du-macan-a-essence\/","title":{"rendered":"Porsche Envisage une Nouvelle G\u00e9n\u00e9ration du Macan \u00e0 Essence"},"content":{"rendered":"<\/p>\n<p>Devant l&#8217;insucc\u00e8s de la vente de ses mod\u00e8les \u00e9lectriques, <strong>Porsche<\/strong> pourrait revenir sur sa d\u00e9cision de ne proposer que des versions \u00e9lectriques de son <strong>Macan<\/strong> de nouvelle g\u00e9n\u00e9ration. Selon des sources cit\u00e9es par Autocar, le constructeur explore diff\u00e9rentes options pour r\u00e9pondre \u00e0 une demande persistante en moteurs \u00e0 essence dans le segment du luxe.<\/p>\n<h4>Le Macan \u00c9lectrique : peu d&#8217;adeptes<\/h4>\n<p>\nLanc\u00e9 \u00e0 l\u2019automne 2024, le <strong>Macan \u00e9lectrique<\/strong> a enregistr\u00e9 <strong>18 278 unit\u00e9s vendues<\/strong> \u00e0 la fin de l\u2019ann\u00e9e. Cependant, ce chiffre reste loin derri\u00e8re les <strong>64 517 unit\u00e9s<\/strong> de la version essence sur la m\u00eame p\u00e9riode. Avec une performance combin\u00e9e en baisse de 5 % par rapport \u00e0 2023, Porsche reste prudent quant \u00e0 l\u2019avenir \u00e0 long terme de son SUV \u00e9lectrique. Le recul des ventes de la Taycan, le premier mod\u00e8le \u00e9lectrique de Porsche, alimente \u00e9galement ces doutes. En 2024, seulement <strong>20 836 Taycan<\/strong> ont \u00e9t\u00e9 livr\u00e9es, marquant une chute de <strong>49 %<\/strong> par rapport \u00e0 2023, en partie attribu\u00e9e \u00e0 l&#8217;attente du mod\u00e8le rafra\u00eechi.<\/p>\n<h3>Sc\u00e9narios Possibles pour le Macan<\/h3>\n<p><\/p>\n<ol><\/p>\n<li><strong>Une Nouvelle G\u00e9n\u00e9ration \u00e0 Essence<\/strong><br \/>\nPorsche envisagerait de d\u00e9velopper une nouvelle version du <strong>Macan \u00e0 moteur thermique<\/strong>, r\u00e9pondant \u00e0 la demande persistante pour des moteurs \u00e0 essence dans les segments premium.<\/li>\n<p><\/p>\n<li><strong>Une Variante Hybride<\/strong><br \/>\nUne autre possibilit\u00e9 serait de modifier le Macan \u00e9lectrique pour int\u00e9grer une motorisation hybride, notamment un syst\u00e8me hybride rechargeable en s\u00e9rie, o\u00f9 le moteur thermique agirait comme un g\u00e9n\u00e9rateur pour prolonger l\u2019autonomie. Cette configuration, d\u00e9j\u00e0 envisag\u00e9e par Volkswagen pour ses mod\u00e8les Scout, pourrait s\u00e9duire davantage que les versions purement \u00e9lectriques.<\/li>\n<p>\n<\/ol>\n<p><\/p>\n<h3>Une Strat\u00e9gie R\u00e9vis\u00e9e pour l\u2019\u00c9lectrique<\/h3>\n<p>\nPorsche avait initialement pour objectif que <strong>80 % de ses ventes soient \u00e9lectriques d\u2019ici 2030<\/strong>. Cependant, face au ralentissement de la demande, cet objectif a \u00e9t\u00e9 abandonn\u00e9. D\u00e9sormais, le constructeur pr\u00e9voit de maintenir les moteurs thermiques, y compris les <strong>V8<\/strong>, bien au-del\u00e0 de cette date.<\/p>\n<h3>Une Offre Diversifi\u00e9e pour Rester Comp\u00e9titif<\/h3>\n<p><\/p>\n<ul><\/p>\n<li><strong>Macan<\/strong> : La version actuelle \u00e0 essence restera disponible jusqu\u2019\u00e0 l\u2019arr\u00eat de production pr\u00e9vu en 2025.<\/li>\n<p><\/p>\n<li><strong>Cayenne<\/strong> : Confirm\u00e9 pour rester en vente apr\u00e8s 2030, avec des mises \u00e0 jour pr\u00e9vues. Une version \u00e9lectrique est attendue en 2026.<\/li>\n<p><\/p>\n<li><strong>Panamera<\/strong> : R\u00e9cemment redessin\u00e9e, elle continuera probablement \u00e0 offrir des motorisations thermiques.<\/li>\n<p><\/p>\n<li><strong>911<\/strong> : Embl\u00e8me de Porsche, elle devrait conserver ses moteurs \u00e0 essence dans la prochaine d\u00e9cennie.<\/li>\n<p>\n<\/ul>\n<p><\/p>\n<h3>Conclusion : Porsche Face \u00e0 un Virage Strat\u00e9gique<\/h3>\n<p>\nFace aux incertitudes du march\u00e9, Porsche mise sur une <strong>strat\u00e9gie hybride<\/strong> en combinant des offres \u00e9lectriques, hybrides et thermiques. Le Macan pourrait devenir un symbole de cette adaptation, avec une nouvelle g\u00e9n\u00e9ration \u00e0 essence ou hybride dans les tuyaux. En maintenant une offre diversifi\u00e9e, Porsche entend satisfaire une client\u00e8le exigeante tout en s\u2019adaptant aux \u00e9volutions du march\u00e9.<\/p>\n<p>Avec des renseignements de Motor Authority<\/p>\n<p>Le texte <a rel=\"nofollow\" href=\"https:\/\/annuelauto.ca\/porsche-macan-essence-hybride-avenir\/\">Porsche Envisage une Nouvelle G\u00e9n\u00e9ration du Macan \u00e0 Essence<\/a> provient de <a rel=\"nofollow\" href=\"https:\/\/annuelauto.ca\">L&#8217;annuel de l&#8217;automobile &#8211; Actualit\u00e9 automobile<\/a><\/p>\n<p><\/p>\n","protected":false},"excerpt":{"rendered":"<p>Devant l&#8217;insucc\u00e8s de la vente de ses mod\u00e8les \u00e9lectriques, Porsche pourrait revenir sur sa d\u00e9cision de ne proposer que des versions \u00e9lectriques de son Macan de nouvelle g\u00e9n\u00e9ration. Selon des sources cit\u00e9es par Autocar, le constructeur explore diff\u00e9rentes options pour r\u00e9pondre \u00e0 une demande persistante en moteurs \u00e0 essence dans le segment du luxe. Le [&hellip;]<\/p>\n","protected":false},"author":8,"featured_media":189333,"comment_status":"close","ping_status":"closed","sticky":false,"template":"","format":"standard","meta":{"_monsterinsights_skip_tracking":false,"_monsterinsights_sitenote_active":false,"_monsterinsights_sitenote_note":"","_monsterinsights_sitenote_category":0,"footnotes":""},"categories":[101],"tags":[],"yoast_head":"<!-- This site is optimized with the Yoast SEO plugin v23.2 - https:\/\/yoast.com\/wordpress\/plugins\/seo\/ -->\n<title>Porsche Envisage une Nouvelle G\u00e9n\u00e9ration du Macan \u00e0 Essence - CanadaMotorJobs.com<\/title>\n<meta name=\"description\" content=\"Porsche Envisage une Nouvelle G\u00e9n\u00e9ration du Macan \u00e0 Essence - Benoit Charette - Annuel automobile - CanadaMotorJobs.com.\" \/>\n<meta name=\"robots\" content=\"index, follow, max-snippet:-1, max-image-preview:large, max-video-preview:-1\" \/>\n<meta property=\"og:locale\" content=\"fr_CA\" \/>\n<meta property=\"og:type\" content=\"article\" \/>\n<meta property=\"og:title\" content=\"Porsche Envisage une Nouvelle G\u00e9n\u00e9ration du Macan \u00e0 Essence - CanadaMotorJobs.com\" \/>\n<meta property=\"og:description\" content=\"Porsche Envisage une Nouvelle G\u00e9n\u00e9ration du Macan \u00e0 Essence - Benoit Charette - Annuel automobile - CanadaMotorJobs.com.\" \/>\n<meta property=\"og:url\" content=\"https:\/\/news.canadamotorjobs.com\/fr\/porsche-envisage-une-nouvelle-generation-du-macan-a-essence\/\" \/>\n<meta property=\"og:site_name\" content=\"CanadaMotorJobs.com\" \/>\n<meta property=\"article:publisher\" content=\"https:\/\/www.facebook.com\/canadamotorjobs\/\" \/>\n<meta property=\"article:published_time\" content=\"2025-01-16T11:43:44+00:00\" \/>\n<meta property=\"article:modified_time\" content=\"2025-01-16T11:44:05+00:00\" \/>\n<meta property=\"og:image\" content=\"https:\/\/news.canadamotorjobs.com\/wp-content\/uploads\/2025\/01\/2022_Jet_Black_Metallic_Macan_T_022_DSC06759.jpg\" \/>\n\t<meta property=\"og:image:width\" content=\"1920\" \/>\n\t<meta property=\"og:image:height\" content=\"1280\" \/>\n\t<meta property=\"og:image:type\" content=\"image\/jpeg\" \/>\n<meta name=\"author\" content=\"Benoit Charette\" \/>\n<meta name=\"twitter:card\" content=\"summary_large_image\" \/>\n<meta name=\"twitter:creator\" content=\"@canadamotorjobs\" \/>\n<meta name=\"twitter:site\" content=\"@canadamotorjobs\" \/>\n<meta name=\"twitter:label1\" content=\"\u00c9crit par\" \/>\n\t<meta name=\"twitter:data1\" content=\"Benoit Charette\" \/>\n\t<meta name=\"twitter:label2\" content=\"Estimation du temps de lecture\" \/>\n\t<meta name=\"twitter:data2\" content=\"2 minutes\" \/>\n<!-- \/ Yoast SEO plugin. -->","yoast_head_json":{"title":"Porsche Envisage une Nouvelle G\u00e9n\u00e9ration du Macan \u00e0 Essence - CanadaMotorJobs.com","description":"Porsche Envisage une Nouvelle G\u00e9n\u00e9ration du Macan \u00e0 Essence - Benoit Charette - Annuel automobile - CanadaMotorJobs.com.","robots":{"index":"index","follow":"follow","max-snippet":"max-snippet:-1","max-image-preview":"max-image-preview:large","max-video-preview":"max-video-preview:-1"},"og_locale":"fr_CA","og_type":"article","og_title":"Porsche Envisage une Nouvelle G\u00e9n\u00e9ration du Macan \u00e0 Essence - CanadaMotorJobs.com","og_description":"Porsche Envisage une Nouvelle G\u00e9n\u00e9ration du Macan \u00e0 Essence - Benoit Charette - Annuel automobile - CanadaMotorJobs.com.","og_url":"https:\/\/news.canadamotorjobs.com\/fr\/porsche-envisage-une-nouvelle-generation-du-macan-a-essence\/","og_site_name":"CanadaMotorJobs.com","article_publisher":"https:\/\/www.facebook.com\/canadamotorjobs\/","article_published_time":"2025-01-16T11:43:44+00:00","article_modified_time":"2025-01-16T11:44:05+00:00","og_image":[{"width":1920,"height":1280,"url":"https:\/\/news.canadamotorjobs.com\/wp-content\/uploads\/2025\/01\/2022_Jet_Black_Metallic_Macan_T_022_DSC06759.jpg","type":"image\/jpeg"}],"author":"Benoit Charette","twitter_card":"summary_large_image","twitter_creator":"@canadamotorjobs","twitter_site":"@canadamotorjobs","twitter_misc":{"\u00c9crit par":"Benoit Charette","Estimation du temps de lecture":"2 minutes"},"schema":{"@context":"https:\/\/schema.org","@graph":[{"@type":"Article","@id":"https:\/\/news.canadamotorjobs.com\/fr\/porsche-envisage-une-nouvelle-generation-du-macan-a-essence\/#article","isPartOf":{"@id":"https:\/\/news.canadamotorjobs.com\/fr\/porsche-envisage-une-nouvelle-generation-du-macan-a-essence\/"},"author":{"name":"Benoit Charette","@id":"https:\/\/news.canadamotorjobs.com\/#\/schema\/person\/51793d1f87d44011d7bcc2ed99269a90"},"headline":"Porsche Envisage une Nouvelle G\u00e9n\u00e9ration du Macan \u00e0 Essence","datePublished":"2025-01-16T11:43:44+00:00","dateModified":"2025-01-16T11:44:05+00:00","mainEntityOfPage":{"@id":"https:\/\/news.canadamotorjobs.com\/fr\/porsche-envisage-une-nouvelle-generation-du-macan-a-essence\/"},"wordCount":499,"publisher":{"@id":"https:\/\/news.canadamotorjobs.com\/#organization"},"image":{"@id":"https:\/\/news.canadamotorjobs.com\/fr\/porsche-envisage-une-nouvelle-generation-du-macan-a-essence\/#primaryimage"},"thumbnailUrl":"https:\/\/news.canadamotorjobs.com\/wp-content\/uploads\/2025\/01\/2022_Jet_Black_Metallic_Macan_T_022_DSC06759.jpg","articleSection":["Annuel automobile"],"inLanguage":"fr-CA"},{"@type":"WebPage","@id":"https:\/\/news.canadamotorjobs.com\/fr\/porsche-envisage-une-nouvelle-generation-du-macan-a-essence\/","url":"https:\/\/news.canadamotorjobs.com\/fr\/porsche-envisage-une-nouvelle-generation-du-macan-a-essence\/","name":"Porsche Envisage une Nouvelle G\u00e9n\u00e9ration du Macan \u00e0 Essence - CanadaMotorJobs.com","isPartOf":{"@id":"https:\/\/news.canadamotorjobs.com\/#website"},"primaryImageOfPage":{"@id":"https:\/\/news.canadamotorjobs.com\/fr\/porsche-envisage-une-nouvelle-generation-du-macan-a-essence\/#primaryimage"},"image":{"@id":"https:\/\/news.canadamotorjobs.com\/fr\/porsche-envisage-une-nouvelle-generation-du-macan-a-essence\/#primaryimage"},"thumbnailUrl":"https:\/\/news.canadamotorjobs.com\/wp-content\/uploads\/2025\/01\/2022_Jet_Black_Metallic_Macan_T_022_DSC06759.jpg","datePublished":"2025-01-16T11:43:44+00:00","dateModified":"2025-01-16T11:44:05+00:00","description":"Porsche Envisage une Nouvelle G\u00e9n\u00e9ration du Macan \u00e0 Essence - Benoit Charette - Annuel automobile - CanadaMotorJobs.com.","breadcrumb":{"@id":"https:\/\/news.canadamotorjobs.com\/fr\/porsche-envisage-une-nouvelle-generation-du-macan-a-essence\/#breadcrumb"},"inLanguage":"fr-CA","potentialAction":[{"@type":"ReadAction","target":["https:\/\/news.canadamotorjobs.com\/fr\/porsche-envisage-une-nouvelle-generation-du-macan-a-essence\/"]}]},{"@type":"ImageObject","inLanguage":"fr-CA","@id":"https:\/\/news.canadamotorjobs.com\/fr\/porsche-envisage-une-nouvelle-generation-du-macan-a-essence\/#primaryimage","url":"https:\/\/news.canadamotorjobs.com\/wp-content\/uploads\/2025\/01\/2022_Jet_Black_Metallic_Macan_T_022_DSC06759.jpg","contentUrl":"https:\/\/news.canadamotorjobs.com\/wp-content\/uploads\/2025\/01\/2022_Jet_Black_Metallic_Macan_T_022_DSC06759.jpg","width":1920,"height":1280},{"@type":"BreadcrumbList","@id":"https:\/\/news.canadamotorjobs.com\/fr\/porsche-envisage-une-nouvelle-generation-du-macan-a-essence\/#breadcrumb","itemListElement":[{"@type":"ListItem","position":1,"name":"Home","item":"https:\/\/news.canadamotorjobs.com\/fr\/blog\/"},{"@type":"ListItem","position":2,"name":"Porsche Envisage une Nouvelle G\u00e9n\u00e9ration du Macan \u00e0 Essence"}]},{"@type":"WebSite","@id":"https:\/\/news.canadamotorjobs.com\/#website","url":"https:\/\/news.canadamotorjobs.com\/","name":"CanadaMotorJobs.com","description":"Automotive Jobs","publisher":{"@id":"https:\/\/news.canadamotorjobs.com\/#organization"},"potentialAction":[{"@type":"SearchAction","target":{"@type":"EntryPoint","urlTemplate":"https:\/\/news.canadamotorjobs.com\/?s={search_term_string}"},"query-input":"required name=search_term_string"}],"inLanguage":"fr-CA"},{"@type":"Organization","@id":"https:\/\/news.canadamotorjobs.com\/#organization","name":"Canada Motor Jobs","url":"https:\/\/news.canadamotorjobs.com\/","logo":{"@type":"ImageObject","inLanguage":"fr-CA","@id":"https:\/\/news.canadamotorjobs.com\/#\/schema\/logo\/image\/","url":"https:\/\/news.canadamotorjobs.com\/wp-content\/uploads\/2022\/10\/logo-canada-motor-jobs-1.png","contentUrl":"https:\/\/news.canadamotorjobs.com\/wp-content\/uploads\/2022\/10\/logo-canada-motor-jobs-1.png","width":800,"height":400,"caption":"Canada Motor Jobs"},"image":{"@id":"https:\/\/news.canadamotorjobs.com\/#\/schema\/logo\/image\/"},"sameAs":["https:\/\/www.facebook.com\/canadamotorjobs\/","https:\/\/x.com\/canadamotorjobs","https:\/\/www.instagram.com\/canadamotorjobs\/","https:\/\/www.linkedin.com\/company\/canadamotorjobs"]},{"@type":"Person","@id":"https:\/\/news.canadamotorjobs.com\/#\/schema\/person\/51793d1f87d44011d7bcc2ed99269a90","name":"Benoit Charette","image":{"@type":"ImageObject","inLanguage":"fr-CA","@id":"https:\/\/news.canadamotorjobs.com\/#\/schema\/person\/image\/","url":"https:\/\/secure.gravatar.com\/avatar\/45f3d2eebcccd909668d7ce7ea7267b6?s=96&d=mm&r=g","contentUrl":"https:\/\/secure.gravatar.com\/avatar\/45f3d2eebcccd909668d7ce7ea7267b6?s=96&d=mm&r=g","caption":"Benoit Charette"},"description":"Benoit Charette \/ Propri\u00e9taire et r\u00e9dacteur en chef Benoit Charette pratique le journalisme automobile depuis bient\u00f4t 30 ans. Il a fait ses classes au c\u00f4t\u00e9 de Daniel H\u00e9raud et au Carnet de route de 1992 \u00e0 2001. Il est fondateur, copropri\u00e9taire et r\u00e9dacteur en chef de L\u2019Annuel de l\u2019automobile, qu\u2019il publie depuis 2001. Il a anim\u00e9 les \u00e9missions RPM et RPM+ sur V et les L\u00e9gendes de la route sur Historia. \u00c0 la radio depuis 1986, il reprend l\u2019antenne cette ann\u00e9e sur les ondes de Cogeco et participe pour la deuxi\u00e8me ann\u00e9e \u00e0 l\u2019\u00e9mission Passion Auto sur RDS en plus de mettre en ligne le site Web officiel de L\u2019Annuel de l\u2019automobile sur annuelauto.ca.","sameAs":["https:\/\/annuelauto.ca\/"],"url":"https:\/\/news.canadamotorjobs.com\/fr\/author\/benoit-charette\/"}]}},"_links":{"self":[{"href":"https:\/\/news.canadamotorjobs.com\/fr\/wp-json\/wp\/v2\/posts\/189331"}],"collection":[{"href":"https:\/\/news.canadamotorjobs.com\/fr\/wp-json\/wp\/v2\/posts"}],"about":[{"href":"https:\/\/news.canadamotorjobs.com\/fr\/wp-json\/wp\/v2\/types\/post"}],"author":[{"embeddable":true,"href":"https:\/\/news.canadamotorjobs.com\/fr\/wp-json\/wp\/v2\/users\/8"}],"replies":[{"embeddable":true,"href":"https:\/\/news.canadamotorjobs.com\/fr\/wp-json\/wp\/v2\/comments?post=189331"}],"version-history":[{"count":2,"href":"https:\/\/news.canadamotorjobs.com\/fr\/wp-json\/wp\/v2\/posts\/189331\/revisions"}],"predecessor-version":[{"id":189335,"href":"https:\/\/news.canadamotorjobs.com\/fr\/wp-json\/wp\/v2\/posts\/189331\/revisions\/189335"}],"wp:featuredmedia":[{"embeddable":true,"href":"https:\/\/news.canadamotorjobs.com\/fr\/wp-json\/wp\/v2\/media\/189333"}],"wp:attachment":[{"href":"https:\/\/news.canadamotorjobs.com\/fr\/wp-json\/wp\/v2\/media?parent=189331"}],"wp:term":[{"taxonomy":"category","embeddable":true,"href":"https:\/\/news.canadamotorjobs.com\/fr\/wp-json\/wp\/v2\/categories?post=189331"},{"taxonomy":"post_tag","embeddable":true,"href":"https:\/\/news.canadamotorjobs.com\/fr\/wp-json\/wp\/v2\/tags?post=189331"}],"curies":[{"name":"wp","href":"https:\/\/api.w.org\/{rel}","templated":true}]}}