{"id":189299,"date":"2025-01-16T02:24:29","date_gmt":"2025-01-16T07:24:29","guid":{"rendered":"https:\/\/news.canadamotorjobs.com\/?p=189299"},"modified":"2025-01-16T02:29:40","modified_gmt":"2025-01-16T07:29:40","slug":"chrysler-met-sur-pause-son-programme-de-multisegment-electrique","status":"publish","type":"post","link":"https:\/\/news.canadamotorjobs.com\/fr\/chrysler-met-sur-pause-son-programme-de-multisegment-electrique\/","title":{"rendered":"Chrysler met sur pause son programme de multisegment \u00e9lectrique"},"content":{"rendered":"<\/p>\n<p>Chrysler a suspendu son programme de multisegment \u00e9lectrique, initialement pr\u00e9vu pour un lancement en 2026. Selon un courriel interne adress\u00e9 aux fournisseurs et obtenu par le site Mopar Insiders, le projet nomm\u00e9 sous le code \u00ab C6X (CA) \u00bb est mis en attente :<\/p>\n<p>\u00ab Ce programme est suspendu jusqu\u2019\u00e0 nouvel ordre. Par cons\u00e9quent, toutes les d\u00e9penses associ\u00e9es doivent \u00eatre imm\u00e9diatement arr\u00eat\u00e9es. \u00bb<\/p>\n<p><strong>Une tendance mondiale au ralentissement<\/strong><\/p>\n<p>Cette d\u00e9cision refl\u00e8te une tendance plus large dans l\u2019industrie automobile, o\u00f9 les constructeurs revoient leurs plans en mati\u00e8re de v\u00e9hicules \u00e9lectriques (VE) face \u00e0 une adoption plus lente que pr\u00e9vu.<\/p>\n<blockquote><p><\/p>\n<p>\u00ab Le programme est actuellement sur pause pendant que nous r\u00e9\u00e9valuons le march\u00e9 ainsi que les besoins et d\u00e9sirs de nos clients. \u00bb<\/p>\n<p>\u2013 Chris Feuell, cheffe de la direction de la marque Chrysler<\/p>\n<p>\n<\/p><\/blockquote>\n<p><strong>Une vision tourn\u00e9e vers l\u2019avenir<\/strong><\/p>\n<p>Malgr\u00e9 ce report, Chrysler maintient des projets ambitieux. Pour c\u00e9l\u00e9brer son 100e anniversaire cet \u00e9t\u00e9, la marque pr\u00e9voit :<\/p>\n<ul><\/p>\n<li>\u2022\u00a0\u00a0\u00a0 Une version rafra\u00eechie de la Chrysler Pacifica en 2026.<\/li>\n<p><\/p>\n<li>\u2022\u00a0\u00a0\u00a0 Un nouveau VUS qui suivra peu apr\u00e8s.<\/li>\n<p><\/p>\n<li>\u2022\u00a0\u00a0\u00a0 Un troisi\u00e8me mod\u00e8le inspir\u00e9 du concept Halcyon.<\/li>\n<p>\n<\/ul>\n<p><\/p>\n<figure><img decoding=\"async\" src=\"https:\/\/news.canadamotorjobs.com\/wp-content\/uploads\/2025\/01\/CN021_017CHdenj2nq2pl034ed31jleg7uf2f-5.jpg\" alt=\"Le concept Chrysler Airflow, 2022\" \/><figcaption>Le concept Chrysler Airflow, 2022 | Auto123.com<\/figcaption><\/figure>\n<p><strong>Des concepts en constante \u00e9volution<\/strong><\/p>\n<p>Lors du CES (Consumer Electronics Show) de 2022, Chrysler avait d\u00e9voil\u00e9 le concept Airflow, pr\u00e9figurant la direction de son futur \u00e9lectrique. Cependant, le chef du design chez Stellantis a r\u00e9cemment confirm\u00e9 que la version finale serait totalement diff\u00e9rente :<\/p>\n<blockquote><p><\/p>\n<p>\u00ab Nous avons voulu un mod\u00e8le diff\u00e9rent qui n\u2019a absolument rien \u00e0 voir avec ce qui a \u00e9t\u00e9 pr\u00e9sent\u00e9, y compris le concept Airflow. Le projet \u00e9volue dans une nouvelle direction. \u00bb<\/p>\n<p>\u2013 Ralph Gilles, chef du design chez Stellantis<\/p>\n<p>\n<\/p><\/blockquote>\n<p>Initialement pr\u00e9vu pour 2025, le VUS avait d\u00e9j\u00e0 \u00e9t\u00e9 repouss\u00e9 \u00e0 2026 avant cette suspension.<\/p>\n<p><strong>Des retards \u00e9galement chez Ram<\/strong><\/p>\n<p>La marque Ram de Stellantis a \u00e9galement annonc\u00e9 le report de sa camionnette \u00e9lectrique, d\u00e9sormais pr\u00e9vue pour 2026. En attendant, c\u2019est la version \u00e0 autonomie prolong\u00e9e qui sera introduite en premier.<\/p>\n<p><strong>Une strat\u00e9gie en pleine r\u00e9vision<\/strong><\/p>\n<p>Ces reports montrent que Stellantis, comme d\u2019autres acteurs du secteur, ajuste sa strat\u00e9gie face aux d\u00e9fis de l\u2019adoption des v\u00e9hicules \u00e9lectriques. Les consommateurs et leurs attentes \u00e9voluent, obligeant les constructeurs \u00e0 repenser leurs offres et leurs \u00e9ch\u00e9anciers.<\/p>\n<p><\/p>\n<figure><img decoding=\"async\" src=\"https:\/\/news.canadamotorjobs.com\/wp-content\/uploads\/2025\/01\/concept-chrysler-halcyon_1-1.jpg\" alt=\"Le concept Chrysler Halcyon\" \/><figcaption>Le concept Chrysler Halcyon | Auto123.com<\/figcaption><\/figure>\n<p style=\"padding-top: 15px\">Contenu original de <a href=\"https:\/\/www.auto123.com\/fr\/actualites\/chrysler-suspend-programme-multisegment-electrique\/72283\/\">auto123<\/a>.<\/p>\n<p>Le texte <a rel=\"nofollow\" href=\"https:\/\/annuelauto.ca\/chrysler-met-sur-pause-son-programme-de-multisegment-electrique\/\">Chrysler met sur pause son programme de multisegment \u00e9lectrique<\/a> provient de <a rel=\"nofollow\" href=\"https:\/\/annuelauto.ca\">L&#8217;annuel de l&#8217;automobile &#8211; Actualit\u00e9 automobile<\/a><\/p>\n<p><\/p>\n","protected":false},"excerpt":{"rendered":"<p>Chrysler a suspendu son programme de multisegment \u00e9lectrique, initialement pr\u00e9vu pour un lancement en 2026. Selon un courriel interne adress\u00e9 aux fournisseurs et obtenu par le site Mopar Insiders, le projet nomm\u00e9 sous le code \u00ab C6X (CA) \u00bb est mis en attente : \u00ab Ce programme est suspendu jusqu\u2019\u00e0 nouvel ordre. Par cons\u00e9quent, toutes [&hellip;]<\/p>\n","protected":false},"author":8,"featured_media":189301,"comment_status":"close","ping_status":"closed","sticky":false,"template":"","format":"standard","meta":{"_monsterinsights_skip_tracking":false,"_monsterinsights_sitenote_active":false,"_monsterinsights_sitenote_note":"","_monsterinsights_sitenote_category":0,"footnotes":""},"categories":[101],"tags":[],"yoast_head":"<!-- This site is optimized with the Yoast SEO plugin v23.2 - https:\/\/yoast.com\/wordpress\/plugins\/seo\/ -->\n<title>Chrysler met sur pause son programme de multisegment \u00e9lectrique - CanadaMotorJobs.com<\/title>\n<meta name=\"description\" content=\"Chrysler met sur pause son programme de multisegment \u00e9lectrique - Benoit Charette - Annuel automobile - CanadaMotorJobs.com.\" \/>\n<meta name=\"robots\" content=\"index, follow, max-snippet:-1, max-image-preview:large, max-video-preview:-1\" \/>\n<meta property=\"og:locale\" content=\"fr_CA\" \/>\n<meta property=\"og:type\" content=\"article\" \/>\n<meta property=\"og:title\" content=\"Chrysler met sur pause son programme de multisegment \u00e9lectrique - CanadaMotorJobs.com\" \/>\n<meta property=\"og:description\" content=\"Chrysler met sur pause son programme de multisegment \u00e9lectrique - Benoit Charette - Annuel automobile - CanadaMotorJobs.com.\" \/>\n<meta property=\"og:url\" content=\"https:\/\/news.canadamotorjobs.com\/fr\/chrysler-met-sur-pause-son-programme-de-multisegment-electrique\/\" \/>\n<meta property=\"og:site_name\" content=\"CanadaMotorJobs.com\" \/>\n<meta property=\"article:publisher\" content=\"https:\/\/www.facebook.com\/canadamotorjobs\/\" \/>\n<meta property=\"article:published_time\" content=\"2025-01-16T07:24:29+00:00\" \/>\n<meta property=\"article:modified_time\" content=\"2025-01-16T07:29:40+00:00\" \/>\n<meta property=\"og:image\" content=\"https:\/\/news.canadamotorjobs.com\/wp-content\/uploads\/2025\/01\/CN021_017CHdenj2nq2pl034ed31jleg7uf2f.jpg\" \/>\n\t<meta property=\"og:image:width\" content=\"1200\" \/>\n\t<meta property=\"og:image:height\" content=\"675\" \/>\n\t<meta property=\"og:image:type\" content=\"image\/jpeg\" \/>\n<meta name=\"author\" content=\"Benoit Charette\" \/>\n<meta name=\"twitter:card\" content=\"summary_large_image\" \/>\n<meta name=\"twitter:creator\" content=\"@canadamotorjobs\" \/>\n<meta name=\"twitter:site\" content=\"@canadamotorjobs\" \/>\n<meta name=\"twitter:label1\" content=\"\u00c9crit par\" \/>\n\t<meta name=\"twitter:data1\" content=\"Benoit Charette\" \/>\n\t<meta name=\"twitter:label2\" content=\"Estimation du temps de lecture\" \/>\n\t<meta name=\"twitter:data2\" content=\"2 minutes\" \/>\n<!-- \/ Yoast SEO plugin. -->","yoast_head_json":{"title":"Chrysler met sur pause son programme de multisegment \u00e9lectrique - CanadaMotorJobs.com","description":"Chrysler met sur pause son programme de multisegment \u00e9lectrique - Benoit Charette - Annuel automobile - CanadaMotorJobs.com.","robots":{"index":"index","follow":"follow","max-snippet":"max-snippet:-1","max-image-preview":"max-image-preview:large","max-video-preview":"max-video-preview:-1"},"og_locale":"fr_CA","og_type":"article","og_title":"Chrysler met sur pause son programme de multisegment \u00e9lectrique - CanadaMotorJobs.com","og_description":"Chrysler met sur pause son programme de multisegment \u00e9lectrique - Benoit Charette - Annuel automobile - CanadaMotorJobs.com.","og_url":"https:\/\/news.canadamotorjobs.com\/fr\/chrysler-met-sur-pause-son-programme-de-multisegment-electrique\/","og_site_name":"CanadaMotorJobs.com","article_publisher":"https:\/\/www.facebook.com\/canadamotorjobs\/","article_published_time":"2025-01-16T07:24:29+00:00","article_modified_time":"2025-01-16T07:29:40+00:00","og_image":[{"width":1200,"height":675,"url":"https:\/\/news.canadamotorjobs.com\/wp-content\/uploads\/2025\/01\/CN021_017CHdenj2nq2pl034ed31jleg7uf2f.jpg","type":"image\/jpeg"}],"author":"Benoit Charette","twitter_card":"summary_large_image","twitter_creator":"@canadamotorjobs","twitter_site":"@canadamotorjobs","twitter_misc":{"\u00c9crit par":"Benoit Charette","Estimation du temps de lecture":"2 minutes"},"schema":{"@context":"https:\/\/schema.org","@graph":[{"@type":"Article","@id":"https:\/\/news.canadamotorjobs.com\/fr\/chrysler-met-sur-pause-son-programme-de-multisegment-electrique\/#article","isPartOf":{"@id":"https:\/\/news.canadamotorjobs.com\/fr\/chrysler-met-sur-pause-son-programme-de-multisegment-electrique\/"},"author":{"name":"Benoit Charette","@id":"https:\/\/news.canadamotorjobs.com\/#\/schema\/person\/51793d1f87d44011d7bcc2ed99269a90"},"headline":"Chrysler met sur pause son programme de multisegment \u00e9lectrique","datePublished":"2025-01-16T07:24:29+00:00","dateModified":"2025-01-16T07:29:40+00:00","mainEntityOfPage":{"@id":"https:\/\/news.canadamotorjobs.com\/fr\/chrysler-met-sur-pause-son-programme-de-multisegment-electrique\/"},"wordCount":425,"publisher":{"@id":"https:\/\/news.canadamotorjobs.com\/#organization"},"image":{"@id":"https:\/\/news.canadamotorjobs.com\/fr\/chrysler-met-sur-pause-son-programme-de-multisegment-electrique\/#primaryimage"},"thumbnailUrl":"https:\/\/news.canadamotorjobs.com\/wp-content\/uploads\/2025\/01\/CN021_017CHdenj2nq2pl034ed31jleg7uf2f.jpg","articleSection":["Annuel automobile"],"inLanguage":"fr-CA"},{"@type":"WebPage","@id":"https:\/\/news.canadamotorjobs.com\/fr\/chrysler-met-sur-pause-son-programme-de-multisegment-electrique\/","url":"https:\/\/news.canadamotorjobs.com\/fr\/chrysler-met-sur-pause-son-programme-de-multisegment-electrique\/","name":"Chrysler met sur pause son programme de multisegment \u00e9lectrique - CanadaMotorJobs.com","isPartOf":{"@id":"https:\/\/news.canadamotorjobs.com\/#website"},"primaryImageOfPage":{"@id":"https:\/\/news.canadamotorjobs.com\/fr\/chrysler-met-sur-pause-son-programme-de-multisegment-electrique\/#primaryimage"},"image":{"@id":"https:\/\/news.canadamotorjobs.com\/fr\/chrysler-met-sur-pause-son-programme-de-multisegment-electrique\/#primaryimage"},"thumbnailUrl":"https:\/\/news.canadamotorjobs.com\/wp-content\/uploads\/2025\/01\/CN021_017CHdenj2nq2pl034ed31jleg7uf2f.jpg","datePublished":"2025-01-16T07:24:29+00:00","dateModified":"2025-01-16T07:29:40+00:00","description":"Chrysler met sur pause son programme de multisegment \u00e9lectrique - Benoit Charette - Annuel automobile - CanadaMotorJobs.com.","breadcrumb":{"@id":"https:\/\/news.canadamotorjobs.com\/fr\/chrysler-met-sur-pause-son-programme-de-multisegment-electrique\/#breadcrumb"},"inLanguage":"fr-CA","potentialAction":[{"@type":"ReadAction","target":["https:\/\/news.canadamotorjobs.com\/fr\/chrysler-met-sur-pause-son-programme-de-multisegment-electrique\/"]}]},{"@type":"ImageObject","inLanguage":"fr-CA","@id":"https:\/\/news.canadamotorjobs.com\/fr\/chrysler-met-sur-pause-son-programme-de-multisegment-electrique\/#primaryimage","url":"https:\/\/news.canadamotorjobs.com\/wp-content\/uploads\/2025\/01\/CN021_017CHdenj2nq2pl034ed31jleg7uf2f.jpg","contentUrl":"https:\/\/news.canadamotorjobs.com\/wp-content\/uploads\/2025\/01\/CN021_017CHdenj2nq2pl034ed31jleg7uf2f.jpg","width":1200,"height":675},{"@type":"BreadcrumbList","@id":"https:\/\/news.canadamotorjobs.com\/fr\/chrysler-met-sur-pause-son-programme-de-multisegment-electrique\/#breadcrumb","itemListElement":[{"@type":"ListItem","position":1,"name":"Home","item":"https:\/\/news.canadamotorjobs.com\/fr\/blog\/"},{"@type":"ListItem","position":2,"name":"Chrysler met sur pause son programme de multisegment \u00e9lectrique"}]},{"@type":"WebSite","@id":"https:\/\/news.canadamotorjobs.com\/#website","url":"https:\/\/news.canadamotorjobs.com\/","name":"CanadaMotorJobs.com","description":"Automotive Jobs","publisher":{"@id":"https:\/\/news.canadamotorjobs.com\/#organization"},"potentialAction":[{"@type":"SearchAction","target":{"@type":"EntryPoint","urlTemplate":"https:\/\/news.canadamotorjobs.com\/?s={search_term_string}"},"query-input":"required name=search_term_string"}],"inLanguage":"fr-CA"},{"@type":"Organization","@id":"https:\/\/news.canadamotorjobs.com\/#organization","name":"Canada Motor Jobs","url":"https:\/\/news.canadamotorjobs.com\/","logo":{"@type":"ImageObject","inLanguage":"fr-CA","@id":"https:\/\/news.canadamotorjobs.com\/#\/schema\/logo\/image\/","url":"https:\/\/news.canadamotorjobs.com\/wp-content\/uploads\/2022\/10\/logo-canada-motor-jobs-1.png","contentUrl":"https:\/\/news.canadamotorjobs.com\/wp-content\/uploads\/2022\/10\/logo-canada-motor-jobs-1.png","width":800,"height":400,"caption":"Canada Motor Jobs"},"image":{"@id":"https:\/\/news.canadamotorjobs.com\/#\/schema\/logo\/image\/"},"sameAs":["https:\/\/www.facebook.com\/canadamotorjobs\/","https:\/\/x.com\/canadamotorjobs","https:\/\/www.instagram.com\/canadamotorjobs\/","https:\/\/www.linkedin.com\/company\/canadamotorjobs"]},{"@type":"Person","@id":"https:\/\/news.canadamotorjobs.com\/#\/schema\/person\/51793d1f87d44011d7bcc2ed99269a90","name":"Benoit Charette","image":{"@type":"ImageObject","inLanguage":"fr-CA","@id":"https:\/\/news.canadamotorjobs.com\/#\/schema\/person\/image\/","url":"https:\/\/secure.gravatar.com\/avatar\/45f3d2eebcccd909668d7ce7ea7267b6?s=96&d=mm&r=g","contentUrl":"https:\/\/secure.gravatar.com\/avatar\/45f3d2eebcccd909668d7ce7ea7267b6?s=96&d=mm&r=g","caption":"Benoit Charette"},"description":"Benoit Charette \/ Propri\u00e9taire et r\u00e9dacteur en chef Benoit Charette pratique le journalisme automobile depuis bient\u00f4t 30 ans. Il a fait ses classes au c\u00f4t\u00e9 de Daniel H\u00e9raud et au Carnet de route de 1992 \u00e0 2001. Il est fondateur, copropri\u00e9taire et r\u00e9dacteur en chef de L\u2019Annuel de l\u2019automobile, qu\u2019il publie depuis 2001. Il a anim\u00e9 les \u00e9missions RPM et RPM+ sur V et les L\u00e9gendes de la route sur Historia. \u00c0 la radio depuis 1986, il reprend l\u2019antenne cette ann\u00e9e sur les ondes de Cogeco et participe pour la deuxi\u00e8me ann\u00e9e \u00e0 l\u2019\u00e9mission Passion Auto sur RDS en plus de mettre en ligne le site Web officiel de L\u2019Annuel de l\u2019automobile sur annuelauto.ca.","sameAs":["https:\/\/annuelauto.ca\/"],"url":"https:\/\/news.canadamotorjobs.com\/fr\/author\/benoit-charette\/"}]}},"_links":{"self":[{"href":"https:\/\/news.canadamotorjobs.com\/fr\/wp-json\/wp\/v2\/posts\/189299"}],"collection":[{"href":"https:\/\/news.canadamotorjobs.com\/fr\/wp-json\/wp\/v2\/posts"}],"about":[{"href":"https:\/\/news.canadamotorjobs.com\/fr\/wp-json\/wp\/v2\/types\/post"}],"author":[{"embeddable":true,"href":"https:\/\/news.canadamotorjobs.com\/fr\/wp-json\/wp\/v2\/users\/8"}],"replies":[{"embeddable":true,"href":"https:\/\/news.canadamotorjobs.com\/fr\/wp-json\/wp\/v2\/comments?post=189299"}],"version-history":[{"count":3,"href":"https:\/\/news.canadamotorjobs.com\/fr\/wp-json\/wp\/v2\/posts\/189299\/revisions"}],"predecessor-version":[{"id":189330,"href":"https:\/\/news.canadamotorjobs.com\/fr\/wp-json\/wp\/v2\/posts\/189299\/revisions\/189330"}],"wp:featuredmedia":[{"embeddable":true,"href":"https:\/\/news.canadamotorjobs.com\/fr\/wp-json\/wp\/v2\/media\/189301"}],"wp:attachment":[{"href":"https:\/\/news.canadamotorjobs.com\/fr\/wp-json\/wp\/v2\/media?parent=189299"}],"wp:term":[{"taxonomy":"category","embeddable":true,"href":"https:\/\/news.canadamotorjobs.com\/fr\/wp-json\/wp\/v2\/categories?post=189299"},{"taxonomy":"post_tag","embeddable":true,"href":"https:\/\/news.canadamotorjobs.com\/fr\/wp-json\/wp\/v2\/tags?post=189299"}],"curies":[{"name":"wp","href":"https:\/\/api.w.org\/{rel}","templated":true}]}}