{"id":189267,"date":"2025-01-16T02:24:29","date_gmt":"2025-01-16T07:24:29","guid":{"rendered":"https:\/\/news.canadamotorjobs.com\/?p=189267"},"modified":"2025-01-16T02:29:27","modified_gmt":"2025-01-16T07:29:27","slug":"hausse-globale-de-25-des-ventes-de-ve-et-phev-en-2024","status":"publish","type":"post","link":"https:\/\/news.canadamotorjobs.com\/fr\/hausse-globale-de-25-des-ventes-de-ve-et-phev-en-2024\/","title":{"rendered":"Hausse globale de 25 % des ventes de V\u00c9 et PHEV en 2024"},"content":{"rendered":"<\/p>\n<p>En 2024, \u00e0 l\u2019\u00e9chelle plan\u00e9taire, les ventes de v\u00e9hicules tout \u00e9lectriques et hybrides rechargeables (PHEV) ont cr\u00fb de 25 % pour s\u2019\u00e9tablir \u00e0 17 millions d\u2019unit\u00e9s. Le tout a \u00e9t\u00e9 entre autres aliment\u00e9 par de bons r\u00e9sultats en Chine, mais aussi gr\u00e2ce \u00e0 un quatri\u00e8me mois cons\u00e9cutif de ventes records en d\u00e9cembre.<\/p>\n<p>Les incitatifs et les objectifs en mati\u00e8re d\u2019\u00e9missions qui sont impos\u00e9s aux constructeurs ont stimul\u00e9 les ventes de mod\u00e8les \u00e9lectriques en Chine et ont permis \u00e0 l\u2019Angleterre de devancer l\u2019Allemagne comme plus grand march\u00e9 de v\u00e9hicules \u00e9lectriques en Europe.<\/p>\n<p>Chez nous, on l\u2019a vu, l\u2019annonce de la r\u00e9duction des rabais au Qu\u00e9bec \u00e0 partir de janvier a stimul\u00e9 les ventes. Les autres annonces concernant la suspension du programme qu\u00e9b\u00e9cois, ainsi que la fin du programme f\u00e9d\u00e9ral, auront assur\u00e9ment un effet n\u00e9gatif en 2025 au pays, mais ce sera \u00e0 voir.<\/p>\n<p><\/p>\n<figure><img decoding=\"async\" src=\"https:\/\/news.canadamotorjobs.com\/wp-content\/uploads\/2025\/01\/PXL_20240825_233220643-5.jpg\" alt=\"Un Genesis GV60, au chargement\" \/><figcaption>Un Genesis GV60, au chargement | Auto123.com<\/figcaption><\/figure>\n<p>De fait, les fabricants de v\u00e9hicules \u00e9lectriques consid\u00e8rent que l\u2019ann\u00e9e 2025 en sera une de transformation. Plusieurs points d\u2019interrogation subsistent. En Chine, la croissance ralentit. En Europe, des normes plus strictes entrent en vigueur, ce qui devrait stimuler les ventes. Quant au march\u00e9 nord-am\u00e9ricain, il faudra voir l\u2019effet qu\u2019aura la deuxi\u00e8me pr\u00e9sidence de Donald Trump sur l\u2019industrie automobile enti\u00e8re.<\/p>\n<p>Quant aux ventes, quelques chiffres sont int\u00e9ressants. En d\u00e9cembre, l\u2019augmentation a \u00e9t\u00e9 de 26 % par rapport \u00e0 la m\u00eame p\u00e9riode l\u2019ann\u00e9e derni\u00e8re, pour 1,9 million de mod\u00e8les en tout, selon ce que rapporte Reuters, qui cite les donn\u00e9es de la firme de consultation Rho Motion.<\/p>\n<p>En Chine seulement, le gain a \u00e9t\u00e9 de 37 % en d\u00e9cembre, pour 1,3 million de mod\u00e8les. En 2024, 11 millions de v\u00e9hicules \u00e9lectriques ont \u00e9t\u00e9 livr\u00e9s l\u00e0-bas.<\/p>\n<p>Aux \u00c9tats-Unis et au Canada, les ventes de v\u00e9hicules \u00e9lectriques ont augment\u00e9 de 8,8 % pour atteindre 0,19 million d\u2019unit\u00e9s en d\u00e9cembre. En Europe, les choses ont \u00e9t\u00e9 plus stables lors du dernier mois de l\u2019ann\u00e9e avec des ventes de 0,31 million de mod\u00e8les, une croissance de 0,7 % par rapport au m\u00eame mois en 2023.<\/p>\n<p>Dans le reste du monde, les ventes de d\u00e9cembre ont augment\u00e9 de 26 %.<\/p>\n<p><\/p>\n<figure><img decoding=\"async\" src=\"https:\/\/news.canadamotorjobs.com\/wp-content\/uploads\/2025\/01\/PXL_20241202_154008644-1.jpg\" alt=\"Le Mazda CX-70 PHEV\" \/><figcaption>Le Mazda CX-70 PHEV | Auto123.com<\/figcaption><\/figure>\n<p><strong>L\u2019ann\u00e9e 2025<\/strong><\/p>\n<p>Rho Motion soul\u00e8ve quelques interrogations concernant l\u2019ann\u00e9e 2025. Selon la firme, \u00ab La suppression des subventions en Allemagne a eu un impact d\u00e9vastateur sur l\u2019ensemble du march\u00e9 europ\u00e9en, et si les \u00c9tats-Unis suivent le mouvement, nous pourrions assister \u00e0 la m\u00eame chose. \u00bb<\/p>\n<p>La firme ne parle pas du Canada, car les chiffres ici sont moins importants, mais la disparition des incitatifs du c\u00f4t\u00e9 f\u00e9d\u00e9ral aura un impact important, auquel il faudra ajouter la possibilit\u00e9 que la suspension du programme au Qu\u00e9bec se poursuive et d\u00e9cuple l\u2019effet n\u00e9gatif.<\/p>\n<p>Le responsable des donn\u00e9es chez Rho Motion, Charles Lester, en parlant des chiffres de novembre, a d\u00e9clar\u00e9 qu\u2019il n\u2019y avait pas de \u00ab baisse nette des ventes \u00bb des principaux mod\u00e8les \u00e9lectriques fabriqu\u00e9s en Chine \u00e0 la suite de l\u2019introduction des droits de douane par l\u2019Union europ\u00e9enne \u00e0 la fin du mois d\u2019octobre.<\/p>\n<p>Un rapport de l\u2019Union europ\u00e9enne a d\u00e9montr\u00e9 la semaine derni\u00e8re que les constructeurs confront\u00e9s \u00e0 des r\u00e8gles plus strictes en mati\u00e8re d\u2019\u00e9missions de CO2 pr\u00e9voyaient de se regrouper et d\u2019acheter des cr\u00e9dits carbone \u00e0 des entreprises de v\u00e9hicules \u00e9lectriques comme Tesla et Polestar, afin d\u2019\u00e9viter de lourdes amendes.<\/p>\n<p>Ce qui est clair, c\u2019est que les choses vont bouger en 2025. Les prix des mod\u00e8les \u00e9lectriques seront aussi \u00e0 surveiller, en comparaison avec ceux \u00e0 essence. On nous promet que tranquillement, les co\u00fbts de production seront les m\u00eames, ce qui va se traduire par un \u00e9quilibre entre les prix des mod\u00e8les \u00e9lectriques et ceux \u00e0 essence.<\/p>\n<p>Aussi, l\u2019arriv\u00e9e de mod\u00e8les \u00e9lectriques plus abordables viendra changer la donne\u2026 lorsqu\u2019on aura enfin droit \u00e0 une offre plus importante de ce c\u00f4t\u00e9.<\/p>\n<p><\/p>\n<p style=\"padding-top: 15px\">Contenu original de <a href=\"https:\/\/www.auto123.com\/fr\/actualites\/ventes-ve-phev-hausse-25-pourcent-2024\/72282\/\">auto123<\/a>.<\/p>\n<p>Le texte <a rel=\"nofollow\" href=\"https:\/\/annuelauto.ca\/hausse-globale-de-25-des-ventes-de-ve-et-phev-en-2024\/\">Hausse globale de 25 % des ventes de V\u00c9 et PHEV en 2024<\/a> provient de <a rel=\"nofollow\" href=\"https:\/\/annuelauto.ca\">L&#8217;annuel de l&#8217;automobile &#8211; Actualit\u00e9 automobile<\/a><\/p>\n<p><\/p>\n","protected":false},"excerpt":{"rendered":"<p>En 2024, \u00e0 l\u2019\u00e9chelle plan\u00e9taire, les ventes de v\u00e9hicules tout \u00e9lectriques et hybrides rechargeables (PHEV) ont cr\u00fb de 25 % pour s\u2019\u00e9tablir \u00e0 17 millions d\u2019unit\u00e9s. Le tout a \u00e9t\u00e9 entre autres aliment\u00e9 par de bons r\u00e9sultats en Chine, mais aussi gr\u00e2ce \u00e0 un quatri\u00e8me mois cons\u00e9cutif de ventes records en d\u00e9cembre. Les incitatifs et [&hellip;]<\/p>\n","protected":false},"author":8,"featured_media":189269,"comment_status":"close","ping_status":"closed","sticky":false,"template":"","format":"standard","meta":{"_monsterinsights_skip_tracking":false,"_monsterinsights_sitenote_active":false,"_monsterinsights_sitenote_note":"","_monsterinsights_sitenote_category":0,"footnotes":""},"categories":[101],"tags":[],"yoast_head":"<!-- This site is optimized with the Yoast SEO plugin v23.2 - https:\/\/yoast.com\/wordpress\/plugins\/seo\/ -->\n<title>Hausse globale de 25 % des ventes de V\u00c9 et PHEV en 2024 - CanadaMotorJobs.com<\/title>\n<meta name=\"description\" content=\"Hausse globale de 25 % des ventes de V\u00c9 et PHEV en 2024 - Benoit Charette - Annuel automobile - CanadaMotorJobs.com.\" \/>\n<meta name=\"robots\" content=\"index, follow, max-snippet:-1, max-image-preview:large, max-video-preview:-1\" \/>\n<meta property=\"og:locale\" content=\"fr_CA\" \/>\n<meta property=\"og:type\" content=\"article\" \/>\n<meta property=\"og:title\" content=\"Hausse globale de 25 % des ventes de V\u00c9 et PHEV en 2024 - CanadaMotorJobs.com\" \/>\n<meta property=\"og:description\" content=\"Hausse globale de 25 % des ventes de V\u00c9 et PHEV en 2024 - Benoit Charette - Annuel automobile - CanadaMotorJobs.com.\" \/>\n<meta property=\"og:url\" content=\"https:\/\/news.canadamotorjobs.com\/fr\/hausse-globale-de-25-des-ventes-de-ve-et-phev-en-2024\/\" \/>\n<meta property=\"og:site_name\" content=\"CanadaMotorJobs.com\" \/>\n<meta property=\"article:publisher\" content=\"https:\/\/www.facebook.com\/canadamotorjobs\/\" \/>\n<meta property=\"article:published_time\" content=\"2025-01-16T07:24:29+00:00\" \/>\n<meta property=\"article:modified_time\" content=\"2025-01-16T07:29:27+00:00\" \/>\n<meta property=\"og:image\" content=\"https:\/\/news.canadamotorjobs.com\/wp-content\/uploads\/2025\/01\/PXL_20240825_233220643.jpg\" \/>\n\t<meta property=\"og:image:width\" content=\"1200\" \/>\n\t<meta property=\"og:image:height\" content=\"904\" \/>\n\t<meta property=\"og:image:type\" content=\"image\/jpeg\" \/>\n<meta name=\"author\" content=\"Benoit Charette\" \/>\n<meta name=\"twitter:card\" content=\"summary_large_image\" \/>\n<meta name=\"twitter:creator\" content=\"@canadamotorjobs\" \/>\n<meta name=\"twitter:site\" content=\"@canadamotorjobs\" \/>\n<meta name=\"twitter:label1\" content=\"\u00c9crit par\" \/>\n\t<meta name=\"twitter:data1\" content=\"Benoit Charette\" \/>\n\t<meta name=\"twitter:label2\" content=\"Estimation du temps de lecture\" \/>\n\t<meta name=\"twitter:data2\" content=\"4 minutes\" \/>\n<!-- \/ Yoast SEO plugin. -->","yoast_head_json":{"title":"Hausse globale de 25 % des ventes de V\u00c9 et PHEV en 2024 - CanadaMotorJobs.com","description":"Hausse globale de 25 % des ventes de V\u00c9 et PHEV en 2024 - Benoit Charette - Annuel automobile - CanadaMotorJobs.com.","robots":{"index":"index","follow":"follow","max-snippet":"max-snippet:-1","max-image-preview":"max-image-preview:large","max-video-preview":"max-video-preview:-1"},"og_locale":"fr_CA","og_type":"article","og_title":"Hausse globale de 25 % des ventes de V\u00c9 et PHEV en 2024 - CanadaMotorJobs.com","og_description":"Hausse globale de 25 % des ventes de V\u00c9 et PHEV en 2024 - Benoit Charette - Annuel automobile - CanadaMotorJobs.com.","og_url":"https:\/\/news.canadamotorjobs.com\/fr\/hausse-globale-de-25-des-ventes-de-ve-et-phev-en-2024\/","og_site_name":"CanadaMotorJobs.com","article_publisher":"https:\/\/www.facebook.com\/canadamotorjobs\/","article_published_time":"2025-01-16T07:24:29+00:00","article_modified_time":"2025-01-16T07:29:27+00:00","og_image":[{"width":1200,"height":904,"url":"https:\/\/news.canadamotorjobs.com\/wp-content\/uploads\/2025\/01\/PXL_20240825_233220643.jpg","type":"image\/jpeg"}],"author":"Benoit Charette","twitter_card":"summary_large_image","twitter_creator":"@canadamotorjobs","twitter_site":"@canadamotorjobs","twitter_misc":{"\u00c9crit par":"Benoit Charette","Estimation du temps de lecture":"4 minutes"},"schema":{"@context":"https:\/\/schema.org","@graph":[{"@type":"Article","@id":"https:\/\/news.canadamotorjobs.com\/fr\/hausse-globale-de-25-des-ventes-de-ve-et-phev-en-2024\/#article","isPartOf":{"@id":"https:\/\/news.canadamotorjobs.com\/fr\/hausse-globale-de-25-des-ventes-de-ve-et-phev-en-2024\/"},"author":{"name":"Benoit Charette","@id":"https:\/\/news.canadamotorjobs.com\/#\/schema\/person\/51793d1f87d44011d7bcc2ed99269a90"},"headline":"Hausse globale de 25 % des ventes de V\u00c9 et PHEV en 2024","datePublished":"2025-01-16T07:24:29+00:00","dateModified":"2025-01-16T07:29:27+00:00","mainEntityOfPage":{"@id":"https:\/\/news.canadamotorjobs.com\/fr\/hausse-globale-de-25-des-ventes-de-ve-et-phev-en-2024\/"},"wordCount":732,"publisher":{"@id":"https:\/\/news.canadamotorjobs.com\/#organization"},"image":{"@id":"https:\/\/news.canadamotorjobs.com\/fr\/hausse-globale-de-25-des-ventes-de-ve-et-phev-en-2024\/#primaryimage"},"thumbnailUrl":"https:\/\/news.canadamotorjobs.com\/wp-content\/uploads\/2025\/01\/PXL_20240825_233220643.jpg","articleSection":["Annuel automobile"],"inLanguage":"fr-CA"},{"@type":"WebPage","@id":"https:\/\/news.canadamotorjobs.com\/fr\/hausse-globale-de-25-des-ventes-de-ve-et-phev-en-2024\/","url":"https:\/\/news.canadamotorjobs.com\/fr\/hausse-globale-de-25-des-ventes-de-ve-et-phev-en-2024\/","name":"Hausse globale de 25 % des ventes de V\u00c9 et PHEV en 2024 - CanadaMotorJobs.com","isPartOf":{"@id":"https:\/\/news.canadamotorjobs.com\/#website"},"primaryImageOfPage":{"@id":"https:\/\/news.canadamotorjobs.com\/fr\/hausse-globale-de-25-des-ventes-de-ve-et-phev-en-2024\/#primaryimage"},"image":{"@id":"https:\/\/news.canadamotorjobs.com\/fr\/hausse-globale-de-25-des-ventes-de-ve-et-phev-en-2024\/#primaryimage"},"thumbnailUrl":"https:\/\/news.canadamotorjobs.com\/wp-content\/uploads\/2025\/01\/PXL_20240825_233220643.jpg","datePublished":"2025-01-16T07:24:29+00:00","dateModified":"2025-01-16T07:29:27+00:00","description":"Hausse globale de 25 % des ventes de V\u00c9 et PHEV en 2024 - Benoit Charette - Annuel automobile - CanadaMotorJobs.com.","breadcrumb":{"@id":"https:\/\/news.canadamotorjobs.com\/fr\/hausse-globale-de-25-des-ventes-de-ve-et-phev-en-2024\/#breadcrumb"},"inLanguage":"fr-CA","potentialAction":[{"@type":"ReadAction","target":["https:\/\/news.canadamotorjobs.com\/fr\/hausse-globale-de-25-des-ventes-de-ve-et-phev-en-2024\/"]}]},{"@type":"ImageObject","inLanguage":"fr-CA","@id":"https:\/\/news.canadamotorjobs.com\/fr\/hausse-globale-de-25-des-ventes-de-ve-et-phev-en-2024\/#primaryimage","url":"https:\/\/news.canadamotorjobs.com\/wp-content\/uploads\/2025\/01\/PXL_20240825_233220643.jpg","contentUrl":"https:\/\/news.canadamotorjobs.com\/wp-content\/uploads\/2025\/01\/PXL_20240825_233220643.jpg","width":1200,"height":904},{"@type":"BreadcrumbList","@id":"https:\/\/news.canadamotorjobs.com\/fr\/hausse-globale-de-25-des-ventes-de-ve-et-phev-en-2024\/#breadcrumb","itemListElement":[{"@type":"ListItem","position":1,"name":"Home","item":"https:\/\/news.canadamotorjobs.com\/fr\/blog\/"},{"@type":"ListItem","position":2,"name":"Hausse globale de 25 % des ventes de V\u00c9 et PHEV en 2024"}]},{"@type":"WebSite","@id":"https:\/\/news.canadamotorjobs.com\/#website","url":"https:\/\/news.canadamotorjobs.com\/","name":"CanadaMotorJobs.com","description":"Automotive Jobs","publisher":{"@id":"https:\/\/news.canadamotorjobs.com\/#organization"},"potentialAction":[{"@type":"SearchAction","target":{"@type":"EntryPoint","urlTemplate":"https:\/\/news.canadamotorjobs.com\/?s={search_term_string}"},"query-input":"required name=search_term_string"}],"inLanguage":"fr-CA"},{"@type":"Organization","@id":"https:\/\/news.canadamotorjobs.com\/#organization","name":"Canada Motor Jobs","url":"https:\/\/news.canadamotorjobs.com\/","logo":{"@type":"ImageObject","inLanguage":"fr-CA","@id":"https:\/\/news.canadamotorjobs.com\/#\/schema\/logo\/image\/","url":"https:\/\/news.canadamotorjobs.com\/wp-content\/uploads\/2022\/10\/logo-canada-motor-jobs-1.png","contentUrl":"https:\/\/news.canadamotorjobs.com\/wp-content\/uploads\/2022\/10\/logo-canada-motor-jobs-1.png","width":800,"height":400,"caption":"Canada Motor Jobs"},"image":{"@id":"https:\/\/news.canadamotorjobs.com\/#\/schema\/logo\/image\/"},"sameAs":["https:\/\/www.facebook.com\/canadamotorjobs\/","https:\/\/x.com\/canadamotorjobs","https:\/\/www.instagram.com\/canadamotorjobs\/","https:\/\/www.linkedin.com\/company\/canadamotorjobs"]},{"@type":"Person","@id":"https:\/\/news.canadamotorjobs.com\/#\/schema\/person\/51793d1f87d44011d7bcc2ed99269a90","name":"Benoit Charette","image":{"@type":"ImageObject","inLanguage":"fr-CA","@id":"https:\/\/news.canadamotorjobs.com\/#\/schema\/person\/image\/","url":"https:\/\/secure.gravatar.com\/avatar\/45f3d2eebcccd909668d7ce7ea7267b6?s=96&d=mm&r=g","contentUrl":"https:\/\/secure.gravatar.com\/avatar\/45f3d2eebcccd909668d7ce7ea7267b6?s=96&d=mm&r=g","caption":"Benoit Charette"},"description":"Benoit Charette \/ Propri\u00e9taire et r\u00e9dacteur en chef Benoit Charette pratique le journalisme automobile depuis bient\u00f4t 30 ans. Il a fait ses classes au c\u00f4t\u00e9 de Daniel H\u00e9raud et au Carnet de route de 1992 \u00e0 2001. Il est fondateur, copropri\u00e9taire et r\u00e9dacteur en chef de L\u2019Annuel de l\u2019automobile, qu\u2019il publie depuis 2001. Il a anim\u00e9 les \u00e9missions RPM et RPM+ sur V et les L\u00e9gendes de la route sur Historia. \u00c0 la radio depuis 1986, il reprend l\u2019antenne cette ann\u00e9e sur les ondes de Cogeco et participe pour la deuxi\u00e8me ann\u00e9e \u00e0 l\u2019\u00e9mission Passion Auto sur RDS en plus de mettre en ligne le site Web officiel de L\u2019Annuel de l\u2019automobile sur annuelauto.ca.","sameAs":["https:\/\/annuelauto.ca\/"],"url":"https:\/\/news.canadamotorjobs.com\/fr\/author\/benoit-charette\/"}]}},"_links":{"self":[{"href":"https:\/\/news.canadamotorjobs.com\/fr\/wp-json\/wp\/v2\/posts\/189267"}],"collection":[{"href":"https:\/\/news.canadamotorjobs.com\/fr\/wp-json\/wp\/v2\/posts"}],"about":[{"href":"https:\/\/news.canadamotorjobs.com\/fr\/wp-json\/wp\/v2\/types\/post"}],"author":[{"embeddable":true,"href":"https:\/\/news.canadamotorjobs.com\/fr\/wp-json\/wp\/v2\/users\/8"}],"replies":[{"embeddable":true,"href":"https:\/\/news.canadamotorjobs.com\/fr\/wp-json\/wp\/v2\/comments?post=189267"}],"version-history":[{"count":3,"href":"https:\/\/news.canadamotorjobs.com\/fr\/wp-json\/wp\/v2\/posts\/189267\/revisions"}],"predecessor-version":[{"id":189298,"href":"https:\/\/news.canadamotorjobs.com\/fr\/wp-json\/wp\/v2\/posts\/189267\/revisions\/189298"}],"wp:featuredmedia":[{"embeddable":true,"href":"https:\/\/news.canadamotorjobs.com\/fr\/wp-json\/wp\/v2\/media\/189269"}],"wp:attachment":[{"href":"https:\/\/news.canadamotorjobs.com\/fr\/wp-json\/wp\/v2\/media?parent=189267"}],"wp:term":[{"taxonomy":"category","embeddable":true,"href":"https:\/\/news.canadamotorjobs.com\/fr\/wp-json\/wp\/v2\/categories?post=189267"},{"taxonomy":"post_tag","embeddable":true,"href":"https:\/\/news.canadamotorjobs.com\/fr\/wp-json\/wp\/v2\/tags?post=189267"}],"curies":[{"name":"wp","href":"https:\/\/api.w.org\/{rel}","templated":true}]}}