{"id":189231,"date":"2025-01-16T02:24:30","date_gmt":"2025-01-16T07:24:30","guid":{"rendered":"https:\/\/news.canadamotorjobs.com\/?p=189231"},"modified":"2025-01-16T02:29:11","modified_gmt":"2025-01-16T07:29:11","slug":"constructeurs-et-concessionnaires-demandent-la-fin-des-mandats-relatifs-aux-vehicules-electriques","status":"publish","type":"post","link":"https:\/\/news.canadamotorjobs.com\/fr\/constructeurs-et-concessionnaires-demandent-la-fin-des-mandats-relatifs-aux-vehicules-electriques\/","title":{"rendered":"Constructeurs et concessionnaires demandent la fin des mandats relatifs aux v\u00e9hicules \u00e9lectriques"},"content":{"rendered":"<\/p>\n<p>Vendredi dernier (10 janvier), on a eu droit \u00e0 une annonce du gouvernement f\u00e9d\u00e9ral concernant la suspension des incitatifs \u00e0 l\u2019achat d\u2019un v\u00e9hicule \u00e9lectrique, un rabais qui pouvait totaliser 5000 $.<\/p>\n<p>Au d\u00e9but, la nouvelle qui circulait concernait l\u2019arr\u00eat du programme d\u2019ici au 31 mars 2025. Par la suite, on a parl\u00e9 d\u2019un programme qui serait mis sur pause.<\/p>\n<p>Lundi (13 janvier), volte-face des autorit\u00e9s qui annoncent la fin du programme\u2026 imm\u00e9diatement.<\/p>\n<p>La gestion de tout cela est celle d\u2019amateurs.<\/p>\n<p><\/p>\n<figure><img decoding=\"async\" src=\"https:\/\/news.canadamotorjobs.com\/wp-content\/uploads\/2025\/01\/hyundai-tesla-nacs-charging_2-5.jpg\" alt=\"Des V\u00c9 \u00e0 une borne de chargement de Tesla\" \/><figcaption>Des V\u00c9 \u00e0 une borne de chargement de Tesla | Auto123.com<\/figcaption><\/figure>\n<p>On savait que les jours du programme \u00e9taient compt\u00e9s. Un montant avait \u00e9t\u00e9 allou\u00e9 et lorsque la somme allait \u00eatre \u00e9puis\u00e9e, on se doutait que ce serait probablement la fin. Les experts s\u2019entendaient pour affirmer que le printemps de 2025 verrait la suppression du programme.<\/p>\n<p>Mais c\u2019est dans trois mois \u2013 pas maintenant. Un peu en pr\u00e9vision de tout cela, et parce que les constructeurs doivent respecter certaines demandes du gouvernement en mati\u00e8re de ventes de v\u00e9hicules \u00e9lectriques, les concessionnaires ont fait le plein et ont maintenant des stocks de v\u00e9hicules \u00e9lectriques.<\/p>\n<p>Au Qu\u00e9bec, la situation est encore pire, car en raison du fait que les rabais diminuaient \u00e0 partir de janvier, certains concessionnaires ont rempli leurs cours de mod\u00e8les pour r\u00e9pondre \u00e0 la demande. Or, l\u00e0-bas, on a \u00e9galement annonc\u00e9 une pause au programme, cette fois \u00e0 la fin du mois de janvier.<\/p>\n<p>Bref, beaucoup de d\u00e9cisions subites et rapides, certaines improvis\u00e9es. Le probl\u00e8me, c\u2019est que du c\u00f4t\u00e9 des constructeurs et des concessionnaires, on n\u2019a rien improvis\u00e9. On a plut\u00f4t planifi\u00e9 en pr\u00e9vision des r\u00e8gles gouvernementales, des r\u00e8gles qu\u2019on change comme on change de chemise depuis un mois.<\/p>\n<p><\/p>\n<figure><img decoding=\"async\" src=\"https:\/\/news.canadamotorjobs.com\/wp-content\/uploads\/2025\/01\/237081_e7346f5064851bde_001full-1.jpg\" \/><figcaption>Constructeurs et concessionnaires demandent la fin des mandats relatifs aux v\u00e9hicules \u00e9lectriques | Auto123.com<\/figcaption><\/figure>\n<p>La grogne est forte chez les constructeurs et les concessionnaires. D\u2019ailleurs, aujourd\u2019hui, La Corporation des associations des concessionnaires d\u2019automobiles du Canada (CADA), les Constructeurs mondiaux d\u2019automobiles du Canada (GAC) et l\u2019Association canadienne des constructeurs de v\u00e9hicules (ACCV) y sont all\u00e9s d\u2019une d\u00e9claration commune qui stipule ceci :<\/p>\n<p>\u00ab L\u2019industrie automobile demande la fin des mandats f\u00e9d\u00e9raux pour les v\u00e9hicules \u00e9lectriques suite \u00e0 la fin du programme f\u00e9d\u00e9ral d\u2019incitation \u00e0 l\u2019achat de v\u00e9hicules \u00e0 z\u00e9ro \u00e9mission (iZEV) et \u00e0 l\u2019\u00e9chec de la mise en place de l\u2019infrastructure de recharge n\u00e9cessaire. \u00bb<\/p>\n<p>Les signataires de la d\u00e9claration sont :<\/p>\n<p>&#8211;\u00a0\u00a0\u00a0 Tim Reuss, pr\u00e9sident-directeur g\u00e9n\u00e9ral de la Corporation des associations de concessionnaires d\u2019automobiles du Canada.<\/p>\n<p>&#8211;\u00a0\u00a0\u00a0 David Adams, pr\u00e9sident et chef de la direction, Constructeurs mondiaux d\u2019automobiles du Canada.<\/p>\n<p>&#8211;\u00a0\u00a0\u00a0 Brian Kingston, pr\u00e9sident-directeur g\u00e9n\u00e9ral de l\u2019Association canadienne des constructeurs de v\u00e9hicules<\/p>\n<p>&#8211;\u00a0\u00a0\u00a0 Charles Benard, \u00e9conomiste en chef, Corporation des associations de concessionnaires d\u2019automobiles<\/p>\n<p>&#8211;\u00a0\u00a0\u00a0 Huw Williams, porte-parole national, Corporation des associations de concessionnaires d\u2019automobiles.<\/p>\n<p>Concernant les mandats, voici les objectifs de ventes de v\u00e9hicules \u00ab z\u00e9ro \u00e9mission \u00bb en pourcentage, par ann\u00e9e, comme stipul\u00e9 par le gouvernement canadien :<\/p>\n<ul><\/p>\n<li>2026 : 20 %<\/li>\n<p><\/p>\n<li>2027 : 23 %<\/li>\n<p><\/p>\n<li>2028 : 34 %<\/li>\n<p><\/p>\n<li>2029 : 43 %<\/li>\n<p><\/p>\n<li>2030 : 60 %<\/li>\n<p><\/p>\n<li>2031 : 74 %<\/li>\n<p><\/p>\n<li>2032 : 83 %<\/li>\n<p><\/p>\n<li>2033 : 94 %<\/li>\n<p><\/p>\n<li>2034 : 97 %<\/li>\n<p><\/p>\n<li>2035 et au-del\u00e0 : 100 %<\/li>\n<p>\n<\/ul>\n<p>Voici quelques d\u00e9clarations partag\u00e9es par les signataires de la demande effectu\u00e9e au gouvernement canadien concernant la fin des mandats :<\/p>\n<blockquote><p><\/p>\n<p>\u00ab L\u2019annonce d\u2019hier par le gouvernement f\u00e9d\u00e9ral de mettre fin \u00e0 tous les incitatifs pour les v\u00e9hicules z\u00e9ro \u00e9mission (VZE) survient alors que le d\u00e9veloppement de l\u2019infrastructure publique de recharge ralentit. En raison de ces d\u00e9veloppements, les cibles de ventes obligatoires de VZE impos\u00e9es par le gouvernement f\u00e9d\u00e9ral deviennent de plus en plus irr\u00e9alistes et doivent \u00eatre abandonn\u00e9es. Forcer les Canadiens \u00e0 acheter des VZE sans leur offrir les soutiens n\u00e9cessaires pour passer \u00e0 l\u2019\u00e9lectrique est un \u00e9chec de politique publique typiquement canadien. \u00bb<\/p>\n<p>&#8211;\u00a0\u00a0\u00a0 Brian Kingston, pr\u00e9sident et chef de la direction de l\u2019Association canadienne des fabricants de v\u00e9hicules.<\/p>\n<p>\n<\/p><\/blockquote>\n<blockquote><p><\/p>\n<p>\u00ab Le gouvernement f\u00e9d\u00e9ral lib\u00e9ral s\u2019est d\u00e9sengag\u00e9 du soutien \u00e0 la transition vers les v\u00e9hicules \u00e9lectriques, et nous nous retrouvons maintenant avec un plan compl\u00e8tement irr\u00e9aliste au niveau f\u00e9d\u00e9ral. Il y a une hypocrisie flagrante \u00e0 imposer des mandats ambitieux pour les VZE et des p\u00e9nalit\u00e9s aux consommateurs, alors que le gouvernement montre un manque \u00e9vident de motivation et de soutien pour atteindre ses propres objectifs politiques. La fin du programme f\u00e9d\u00e9ral d\u2019incitatifs pour l\u2019achat de v\u00e9hicules \u00e9lectriques, tout en maintenant les mandats sur les v\u00e9hicules \u00e9lectriques, sera un d\u00e9sastre pour les consommateurs, les concessionnaires, les fabricants et l\u2019\u00e9conomie canadienne. \u00bb<\/p>\n<p>&#8211;\u00a0\u00a0\u00a0 Tim Reuss, pr\u00e9sident et chef de la direction de l\u2019Association canadienne des concessionnaires d\u2019automobiles.<\/p>\n<p>\n<\/p><\/blockquote>\n<blockquote><p><\/p>\n<p>\u00ab Bien que les incitatifs ne soient pas n\u00e9cessaires ind\u00e9finiment, ils doivent rester en place au moins jusqu\u2019\u00e0 ce qu\u2019une parit\u00e9 des prix soit largement atteinte. Autrement, le principal obstacle \u00e0 l\u2019adoption des v\u00e9hicules \u00e9lectriques \u2014 le prix \u2014 continuera de freiner l\u2019adoption g\u00e9n\u00e9ralis\u00e9e et mettra les cibles de mandats de VZE du gouvernement de plus en plus en danger. Si le gouvernement oblige les fabricants \u00e0 mettre des VZE sur le march\u00e9 et leur impose des p\u00e9nalit\u00e9s s\u00e9v\u00e8res en cas de non-respect, il doit s\u2019assurer de son c\u00f4t\u00e9 qu\u2019il \u00e9limine les principaux obstacles \u00e0 l\u2019adoption des v\u00e9hicules \u00e9lectriques \u2014 le prix et l\u2019infrastructure. S\u2019il n\u2019est pas pr\u00eat \u00e0 le faire, alors le gouvernement f\u00e9d\u00e9ral (ainsi que le Qu\u00e9bec et la Colombie-Britannique) doit envisager de r\u00e9viser ou d\u2019\u00e9liminer ses mandats, car les hypoth\u00e8ses fondamentales et les taux d\u2019adoption des VZE sur lesquels les mandats \u00e9taient bas\u00e9s ont chang\u00e9. \u00bb<\/p>\n<p>&#8211;\u00a0\u00a0\u00a0 David Adams, pr\u00e9sident et chef de la direction, Constructeurs mondiaux d\u2019automobiles du Canada.<\/p>\n<p>\n<\/p><\/blockquote>\n<p><\/p>\n<figure><img decoding=\"async\" src=\"https:\/\/news.canadamotorjobs.com\/wp-content\/uploads\/2025\/01\/PXL_20240813_103439586_-_Copy-1.jpg\" alt=\"Une station de recharge \u00e0 Terre-Neuve\" \/><figcaption>Une station de recharge \u00e0 Terre-Neuve | Auto123.com<\/figcaption><\/figure>\n<p style=\"padding-top: 15px\">Contenu original de <a href=\"https:\/\/www.auto123.com\/fr\/actualites\/programme-izev-fin-reaction\/72280\/\">auto123<\/a>.<\/p>\n<p>Le texte <a rel=\"nofollow\" href=\"https:\/\/annuelauto.ca\/constructeurs-et-concessionnaires-demandent-la-fin-des-mandats-relatifs-aux-vehicules-electriques\/\">Constructeurs et concessionnaires demandent la fin des mandats relatifs aux v\u00e9hicules \u00e9lectriques<\/a> provient de <a rel=\"nofollow\" href=\"https:\/\/annuelauto.ca\">L&#8217;annuel de l&#8217;automobile &#8211; Actualit\u00e9 automobile<\/a><\/p>\n<p><\/p>\n","protected":false},"excerpt":{"rendered":"<p>Vendredi dernier (10 janvier), on a eu droit \u00e0 une annonce du gouvernement f\u00e9d\u00e9ral concernant la suspension des incitatifs \u00e0 l\u2019achat d\u2019un v\u00e9hicule \u00e9lectrique, un rabais qui pouvait totaliser 5000 $. Au d\u00e9but, la nouvelle qui circulait concernait l\u2019arr\u00eat du programme d\u2019ici au 31 mars 2025. Par la suite, on a parl\u00e9 d\u2019un programme qui [&hellip;]<\/p>\n","protected":false},"author":8,"featured_media":189233,"comment_status":"close","ping_status":"closed","sticky":false,"template":"","format":"standard","meta":{"_monsterinsights_skip_tracking":false,"_monsterinsights_sitenote_active":false,"_monsterinsights_sitenote_note":"","_monsterinsights_sitenote_category":0,"footnotes":""},"categories":[101],"tags":[],"yoast_head":"<!-- This site is optimized with the Yoast SEO plugin v23.2 - https:\/\/yoast.com\/wordpress\/plugins\/seo\/ -->\n<title>Constructeurs et concessionnaires demandent la fin des mandats relatifs aux v\u00e9hicules \u00e9lectriques - CanadaMotorJobs.com<\/title>\n<meta name=\"description\" content=\"Constructeurs et concessionnaires demandent la fin des mandats relatifs aux v\u00e9hicules \u00e9lectriques - Benoit Charette - Annuel automobile - CanadaMotorJobs.com.\" \/>\n<meta name=\"robots\" content=\"index, follow, max-snippet:-1, max-image-preview:large, max-video-preview:-1\" \/>\n<meta property=\"og:locale\" content=\"fr_CA\" \/>\n<meta property=\"og:type\" content=\"article\" \/>\n<meta property=\"og:title\" content=\"Constructeurs et concessionnaires demandent la fin des mandats relatifs aux v\u00e9hicules \u00e9lectriques - CanadaMotorJobs.com\" \/>\n<meta property=\"og:description\" content=\"Constructeurs et concessionnaires demandent la fin des mandats relatifs aux v\u00e9hicules \u00e9lectriques - Benoit Charette - Annuel automobile - CanadaMotorJobs.com.\" \/>\n<meta property=\"og:url\" content=\"https:\/\/news.canadamotorjobs.com\/fr\/constructeurs-et-concessionnaires-demandent-la-fin-des-mandats-relatifs-aux-vehicules-electriques\/\" \/>\n<meta property=\"og:site_name\" content=\"CanadaMotorJobs.com\" \/>\n<meta property=\"article:publisher\" content=\"https:\/\/www.facebook.com\/canadamotorjobs\/\" \/>\n<meta property=\"article:published_time\" content=\"2025-01-16T07:24:30+00:00\" \/>\n<meta property=\"article:modified_time\" content=\"2025-01-16T07:29:11+00:00\" \/>\n<meta property=\"og:image\" content=\"https:\/\/news.canadamotorjobs.com\/wp-content\/uploads\/2025\/01\/hyundai-tesla-nacs-charging_2.jpg\" \/>\n\t<meta property=\"og:image:width\" content=\"1200\" \/>\n\t<meta property=\"og:image:height\" content=\"796\" \/>\n\t<meta property=\"og:image:type\" content=\"image\/jpeg\" \/>\n<meta name=\"author\" content=\"Benoit Charette\" \/>\n<meta name=\"twitter:card\" content=\"summary_large_image\" \/>\n<meta name=\"twitter:creator\" content=\"@canadamotorjobs\" \/>\n<meta name=\"twitter:site\" content=\"@canadamotorjobs\" \/>\n<meta name=\"twitter:label1\" content=\"\u00c9crit par\" \/>\n\t<meta name=\"twitter:data1\" content=\"Benoit Charette\" \/>\n\t<meta name=\"twitter:label2\" content=\"Estimation du temps de lecture\" \/>\n\t<meta name=\"twitter:data2\" content=\"5 minutes\" \/>\n<!-- \/ Yoast SEO plugin. -->","yoast_head_json":{"title":"Constructeurs et concessionnaires demandent la fin des mandats relatifs aux v\u00e9hicules \u00e9lectriques - CanadaMotorJobs.com","description":"Constructeurs et concessionnaires demandent la fin des mandats relatifs aux v\u00e9hicules \u00e9lectriques - Benoit Charette - Annuel automobile - CanadaMotorJobs.com.","robots":{"index":"index","follow":"follow","max-snippet":"max-snippet:-1","max-image-preview":"max-image-preview:large","max-video-preview":"max-video-preview:-1"},"og_locale":"fr_CA","og_type":"article","og_title":"Constructeurs et concessionnaires demandent la fin des mandats relatifs aux v\u00e9hicules \u00e9lectriques - CanadaMotorJobs.com","og_description":"Constructeurs et concessionnaires demandent la fin des mandats relatifs aux v\u00e9hicules \u00e9lectriques - Benoit Charette - Annuel automobile - CanadaMotorJobs.com.","og_url":"https:\/\/news.canadamotorjobs.com\/fr\/constructeurs-et-concessionnaires-demandent-la-fin-des-mandats-relatifs-aux-vehicules-electriques\/","og_site_name":"CanadaMotorJobs.com","article_publisher":"https:\/\/www.facebook.com\/canadamotorjobs\/","article_published_time":"2025-01-16T07:24:30+00:00","article_modified_time":"2025-01-16T07:29:11+00:00","og_image":[{"width":1200,"height":796,"url":"https:\/\/news.canadamotorjobs.com\/wp-content\/uploads\/2025\/01\/hyundai-tesla-nacs-charging_2.jpg","type":"image\/jpeg"}],"author":"Benoit Charette","twitter_card":"summary_large_image","twitter_creator":"@canadamotorjobs","twitter_site":"@canadamotorjobs","twitter_misc":{"\u00c9crit par":"Benoit Charette","Estimation du temps de lecture":"5 minutes"},"schema":{"@context":"https:\/\/schema.org","@graph":[{"@type":"Article","@id":"https:\/\/news.canadamotorjobs.com\/fr\/constructeurs-et-concessionnaires-demandent-la-fin-des-mandats-relatifs-aux-vehicules-electriques\/#article","isPartOf":{"@id":"https:\/\/news.canadamotorjobs.com\/fr\/constructeurs-et-concessionnaires-demandent-la-fin-des-mandats-relatifs-aux-vehicules-electriques\/"},"author":{"name":"Benoit Charette","@id":"https:\/\/news.canadamotorjobs.com\/#\/schema\/person\/51793d1f87d44011d7bcc2ed99269a90"},"headline":"Constructeurs et concessionnaires demandent la fin des mandats relatifs aux v\u00e9hicules \u00e9lectriques","datePublished":"2025-01-16T07:24:30+00:00","dateModified":"2025-01-16T07:29:11+00:00","mainEntityOfPage":{"@id":"https:\/\/news.canadamotorjobs.com\/fr\/constructeurs-et-concessionnaires-demandent-la-fin-des-mandats-relatifs-aux-vehicules-electriques\/"},"wordCount":1039,"publisher":{"@id":"https:\/\/news.canadamotorjobs.com\/#organization"},"image":{"@id":"https:\/\/news.canadamotorjobs.com\/fr\/constructeurs-et-concessionnaires-demandent-la-fin-des-mandats-relatifs-aux-vehicules-electriques\/#primaryimage"},"thumbnailUrl":"https:\/\/news.canadamotorjobs.com\/wp-content\/uploads\/2025\/01\/hyundai-tesla-nacs-charging_2.jpg","articleSection":["Annuel automobile"],"inLanguage":"fr-CA"},{"@type":"WebPage","@id":"https:\/\/news.canadamotorjobs.com\/fr\/constructeurs-et-concessionnaires-demandent-la-fin-des-mandats-relatifs-aux-vehicules-electriques\/","url":"https:\/\/news.canadamotorjobs.com\/fr\/constructeurs-et-concessionnaires-demandent-la-fin-des-mandats-relatifs-aux-vehicules-electriques\/","name":"Constructeurs et concessionnaires demandent la fin des mandats relatifs aux v\u00e9hicules \u00e9lectriques - CanadaMotorJobs.com","isPartOf":{"@id":"https:\/\/news.canadamotorjobs.com\/#website"},"primaryImageOfPage":{"@id":"https:\/\/news.canadamotorjobs.com\/fr\/constructeurs-et-concessionnaires-demandent-la-fin-des-mandats-relatifs-aux-vehicules-electriques\/#primaryimage"},"image":{"@id":"https:\/\/news.canadamotorjobs.com\/fr\/constructeurs-et-concessionnaires-demandent-la-fin-des-mandats-relatifs-aux-vehicules-electriques\/#primaryimage"},"thumbnailUrl":"https:\/\/news.canadamotorjobs.com\/wp-content\/uploads\/2025\/01\/hyundai-tesla-nacs-charging_2.jpg","datePublished":"2025-01-16T07:24:30+00:00","dateModified":"2025-01-16T07:29:11+00:00","description":"Constructeurs et concessionnaires demandent la fin des mandats relatifs aux v\u00e9hicules \u00e9lectriques - Benoit Charette - Annuel automobile - CanadaMotorJobs.com.","breadcrumb":{"@id":"https:\/\/news.canadamotorjobs.com\/fr\/constructeurs-et-concessionnaires-demandent-la-fin-des-mandats-relatifs-aux-vehicules-electriques\/#breadcrumb"},"inLanguage":"fr-CA","potentialAction":[{"@type":"ReadAction","target":["https:\/\/news.canadamotorjobs.com\/fr\/constructeurs-et-concessionnaires-demandent-la-fin-des-mandats-relatifs-aux-vehicules-electriques\/"]}]},{"@type":"ImageObject","inLanguage":"fr-CA","@id":"https:\/\/news.canadamotorjobs.com\/fr\/constructeurs-et-concessionnaires-demandent-la-fin-des-mandats-relatifs-aux-vehicules-electriques\/#primaryimage","url":"https:\/\/news.canadamotorjobs.com\/wp-content\/uploads\/2025\/01\/hyundai-tesla-nacs-charging_2.jpg","contentUrl":"https:\/\/news.canadamotorjobs.com\/wp-content\/uploads\/2025\/01\/hyundai-tesla-nacs-charging_2.jpg","width":1200,"height":796},{"@type":"BreadcrumbList","@id":"https:\/\/news.canadamotorjobs.com\/fr\/constructeurs-et-concessionnaires-demandent-la-fin-des-mandats-relatifs-aux-vehicules-electriques\/#breadcrumb","itemListElement":[{"@type":"ListItem","position":1,"name":"Home","item":"https:\/\/news.canadamotorjobs.com\/fr\/blog\/"},{"@type":"ListItem","position":2,"name":"Constructeurs et concessionnaires demandent la fin des mandats relatifs aux v\u00e9hicules \u00e9lectriques"}]},{"@type":"WebSite","@id":"https:\/\/news.canadamotorjobs.com\/#website","url":"https:\/\/news.canadamotorjobs.com\/","name":"CanadaMotorJobs.com","description":"Automotive Jobs","publisher":{"@id":"https:\/\/news.canadamotorjobs.com\/#organization"},"potentialAction":[{"@type":"SearchAction","target":{"@type":"EntryPoint","urlTemplate":"https:\/\/news.canadamotorjobs.com\/?s={search_term_string}"},"query-input":"required name=search_term_string"}],"inLanguage":"fr-CA"},{"@type":"Organization","@id":"https:\/\/news.canadamotorjobs.com\/#organization","name":"Canada Motor Jobs","url":"https:\/\/news.canadamotorjobs.com\/","logo":{"@type":"ImageObject","inLanguage":"fr-CA","@id":"https:\/\/news.canadamotorjobs.com\/#\/schema\/logo\/image\/","url":"https:\/\/news.canadamotorjobs.com\/wp-content\/uploads\/2022\/10\/logo-canada-motor-jobs-1.png","contentUrl":"https:\/\/news.canadamotorjobs.com\/wp-content\/uploads\/2022\/10\/logo-canada-motor-jobs-1.png","width":800,"height":400,"caption":"Canada Motor Jobs"},"image":{"@id":"https:\/\/news.canadamotorjobs.com\/#\/schema\/logo\/image\/"},"sameAs":["https:\/\/www.facebook.com\/canadamotorjobs\/","https:\/\/x.com\/canadamotorjobs","https:\/\/www.instagram.com\/canadamotorjobs\/","https:\/\/www.linkedin.com\/company\/canadamotorjobs"]},{"@type":"Person","@id":"https:\/\/news.canadamotorjobs.com\/#\/schema\/person\/51793d1f87d44011d7bcc2ed99269a90","name":"Benoit Charette","image":{"@type":"ImageObject","inLanguage":"fr-CA","@id":"https:\/\/news.canadamotorjobs.com\/#\/schema\/person\/image\/","url":"https:\/\/secure.gravatar.com\/avatar\/45f3d2eebcccd909668d7ce7ea7267b6?s=96&d=mm&r=g","contentUrl":"https:\/\/secure.gravatar.com\/avatar\/45f3d2eebcccd909668d7ce7ea7267b6?s=96&d=mm&r=g","caption":"Benoit Charette"},"description":"Benoit Charette \/ Propri\u00e9taire et r\u00e9dacteur en chef Benoit Charette pratique le journalisme automobile depuis bient\u00f4t 30 ans. Il a fait ses classes au c\u00f4t\u00e9 de Daniel H\u00e9raud et au Carnet de route de 1992 \u00e0 2001. Il est fondateur, copropri\u00e9taire et r\u00e9dacteur en chef de L\u2019Annuel de l\u2019automobile, qu\u2019il publie depuis 2001. Il a anim\u00e9 les \u00e9missions RPM et RPM+ sur V et les L\u00e9gendes de la route sur Historia. \u00c0 la radio depuis 1986, il reprend l\u2019antenne cette ann\u00e9e sur les ondes de Cogeco et participe pour la deuxi\u00e8me ann\u00e9e \u00e0 l\u2019\u00e9mission Passion Auto sur RDS en plus de mettre en ligne le site Web officiel de L\u2019Annuel de l\u2019automobile sur annuelauto.ca.","sameAs":["https:\/\/annuelauto.ca\/"],"url":"https:\/\/news.canadamotorjobs.com\/fr\/author\/benoit-charette\/"}]}},"_links":{"self":[{"href":"https:\/\/news.canadamotorjobs.com\/fr\/wp-json\/wp\/v2\/posts\/189231"}],"collection":[{"href":"https:\/\/news.canadamotorjobs.com\/fr\/wp-json\/wp\/v2\/posts"}],"about":[{"href":"https:\/\/news.canadamotorjobs.com\/fr\/wp-json\/wp\/v2\/types\/post"}],"author":[{"embeddable":true,"href":"https:\/\/news.canadamotorjobs.com\/fr\/wp-json\/wp\/v2\/users\/8"}],"replies":[{"embeddable":true,"href":"https:\/\/news.canadamotorjobs.com\/fr\/wp-json\/wp\/v2\/comments?post=189231"}],"version-history":[{"count":3,"href":"https:\/\/news.canadamotorjobs.com\/fr\/wp-json\/wp\/v2\/posts\/189231\/revisions"}],"predecessor-version":[{"id":189266,"href":"https:\/\/news.canadamotorjobs.com\/fr\/wp-json\/wp\/v2\/posts\/189231\/revisions\/189266"}],"wp:featuredmedia":[{"embeddable":true,"href":"https:\/\/news.canadamotorjobs.com\/fr\/wp-json\/wp\/v2\/media\/189233"}],"wp:attachment":[{"href":"https:\/\/news.canadamotorjobs.com\/fr\/wp-json\/wp\/v2\/media?parent=189231"}],"wp:term":[{"taxonomy":"category","embeddable":true,"href":"https:\/\/news.canadamotorjobs.com\/fr\/wp-json\/wp\/v2\/categories?post=189231"},{"taxonomy":"post_tag","embeddable":true,"href":"https:\/\/news.canadamotorjobs.com\/fr\/wp-json\/wp\/v2\/tags?post=189231"}],"curies":[{"name":"wp","href":"https:\/\/api.w.org\/{rel}","templated":true}]}}