{"id":189212,"date":"2025-01-15T11:59:55","date_gmt":"2025-01-15T16:59:55","guid":{"rendered":"https:\/\/news.canadamotorjobs.com\/?p=189212"},"modified":"2025-01-15T12:43:42","modified_gmt":"2025-01-15T17:43:42","slug":"la-microlino-bientot-en-vente-aux-etats-unis","status":"publish","type":"post","link":"https:\/\/news.canadamotorjobs.com\/fr\/la-microlino-bientot-en-vente-aux-etats-unis\/","title":{"rendered":"La Microlino bient\u00f4t en vente aux \u00c9tats-Unis\u00a0?"},"content":{"rendered":"<\/p>\n<p>La <a href=\"https:\/\/annuelauto.ca\/les-premieres-microlino-2-0-lisetta-du-21e-siecle-seront-livrees-cet-ete\/\" target=\"_blank\" rel=\"noopener noreferrer\">Microlino<\/a> pourrait bient\u00f4t faire son apparition aux \u00c9tats-Unis. Le constructeur suisse Micro, qui a lanc\u00e9 cette voiture-bulle inspir\u00e9e de la BMW Isetta des ann\u00e9es\u00a050, cherche actuellement des partenaires pour la commercialiser chez nos voisins du Sud.<\/p>\n<p>Cette annonce a \u00e9t\u00e9 faite le 10\u00a0janvier dernier au 101e\u00a0Salon de l\u2019auto de Bruxelles, en Belgique, lorsque Micro \u00e0 lev\u00e9 le voile sur un nouveau v\u00e9hicule-concept : la Microlino Spider.<\/p>\n<p>Quatri\u00e8me variante de l\u2019embl\u00e9matique citadine suisse, apr\u00e8s la Microlino, la Microlino Lite et la <a href=\"https:\/\/annuelauto.ca\/microlino-spiaggina-une-porte-ouverte-sur-lete\/\" target=\"_blank\" rel=\"noopener noreferrer\">Spiaggina<\/a>, la Spider a \u00e9t\u00e9 con\u00e7ue non seulement pour les h\u00f4tels et les clubs de golf d\u2019Europe, mais aussi pour servir de v\u00e9hicules \u00e9lectriques dans les zones r\u00e9sidentielles des \u00c9tats-Unis.<\/p>\n<h3><strong>Parfaite pour 95\u00a0% des d\u00e9placements<\/strong><\/h3>\n<p>\n\u00ab\u00a0Les Am\u00e9ricains ne conduisent pas seulement de grosses voitures. En fait, les \u00c9tats-Unis sont le plus grand march\u00e9 au monde pour les voiturettes de golf, o\u00f9 elles sont souvent utilis\u00e9es pour le transport individuel dans les quartiers r\u00e9sidentiels. C\u2019est exactement pour cela que nous avons cr\u00e9\u00e9 la Microlino Spider\u00a0\u00bb, explique Wim Ouboter, pr\u00e9sident et fondateur de Micro. \u00ab\u00a0Consid\u00e9rez-la comme l\u2019antith\u00e8se des gros pick-up \u00e9lectriques, puisqu\u2019elle n\u2019est pas con\u00e7ue pour les 5\u00a0% de trajets o\u00f9 vous devez transporter beaucoup de choses, mais pour les 95\u00a0% o\u00f9 vous \u00eates seul pour vous d\u00e9placer.\u00a0\u00bb<\/p>\n<p>Aux \u00c9tats-Unis, cette citadine serait d\u00e9sign\u00e9e comme un <a href=\"https:\/\/annuelauto.ca\/dynasty-it-la-petite-canadienne-devenue-pakistanaise\/\" target=\"_blank\" rel=\"noopener noreferrer\">v\u00e9hicule \u00e0 basse vitesse ou VBV<\/a>, ce que les anglophones surnomment LSV (<em>low-speed vehicle<\/em>) ou NEV (<em>neighborhood electric vehicle<\/em>). La Spider, tout autant que les autres mod\u00e8les de la gamme Microlino, pourrait circuler dans les villes l\u00e0 o\u00f9 la vitesse est limit\u00e9e \u00e0 35\u00a0mi\/h (56\u00a0km\/h). Chez Micro, on affirme que cela repr\u00e9sente plus de la moiti\u00e9 des routes aux \u00c9tats-Unis.<\/p>\n<h3><strong>Une architecture repens\u00e9e<\/strong><\/h3>\n<p>\nSi elle conserve l\u2019essentiel de l\u2019identit\u00e9 de la <a href=\"https:\/\/annuelauto.ca\/une-isetta-moderne-de-retour-en-europe\/\" target=\"_blank\" rel=\"noopener noreferrer\">Microlino<\/a>, la Spider pr\u00e9sente certaines diff\u00e9rences majeures. Ainsi, les panneaux lat\u00e9raux de sa carrosserie ont \u00e9t\u00e9 d\u00e9coup\u00e9s pour permettre au conducteur et au passager de monter et descendre ais\u00e9ment, sans devoir ouvrir une porti\u00e8re. Comparativement \u00e0 la Microlino, qui \u00e0 une porte frontale unique, la forme de la banquette a aussi \u00e9t\u00e9 repens\u00e9e pour faciliter l\u2019acc\u00e8s lat\u00e9ral. On veut ainsi offrir ainsi la convivialit\u00e9 des voiturettes de golf. En outre, pour offrir de l\u2019ombre aux deux occupants, la carrosserie d\u00e9couverte pourrait \u00eatre recouverte avec une capote, qui serait offerte en option.<\/p>\n<p>La voiture-concept pr\u00e9sent\u00e9e \u00e0 Bruxelles a des garnitures de bois sur le volant et les seuils qui donnent une touche plus raffin\u00e9e, affirme le constructeur. De plus, la peinture sp\u00e9ciale de sa carrosserie offre des nuances de bleu, de vert et de violet en fonction de la lumi\u00e8re. Pas s\u00fbr qu\u2019elle soit offerte sur un \u00e9ventuel mod\u00e8le de s\u00e9rie.<\/p>\n<p>Car la Spider est un prototype. Les dirigeants de Micro esp\u00e8rent n\u00e9anmoins en faire un mod\u00e8le de s\u00e9rie pour l\u2019offrir aux \u00c9tatsuniens en guise \u00ab\u00a0d\u2019alternative plus \u00e9l\u00e9gante et plus s\u00fbre que les voiturettes de golf\u00a0\u00bb. Le constructeur table sur le fait que la Spider serait \u00ab\u00a0un v\u00e9hicule id\u00e9al pour les d\u00e9placements personnels ou les trajets quotidiens.\u00a0\u00bb<\/p>\n<h3><strong>Pas de donn\u00e9es techniques<br \/>\n<\/strong><\/h3>\n<p>\nOn ne conna\u00eet malheureusement aucune caract\u00e9ristique technique de la Spider. \u00c0 Bruxelles, le constructeur s\u2019est content\u00e9 d\u2019affirmer qu\u2019elles seraient similaires \u00e0 celles d\u2019une Microlino. Il a aussi pr\u00e9cis\u00e9 que, si elle atteint le stade de la production, la Spider serait adapt\u00e9e \u00e0 la r\u00e9glementation am\u00e9ricaine.<\/p>\n<p>Cela laisse supposer qu\u2019un mod\u00e8le de s\u00e9rie serait propos\u00e9 avec un choix de batteries, comme la berline Microlino \u00e0 porte avant; des batteries de 5,5, 10,5 ou 15\u00a0kWh qui donnent une autonomie de 93, 177 et 228\u00a0km respectivement, selon une brochure du constructeur.<\/p>\n<p>Naturellement, ces plans se concr\u00e9tiseront si Micro r\u00e9ussit \u00e0 d\u00e9nicher des partenaires\u00a0: des groupes de concessionnaires, des soci\u00e9t\u00e9s de location ou d\u2019autres entrepreneurs int\u00e9ress\u00e9s par la commercialisation d\u2019un v\u00e9hicule h\u00e9t\u00e9roclite de la sorte au royaume des gros pick-up et autres VUS.<\/p>\n<p>Micro veut aussi offrir la Spider en Europe. Mais l\u00e0, l\u2019entreprise peut d\u00e9j\u00e0 s\u2019appuyer sur r\u00e9seau de distribution comprenant plus de 100\u00a0points de vente dans une quinzaine de pays.<\/p>\n<h3><strong>Un projet qui remonte loin<\/strong><\/h3>\n<p>\nLa soci\u00e9t\u00e9 Micro a \u00e9t\u00e9 fond\u00e9e en 1999. Elle s\u2019est impos\u00e9e dans le domaine de la mobilit\u00e9 urbaine \u00e0 partir de 2013 avec une gamme de trottinettes \u00e9lectriques. Quant \u00e0 la Microlino, son d\u00e9veloppement a d\u00e9but\u00e9 en 2015 et sa commercialisation en 2023.<\/p>\n<p>Actuellement, la Microlino originale (\u00e0 porte avant) est offerte pour un prix allant de 17\u00a0990\u00a0CHF \u00e0 21\u00a0490\u00a0CHF (entre 28\u00a0500\u00a0$ et 34\u00a0000\u00a0$ environ) selon la batterie choisie. Elle est assembl\u00e9e \u00e0 l\u2019usine de l\u2019\u00e9quipementier italien CECOMP, \u00e0 Turin.<\/p>\n<p><em>Photos : Micro et Astara<br \/>\n<\/em><\/p>\n<p>Le texte <a rel=\"nofollow\" href=\"https:\/\/annuelauto.ca\/la-microlino-bientot-en-vente-aux-etats-unis\/\">La Microlino bient\u00f4t en vente aux \u00c9tats-Unis\u00a0?<\/a> provient de <a rel=\"nofollow\" href=\"https:\/\/annuelauto.ca\">L&#8217;annuel de l&#8217;automobile &#8211; Actualit\u00e9 automobile<\/a><\/p>\n<p><\/p>\n","protected":false},"excerpt":{"rendered":"<p>La Microlino pourrait bient\u00f4t faire son apparition aux \u00c9tats-Unis. Le constructeur suisse Micro, qui a lanc\u00e9 cette voiture-bulle inspir\u00e9e de la BMW Isetta des ann\u00e9es\u00a050, cherche actuellement des partenaires pour la commercialiser chez nos voisins du Sud. Cette annonce a \u00e9t\u00e9 faite le 10\u00a0janvier dernier au 101e\u00a0Salon de l\u2019auto de Bruxelles, en Belgique, lorsque Micro [&hellip;]<\/p>\n","protected":false},"author":8,"featured_media":189214,"comment_status":"close","ping_status":"closed","sticky":false,"template":"","format":"standard","meta":{"_monsterinsights_skip_tracking":false,"_monsterinsights_sitenote_active":false,"_monsterinsights_sitenote_note":"","_monsterinsights_sitenote_category":0,"footnotes":""},"categories":[101],"tags":[],"yoast_head":"<!-- This site is optimized with the Yoast SEO plugin v23.2 - https:\/\/yoast.com\/wordpress\/plugins\/seo\/ -->\n<title>La Microlino bient\u00f4t en vente aux \u00c9tats-Unis\u00a0? - CanadaMotorJobs.com<\/title>\n<meta name=\"description\" content=\"La Microlino bient\u00f4t en vente aux \u00c9tats-Unis\u00a0? - Benoit Charette - Annuel automobile - CanadaMotorJobs.com.\" \/>\n<meta name=\"robots\" content=\"index, follow, max-snippet:-1, max-image-preview:large, max-video-preview:-1\" \/>\n<meta property=\"og:locale\" content=\"fr_CA\" \/>\n<meta property=\"og:type\" content=\"article\" \/>\n<meta property=\"og:title\" content=\"La Microlino bient\u00f4t en vente aux \u00c9tats-Unis\u00a0? - CanadaMotorJobs.com\" \/>\n<meta property=\"og:description\" content=\"La Microlino bient\u00f4t en vente aux \u00c9tats-Unis\u00a0? - Benoit Charette - Annuel automobile - CanadaMotorJobs.com.\" \/>\n<meta property=\"og:url\" content=\"https:\/\/news.canadamotorjobs.com\/fr\/la-microlino-bientot-en-vente-aux-etats-unis\/\" \/>\n<meta property=\"og:site_name\" content=\"CanadaMotorJobs.com\" \/>\n<meta property=\"article:publisher\" content=\"https:\/\/www.facebook.com\/canadamotorjobs\/\" \/>\n<meta property=\"article:published_time\" content=\"2025-01-15T16:59:55+00:00\" \/>\n<meta property=\"article:modified_time\" content=\"2025-01-15T17:43:42+00:00\" \/>\n<meta property=\"og:image\" content=\"https:\/\/news.canadamotorjobs.com\/wp-content\/uploads\/2025\/01\/Microlino-Spider-Concept-2025-4.jpg\" \/>\n\t<meta property=\"og:image:width\" content=\"1024\" \/>\n\t<meta property=\"og:image:height\" content=\"683\" \/>\n\t<meta property=\"og:image:type\" content=\"image\/jpeg\" \/>\n<meta name=\"author\" content=\"Benoit Charette\" \/>\n<meta name=\"twitter:card\" content=\"summary_large_image\" \/>\n<meta name=\"twitter:creator\" content=\"@canadamotorjobs\" \/>\n<meta name=\"twitter:site\" content=\"@canadamotorjobs\" \/>\n<meta name=\"twitter:label1\" content=\"\u00c9crit par\" \/>\n\t<meta name=\"twitter:data1\" content=\"Benoit Charette\" \/>\n\t<meta name=\"twitter:label2\" content=\"Estimation du temps de lecture\" \/>\n\t<meta name=\"twitter:data2\" content=\"4 minutes\" \/>\n<!-- \/ Yoast SEO plugin. -->","yoast_head_json":{"title":"La Microlino bient\u00f4t en vente aux \u00c9tats-Unis\u00a0? - CanadaMotorJobs.com","description":"La Microlino bient\u00f4t en vente aux \u00c9tats-Unis\u00a0? - Benoit Charette - Annuel automobile - CanadaMotorJobs.com.","robots":{"index":"index","follow":"follow","max-snippet":"max-snippet:-1","max-image-preview":"max-image-preview:large","max-video-preview":"max-video-preview:-1"},"og_locale":"fr_CA","og_type":"article","og_title":"La Microlino bient\u00f4t en vente aux \u00c9tats-Unis\u00a0? - CanadaMotorJobs.com","og_description":"La Microlino bient\u00f4t en vente aux \u00c9tats-Unis\u00a0? - Benoit Charette - Annuel automobile - CanadaMotorJobs.com.","og_url":"https:\/\/news.canadamotorjobs.com\/fr\/la-microlino-bientot-en-vente-aux-etats-unis\/","og_site_name":"CanadaMotorJobs.com","article_publisher":"https:\/\/www.facebook.com\/canadamotorjobs\/","article_published_time":"2025-01-15T16:59:55+00:00","article_modified_time":"2025-01-15T17:43:42+00:00","og_image":[{"width":1024,"height":683,"url":"https:\/\/news.canadamotorjobs.com\/wp-content\/uploads\/2025\/01\/Microlino-Spider-Concept-2025-4.jpg","type":"image\/jpeg"}],"author":"Benoit Charette","twitter_card":"summary_large_image","twitter_creator":"@canadamotorjobs","twitter_site":"@canadamotorjobs","twitter_misc":{"\u00c9crit par":"Benoit Charette","Estimation du temps de lecture":"4 minutes"},"schema":{"@context":"https:\/\/schema.org","@graph":[{"@type":"Article","@id":"https:\/\/news.canadamotorjobs.com\/fr\/la-microlino-bientot-en-vente-aux-etats-unis\/#article","isPartOf":{"@id":"https:\/\/news.canadamotorjobs.com\/fr\/la-microlino-bientot-en-vente-aux-etats-unis\/"},"author":{"name":"Benoit Charette","@id":"https:\/\/news.canadamotorjobs.com\/#\/schema\/person\/51793d1f87d44011d7bcc2ed99269a90"},"headline":"La Microlino bient\u00f4t en vente aux \u00c9tats-Unis\u00a0?","datePublished":"2025-01-15T16:59:55+00:00","dateModified":"2025-01-15T17:43:42+00:00","mainEntityOfPage":{"@id":"https:\/\/news.canadamotorjobs.com\/fr\/la-microlino-bientot-en-vente-aux-etats-unis\/"},"wordCount":851,"publisher":{"@id":"https:\/\/news.canadamotorjobs.com\/#organization"},"image":{"@id":"https:\/\/news.canadamotorjobs.com\/fr\/la-microlino-bientot-en-vente-aux-etats-unis\/#primaryimage"},"thumbnailUrl":"https:\/\/news.canadamotorjobs.com\/wp-content\/uploads\/2025\/01\/Microlino-Spider-Concept-2025-4.jpg","articleSection":["Annuel automobile"],"inLanguage":"fr-CA"},{"@type":"WebPage","@id":"https:\/\/news.canadamotorjobs.com\/fr\/la-microlino-bientot-en-vente-aux-etats-unis\/","url":"https:\/\/news.canadamotorjobs.com\/fr\/la-microlino-bientot-en-vente-aux-etats-unis\/","name":"La Microlino bient\u00f4t en vente aux \u00c9tats-Unis\u00a0? - CanadaMotorJobs.com","isPartOf":{"@id":"https:\/\/news.canadamotorjobs.com\/#website"},"primaryImageOfPage":{"@id":"https:\/\/news.canadamotorjobs.com\/fr\/la-microlino-bientot-en-vente-aux-etats-unis\/#primaryimage"},"image":{"@id":"https:\/\/news.canadamotorjobs.com\/fr\/la-microlino-bientot-en-vente-aux-etats-unis\/#primaryimage"},"thumbnailUrl":"https:\/\/news.canadamotorjobs.com\/wp-content\/uploads\/2025\/01\/Microlino-Spider-Concept-2025-4.jpg","datePublished":"2025-01-15T16:59:55+00:00","dateModified":"2025-01-15T17:43:42+00:00","description":"La Microlino bient\u00f4t en vente aux \u00c9tats-Unis\u00a0? - Benoit Charette - Annuel automobile - CanadaMotorJobs.com.","breadcrumb":{"@id":"https:\/\/news.canadamotorjobs.com\/fr\/la-microlino-bientot-en-vente-aux-etats-unis\/#breadcrumb"},"inLanguage":"fr-CA","potentialAction":[{"@type":"ReadAction","target":["https:\/\/news.canadamotorjobs.com\/fr\/la-microlino-bientot-en-vente-aux-etats-unis\/"]}]},{"@type":"ImageObject","inLanguage":"fr-CA","@id":"https:\/\/news.canadamotorjobs.com\/fr\/la-microlino-bientot-en-vente-aux-etats-unis\/#primaryimage","url":"https:\/\/news.canadamotorjobs.com\/wp-content\/uploads\/2025\/01\/Microlino-Spider-Concept-2025-4.jpg","contentUrl":"https:\/\/news.canadamotorjobs.com\/wp-content\/uploads\/2025\/01\/Microlino-Spider-Concept-2025-4.jpg","width":1024,"height":683},{"@type":"BreadcrumbList","@id":"https:\/\/news.canadamotorjobs.com\/fr\/la-microlino-bientot-en-vente-aux-etats-unis\/#breadcrumb","itemListElement":[{"@type":"ListItem","position":1,"name":"Home","item":"https:\/\/news.canadamotorjobs.com\/fr\/blog\/"},{"@type":"ListItem","position":2,"name":"La Microlino bient\u00f4t en vente aux \u00c9tats-Unis\u00a0?"}]},{"@type":"WebSite","@id":"https:\/\/news.canadamotorjobs.com\/#website","url":"https:\/\/news.canadamotorjobs.com\/","name":"CanadaMotorJobs.com","description":"Automotive Jobs","publisher":{"@id":"https:\/\/news.canadamotorjobs.com\/#organization"},"potentialAction":[{"@type":"SearchAction","target":{"@type":"EntryPoint","urlTemplate":"https:\/\/news.canadamotorjobs.com\/?s={search_term_string}"},"query-input":"required name=search_term_string"}],"inLanguage":"fr-CA"},{"@type":"Organization","@id":"https:\/\/news.canadamotorjobs.com\/#organization","name":"Canada Motor Jobs","url":"https:\/\/news.canadamotorjobs.com\/","logo":{"@type":"ImageObject","inLanguage":"fr-CA","@id":"https:\/\/news.canadamotorjobs.com\/#\/schema\/logo\/image\/","url":"https:\/\/news.canadamotorjobs.com\/wp-content\/uploads\/2022\/10\/logo-canada-motor-jobs-1.png","contentUrl":"https:\/\/news.canadamotorjobs.com\/wp-content\/uploads\/2022\/10\/logo-canada-motor-jobs-1.png","width":800,"height":400,"caption":"Canada Motor Jobs"},"image":{"@id":"https:\/\/news.canadamotorjobs.com\/#\/schema\/logo\/image\/"},"sameAs":["https:\/\/www.facebook.com\/canadamotorjobs\/","https:\/\/x.com\/canadamotorjobs","https:\/\/www.instagram.com\/canadamotorjobs\/","https:\/\/www.linkedin.com\/company\/canadamotorjobs"]},{"@type":"Person","@id":"https:\/\/news.canadamotorjobs.com\/#\/schema\/person\/51793d1f87d44011d7bcc2ed99269a90","name":"Benoit Charette","image":{"@type":"ImageObject","inLanguage":"fr-CA","@id":"https:\/\/news.canadamotorjobs.com\/#\/schema\/person\/image\/","url":"https:\/\/secure.gravatar.com\/avatar\/45f3d2eebcccd909668d7ce7ea7267b6?s=96&d=mm&r=g","contentUrl":"https:\/\/secure.gravatar.com\/avatar\/45f3d2eebcccd909668d7ce7ea7267b6?s=96&d=mm&r=g","caption":"Benoit Charette"},"description":"Benoit Charette \/ Propri\u00e9taire et r\u00e9dacteur en chef Benoit Charette pratique le journalisme automobile depuis bient\u00f4t 30 ans. Il a fait ses classes au c\u00f4t\u00e9 de Daniel H\u00e9raud et au Carnet de route de 1992 \u00e0 2001. Il est fondateur, copropri\u00e9taire et r\u00e9dacteur en chef de L\u2019Annuel de l\u2019automobile, qu\u2019il publie depuis 2001. Il a anim\u00e9 les \u00e9missions RPM et RPM+ sur V et les L\u00e9gendes de la route sur Historia. \u00c0 la radio depuis 1986, il reprend l\u2019antenne cette ann\u00e9e sur les ondes de Cogeco et participe pour la deuxi\u00e8me ann\u00e9e \u00e0 l\u2019\u00e9mission Passion Auto sur RDS en plus de mettre en ligne le site Web officiel de L\u2019Annuel de l\u2019automobile sur annuelauto.ca.","sameAs":["https:\/\/annuelauto.ca\/"],"url":"https:\/\/news.canadamotorjobs.com\/fr\/author\/benoit-charette\/"}]}},"_links":{"self":[{"href":"https:\/\/news.canadamotorjobs.com\/fr\/wp-json\/wp\/v2\/posts\/189212"}],"collection":[{"href":"https:\/\/news.canadamotorjobs.com\/fr\/wp-json\/wp\/v2\/posts"}],"about":[{"href":"https:\/\/news.canadamotorjobs.com\/fr\/wp-json\/wp\/v2\/types\/post"}],"author":[{"embeddable":true,"href":"https:\/\/news.canadamotorjobs.com\/fr\/wp-json\/wp\/v2\/users\/8"}],"replies":[{"embeddable":true,"href":"https:\/\/news.canadamotorjobs.com\/fr\/wp-json\/wp\/v2\/comments?post=189212"}],"version-history":[{"count":2,"href":"https:\/\/news.canadamotorjobs.com\/fr\/wp-json\/wp\/v2\/posts\/189212\/revisions"}],"predecessor-version":[{"id":189216,"href":"https:\/\/news.canadamotorjobs.com\/fr\/wp-json\/wp\/v2\/posts\/189212\/revisions\/189216"}],"wp:featuredmedia":[{"embeddable":true,"href":"https:\/\/news.canadamotorjobs.com\/fr\/wp-json\/wp\/v2\/media\/189214"}],"wp:attachment":[{"href":"https:\/\/news.canadamotorjobs.com\/fr\/wp-json\/wp\/v2\/media?parent=189212"}],"wp:term":[{"taxonomy":"category","embeddable":true,"href":"https:\/\/news.canadamotorjobs.com\/fr\/wp-json\/wp\/v2\/categories?post=189212"},{"taxonomy":"post_tag","embeddable":true,"href":"https:\/\/news.canadamotorjobs.com\/fr\/wp-json\/wp\/v2\/tags?post=189212"}],"curies":[{"name":"wp","href":"https:\/\/api.w.org\/{rel}","templated":true}]}}