{"id":189189,"date":"2025-01-15T06:24:16","date_gmt":"2025-01-15T11:24:16","guid":{"rendered":"https:\/\/news.canadamotorjobs.com\/?p=189189"},"modified":"2025-01-15T06:29:35","modified_gmt":"2025-01-15T11:29:35","slug":"audi-annonce-la-rs3-a-77-500","status":"publish","type":"post","link":"https:\/\/news.canadamotorjobs.com\/fr\/audi-annonce-la-rs3-a-77-500\/","title":{"rendered":"Audi annonce la RS3 \u00e0 77 500 $"},"content":{"rendered":"<\/p>\n<p>L\u2019Audi RS 3 fait son grand retour sur le march\u00e9 canadien en 2025 avec un prix de d\u00e9part fix\u00e9 \u00e0 <strong>77 500 $<\/strong>. Ce mod\u00e8le compact de haute performance est \u00e9quip\u00e9 d\u2019un moteur turbo cinq cylindres de <strong>394 chevaux<\/strong> et de <strong>369 lb-pi de couple<\/strong>, offrant une exp\u00e9rience de conduite in\u00e9gal\u00e9e.<\/p>\n<h3>Des performances impressionnantes<\/h3>\n<p>\nAvec son moteur <strong>2,5 litres turbo<\/strong> coupl\u00e9 \u00e0 un syst\u00e8me de transmission int\u00e9grale quattro avanc\u00e9, l\u2019RS 3 atteint les <strong>100 km\/h en seulement 3,8 secondes<\/strong>. Le syst\u00e8me quattro int\u00e8gre un <strong>RS torque splitter<\/strong>, permettant de r\u00e9partir la puissance sur chaque roue arri\u00e8re individuellement, et propose deux modes sp\u00e9cifiques :<\/p>\n<ul><\/p>\n<li><strong>RS Performance<\/strong> : pour une conduite optimis\u00e9e sur circuit.<\/li>\n<p><\/p>\n<li><strong>RS Torque Rear<\/strong> : pour des drifts contr\u00f4l\u00e9s.<\/li>\n<p>\n<\/ul>\n<p>\nLa suspension adaptative de s\u00e9rie ajuste en continu les amortisseurs pour un \u00e9quilibre parfait entre confort et pr\u00e9cision.<\/p>\n<h3>Un design revu et aff\u00fbt\u00e9<\/h3>\n<p>\nL\u2019Audi RS 3 2025 arbore des pare-chocs avant et arri\u00e8re redessin\u00e9s, dot\u00e9s de <strong>prises d\u2019air \u00e9largies<\/strong> et d\u2019un diffuseur fonctionnel avec r\u00e9flecteur rouge. Les ailes \u00e9largies et les embl\u00e9matiques sorties d\u2019\u00e9chappement ovales RS renforcent son allure sportive. \u00c0 l\u2019int\u00e9rieur, on retrouve un <strong>volant multifonction trois branches<\/strong> au design unique et des finitions am\u00e9lior\u00e9es au niveau de la console, du tableau de bord et des panneaux de porte.<\/p>\n<h3>L&#8217;ensemble Dynamic Plus : pour les amateurs de vitesse<\/h3>\n<p>\nEn option, le <strong>groupe Dynamic Plus<\/strong> pousse la vitesse maximale \u00e0 <strong>290 km\/h<\/strong> gr\u00e2ce \u00e0 un limiteur \u00e9lectronique modifi\u00e9, et ajoute des freins avant en c\u00e9ramique avec \u00e9triers rouges, des pneus d\u2019\u00e9t\u00e9 ultra-haute performance et un cache-moteur en carbone. Deux <strong>ensembles de design RS<\/strong> permettent \u00e9galement de personnaliser l\u2019int\u00e9rieur avec des accents Express Red ou Micromatta Green, incluant des ceintures de s\u00e9curit\u00e9 bord\u00e9es de couleurs et des d\u00e9tails en Dinamica.<\/p>\n<h3>Technologie et assistance de pointe<\/h3>\n<p><\/p>\n<h3>La RS 3 regorge de fonctionnalit\u00e9s technologiques, notamment :<\/h3>\n<p><\/p>\n<ul><\/p>\n<li><strong>Phares Matrix LED<\/strong> assombris avec signatures personnalisables.<\/li>\n<p><\/p>\n<li><strong>Cockpit virtuel Audi 12,3 pouces<\/strong> avec affichages sp\u00e9cifiques RS.<\/li>\n<p><\/p>\n<li>Syst\u00e8me audio <strong>Sonos 680 watts<\/strong> avec 15 haut-parleurs.<\/li>\n<p><\/p>\n<li>Connectivit\u00e9 sans fil Apple CarPlay et Android Auto, avec chargeur \u00e0 induction.<\/li>\n<p>\n<\/ul>\n<p><\/p>\n<h3>C\u00f4t\u00e9 s\u00e9curit\u00e9, elle int\u00e8gre :<\/h3>\n<p><\/p>\n<ul><\/p>\n<li><strong>Assistance \u00e0 la conduite adaptative<\/strong> avec maintien de voie.<\/li>\n<p><\/p>\n<li><strong>Audi pre-sense avant<\/strong> pour la pr\u00e9vention des collisions.<\/li>\n<p><\/p>\n<li><strong>Park Assist Plus<\/strong> pour un stationnement automatis\u00e9 en parall\u00e8le ou perpendiculaire.<\/li>\n<p>\n<\/ul>\n<p><\/p>\n<h3>Disponibilit\u00e9 au Canada<\/h3>\n<p>\nLes concessionnaires canadiens acceptent d\u00e8s maintenant les commandes pour l\u2019Audi RS 3 2025. Les premi\u00e8res livraisons sont pr\u00e9vues pour <strong>avril 2025<\/strong>.<\/p>\n<p>Le texte <a rel=\"nofollow\" href=\"https:\/\/annuelauto.ca\/audi-annonce-la-rs3-a-77-500\/\">Audi annonce la RS3 \u00e0 77 500 $<\/a> provient de <a rel=\"nofollow\" href=\"https:\/\/annuelauto.ca\">L&#8217;annuel de l&#8217;automobile &#8211; Actualit\u00e9 automobile<\/a><\/p>\n<p><\/p>\n","protected":false},"excerpt":{"rendered":"<p>L\u2019Audi RS 3 fait son grand retour sur le march\u00e9 canadien en 2025 avec un prix de d\u00e9part fix\u00e9 \u00e0 77 500 $. Ce mod\u00e8le compact de haute performance est \u00e9quip\u00e9 d\u2019un moteur turbo cinq cylindres de 394 chevaux et de 369 lb-pi de couple, offrant une exp\u00e9rience de conduite in\u00e9gal\u00e9e. Des performances impressionnantes Avec [&hellip;]<\/p>\n","protected":false},"author":8,"featured_media":189191,"comment_status":"close","ping_status":"closed","sticky":false,"template":"","format":"standard","meta":{"_monsterinsights_skip_tracking":false,"_monsterinsights_sitenote_active":false,"_monsterinsights_sitenote_note":"","_monsterinsights_sitenote_category":0,"footnotes":""},"categories":[101],"tags":[],"yoast_head":"<!-- This site is optimized with the Yoast SEO plugin v23.2 - https:\/\/yoast.com\/wordpress\/plugins\/seo\/ -->\n<title>Audi annonce la RS3 \u00e0 77 500 $ - CanadaMotorJobs.com<\/title>\n<meta name=\"description\" content=\"Audi annonce la RS3 \u00e0 77 500 $ - Benoit Charette - Annuel automobile - CanadaMotorJobs.com.\" \/>\n<meta name=\"robots\" content=\"index, follow, max-snippet:-1, max-image-preview:large, max-video-preview:-1\" \/>\n<meta property=\"og:locale\" content=\"fr_CA\" \/>\n<meta property=\"og:type\" content=\"article\" \/>\n<meta property=\"og:title\" content=\"Audi annonce la RS3 \u00e0 77 500 $ - CanadaMotorJobs.com\" \/>\n<meta property=\"og:description\" content=\"Audi annonce la RS3 \u00e0 77 500 $ - Benoit Charette - Annuel automobile - CanadaMotorJobs.com.\" \/>\n<meta property=\"og:url\" content=\"https:\/\/news.canadamotorjobs.com\/fr\/audi-annonce-la-rs3-a-77-500\/\" \/>\n<meta property=\"og:site_name\" content=\"CanadaMotorJobs.com\" \/>\n<meta property=\"article:publisher\" content=\"https:\/\/www.facebook.com\/canadamotorjobs\/\" \/>\n<meta property=\"article:published_time\" content=\"2025-01-15T11:24:16+00:00\" \/>\n<meta property=\"article:modified_time\" content=\"2025-01-15T11:29:35+00:00\" \/>\n<meta property=\"og:image\" content=\"https:\/\/news.canadamotorjobs.com\/wp-content\/uploads\/2025\/01\/Audi_RS_3_Sedan_progressive_red_DSF3380.jpg\" \/>\n\t<meta property=\"og:image:width\" content=\"1200\" \/>\n\t<meta property=\"og:image:height\" content=\"900\" \/>\n\t<meta property=\"og:image:type\" content=\"image\/jpeg\" \/>\n<meta name=\"author\" content=\"Benoit Charette\" \/>\n<meta name=\"twitter:card\" content=\"summary_large_image\" \/>\n<meta name=\"twitter:creator\" content=\"@canadamotorjobs\" \/>\n<meta name=\"twitter:site\" content=\"@canadamotorjobs\" \/>\n<meta name=\"twitter:label1\" content=\"\u00c9crit par\" \/>\n\t<meta name=\"twitter:data1\" content=\"Benoit Charette\" \/>\n\t<meta name=\"twitter:label2\" content=\"Estimation du temps de lecture\" \/>\n\t<meta name=\"twitter:data2\" content=\"2 minutes\" \/>\n<!-- \/ Yoast SEO plugin. -->","yoast_head_json":{"title":"Audi annonce la RS3 \u00e0 77 500 $ - CanadaMotorJobs.com","description":"Audi annonce la RS3 \u00e0 77 500 $ - Benoit Charette - Annuel automobile - CanadaMotorJobs.com.","robots":{"index":"index","follow":"follow","max-snippet":"max-snippet:-1","max-image-preview":"max-image-preview:large","max-video-preview":"max-video-preview:-1"},"og_locale":"fr_CA","og_type":"article","og_title":"Audi annonce la RS3 \u00e0 77 500 $ - CanadaMotorJobs.com","og_description":"Audi annonce la RS3 \u00e0 77 500 $ - Benoit Charette - Annuel automobile - CanadaMotorJobs.com.","og_url":"https:\/\/news.canadamotorjobs.com\/fr\/audi-annonce-la-rs3-a-77-500\/","og_site_name":"CanadaMotorJobs.com","article_publisher":"https:\/\/www.facebook.com\/canadamotorjobs\/","article_published_time":"2025-01-15T11:24:16+00:00","article_modified_time":"2025-01-15T11:29:35+00:00","og_image":[{"width":1200,"height":900,"url":"https:\/\/news.canadamotorjobs.com\/wp-content\/uploads\/2025\/01\/Audi_RS_3_Sedan_progressive_red_DSF3380.jpg","type":"image\/jpeg"}],"author":"Benoit Charette","twitter_card":"summary_large_image","twitter_creator":"@canadamotorjobs","twitter_site":"@canadamotorjobs","twitter_misc":{"\u00c9crit par":"Benoit Charette","Estimation du temps de lecture":"2 minutes"},"schema":{"@context":"https:\/\/schema.org","@graph":[{"@type":"Article","@id":"https:\/\/news.canadamotorjobs.com\/fr\/audi-annonce-la-rs3-a-77-500\/#article","isPartOf":{"@id":"https:\/\/news.canadamotorjobs.com\/fr\/audi-annonce-la-rs3-a-77-500\/"},"author":{"name":"Benoit Charette","@id":"https:\/\/news.canadamotorjobs.com\/#\/schema\/person\/51793d1f87d44011d7bcc2ed99269a90"},"headline":"Audi annonce la RS3 \u00e0 77 500 $","datePublished":"2025-01-15T11:24:16+00:00","dateModified":"2025-01-15T11:29:35+00:00","mainEntityOfPage":{"@id":"https:\/\/news.canadamotorjobs.com\/fr\/audi-annonce-la-rs3-a-77-500\/"},"wordCount":439,"publisher":{"@id":"https:\/\/news.canadamotorjobs.com\/#organization"},"image":{"@id":"https:\/\/news.canadamotorjobs.com\/fr\/audi-annonce-la-rs3-a-77-500\/#primaryimage"},"thumbnailUrl":"https:\/\/news.canadamotorjobs.com\/wp-content\/uploads\/2025\/01\/Audi_RS_3_Sedan_progressive_red_DSF3380.jpg","articleSection":["Annuel automobile"],"inLanguage":"fr-CA"},{"@type":"WebPage","@id":"https:\/\/news.canadamotorjobs.com\/fr\/audi-annonce-la-rs3-a-77-500\/","url":"https:\/\/news.canadamotorjobs.com\/fr\/audi-annonce-la-rs3-a-77-500\/","name":"Audi annonce la RS3 \u00e0 77 500 $ - CanadaMotorJobs.com","isPartOf":{"@id":"https:\/\/news.canadamotorjobs.com\/#website"},"primaryImageOfPage":{"@id":"https:\/\/news.canadamotorjobs.com\/fr\/audi-annonce-la-rs3-a-77-500\/#primaryimage"},"image":{"@id":"https:\/\/news.canadamotorjobs.com\/fr\/audi-annonce-la-rs3-a-77-500\/#primaryimage"},"thumbnailUrl":"https:\/\/news.canadamotorjobs.com\/wp-content\/uploads\/2025\/01\/Audi_RS_3_Sedan_progressive_red_DSF3380.jpg","datePublished":"2025-01-15T11:24:16+00:00","dateModified":"2025-01-15T11:29:35+00:00","description":"Audi annonce la RS3 \u00e0 77 500 $ - Benoit Charette - Annuel automobile - CanadaMotorJobs.com.","breadcrumb":{"@id":"https:\/\/news.canadamotorjobs.com\/fr\/audi-annonce-la-rs3-a-77-500\/#breadcrumb"},"inLanguage":"fr-CA","potentialAction":[{"@type":"ReadAction","target":["https:\/\/news.canadamotorjobs.com\/fr\/audi-annonce-la-rs3-a-77-500\/"]}]},{"@type":"ImageObject","inLanguage":"fr-CA","@id":"https:\/\/news.canadamotorjobs.com\/fr\/audi-annonce-la-rs3-a-77-500\/#primaryimage","url":"https:\/\/news.canadamotorjobs.com\/wp-content\/uploads\/2025\/01\/Audi_RS_3_Sedan_progressive_red_DSF3380.jpg","contentUrl":"https:\/\/news.canadamotorjobs.com\/wp-content\/uploads\/2025\/01\/Audi_RS_3_Sedan_progressive_red_DSF3380.jpg","width":1200,"height":900},{"@type":"BreadcrumbList","@id":"https:\/\/news.canadamotorjobs.com\/fr\/audi-annonce-la-rs3-a-77-500\/#breadcrumb","itemListElement":[{"@type":"ListItem","position":1,"name":"Home","item":"https:\/\/news.canadamotorjobs.com\/fr\/blog\/"},{"@type":"ListItem","position":2,"name":"Audi annonce la RS3 \u00e0 77 500 $"}]},{"@type":"WebSite","@id":"https:\/\/news.canadamotorjobs.com\/#website","url":"https:\/\/news.canadamotorjobs.com\/","name":"CanadaMotorJobs.com","description":"Automotive Jobs","publisher":{"@id":"https:\/\/news.canadamotorjobs.com\/#organization"},"potentialAction":[{"@type":"SearchAction","target":{"@type":"EntryPoint","urlTemplate":"https:\/\/news.canadamotorjobs.com\/?s={search_term_string}"},"query-input":"required name=search_term_string"}],"inLanguage":"fr-CA"},{"@type":"Organization","@id":"https:\/\/news.canadamotorjobs.com\/#organization","name":"Canada Motor Jobs","url":"https:\/\/news.canadamotorjobs.com\/","logo":{"@type":"ImageObject","inLanguage":"fr-CA","@id":"https:\/\/news.canadamotorjobs.com\/#\/schema\/logo\/image\/","url":"https:\/\/news.canadamotorjobs.com\/wp-content\/uploads\/2022\/10\/logo-canada-motor-jobs-1.png","contentUrl":"https:\/\/news.canadamotorjobs.com\/wp-content\/uploads\/2022\/10\/logo-canada-motor-jobs-1.png","width":800,"height":400,"caption":"Canada Motor Jobs"},"image":{"@id":"https:\/\/news.canadamotorjobs.com\/#\/schema\/logo\/image\/"},"sameAs":["https:\/\/www.facebook.com\/canadamotorjobs\/","https:\/\/x.com\/canadamotorjobs","https:\/\/www.instagram.com\/canadamotorjobs\/","https:\/\/www.linkedin.com\/company\/canadamotorjobs"]},{"@type":"Person","@id":"https:\/\/news.canadamotorjobs.com\/#\/schema\/person\/51793d1f87d44011d7bcc2ed99269a90","name":"Benoit Charette","image":{"@type":"ImageObject","inLanguage":"fr-CA","@id":"https:\/\/news.canadamotorjobs.com\/#\/schema\/person\/image\/","url":"https:\/\/secure.gravatar.com\/avatar\/45f3d2eebcccd909668d7ce7ea7267b6?s=96&d=mm&r=g","contentUrl":"https:\/\/secure.gravatar.com\/avatar\/45f3d2eebcccd909668d7ce7ea7267b6?s=96&d=mm&r=g","caption":"Benoit Charette"},"description":"Benoit Charette \/ Propri\u00e9taire et r\u00e9dacteur en chef Benoit Charette pratique le journalisme automobile depuis bient\u00f4t 30 ans. Il a fait ses classes au c\u00f4t\u00e9 de Daniel H\u00e9raud et au Carnet de route de 1992 \u00e0 2001. Il est fondateur, copropri\u00e9taire et r\u00e9dacteur en chef de L\u2019Annuel de l\u2019automobile, qu\u2019il publie depuis 2001. Il a anim\u00e9 les \u00e9missions RPM et RPM+ sur V et les L\u00e9gendes de la route sur Historia. \u00c0 la radio depuis 1986, il reprend l\u2019antenne cette ann\u00e9e sur les ondes de Cogeco et participe pour la deuxi\u00e8me ann\u00e9e \u00e0 l\u2019\u00e9mission Passion Auto sur RDS en plus de mettre en ligne le site Web officiel de L\u2019Annuel de l\u2019automobile sur annuelauto.ca.","sameAs":["https:\/\/annuelauto.ca\/"],"url":"https:\/\/news.canadamotorjobs.com\/fr\/author\/benoit-charette\/"}]}},"_links":{"self":[{"href":"https:\/\/news.canadamotorjobs.com\/fr\/wp-json\/wp\/v2\/posts\/189189"}],"collection":[{"href":"https:\/\/news.canadamotorjobs.com\/fr\/wp-json\/wp\/v2\/posts"}],"about":[{"href":"https:\/\/news.canadamotorjobs.com\/fr\/wp-json\/wp\/v2\/types\/post"}],"author":[{"embeddable":true,"href":"https:\/\/news.canadamotorjobs.com\/fr\/wp-json\/wp\/v2\/users\/8"}],"replies":[{"embeddable":true,"href":"https:\/\/news.canadamotorjobs.com\/fr\/wp-json\/wp\/v2\/comments?post=189189"}],"version-history":[{"count":2,"href":"https:\/\/news.canadamotorjobs.com\/fr\/wp-json\/wp\/v2\/posts\/189189\/revisions"}],"predecessor-version":[{"id":189193,"href":"https:\/\/news.canadamotorjobs.com\/fr\/wp-json\/wp\/v2\/posts\/189189\/revisions\/189193"}],"wp:featuredmedia":[{"embeddable":true,"href":"https:\/\/news.canadamotorjobs.com\/fr\/wp-json\/wp\/v2\/media\/189191"}],"wp:attachment":[{"href":"https:\/\/news.canadamotorjobs.com\/fr\/wp-json\/wp\/v2\/media?parent=189189"}],"wp:term":[{"taxonomy":"category","embeddable":true,"href":"https:\/\/news.canadamotorjobs.com\/fr\/wp-json\/wp\/v2\/categories?post=189189"},{"taxonomy":"post_tag","embeddable":true,"href":"https:\/\/news.canadamotorjobs.com\/fr\/wp-json\/wp\/v2\/tags?post=189189"}],"curies":[{"name":"wp","href":"https:\/\/api.w.org\/{rel}","templated":true}]}}