{"id":189161,"date":"2025-01-15T02:25:08","date_gmt":"2025-01-15T07:25:08","guid":{"rendered":"https:\/\/news.canadamotorjobs.com\/?p=189161"},"modified":"2025-01-15T02:31:31","modified_gmt":"2025-01-15T07:31:31","slug":"un-dernier-635-millions-de-joe-biden-pour-les-bornes-de-recharge","status":"publish","type":"post","link":"https:\/\/news.canadamotorjobs.com\/fr\/un-dernier-635-millions-de-joe-biden-pour-les-bornes-de-recharge\/","title":{"rendered":"Un dernier 635 millions de Joe Biden pour les bornes de recharge"},"content":{"rendered":"<\/p>\n<p>\u00c0 seulement dix jours de l\u2019entr\u00e9e en fonction de Donald Trump, l\u2019administration Biden a attribu\u00e9 635 millions en subventions pour d\u00e9velopper les infrastructures de recharge pour v\u00e9hicules \u00e9lectriques (VE). Ces financements, issus de la loi bipartite sur les infrastructures de 2021, laissent un maigre solde de 700 000 dollars sur les 2,5 milliards initialement pr\u00e9vus pour ce programme.<\/p>\n<p>Ces subventions visent \u00e0 soutenir 49 projets pour le d\u00e9ploiement de plus de 11 500 bornes de recharge et des infrastructures pour carburants alternatifs dans 27 \u00c9tats, ainsi que dans le District de Columbia et sur les territoires de quatre tribus reconnues au niveau f\u00e9d\u00e9ral.<\/p>\n<p>Les subventions se divisent en deux volets principaux :<\/p>\n<ul><\/p>\n<li>1.\u00a0\u00a0\u00a0 368 millions financeront 42 projets visant \u00e0 renforcer les infrastructures locales de recharge dans des communaut\u00e9s \u00e0 travers les \u00c9tats-Unis.<\/li>\n<p><\/p>\n<li>2.\u00a0\u00a0\u00a0 268 millions seront investis dans 7 projets pour construire un r\u00e9seau national de recharge rapide le long des corridors d\u00e9sign\u00e9s pour carburants alternatifs.<\/li>\n<p>\n<\/ul>\n<p>Ces financements proviennent du Programme de subventions discr\u00e9tionnaires pour la recharge et le ravitaillement en carburants alternatifs (CFI) et d\u2019une r\u00e9serve de 10 % du Programme NEVI (National Electric Vehicle Infrastructure).<\/p>\n<p><\/p>\n<figure><img decoding=\"async\" src=\"https:\/\/news.canadamotorjobs.com\/wp-content\/uploads\/2025\/01\/chevrolet_volt_lt_7-5.jpeg\" alt=\"Une Chevrolet Volt, au chargement\" \/><figcaption>Une Chevrolet Volt, au chargement | Auto123.com<\/figcaption><\/figure>\n<p><strong>Encore loin de l\u2019objectif<\/strong><\/p>\n<p>Actuellement, les \u00c9tats-Unis comptent pr\u00e8s de 70 000 stations de recharge publiques, soit environ 197 000 ports de recharge selon le DOE\u2019s Alternative Fuels Data Center.<\/p>\n<p>L\u2019administration Biden s\u2019est fix\u00e9 un objectif ambitieux : 500 000 bornes accessibles au public d\u2019ici 2030. Selon Pete Buttigieg, secr\u00e9taire am\u00e9ricain aux Transports, \u00ab ces investissements permettront aux \u00c9tats et aux communaut\u00e9s de b\u00e2tir un r\u00e9seau de bornes de recharge. Un jour, trouver une recharge lors d\u2019un voyage sera aussi simple que de faire le plein d\u2019essence. \u00bb<\/p>\n<p><strong>Une course contre la montre<\/strong><\/p>\n<p>Depuis les r\u00e9sultats de l\u2019\u00e9lection pr\u00e9sidentielle, l\u2019administration Biden s\u2019efforce de distribuer rapidement les fonds destin\u00e9s \u00e0 l\u2019\u00e9nergie propre. Cette pr\u00e9cipitation r\u00e9pond aux menaces de Donald Trump de r\u00e9voquer ces financements une fois en poste. Cependant, une fois les fonds allou\u00e9s, les r\u00e9cup\u00e9rer devient presque impossible.<\/p>\n<p><strong>Quels enjeux pour l\u2019avenir ?<\/strong><\/p>\n<ul><\/p>\n<li>\u2022\u00a0\u00a0\u00a0 Pour les conducteurs : une infrastructure plus dense et accessible promet de r\u00e9duire l\u2019anxi\u00e9t\u00e9 li\u00e9e \u00e0 l\u2019autonomie des V\u00c9.<\/li>\n<p><\/p>\n<li>\u2022\u00a0\u00a0\u00a0 Pour l\u2019industrie : ces projets stimulent l\u2019innovation et encouragent les investissements dans les technologies de recharge.<\/li>\n<p><\/p>\n<li>\u2022\u00a0\u00a0\u00a0 Pour les \u00c9tats-Unis : atteindre les objectifs de 2030 renforcera la position du pays dans la transition vers une mobilit\u00e9 durable.<\/li>\n<p>\n<\/ul>\n<p>Avec cette initiative, l\u2019administration Biden marque un jalon important dans le d\u00e9ploiement des infrastructures pour v\u00e9hicules \u00e9lectriques. L\u2019objectif est d\u2019assurer un avenir plus vert malgr\u00e9 les incertitudes politiques.<\/p>\n<p><\/p>\n<p style=\"padding-top: 15px\">Contenu original de <a href=\"https:\/\/www.auto123.com\/fr\/actualites\/subventions-recharge-vehicules-electriques-biden\/72279\/\">auto123<\/a>.<\/p>\n<p>Le texte <a rel=\"nofollow\" href=\"https:\/\/annuelauto.ca\/un-dernier-635-millions-de-joe-biden-pour-les-bornes-de-recharge\/\">Un dernier 635 millions de Joe Biden pour les bornes de recharge<\/a> provient de <a rel=\"nofollow\" href=\"https:\/\/annuelauto.ca\">L&#8217;annuel de l&#8217;automobile &#8211; Actualit\u00e9 automobile<\/a><\/p>\n<p><\/p>\n","protected":false},"excerpt":{"rendered":"<p>\u00c0 seulement dix jours de l\u2019entr\u00e9e en fonction de Donald Trump, l\u2019administration Biden a attribu\u00e9 635 millions en subventions pour d\u00e9velopper les infrastructures de recharge pour v\u00e9hicules \u00e9lectriques (VE). Ces financements, issus de la loi bipartite sur les infrastructures de 2021, laissent un maigre solde de 700 000 dollars sur les 2,5 milliards initialement pr\u00e9vus [&hellip;]<\/p>\n","protected":false},"author":8,"featured_media":189163,"comment_status":"close","ping_status":"closed","sticky":false,"template":"","format":"standard","meta":{"_monsterinsights_skip_tracking":false,"_monsterinsights_sitenote_active":false,"_monsterinsights_sitenote_note":"","_monsterinsights_sitenote_category":0,"footnotes":""},"categories":[101],"tags":[],"yoast_head":"<!-- This site is optimized with the Yoast SEO plugin v23.2 - https:\/\/yoast.com\/wordpress\/plugins\/seo\/ -->\n<title>Un dernier 635 millions de Joe Biden pour les bornes de recharge - CanadaMotorJobs.com<\/title>\n<meta name=\"description\" content=\"Un dernier 635 millions de Joe Biden pour les bornes de recharge - Benoit Charette - Annuel automobile - CanadaMotorJobs.com.\" \/>\n<meta name=\"robots\" content=\"index, follow, max-snippet:-1, max-image-preview:large, max-video-preview:-1\" \/>\n<meta property=\"og:locale\" content=\"fr_CA\" \/>\n<meta property=\"og:type\" content=\"article\" \/>\n<meta property=\"og:title\" content=\"Un dernier 635 millions de Joe Biden pour les bornes de recharge - CanadaMotorJobs.com\" \/>\n<meta property=\"og:description\" content=\"Un dernier 635 millions de Joe Biden pour les bornes de recharge - Benoit Charette - Annuel automobile - CanadaMotorJobs.com.\" \/>\n<meta property=\"og:url\" content=\"https:\/\/news.canadamotorjobs.com\/fr\/un-dernier-635-millions-de-joe-biden-pour-les-bornes-de-recharge\/\" \/>\n<meta property=\"og:site_name\" content=\"CanadaMotorJobs.com\" \/>\n<meta property=\"article:publisher\" content=\"https:\/\/www.facebook.com\/canadamotorjobs\/\" \/>\n<meta property=\"article:published_time\" content=\"2025-01-15T07:25:08+00:00\" \/>\n<meta property=\"article:modified_time\" content=\"2025-01-15T07:31:31+00:00\" \/>\n<meta property=\"og:image\" content=\"https:\/\/news.canadamotorjobs.com\/wp-content\/uploads\/2025\/01\/chevrolet_volt_lt_7.jpeg\" \/>\n\t<meta property=\"og:image:width\" content=\"1200\" \/>\n\t<meta property=\"og:image:height\" content=\"802\" \/>\n\t<meta property=\"og:image:type\" content=\"image\/jpeg\" \/>\n<meta name=\"author\" content=\"Benoit Charette\" \/>\n<meta name=\"twitter:card\" content=\"summary_large_image\" \/>\n<meta name=\"twitter:creator\" content=\"@canadamotorjobs\" \/>\n<meta name=\"twitter:site\" content=\"@canadamotorjobs\" \/>\n<meta name=\"twitter:label1\" content=\"\u00c9crit par\" \/>\n\t<meta name=\"twitter:data1\" content=\"Benoit Charette\" \/>\n\t<meta name=\"twitter:label2\" content=\"Estimation du temps de lecture\" \/>\n\t<meta name=\"twitter:data2\" content=\"2 minutes\" \/>\n<!-- \/ Yoast SEO plugin. -->","yoast_head_json":{"title":"Un dernier 635 millions de Joe Biden pour les bornes de recharge - CanadaMotorJobs.com","description":"Un dernier 635 millions de Joe Biden pour les bornes de recharge - Benoit Charette - Annuel automobile - CanadaMotorJobs.com.","robots":{"index":"index","follow":"follow","max-snippet":"max-snippet:-1","max-image-preview":"max-image-preview:large","max-video-preview":"max-video-preview:-1"},"og_locale":"fr_CA","og_type":"article","og_title":"Un dernier 635 millions de Joe Biden pour les bornes de recharge - CanadaMotorJobs.com","og_description":"Un dernier 635 millions de Joe Biden pour les bornes de recharge - Benoit Charette - Annuel automobile - CanadaMotorJobs.com.","og_url":"https:\/\/news.canadamotorjobs.com\/fr\/un-dernier-635-millions-de-joe-biden-pour-les-bornes-de-recharge\/","og_site_name":"CanadaMotorJobs.com","article_publisher":"https:\/\/www.facebook.com\/canadamotorjobs\/","article_published_time":"2025-01-15T07:25:08+00:00","article_modified_time":"2025-01-15T07:31:31+00:00","og_image":[{"width":1200,"height":802,"url":"https:\/\/news.canadamotorjobs.com\/wp-content\/uploads\/2025\/01\/chevrolet_volt_lt_7.jpeg","type":"image\/jpeg"}],"author":"Benoit Charette","twitter_card":"summary_large_image","twitter_creator":"@canadamotorjobs","twitter_site":"@canadamotorjobs","twitter_misc":{"\u00c9crit par":"Benoit Charette","Estimation du temps de lecture":"2 minutes"},"schema":{"@context":"https:\/\/schema.org","@graph":[{"@type":"Article","@id":"https:\/\/news.canadamotorjobs.com\/fr\/un-dernier-635-millions-de-joe-biden-pour-les-bornes-de-recharge\/#article","isPartOf":{"@id":"https:\/\/news.canadamotorjobs.com\/fr\/un-dernier-635-millions-de-joe-biden-pour-les-bornes-de-recharge\/"},"author":{"name":"Benoit Charette","@id":"https:\/\/news.canadamotorjobs.com\/#\/schema\/person\/51793d1f87d44011d7bcc2ed99269a90"},"headline":"Un dernier 635 millions de Joe Biden pour les bornes de recharge","datePublished":"2025-01-15T07:25:08+00:00","dateModified":"2025-01-15T07:31:31+00:00","mainEntityOfPage":{"@id":"https:\/\/news.canadamotorjobs.com\/fr\/un-dernier-635-millions-de-joe-biden-pour-les-bornes-de-recharge\/"},"wordCount":476,"publisher":{"@id":"https:\/\/news.canadamotorjobs.com\/#organization"},"image":{"@id":"https:\/\/news.canadamotorjobs.com\/fr\/un-dernier-635-millions-de-joe-biden-pour-les-bornes-de-recharge\/#primaryimage"},"thumbnailUrl":"https:\/\/news.canadamotorjobs.com\/wp-content\/uploads\/2025\/01\/chevrolet_volt_lt_7.jpeg","articleSection":["Annuel automobile"],"inLanguage":"fr-CA"},{"@type":"WebPage","@id":"https:\/\/news.canadamotorjobs.com\/fr\/un-dernier-635-millions-de-joe-biden-pour-les-bornes-de-recharge\/","url":"https:\/\/news.canadamotorjobs.com\/fr\/un-dernier-635-millions-de-joe-biden-pour-les-bornes-de-recharge\/","name":"Un dernier 635 millions de Joe Biden pour les bornes de recharge - CanadaMotorJobs.com","isPartOf":{"@id":"https:\/\/news.canadamotorjobs.com\/#website"},"primaryImageOfPage":{"@id":"https:\/\/news.canadamotorjobs.com\/fr\/un-dernier-635-millions-de-joe-biden-pour-les-bornes-de-recharge\/#primaryimage"},"image":{"@id":"https:\/\/news.canadamotorjobs.com\/fr\/un-dernier-635-millions-de-joe-biden-pour-les-bornes-de-recharge\/#primaryimage"},"thumbnailUrl":"https:\/\/news.canadamotorjobs.com\/wp-content\/uploads\/2025\/01\/chevrolet_volt_lt_7.jpeg","datePublished":"2025-01-15T07:25:08+00:00","dateModified":"2025-01-15T07:31:31+00:00","description":"Un dernier 635 millions de Joe Biden pour les bornes de recharge - Benoit Charette - Annuel automobile - CanadaMotorJobs.com.","breadcrumb":{"@id":"https:\/\/news.canadamotorjobs.com\/fr\/un-dernier-635-millions-de-joe-biden-pour-les-bornes-de-recharge\/#breadcrumb"},"inLanguage":"fr-CA","potentialAction":[{"@type":"ReadAction","target":["https:\/\/news.canadamotorjobs.com\/fr\/un-dernier-635-millions-de-joe-biden-pour-les-bornes-de-recharge\/"]}]},{"@type":"ImageObject","inLanguage":"fr-CA","@id":"https:\/\/news.canadamotorjobs.com\/fr\/un-dernier-635-millions-de-joe-biden-pour-les-bornes-de-recharge\/#primaryimage","url":"https:\/\/news.canadamotorjobs.com\/wp-content\/uploads\/2025\/01\/chevrolet_volt_lt_7.jpeg","contentUrl":"https:\/\/news.canadamotorjobs.com\/wp-content\/uploads\/2025\/01\/chevrolet_volt_lt_7.jpeg","width":1200,"height":802},{"@type":"BreadcrumbList","@id":"https:\/\/news.canadamotorjobs.com\/fr\/un-dernier-635-millions-de-joe-biden-pour-les-bornes-de-recharge\/#breadcrumb","itemListElement":[{"@type":"ListItem","position":1,"name":"Home","item":"https:\/\/news.canadamotorjobs.com\/fr\/blog\/"},{"@type":"ListItem","position":2,"name":"Un dernier 635 millions de Joe Biden pour les bornes de recharge"}]},{"@type":"WebSite","@id":"https:\/\/news.canadamotorjobs.com\/#website","url":"https:\/\/news.canadamotorjobs.com\/","name":"CanadaMotorJobs.com","description":"Automotive Jobs","publisher":{"@id":"https:\/\/news.canadamotorjobs.com\/#organization"},"potentialAction":[{"@type":"SearchAction","target":{"@type":"EntryPoint","urlTemplate":"https:\/\/news.canadamotorjobs.com\/?s={search_term_string}"},"query-input":"required name=search_term_string"}],"inLanguage":"fr-CA"},{"@type":"Organization","@id":"https:\/\/news.canadamotorjobs.com\/#organization","name":"Canada Motor Jobs","url":"https:\/\/news.canadamotorjobs.com\/","logo":{"@type":"ImageObject","inLanguage":"fr-CA","@id":"https:\/\/news.canadamotorjobs.com\/#\/schema\/logo\/image\/","url":"https:\/\/news.canadamotorjobs.com\/wp-content\/uploads\/2022\/10\/logo-canada-motor-jobs-1.png","contentUrl":"https:\/\/news.canadamotorjobs.com\/wp-content\/uploads\/2022\/10\/logo-canada-motor-jobs-1.png","width":800,"height":400,"caption":"Canada Motor Jobs"},"image":{"@id":"https:\/\/news.canadamotorjobs.com\/#\/schema\/logo\/image\/"},"sameAs":["https:\/\/www.facebook.com\/canadamotorjobs\/","https:\/\/x.com\/canadamotorjobs","https:\/\/www.instagram.com\/canadamotorjobs\/","https:\/\/www.linkedin.com\/company\/canadamotorjobs"]},{"@type":"Person","@id":"https:\/\/news.canadamotorjobs.com\/#\/schema\/person\/51793d1f87d44011d7bcc2ed99269a90","name":"Benoit Charette","image":{"@type":"ImageObject","inLanguage":"fr-CA","@id":"https:\/\/news.canadamotorjobs.com\/#\/schema\/person\/image\/","url":"https:\/\/secure.gravatar.com\/avatar\/45f3d2eebcccd909668d7ce7ea7267b6?s=96&d=mm&r=g","contentUrl":"https:\/\/secure.gravatar.com\/avatar\/45f3d2eebcccd909668d7ce7ea7267b6?s=96&d=mm&r=g","caption":"Benoit Charette"},"description":"Benoit Charette \/ Propri\u00e9taire et r\u00e9dacteur en chef Benoit Charette pratique le journalisme automobile depuis bient\u00f4t 30 ans. Il a fait ses classes au c\u00f4t\u00e9 de Daniel H\u00e9raud et au Carnet de route de 1992 \u00e0 2001. Il est fondateur, copropri\u00e9taire et r\u00e9dacteur en chef de L\u2019Annuel de l\u2019automobile, qu\u2019il publie depuis 2001. Il a anim\u00e9 les \u00e9missions RPM et RPM+ sur V et les L\u00e9gendes de la route sur Historia. \u00c0 la radio depuis 1986, il reprend l\u2019antenne cette ann\u00e9e sur les ondes de Cogeco et participe pour la deuxi\u00e8me ann\u00e9e \u00e0 l\u2019\u00e9mission Passion Auto sur RDS en plus de mettre en ligne le site Web officiel de L\u2019Annuel de l\u2019automobile sur annuelauto.ca.","sameAs":["https:\/\/annuelauto.ca\/"],"url":"https:\/\/news.canadamotorjobs.com\/fr\/author\/benoit-charette\/"}]}},"_links":{"self":[{"href":"https:\/\/news.canadamotorjobs.com\/fr\/wp-json\/wp\/v2\/posts\/189161"}],"collection":[{"href":"https:\/\/news.canadamotorjobs.com\/fr\/wp-json\/wp\/v2\/posts"}],"about":[{"href":"https:\/\/news.canadamotorjobs.com\/fr\/wp-json\/wp\/v2\/types\/post"}],"author":[{"embeddable":true,"href":"https:\/\/news.canadamotorjobs.com\/fr\/wp-json\/wp\/v2\/users\/8"}],"replies":[{"embeddable":true,"href":"https:\/\/news.canadamotorjobs.com\/fr\/wp-json\/wp\/v2\/comments?post=189161"}],"version-history":[{"count":3,"href":"https:\/\/news.canadamotorjobs.com\/fr\/wp-json\/wp\/v2\/posts\/189161\/revisions"}],"predecessor-version":[{"id":189188,"href":"https:\/\/news.canadamotorjobs.com\/fr\/wp-json\/wp\/v2\/posts\/189161\/revisions\/189188"}],"wp:featuredmedia":[{"embeddable":true,"href":"https:\/\/news.canadamotorjobs.com\/fr\/wp-json\/wp\/v2\/media\/189163"}],"wp:attachment":[{"href":"https:\/\/news.canadamotorjobs.com\/fr\/wp-json\/wp\/v2\/media?parent=189161"}],"wp:term":[{"taxonomy":"category","embeddable":true,"href":"https:\/\/news.canadamotorjobs.com\/fr\/wp-json\/wp\/v2\/categories?post=189161"},{"taxonomy":"post_tag","embeddable":true,"href":"https:\/\/news.canadamotorjobs.com\/fr\/wp-json\/wp\/v2\/tags?post=189161"}],"curies":[{"name":"wp","href":"https:\/\/api.w.org\/{rel}","templated":true}]}}