{"id":189097,"date":"2025-01-15T02:25:09","date_gmt":"2025-01-15T07:25:09","guid":{"rendered":"https:\/\/news.canadamotorjobs.com\/?p=189097"},"modified":"2025-01-15T02:31:06","modified_gmt":"2025-01-15T07:31:06","slug":"une-sixieme-annee-consecutive-de-decroissance-pour-jeep","status":"publish","type":"post","link":"https:\/\/news.canadamotorjobs.com\/fr\/une-sixieme-annee-consecutive-de-decroissance-pour-jeep\/","title":{"rendered":"Une sixi\u00e8me ann\u00e9e cons\u00e9cutive de d\u00e9croissance pour Jeep"},"content":{"rendered":"<\/p>\n<p><strong>\u2022\u00a0\u00a0\u00a0 Les ventes de Jeep ont diminu\u00e9 en 2024 et ce, pour une sixi\u00e8me ann\u00e9e de suite.<\/strong><\/p>\n<p>En 2018, Jeep vendait 973 000 v\u00e9hicules aux \u00c9tats-Unis, plus d\u2019un million en Am\u00e9rique du Nord. La marque souhaitait atteindre cette marque aux \u00c9tats-Unis seulement et elle semblait en voie de l\u2019atteindre.<\/p>\n<p>Or, depuis, c\u2019est une descente aux enfers \u00e0 laquelle elle a droit. En 2024, la compagnie a enregistr\u00e9 une baisse de ses ventes pour une sixi\u00e8me ann\u00e9e cons\u00e9cutive. L\u2019ann\u00e9e derni\u00e8re, le recul a \u00e9t\u00e9 de 9 % pour 587 725 unit\u00e9s. C\u2019est une chute importante par rapport aux 642 924 v\u00e9hicules \u00e9coul\u00e9s en 2023.<\/p>\n<p>En 2022, la compagnie avait vendu 684 600 v\u00e9hicules. En 2021, 778 500. Pour 2020 et 2019, les r\u00e9sultats \u00e9taient de 795 300 et 923 200 exemplaires.<\/p>\n<p><\/p>\n<figure><img decoding=\"async\" src=\"https:\/\/news.canadamotorjobs.com\/wp-content\/uploads\/2025\/01\/JP024_064GL-5.jpg\" alt=\"Le Jeep Gladiator\" \/><figcaption>Le Jeep Gladiator | Auto123.com<\/figcaption><\/figure>\n<p><strong>Le pourquoi<\/strong><\/p>\n<p>Que se passe-t-il ? Vos hypoth\u00e8ses valent les n\u00f4tres. Il est clair que la premi\u00e8re baisse importante a \u00e9t\u00e9 une cons\u00e9quence de la Covid-19. Il y a eu la crise des semi-conducteurs par la suite, mais contrairement \u00e0 ce qui s\u2019est pass\u00e9 avec pratiquement toutes les autres marques de l\u2019industrie, il n\u2019y a pas eu de relance chez Jeep.<\/p>\n<p>Il faut consid\u00e9rer que les prix des mod\u00e8les ont consid\u00e9rablement grimp\u00e9 apr\u00e8s la Covid. Or, ils \u00e9taient d\u00e9j\u00e0 \u00e9lev\u00e9s chez Jeep. Certains mod\u00e8les sont rendus hors de prix pour plusieurs acheteurs qui se tournent vers d\u2019autres fabricants.<\/p>\n<p>Les ventes du Wrangler, la vedette de la gamme, ont m\u00eame recul\u00e9 3 % l\u2019an dernier, passant de 156 581 \u00e0 151 163 unit\u00e9s. La situation est encore pire pour le Gladiator, dont les transactions ont fondu de 24 %, \u00e0 42 123 unit\u00e9s. Le Grand Cherokee a enregistr\u00e9 une baisse de 12 %, avec 216 148 exemplaires livr\u00e9s.<\/p>\n<p><\/p>\n<figure><img decoding=\"async\" src=\"https:\/\/news.canadamotorjobs.com\/wp-content\/uploads\/2025\/01\/WS025_008GW-1.jpg\" alt=\"Le Jeep Grand Wagoneer\" \/><figcaption>Le Jeep Grand Wagoneer | Auto123.com<\/figcaption><\/figure>\n<p><strong>Quelques points positifs<\/strong><\/p>\n<p>La seule bonne nouvelle, ce sont les ventes du Wagoneer. Les ventes ont cr\u00fb de 48 % en 2024, passant de 29 149 \u00e0 43 125 unit\u00e9s. Le Grand Wagoneer a vu ses r\u00e9sultats bondir de 13 % pour atteindre 11 959 unit\u00e9s. Le Compass a \u00e9galement connu une bonne ann\u00e9e, avec des ventes en hausse de 16 %, \u00e0 111 697 unit\u00e9s.<\/p>\n<p>L\u2019arriv\u00e9e d\u2019un nouveau grand patron bient\u00f4t chez Stellantis aura assur\u00e9ment des effets sur les r\u00e9sultats de l\u2019entreprise aux \u00c9tats-Unis, car des ajustements seront assur\u00e9ment apport\u00e9s. Il faudra voir de quelle fa\u00e7on va se d\u00e9brouiller le Wagoneer S, le premier VUS tout \u00e9lectrique de la marque, qui est arriv\u00e9e vers la fin de l\u2019ann\u00e9e.<\/p>\n<p>La compagnie attend aussi de voir ce qui en sera avec les tarifs annonc\u00e9s du pr\u00e9sident \u00e9lu Donald Trump, ce qui pourrait influencer certaines d\u00e9cisions, notamment concernant la production du prochain Cherokee, que la compagnie voulait faire construire au Mexique. On \u00e9value pr\u00e9sentement les options chez Jeep.<\/p>\n<p><\/p>\n<figure><img decoding=\"async\" src=\"https:\/\/news.canadamotorjobs.com\/wp-content\/uploads\/2025\/01\/jeep-wagoneer-s-2024_1-1.jpg\" alt=\"Le Jeep Wagoneer S\" \/><figcaption>Le Jeep Wagoneer S | Auto123.com<\/figcaption><\/figure>\n<p style=\"padding-top: 15px\">Contenu original de <a href=\"https:\/\/www.auto123.com\/fr\/actualites\/jeep-ventes-2024-decroissance\/72277\/\">auto123<\/a>.<\/p>\n<p>Le texte <a rel=\"nofollow\" href=\"https:\/\/annuelauto.ca\/une-sixieme-annee-consecutive-de-decroissance-pour-jeep\/\">Une sixi\u00e8me ann\u00e9e cons\u00e9cutive de d\u00e9croissance pour Jeep<\/a> provient de <a rel=\"nofollow\" href=\"https:\/\/annuelauto.ca\">L&#8217;annuel de l&#8217;automobile &#8211; Actualit\u00e9 automobile<\/a><\/p>\n<p><\/p>\n","protected":false},"excerpt":{"rendered":"<p>\u2022\u00a0\u00a0\u00a0 Les ventes de Jeep ont diminu\u00e9 en 2024 et ce, pour une sixi\u00e8me ann\u00e9e de suite. En 2018, Jeep vendait 973 000 v\u00e9hicules aux \u00c9tats-Unis, plus d\u2019un million en Am\u00e9rique du Nord. La marque souhaitait atteindre cette marque aux \u00c9tats-Unis seulement et elle semblait en voie de l\u2019atteindre. Or, depuis, c\u2019est une descente aux [&hellip;]<\/p>\n","protected":false},"author":8,"featured_media":189099,"comment_status":"close","ping_status":"closed","sticky":false,"template":"","format":"standard","meta":{"_monsterinsights_skip_tracking":false,"_monsterinsights_sitenote_active":false,"_monsterinsights_sitenote_note":"","_monsterinsights_sitenote_category":0,"footnotes":""},"categories":[101],"tags":[],"yoast_head":"<!-- This site is optimized with the Yoast SEO plugin v23.2 - https:\/\/yoast.com\/wordpress\/plugins\/seo\/ -->\n<title>Une sixi\u00e8me ann\u00e9e cons\u00e9cutive de d\u00e9croissance pour Jeep - CanadaMotorJobs.com<\/title>\n<meta name=\"description\" content=\"Une sixi\u00e8me ann\u00e9e cons\u00e9cutive de d\u00e9croissance pour Jeep - Benoit Charette - Annuel automobile - CanadaMotorJobs.com.\" \/>\n<meta name=\"robots\" content=\"index, follow, max-snippet:-1, max-image-preview:large, max-video-preview:-1\" \/>\n<meta property=\"og:locale\" content=\"fr_CA\" \/>\n<meta property=\"og:type\" content=\"article\" \/>\n<meta property=\"og:title\" content=\"Une sixi\u00e8me ann\u00e9e cons\u00e9cutive de d\u00e9croissance pour Jeep - CanadaMotorJobs.com\" \/>\n<meta property=\"og:description\" content=\"Une sixi\u00e8me ann\u00e9e cons\u00e9cutive de d\u00e9croissance pour Jeep - Benoit Charette - Annuel automobile - CanadaMotorJobs.com.\" \/>\n<meta property=\"og:url\" content=\"https:\/\/news.canadamotorjobs.com\/fr\/une-sixieme-annee-consecutive-de-decroissance-pour-jeep\/\" \/>\n<meta property=\"og:site_name\" content=\"CanadaMotorJobs.com\" \/>\n<meta property=\"article:publisher\" content=\"https:\/\/www.facebook.com\/canadamotorjobs\/\" \/>\n<meta property=\"article:published_time\" content=\"2025-01-15T07:25:09+00:00\" \/>\n<meta property=\"article:modified_time\" content=\"2025-01-15T07:31:06+00:00\" \/>\n<meta property=\"og:image\" content=\"https:\/\/news.canadamotorjobs.com\/wp-content\/uploads\/2025\/01\/JP024_064GL.jpg\" \/>\n\t<meta property=\"og:image:width\" content=\"1200\" \/>\n\t<meta property=\"og:image:height\" content=\"800\" \/>\n\t<meta property=\"og:image:type\" content=\"image\/jpeg\" \/>\n<meta name=\"author\" content=\"Benoit Charette\" \/>\n<meta name=\"twitter:card\" content=\"summary_large_image\" \/>\n<meta name=\"twitter:creator\" content=\"@canadamotorjobs\" \/>\n<meta name=\"twitter:site\" content=\"@canadamotorjobs\" \/>\n<meta name=\"twitter:label1\" content=\"\u00c9crit par\" \/>\n\t<meta name=\"twitter:data1\" content=\"Benoit Charette\" \/>\n\t<meta name=\"twitter:label2\" content=\"Estimation du temps de lecture\" \/>\n\t<meta name=\"twitter:data2\" content=\"2 minutes\" \/>\n<!-- \/ Yoast SEO plugin. -->","yoast_head_json":{"title":"Une sixi\u00e8me ann\u00e9e cons\u00e9cutive de d\u00e9croissance pour Jeep - CanadaMotorJobs.com","description":"Une sixi\u00e8me ann\u00e9e cons\u00e9cutive de d\u00e9croissance pour Jeep - Benoit Charette - Annuel automobile - CanadaMotorJobs.com.","robots":{"index":"index","follow":"follow","max-snippet":"max-snippet:-1","max-image-preview":"max-image-preview:large","max-video-preview":"max-video-preview:-1"},"og_locale":"fr_CA","og_type":"article","og_title":"Une sixi\u00e8me ann\u00e9e cons\u00e9cutive de d\u00e9croissance pour Jeep - CanadaMotorJobs.com","og_description":"Une sixi\u00e8me ann\u00e9e cons\u00e9cutive de d\u00e9croissance pour Jeep - Benoit Charette - Annuel automobile - CanadaMotorJobs.com.","og_url":"https:\/\/news.canadamotorjobs.com\/fr\/une-sixieme-annee-consecutive-de-decroissance-pour-jeep\/","og_site_name":"CanadaMotorJobs.com","article_publisher":"https:\/\/www.facebook.com\/canadamotorjobs\/","article_published_time":"2025-01-15T07:25:09+00:00","article_modified_time":"2025-01-15T07:31:06+00:00","og_image":[{"width":1200,"height":800,"url":"https:\/\/news.canadamotorjobs.com\/wp-content\/uploads\/2025\/01\/JP024_064GL.jpg","type":"image\/jpeg"}],"author":"Benoit Charette","twitter_card":"summary_large_image","twitter_creator":"@canadamotorjobs","twitter_site":"@canadamotorjobs","twitter_misc":{"\u00c9crit par":"Benoit Charette","Estimation du temps de lecture":"2 minutes"},"schema":{"@context":"https:\/\/schema.org","@graph":[{"@type":"Article","@id":"https:\/\/news.canadamotorjobs.com\/fr\/une-sixieme-annee-consecutive-de-decroissance-pour-jeep\/#article","isPartOf":{"@id":"https:\/\/news.canadamotorjobs.com\/fr\/une-sixieme-annee-consecutive-de-decroissance-pour-jeep\/"},"author":{"name":"Benoit Charette","@id":"https:\/\/news.canadamotorjobs.com\/#\/schema\/person\/51793d1f87d44011d7bcc2ed99269a90"},"headline":"Une sixi\u00e8me ann\u00e9e cons\u00e9cutive de d\u00e9croissance pour Jeep","datePublished":"2025-01-15T07:25:09+00:00","dateModified":"2025-01-15T07:31:06+00:00","mainEntityOfPage":{"@id":"https:\/\/news.canadamotorjobs.com\/fr\/une-sixieme-annee-consecutive-de-decroissance-pour-jeep\/"},"wordCount":511,"publisher":{"@id":"https:\/\/news.canadamotorjobs.com\/#organization"},"image":{"@id":"https:\/\/news.canadamotorjobs.com\/fr\/une-sixieme-annee-consecutive-de-decroissance-pour-jeep\/#primaryimage"},"thumbnailUrl":"https:\/\/news.canadamotorjobs.com\/wp-content\/uploads\/2025\/01\/JP024_064GL.jpg","articleSection":["Annuel automobile"],"inLanguage":"fr-CA"},{"@type":"WebPage","@id":"https:\/\/news.canadamotorjobs.com\/fr\/une-sixieme-annee-consecutive-de-decroissance-pour-jeep\/","url":"https:\/\/news.canadamotorjobs.com\/fr\/une-sixieme-annee-consecutive-de-decroissance-pour-jeep\/","name":"Une sixi\u00e8me ann\u00e9e cons\u00e9cutive de d\u00e9croissance pour Jeep - CanadaMotorJobs.com","isPartOf":{"@id":"https:\/\/news.canadamotorjobs.com\/#website"},"primaryImageOfPage":{"@id":"https:\/\/news.canadamotorjobs.com\/fr\/une-sixieme-annee-consecutive-de-decroissance-pour-jeep\/#primaryimage"},"image":{"@id":"https:\/\/news.canadamotorjobs.com\/fr\/une-sixieme-annee-consecutive-de-decroissance-pour-jeep\/#primaryimage"},"thumbnailUrl":"https:\/\/news.canadamotorjobs.com\/wp-content\/uploads\/2025\/01\/JP024_064GL.jpg","datePublished":"2025-01-15T07:25:09+00:00","dateModified":"2025-01-15T07:31:06+00:00","description":"Une sixi\u00e8me ann\u00e9e cons\u00e9cutive de d\u00e9croissance pour Jeep - Benoit Charette - Annuel automobile - CanadaMotorJobs.com.","breadcrumb":{"@id":"https:\/\/news.canadamotorjobs.com\/fr\/une-sixieme-annee-consecutive-de-decroissance-pour-jeep\/#breadcrumb"},"inLanguage":"fr-CA","potentialAction":[{"@type":"ReadAction","target":["https:\/\/news.canadamotorjobs.com\/fr\/une-sixieme-annee-consecutive-de-decroissance-pour-jeep\/"]}]},{"@type":"ImageObject","inLanguage":"fr-CA","@id":"https:\/\/news.canadamotorjobs.com\/fr\/une-sixieme-annee-consecutive-de-decroissance-pour-jeep\/#primaryimage","url":"https:\/\/news.canadamotorjobs.com\/wp-content\/uploads\/2025\/01\/JP024_064GL.jpg","contentUrl":"https:\/\/news.canadamotorjobs.com\/wp-content\/uploads\/2025\/01\/JP024_064GL.jpg","width":1200,"height":800},{"@type":"BreadcrumbList","@id":"https:\/\/news.canadamotorjobs.com\/fr\/une-sixieme-annee-consecutive-de-decroissance-pour-jeep\/#breadcrumb","itemListElement":[{"@type":"ListItem","position":1,"name":"Home","item":"https:\/\/news.canadamotorjobs.com\/fr\/blog\/"},{"@type":"ListItem","position":2,"name":"Une sixi\u00e8me ann\u00e9e cons\u00e9cutive de d\u00e9croissance pour Jeep"}]},{"@type":"WebSite","@id":"https:\/\/news.canadamotorjobs.com\/#website","url":"https:\/\/news.canadamotorjobs.com\/","name":"CanadaMotorJobs.com","description":"Automotive Jobs","publisher":{"@id":"https:\/\/news.canadamotorjobs.com\/#organization"},"potentialAction":[{"@type":"SearchAction","target":{"@type":"EntryPoint","urlTemplate":"https:\/\/news.canadamotorjobs.com\/?s={search_term_string}"},"query-input":"required name=search_term_string"}],"inLanguage":"fr-CA"},{"@type":"Organization","@id":"https:\/\/news.canadamotorjobs.com\/#organization","name":"Canada Motor Jobs","url":"https:\/\/news.canadamotorjobs.com\/","logo":{"@type":"ImageObject","inLanguage":"fr-CA","@id":"https:\/\/news.canadamotorjobs.com\/#\/schema\/logo\/image\/","url":"https:\/\/news.canadamotorjobs.com\/wp-content\/uploads\/2022\/10\/logo-canada-motor-jobs-1.png","contentUrl":"https:\/\/news.canadamotorjobs.com\/wp-content\/uploads\/2022\/10\/logo-canada-motor-jobs-1.png","width":800,"height":400,"caption":"Canada Motor Jobs"},"image":{"@id":"https:\/\/news.canadamotorjobs.com\/#\/schema\/logo\/image\/"},"sameAs":["https:\/\/www.facebook.com\/canadamotorjobs\/","https:\/\/x.com\/canadamotorjobs","https:\/\/www.instagram.com\/canadamotorjobs\/","https:\/\/www.linkedin.com\/company\/canadamotorjobs"]},{"@type":"Person","@id":"https:\/\/news.canadamotorjobs.com\/#\/schema\/person\/51793d1f87d44011d7bcc2ed99269a90","name":"Benoit Charette","image":{"@type":"ImageObject","inLanguage":"fr-CA","@id":"https:\/\/news.canadamotorjobs.com\/#\/schema\/person\/image\/","url":"https:\/\/secure.gravatar.com\/avatar\/45f3d2eebcccd909668d7ce7ea7267b6?s=96&d=mm&r=g","contentUrl":"https:\/\/secure.gravatar.com\/avatar\/45f3d2eebcccd909668d7ce7ea7267b6?s=96&d=mm&r=g","caption":"Benoit Charette"},"description":"Benoit Charette \/ Propri\u00e9taire et r\u00e9dacteur en chef Benoit Charette pratique le journalisme automobile depuis bient\u00f4t 30 ans. Il a fait ses classes au c\u00f4t\u00e9 de Daniel H\u00e9raud et au Carnet de route de 1992 \u00e0 2001. Il est fondateur, copropri\u00e9taire et r\u00e9dacteur en chef de L\u2019Annuel de l\u2019automobile, qu\u2019il publie depuis 2001. Il a anim\u00e9 les \u00e9missions RPM et RPM+ sur V et les L\u00e9gendes de la route sur Historia. \u00c0 la radio depuis 1986, il reprend l\u2019antenne cette ann\u00e9e sur les ondes de Cogeco et participe pour la deuxi\u00e8me ann\u00e9e \u00e0 l\u2019\u00e9mission Passion Auto sur RDS en plus de mettre en ligne le site Web officiel de L\u2019Annuel de l\u2019automobile sur annuelauto.ca.","sameAs":["https:\/\/annuelauto.ca\/"],"url":"https:\/\/news.canadamotorjobs.com\/fr\/author\/benoit-charette\/"}]}},"_links":{"self":[{"href":"https:\/\/news.canadamotorjobs.com\/fr\/wp-json\/wp\/v2\/posts\/189097"}],"collection":[{"href":"https:\/\/news.canadamotorjobs.com\/fr\/wp-json\/wp\/v2\/posts"}],"about":[{"href":"https:\/\/news.canadamotorjobs.com\/fr\/wp-json\/wp\/v2\/types\/post"}],"author":[{"embeddable":true,"href":"https:\/\/news.canadamotorjobs.com\/fr\/wp-json\/wp\/v2\/users\/8"}],"replies":[{"embeddable":true,"href":"https:\/\/news.canadamotorjobs.com\/fr\/wp-json\/wp\/v2\/comments?post=189097"}],"version-history":[{"count":3,"href":"https:\/\/news.canadamotorjobs.com\/fr\/wp-json\/wp\/v2\/posts\/189097\/revisions"}],"predecessor-version":[{"id":189132,"href":"https:\/\/news.canadamotorjobs.com\/fr\/wp-json\/wp\/v2\/posts\/189097\/revisions\/189132"}],"wp:featuredmedia":[{"embeddable":true,"href":"https:\/\/news.canadamotorjobs.com\/fr\/wp-json\/wp\/v2\/media\/189099"}],"wp:attachment":[{"href":"https:\/\/news.canadamotorjobs.com\/fr\/wp-json\/wp\/v2\/media?parent=189097"}],"wp:term":[{"taxonomy":"category","embeddable":true,"href":"https:\/\/news.canadamotorjobs.com\/fr\/wp-json\/wp\/v2\/categories?post=189097"},{"taxonomy":"post_tag","embeddable":true,"href":"https:\/\/news.canadamotorjobs.com\/fr\/wp-json\/wp\/v2\/tags?post=189097"}],"curies":[{"name":"wp","href":"https:\/\/api.w.org\/{rel}","templated":true}]}}