{"id":188989,"date":"2025-01-15T02:25:10","date_gmt":"2025-01-15T07:25:10","guid":{"rendered":"https:\/\/news.canadamotorjobs.com\/?p=188989"},"modified":"2025-01-15T02:30:21","modified_gmt":"2025-01-15T07:30:21","slug":"une-version-mise-a-jour-du-tesla-model-y-apparait-en-chine","status":"publish","type":"post","link":"https:\/\/news.canadamotorjobs.com\/fr\/une-version-mise-a-jour-du-tesla-model-y-apparait-en-chine\/","title":{"rendered":"Une version mise \u00e0 jour du Tesla Model Y appara\u00eet en Chine"},"content":{"rendered":"<\/p>\n<p>Le Model Y est le v\u00e9hicule le plus vendu chez Tesla. Son style, comme celui des autres produits de la marque, \u00e0 part la Model 3 qui a vu son design \u00eatre retouch\u00e9, \u00e9tait vieillissant. Avec une concurrence qui ne cesse de se multiplier et de s\u2019affuter, une mise \u00e0 jour du mod\u00e8le \u00e9tait de mise.\u00a0<\/p>\n<p>Le nouveau design du Model Y vient d\u2019appara\u00eetre en ligne sur le site chinois de Tesla, sans tambour ni trompette. La version, nomm\u00e9e Juniper, affiche de nouvelles signatures avant et arri\u00e8re qui sont, franchement, bien r\u00e9ussies. Le pare-chocs avant pr\u00e9sente des lignes plus \u00e9pur\u00e9es et de nouveaux phares plus effil\u00e9s s&#8217;int\u00e8grent dans une nouvelle barre lumineuse qui s&#8217;\u00e9tend sur la largeur.<\/p>\n<p>\u00c0 l\u2019arri\u00e8re, le traitement lumineux est similaire, avec un feu qui fait la largeur du hayon. Le reste du design est subtil, et les proportions hautes et arrondies ont \u00e9t\u00e9 conserv\u00e9es.<\/p>\n<p><\/p>\n<figure><img decoding=\"async\" src=\"https:\/\/news.canadamotorjobs.com\/wp-content\/uploads\/2025\/01\/new-tesla-model-y-009-5.jpg\" alt=\"Tesla Model Y - Vue arri\u00e8re\" \/><figcaption>Tesla Model Y &#8211; Vue arri\u00e8re | Auto123.com<\/figcaption><\/figure>\n<p>\u00c0 bord, les retouches sont aussi venu moderniser la pr\u00e9sentation, et le tout est en lien avec les changements qui ont \u00e9t\u00e9 faits avec la Model 3. Les am\u00e9liorations incluent des si\u00e8ges avant ventil\u00e9s (option), un volant redessin\u00e9 avec des clignotants \u00e0 bouton-poussoir, et un \u00e9cran arri\u00e8re pour les passagers. Ce dernier sert \u00e0 la fois de panneau pour les commandes de la climatisation et d&#8217;\u00e9cran de divertissement pour les jeux et le contenu vid\u00e9o.<\/p>\n<p><\/p>\n<figure><img decoding=\"async\" src=\"https:\/\/news.canadamotorjobs.com\/wp-content\/uploads\/2025\/01\/new-tesla-model-y-004-1.jpg\" alt=\"Tesla Model Y - Vue int\u00e9rieure - Tableau de bord\" \/><figcaption>Tesla Model Y &#8211; Vue int\u00e9rieure &#8211; Tableau de bord | Auto123.com<\/figcaption><\/figure>\n<figure><img decoding=\"async\" src=\"https:\/\/news.canadamotorjobs.com\/wp-content\/uploads\/2025\/01\/new-tesla-model-y-007-1.jpg\" alt=\"Tesla Model Y - Vue int\u00e9rieure si\u00e8ges\" \/><figcaption>Tesla Model Y &#8211; Vue int\u00e9rieure si\u00e8ges | Auto123.com<\/figcaption><\/figure>\n<p>Ce qui n\u2019est pas visible sur les photos ou le site chinois, c\u2019est la qualit\u00e9 des mat\u00e9riaux. Si on a suivi la recette adopt\u00e9e avec la Model 3, on peut s\u2019attendre \u00e0 des progr\u00e8s de ce c\u00f4t\u00e9 \u00e9galement.\u00a0<\/p>\n<p>Bien s\u00fbr, on parle ici du mod\u00e8le destin\u00e9 \u00e0 la Chine. Les m\u00eames changements devraient toucher les mod\u00e8les nord-am\u00e9ricains, mais il faut toujours \u00eatre prudents dans ce genre de situation. Ce qui est pas mal certain, c\u2019est que vous avez au moins l\u00e0 le nouveau style ext\u00e9rieur des mod\u00e8les qui vont rouler chez nous.\u00a0<\/p>\n<p>Des diff\u00e9rences sont davantage possibles du c\u00f4t\u00e9 de la batterie et des variantes.\u00a0<\/p>\n<p>Il faudra aussi attendre pour les prix, mais le lancement de la version retouch\u00e9e en Chine nous indique que le tout pourrait bien se produire dans le courant de l\u2019ann\u00e9e qui vient chez nous.\u00a0<\/p>\n<p><\/p>\n<figure><img decoding=\"async\" src=\"https:\/\/news.canadamotorjobs.com\/wp-content\/uploads\/2025\/01\/new-tesla-model-y-006-1.jpg\" alt=\"Tesla Model Y - Vue 3\/4 avant\" \/><figcaption>Tesla Model Y &#8211; Vue 3\/4 avant | Auto123.com<\/figcaption><\/figure>\n<figure><img decoding=\"async\" src=\"https:\/\/news.canadamotorjobs.com\/wp-content\/uploads\/2025\/01\/new-tesla-model-y-005-1.jpg\" alt=\"Tesla Model Y - Vue 3\/4 arri\u00e8re\" \/><figcaption>Tesla Model Y &#8211; Vue 3\/4 arri\u00e8re | Auto123.com<\/figcaption><\/figure>\n<p style=\"padding-top: 15px\">Contenu original de <a href=\"https:\/\/www.auto123.com\/fr\/actualites\/tesla-model-y-design-chine\/72272\/\">auto123<\/a>.<\/p>\n<p>Le texte <a rel=\"nofollow\" href=\"https:\/\/annuelauto.ca\/une-version-mise-a-jour-du-tesla-model-y-apparait-en-chine\/\">Une version mise \u00e0 jour du Tesla Model Y appara\u00eet en Chine<\/a> provient de <a rel=\"nofollow\" href=\"https:\/\/annuelauto.ca\">L&#8217;annuel de l&#8217;automobile &#8211; Actualit\u00e9 automobile<\/a><\/p>\n<p><\/p>\n","protected":false},"excerpt":{"rendered":"<p>Le Model Y est le v\u00e9hicule le plus vendu chez Tesla. Son style, comme celui des autres produits de la marque, \u00e0 part la Model 3 qui a vu son design \u00eatre retouch\u00e9, \u00e9tait vieillissant. Avec une concurrence qui ne cesse de se multiplier et de s\u2019affuter, une mise \u00e0 jour du mod\u00e8le \u00e9tait de [&hellip;]<\/p>\n","protected":false},"author":8,"featured_media":188991,"comment_status":"close","ping_status":"closed","sticky":false,"template":"","format":"standard","meta":{"_monsterinsights_skip_tracking":false,"_monsterinsights_sitenote_active":false,"_monsterinsights_sitenote_note":"","_monsterinsights_sitenote_category":0,"footnotes":""},"categories":[101],"tags":[],"yoast_head":"<!-- This site is optimized with the Yoast SEO plugin v23.2 - https:\/\/yoast.com\/wordpress\/plugins\/seo\/ -->\n<title>Une version mise \u00e0 jour du Tesla Model Y appara\u00eet en Chine - CanadaMotorJobs.com<\/title>\n<meta name=\"description\" content=\"Une version mise \u00e0 jour du Tesla Model Y appara\u00eet en Chine - Benoit Charette - Annuel automobile - CanadaMotorJobs.com.\" \/>\n<meta name=\"robots\" content=\"index, follow, max-snippet:-1, max-image-preview:large, max-video-preview:-1\" \/>\n<meta property=\"og:locale\" content=\"fr_CA\" \/>\n<meta property=\"og:type\" content=\"article\" \/>\n<meta property=\"og:title\" content=\"Une version mise \u00e0 jour du Tesla Model Y appara\u00eet en Chine - CanadaMotorJobs.com\" \/>\n<meta property=\"og:description\" content=\"Une version mise \u00e0 jour du Tesla Model Y appara\u00eet en Chine - Benoit Charette - Annuel automobile - CanadaMotorJobs.com.\" \/>\n<meta property=\"og:url\" content=\"https:\/\/news.canadamotorjobs.com\/fr\/une-version-mise-a-jour-du-tesla-model-y-apparait-en-chine\/\" \/>\n<meta property=\"og:site_name\" content=\"CanadaMotorJobs.com\" \/>\n<meta property=\"article:publisher\" content=\"https:\/\/www.facebook.com\/canadamotorjobs\/\" \/>\n<meta property=\"article:published_time\" content=\"2025-01-15T07:25:10+00:00\" \/>\n<meta property=\"article:modified_time\" content=\"2025-01-15T07:30:21+00:00\" \/>\n<meta property=\"og:image\" content=\"https:\/\/news.canadamotorjobs.com\/wp-content\/uploads\/2025\/01\/new-tesla-model-y-009.jpg\" \/>\n\t<meta property=\"og:image:width\" content=\"1200\" \/>\n\t<meta property=\"og:image:height\" content=\"673\" \/>\n\t<meta property=\"og:image:type\" content=\"image\/jpeg\" \/>\n<meta name=\"author\" content=\"Benoit Charette\" \/>\n<meta name=\"twitter:card\" content=\"summary_large_image\" \/>\n<meta name=\"twitter:creator\" content=\"@canadamotorjobs\" \/>\n<meta name=\"twitter:site\" content=\"@canadamotorjobs\" \/>\n<meta name=\"twitter:label1\" content=\"\u00c9crit par\" \/>\n\t<meta name=\"twitter:data1\" content=\"Benoit Charette\" \/>\n\t<meta name=\"twitter:label2\" content=\"Estimation du temps de lecture\" \/>\n\t<meta name=\"twitter:data2\" content=\"2 minutes\" \/>\n<!-- \/ Yoast SEO plugin. -->","yoast_head_json":{"title":"Une version mise \u00e0 jour du Tesla Model Y appara\u00eet en Chine - CanadaMotorJobs.com","description":"Une version mise \u00e0 jour du Tesla Model Y appara\u00eet en Chine - Benoit Charette - Annuel automobile - CanadaMotorJobs.com.","robots":{"index":"index","follow":"follow","max-snippet":"max-snippet:-1","max-image-preview":"max-image-preview:large","max-video-preview":"max-video-preview:-1"},"og_locale":"fr_CA","og_type":"article","og_title":"Une version mise \u00e0 jour du Tesla Model Y appara\u00eet en Chine - CanadaMotorJobs.com","og_description":"Une version mise \u00e0 jour du Tesla Model Y appara\u00eet en Chine - Benoit Charette - Annuel automobile - CanadaMotorJobs.com.","og_url":"https:\/\/news.canadamotorjobs.com\/fr\/une-version-mise-a-jour-du-tesla-model-y-apparait-en-chine\/","og_site_name":"CanadaMotorJobs.com","article_publisher":"https:\/\/www.facebook.com\/canadamotorjobs\/","article_published_time":"2025-01-15T07:25:10+00:00","article_modified_time":"2025-01-15T07:30:21+00:00","og_image":[{"width":1200,"height":673,"url":"https:\/\/news.canadamotorjobs.com\/wp-content\/uploads\/2025\/01\/new-tesla-model-y-009.jpg","type":"image\/jpeg"}],"author":"Benoit Charette","twitter_card":"summary_large_image","twitter_creator":"@canadamotorjobs","twitter_site":"@canadamotorjobs","twitter_misc":{"\u00c9crit par":"Benoit Charette","Estimation du temps de lecture":"2 minutes"},"schema":{"@context":"https:\/\/schema.org","@graph":[{"@type":"Article","@id":"https:\/\/news.canadamotorjobs.com\/fr\/une-version-mise-a-jour-du-tesla-model-y-apparait-en-chine\/#article","isPartOf":{"@id":"https:\/\/news.canadamotorjobs.com\/fr\/une-version-mise-a-jour-du-tesla-model-y-apparait-en-chine\/"},"author":{"name":"Benoit Charette","@id":"https:\/\/news.canadamotorjobs.com\/#\/schema\/person\/51793d1f87d44011d7bcc2ed99269a90"},"headline":"Une version mise \u00e0 jour du Tesla Model Y appara\u00eet en Chine","datePublished":"2025-01-15T07:25:10+00:00","dateModified":"2025-01-15T07:30:21+00:00","mainEntityOfPage":{"@id":"https:\/\/news.canadamotorjobs.com\/fr\/une-version-mise-a-jour-du-tesla-model-y-apparait-en-chine\/"},"wordCount":485,"publisher":{"@id":"https:\/\/news.canadamotorjobs.com\/#organization"},"image":{"@id":"https:\/\/news.canadamotorjobs.com\/fr\/une-version-mise-a-jour-du-tesla-model-y-apparait-en-chine\/#primaryimage"},"thumbnailUrl":"https:\/\/news.canadamotorjobs.com\/wp-content\/uploads\/2025\/01\/new-tesla-model-y-009.jpg","articleSection":["Annuel automobile"],"inLanguage":"fr-CA"},{"@type":"WebPage","@id":"https:\/\/news.canadamotorjobs.com\/fr\/une-version-mise-a-jour-du-tesla-model-y-apparait-en-chine\/","url":"https:\/\/news.canadamotorjobs.com\/fr\/une-version-mise-a-jour-du-tesla-model-y-apparait-en-chine\/","name":"Une version mise \u00e0 jour du Tesla Model Y appara\u00eet en Chine - CanadaMotorJobs.com","isPartOf":{"@id":"https:\/\/news.canadamotorjobs.com\/#website"},"primaryImageOfPage":{"@id":"https:\/\/news.canadamotorjobs.com\/fr\/une-version-mise-a-jour-du-tesla-model-y-apparait-en-chine\/#primaryimage"},"image":{"@id":"https:\/\/news.canadamotorjobs.com\/fr\/une-version-mise-a-jour-du-tesla-model-y-apparait-en-chine\/#primaryimage"},"thumbnailUrl":"https:\/\/news.canadamotorjobs.com\/wp-content\/uploads\/2025\/01\/new-tesla-model-y-009.jpg","datePublished":"2025-01-15T07:25:10+00:00","dateModified":"2025-01-15T07:30:21+00:00","description":"Une version mise \u00e0 jour du Tesla Model Y appara\u00eet en Chine - Benoit Charette - Annuel automobile - CanadaMotorJobs.com.","breadcrumb":{"@id":"https:\/\/news.canadamotorjobs.com\/fr\/une-version-mise-a-jour-du-tesla-model-y-apparait-en-chine\/#breadcrumb"},"inLanguage":"fr-CA","potentialAction":[{"@type":"ReadAction","target":["https:\/\/news.canadamotorjobs.com\/fr\/une-version-mise-a-jour-du-tesla-model-y-apparait-en-chine\/"]}]},{"@type":"ImageObject","inLanguage":"fr-CA","@id":"https:\/\/news.canadamotorjobs.com\/fr\/une-version-mise-a-jour-du-tesla-model-y-apparait-en-chine\/#primaryimage","url":"https:\/\/news.canadamotorjobs.com\/wp-content\/uploads\/2025\/01\/new-tesla-model-y-009.jpg","contentUrl":"https:\/\/news.canadamotorjobs.com\/wp-content\/uploads\/2025\/01\/new-tesla-model-y-009.jpg","width":1200,"height":673},{"@type":"BreadcrumbList","@id":"https:\/\/news.canadamotorjobs.com\/fr\/une-version-mise-a-jour-du-tesla-model-y-apparait-en-chine\/#breadcrumb","itemListElement":[{"@type":"ListItem","position":1,"name":"Home","item":"https:\/\/news.canadamotorjobs.com\/fr\/blog\/"},{"@type":"ListItem","position":2,"name":"Une version mise \u00e0 jour du Tesla Model Y appara\u00eet en Chine"}]},{"@type":"WebSite","@id":"https:\/\/news.canadamotorjobs.com\/#website","url":"https:\/\/news.canadamotorjobs.com\/","name":"CanadaMotorJobs.com","description":"Automotive Jobs","publisher":{"@id":"https:\/\/news.canadamotorjobs.com\/#organization"},"potentialAction":[{"@type":"SearchAction","target":{"@type":"EntryPoint","urlTemplate":"https:\/\/news.canadamotorjobs.com\/?s={search_term_string}"},"query-input":"required name=search_term_string"}],"inLanguage":"fr-CA"},{"@type":"Organization","@id":"https:\/\/news.canadamotorjobs.com\/#organization","name":"Canada Motor Jobs","url":"https:\/\/news.canadamotorjobs.com\/","logo":{"@type":"ImageObject","inLanguage":"fr-CA","@id":"https:\/\/news.canadamotorjobs.com\/#\/schema\/logo\/image\/","url":"https:\/\/news.canadamotorjobs.com\/wp-content\/uploads\/2022\/10\/logo-canada-motor-jobs-1.png","contentUrl":"https:\/\/news.canadamotorjobs.com\/wp-content\/uploads\/2022\/10\/logo-canada-motor-jobs-1.png","width":800,"height":400,"caption":"Canada Motor Jobs"},"image":{"@id":"https:\/\/news.canadamotorjobs.com\/#\/schema\/logo\/image\/"},"sameAs":["https:\/\/www.facebook.com\/canadamotorjobs\/","https:\/\/x.com\/canadamotorjobs","https:\/\/www.instagram.com\/canadamotorjobs\/","https:\/\/www.linkedin.com\/company\/canadamotorjobs"]},{"@type":"Person","@id":"https:\/\/news.canadamotorjobs.com\/#\/schema\/person\/51793d1f87d44011d7bcc2ed99269a90","name":"Benoit Charette","image":{"@type":"ImageObject","inLanguage":"fr-CA","@id":"https:\/\/news.canadamotorjobs.com\/#\/schema\/person\/image\/","url":"https:\/\/secure.gravatar.com\/avatar\/45f3d2eebcccd909668d7ce7ea7267b6?s=96&d=mm&r=g","contentUrl":"https:\/\/secure.gravatar.com\/avatar\/45f3d2eebcccd909668d7ce7ea7267b6?s=96&d=mm&r=g","caption":"Benoit Charette"},"description":"Benoit Charette \/ Propri\u00e9taire et r\u00e9dacteur en chef Benoit Charette pratique le journalisme automobile depuis bient\u00f4t 30 ans. Il a fait ses classes au c\u00f4t\u00e9 de Daniel H\u00e9raud et au Carnet de route de 1992 \u00e0 2001. Il est fondateur, copropri\u00e9taire et r\u00e9dacteur en chef de L\u2019Annuel de l\u2019automobile, qu\u2019il publie depuis 2001. Il a anim\u00e9 les \u00e9missions RPM et RPM+ sur V et les L\u00e9gendes de la route sur Historia. \u00c0 la radio depuis 1986, il reprend l\u2019antenne cette ann\u00e9e sur les ondes de Cogeco et participe pour la deuxi\u00e8me ann\u00e9e \u00e0 l\u2019\u00e9mission Passion Auto sur RDS en plus de mettre en ligne le site Web officiel de L\u2019Annuel de l\u2019automobile sur annuelauto.ca.","sameAs":["https:\/\/annuelauto.ca\/"],"url":"https:\/\/news.canadamotorjobs.com\/fr\/author\/benoit-charette\/"}]}},"_links":{"self":[{"href":"https:\/\/news.canadamotorjobs.com\/fr\/wp-json\/wp\/v2\/posts\/188989"}],"collection":[{"href":"https:\/\/news.canadamotorjobs.com\/fr\/wp-json\/wp\/v2\/posts"}],"about":[{"href":"https:\/\/news.canadamotorjobs.com\/fr\/wp-json\/wp\/v2\/types\/post"}],"author":[{"embeddable":true,"href":"https:\/\/news.canadamotorjobs.com\/fr\/wp-json\/wp\/v2\/users\/8"}],"replies":[{"embeddable":true,"href":"https:\/\/news.canadamotorjobs.com\/fr\/wp-json\/wp\/v2\/comments?post=188989"}],"version-history":[{"count":3,"href":"https:\/\/news.canadamotorjobs.com\/fr\/wp-json\/wp\/v2\/posts\/188989\/revisions"}],"predecessor-version":[{"id":189032,"href":"https:\/\/news.canadamotorjobs.com\/fr\/wp-json\/wp\/v2\/posts\/188989\/revisions\/189032"}],"wp:featuredmedia":[{"embeddable":true,"href":"https:\/\/news.canadamotorjobs.com\/fr\/wp-json\/wp\/v2\/media\/188991"}],"wp:attachment":[{"href":"https:\/\/news.canadamotorjobs.com\/fr\/wp-json\/wp\/v2\/media?parent=188989"}],"wp:term":[{"taxonomy":"category","embeddable":true,"href":"https:\/\/news.canadamotorjobs.com\/fr\/wp-json\/wp\/v2\/categories?post=188989"},{"taxonomy":"post_tag","embeddable":true,"href":"https:\/\/news.canadamotorjobs.com\/fr\/wp-json\/wp\/v2\/tags?post=188989"}],"curies":[{"name":"wp","href":"https:\/\/api.w.org\/{rel}","templated":true}]}}