{"id":188970,"date":"2025-01-14T14:37:20","date_gmt":"2025-01-14T19:37:20","guid":{"rendered":"https:\/\/news.canadamotorjobs.com\/?p=188970"},"modified":"2025-01-14T14:43:45","modified_gmt":"2025-01-14T19:43:45","slug":"lindustrie-automobile-canadienne-exige-la-fin-des-mandats-de-vente-de-ves","status":"publish","type":"post","link":"https:\/\/news.canadamotorjobs.com\/fr\/lindustrie-automobile-canadienne-exige-la-fin-des-mandats-de-vente-de-ves\/","title":{"rendered":"L\u2019industrie automobile canadienne exige la fin des mandats de vente de V\u00c9S"},"content":{"rendered":"<\/p>\n<p>\u00c0 Ottawa, les manufacturiers et concessionnaires automobiles du Canada ont officiellement demand\u00e9 l&#8217;abandon des mandats de vente de v\u00e9hicules \u00e9lectriques (VE) instaur\u00e9s par le gouvernement f\u00e9d\u00e9ral en 2023. Cette requ\u00eate survient au lendemain de l&#8217;annonce de la fin du programme d&#8217;incitatifs f\u00e9d\u00e9raux iZEV (Incentives for Zero-Emission Vehicles) et face \u00e0 des lacunes flagrantes dans le d\u00e9veloppement d\u2019infrastructures publiques de recharge.<\/p>\n<h3>Une politique sans soutien suffisant<\/h3>\n<p>\nBrian Kingston, pr\u00e9sident et chef de la direction de l&#8217;Association canadienne des manufacturiers de v\u00e9hicules, a d\u00e9clar\u00e9 :<\/p>\n<blockquote><p>\u00ab L&#8217;arr\u00eat des incitatifs aux consommateurs pour les v\u00e9hicules z\u00e9ro \u00e9mission, combin\u00e9 au ralentissement de la mise en place d&#8217;infrastructures de recharge, rend les objectifs f\u00e9d\u00e9raux irr\u00e9alistes. Ces mandats doivent \u00eatre abandonn\u00e9s. \u00bb<\/p><\/blockquote>\n<p>\nTim Reuss, pr\u00e9sident de l&#8217;Association des concessionnaires d&#8217;automobiles du Canada, a ajout\u00e9 :<\/p>\n<blockquote><p>\u00ab Le gouvernement lib\u00e9ral f\u00e9d\u00e9ral a recul\u00e9 sur le soutien \u00e0 la transition \u00e9nerg\u00e9tique. Imposer des mandats VE sans fournir les ressources n\u00e9cessaires est une hypocrisie. \u00bb<\/p><\/blockquote>\n<p><\/p>\n<h3>Le prix : un obstacle majeur<\/h3>\n<p>\nDavid Adams, pr\u00e9sident de Global Automakers of Canada, a soulign\u00e9 l&#8217;importance de maintenir les incitatifs jusqu\u2019\u00e0 ce que la parit\u00e9 des prix entre VE et v\u00e9hicules thermiques soit atteinte :<\/p>\n<blockquote><p>\u00ab Sans incitatifs, le co\u00fbt \u00e9lev\u00e9 des VE freinera leur adoption. Cela met en p\u00e9ril les objectifs de mandats f\u00e9d\u00e9raux. \u00bb<\/p><\/blockquote>\n<p><\/p>\n<h3>Infrastructure insuffisante et manque de vision<\/h3>\n<p>\nL\u2019industrie a \u00e9galement d\u00e9nonc\u00e9 le manque de pr\u00e9paration du gouvernement dans le financement et le soutien de la transition vers une mobilit\u00e9 durable. Selon Adams :<\/p>\n<blockquote><p>\u00ab Si le gouvernement impose des mandats, il doit aussi r\u00e9gler les obstacles cl\u00e9s, \u00e0 savoir le co\u00fbt et l\u2019infrastructure. Sinon, ces mandats doivent \u00eatre r\u00e9vis\u00e9s ou \u00e9limin\u00e9s. \u00bb<\/p><\/blockquote>\n<p>\nLa situation au Qu\u00e9bec et en Colombie-Britannique<\/p>\n<p>Les provinces de Qu\u00e9bec et de la Colombie-Britannique, qui appliquent \u00e9galement des mandats de VE, risquent de subir des impacts similaires. Bien que ces r\u00e9gions aient historiquement b\u00e9n\u00e9fici\u00e9 de programmes de soutien mieux structur\u00e9s, elles pourraient \u00eatre confront\u00e9es \u00e0 des d\u00e9fis si le soutien f\u00e9d\u00e9ral continue de diminuer.<\/p>\n<h3>Les consommateurs qu\u00e9b\u00e9cois face aux d\u00e9fis de la transition<\/h3>\n<p>\nAu Qu\u00e9bec, o\u00f9 les VE repr\u00e9sentent une proportion importante des nouvelles immatriculations gr\u00e2ce \u00e0 des incitatifs provinciaux, la fin du programme f\u00e9d\u00e9ral pourrait ralentir la tendance. Avec des infrastructures de recharge publiques encore insuffisantes dans plusieurs r\u00e9gions rurales, les consommateurs risquent d\u2019\u00eatre frein\u00e9s dans leur adoption.<\/p>\n<h3>Une transition \u00e9cologique en p\u00e9ril<\/h3>\n<p>\nSi le Canada ambitionne de r\u00e9duire ses \u00e9missions de gaz \u00e0 effet de serre, l\u2019abandon des incitatifs et l\u2019absence d\u2019un r\u00e9seau de recharge solide pourraient compromettre les progr\u00e8s r\u00e9alis\u00e9s. Il reste \u00e0 voir si le gouvernement f\u00e9d\u00e9ral r\u00e9agira aux pr\u00e9occupations soulev\u00e9es par l\u2019industrie automobile et ajustera sa strat\u00e9gie pour \u00e9viter un ralentissement dans la transition vers une mobilit\u00e9 durable.<\/p>\n<p>Le texte <a rel=\"nofollow\" href=\"https:\/\/annuelauto.ca\/fin-incitatifs-vehicules-electriques-canada\/\">L\u2019industrie automobile canadienne exige la fin des mandats de vente de V\u00c9S<\/a> provient de <a rel=\"nofollow\" href=\"https:\/\/annuelauto.ca\">L&#8217;annuel de l&#8217;automobile &#8211; Actualit\u00e9 automobile<\/a><\/p>\n<p><\/p>\n","protected":false},"excerpt":{"rendered":"<p>\u00c0 Ottawa, les manufacturiers et concessionnaires automobiles du Canada ont officiellement demand\u00e9 l&#8217;abandon des mandats de vente de v\u00e9hicules \u00e9lectriques (VE) instaur\u00e9s par le gouvernement f\u00e9d\u00e9ral en 2023. Cette requ\u00eate survient au lendemain de l&#8217;annonce de la fin du programme d&#8217;incitatifs f\u00e9d\u00e9raux iZEV (Incentives for Zero-Emission Vehicles) et face \u00e0 des lacunes flagrantes dans le [&hellip;]<\/p>\n","protected":false},"author":8,"featured_media":188972,"comment_status":"close","ping_status":"closed","sticky":false,"template":"","format":"standard","meta":{"_monsterinsights_skip_tracking":false,"_monsterinsights_sitenote_active":false,"_monsterinsights_sitenote_note":"","_monsterinsights_sitenote_category":0,"footnotes":""},"categories":[101],"tags":[],"yoast_head":"<!-- This site is optimized with the Yoast SEO plugin v23.2 - https:\/\/yoast.com\/wordpress\/plugins\/seo\/ -->\n<title>L\u2019industrie automobile canadienne exige la fin des mandats de vente de V\u00c9S - CanadaMotorJobs.com<\/title>\n<meta name=\"description\" content=\"L\u2019industrie automobile canadienne exige la fin des mandats de vente de V\u00c9S - Benoit Charette - Annuel automobile - CanadaMotorJobs.com.\" \/>\n<meta name=\"robots\" content=\"index, follow, max-snippet:-1, max-image-preview:large, max-video-preview:-1\" \/>\n<meta property=\"og:locale\" content=\"fr_CA\" \/>\n<meta property=\"og:type\" content=\"article\" \/>\n<meta property=\"og:title\" content=\"L\u2019industrie automobile canadienne exige la fin des mandats de vente de V\u00c9S - CanadaMotorJobs.com\" \/>\n<meta property=\"og:description\" content=\"L\u2019industrie automobile canadienne exige la fin des mandats de vente de V\u00c9S - Benoit Charette - Annuel automobile - CanadaMotorJobs.com.\" \/>\n<meta property=\"og:url\" content=\"https:\/\/news.canadamotorjobs.com\/fr\/lindustrie-automobile-canadienne-exige-la-fin-des-mandats-de-vente-de-ves\/\" \/>\n<meta property=\"og:site_name\" content=\"CanadaMotorJobs.com\" \/>\n<meta property=\"article:publisher\" content=\"https:\/\/www.facebook.com\/canadamotorjobs\/\" \/>\n<meta property=\"article:published_time\" content=\"2025-01-14T19:37:20+00:00\" \/>\n<meta property=\"article:modified_time\" content=\"2025-01-14T19:43:45+00:00\" \/>\n<meta property=\"og:image\" content=\"https:\/\/news.canadamotorjobs.com\/wp-content\/uploads\/2025\/01\/TempStaffPicReplacement_banner.jpg\" \/>\n\t<meta property=\"og:image:width\" content=\"1000\" \/>\n\t<meta property=\"og:image:height\" content=\"300\" \/>\n\t<meta property=\"og:image:type\" content=\"image\/jpeg\" \/>\n<meta name=\"author\" content=\"Benoit Charette\" \/>\n<meta name=\"twitter:card\" content=\"summary_large_image\" \/>\n<meta name=\"twitter:creator\" content=\"@canadamotorjobs\" \/>\n<meta name=\"twitter:site\" content=\"@canadamotorjobs\" \/>\n<meta name=\"twitter:label1\" content=\"\u00c9crit par\" \/>\n\t<meta name=\"twitter:data1\" content=\"Benoit Charette\" \/>\n\t<meta name=\"twitter:label2\" content=\"Estimation du temps de lecture\" \/>\n\t<meta name=\"twitter:data2\" content=\"3 minutes\" \/>\n<!-- \/ Yoast SEO plugin. -->","yoast_head_json":{"title":"L\u2019industrie automobile canadienne exige la fin des mandats de vente de V\u00c9S - CanadaMotorJobs.com","description":"L\u2019industrie automobile canadienne exige la fin des mandats de vente de V\u00c9S - Benoit Charette - Annuel automobile - CanadaMotorJobs.com.","robots":{"index":"index","follow":"follow","max-snippet":"max-snippet:-1","max-image-preview":"max-image-preview:large","max-video-preview":"max-video-preview:-1"},"og_locale":"fr_CA","og_type":"article","og_title":"L\u2019industrie automobile canadienne exige la fin des mandats de vente de V\u00c9S - CanadaMotorJobs.com","og_description":"L\u2019industrie automobile canadienne exige la fin des mandats de vente de V\u00c9S - Benoit Charette - Annuel automobile - CanadaMotorJobs.com.","og_url":"https:\/\/news.canadamotorjobs.com\/fr\/lindustrie-automobile-canadienne-exige-la-fin-des-mandats-de-vente-de-ves\/","og_site_name":"CanadaMotorJobs.com","article_publisher":"https:\/\/www.facebook.com\/canadamotorjobs\/","article_published_time":"2025-01-14T19:37:20+00:00","article_modified_time":"2025-01-14T19:43:45+00:00","og_image":[{"width":1000,"height":300,"url":"https:\/\/news.canadamotorjobs.com\/wp-content\/uploads\/2025\/01\/TempStaffPicReplacement_banner.jpg","type":"image\/jpeg"}],"author":"Benoit Charette","twitter_card":"summary_large_image","twitter_creator":"@canadamotorjobs","twitter_site":"@canadamotorjobs","twitter_misc":{"\u00c9crit par":"Benoit Charette","Estimation du temps de lecture":"3 minutes"},"schema":{"@context":"https:\/\/schema.org","@graph":[{"@type":"Article","@id":"https:\/\/news.canadamotorjobs.com\/fr\/lindustrie-automobile-canadienne-exige-la-fin-des-mandats-de-vente-de-ves\/#article","isPartOf":{"@id":"https:\/\/news.canadamotorjobs.com\/fr\/lindustrie-automobile-canadienne-exige-la-fin-des-mandats-de-vente-de-ves\/"},"author":{"name":"Benoit Charette","@id":"https:\/\/news.canadamotorjobs.com\/#\/schema\/person\/51793d1f87d44011d7bcc2ed99269a90"},"headline":"L\u2019industrie automobile canadienne exige la fin des mandats de vente de V\u00c9S","datePublished":"2025-01-14T19:37:20+00:00","dateModified":"2025-01-14T19:43:45+00:00","mainEntityOfPage":{"@id":"https:\/\/news.canadamotorjobs.com\/fr\/lindustrie-automobile-canadienne-exige-la-fin-des-mandats-de-vente-de-ves\/"},"wordCount":553,"publisher":{"@id":"https:\/\/news.canadamotorjobs.com\/#organization"},"image":{"@id":"https:\/\/news.canadamotorjobs.com\/fr\/lindustrie-automobile-canadienne-exige-la-fin-des-mandats-de-vente-de-ves\/#primaryimage"},"thumbnailUrl":"https:\/\/news.canadamotorjobs.com\/wp-content\/uploads\/2025\/01\/TempStaffPicReplacement_banner.jpg","articleSection":["Annuel automobile"],"inLanguage":"fr-CA"},{"@type":"WebPage","@id":"https:\/\/news.canadamotorjobs.com\/fr\/lindustrie-automobile-canadienne-exige-la-fin-des-mandats-de-vente-de-ves\/","url":"https:\/\/news.canadamotorjobs.com\/fr\/lindustrie-automobile-canadienne-exige-la-fin-des-mandats-de-vente-de-ves\/","name":"L\u2019industrie automobile canadienne exige la fin des mandats de vente de V\u00c9S - CanadaMotorJobs.com","isPartOf":{"@id":"https:\/\/news.canadamotorjobs.com\/#website"},"primaryImageOfPage":{"@id":"https:\/\/news.canadamotorjobs.com\/fr\/lindustrie-automobile-canadienne-exige-la-fin-des-mandats-de-vente-de-ves\/#primaryimage"},"image":{"@id":"https:\/\/news.canadamotorjobs.com\/fr\/lindustrie-automobile-canadienne-exige-la-fin-des-mandats-de-vente-de-ves\/#primaryimage"},"thumbnailUrl":"https:\/\/news.canadamotorjobs.com\/wp-content\/uploads\/2025\/01\/TempStaffPicReplacement_banner.jpg","datePublished":"2025-01-14T19:37:20+00:00","dateModified":"2025-01-14T19:43:45+00:00","description":"L\u2019industrie automobile canadienne exige la fin des mandats de vente de V\u00c9S - Benoit Charette - Annuel automobile - CanadaMotorJobs.com.","breadcrumb":{"@id":"https:\/\/news.canadamotorjobs.com\/fr\/lindustrie-automobile-canadienne-exige-la-fin-des-mandats-de-vente-de-ves\/#breadcrumb"},"inLanguage":"fr-CA","potentialAction":[{"@type":"ReadAction","target":["https:\/\/news.canadamotorjobs.com\/fr\/lindustrie-automobile-canadienne-exige-la-fin-des-mandats-de-vente-de-ves\/"]}]},{"@type":"ImageObject","inLanguage":"fr-CA","@id":"https:\/\/news.canadamotorjobs.com\/fr\/lindustrie-automobile-canadienne-exige-la-fin-des-mandats-de-vente-de-ves\/#primaryimage","url":"https:\/\/news.canadamotorjobs.com\/wp-content\/uploads\/2025\/01\/TempStaffPicReplacement_banner.jpg","contentUrl":"https:\/\/news.canadamotorjobs.com\/wp-content\/uploads\/2025\/01\/TempStaffPicReplacement_banner.jpg","width":1000,"height":300},{"@type":"BreadcrumbList","@id":"https:\/\/news.canadamotorjobs.com\/fr\/lindustrie-automobile-canadienne-exige-la-fin-des-mandats-de-vente-de-ves\/#breadcrumb","itemListElement":[{"@type":"ListItem","position":1,"name":"Home","item":"https:\/\/news.canadamotorjobs.com\/fr\/blog\/"},{"@type":"ListItem","position":2,"name":"L\u2019industrie automobile canadienne exige la fin des mandats de vente de V\u00c9S"}]},{"@type":"WebSite","@id":"https:\/\/news.canadamotorjobs.com\/#website","url":"https:\/\/news.canadamotorjobs.com\/","name":"CanadaMotorJobs.com","description":"Automotive Jobs","publisher":{"@id":"https:\/\/news.canadamotorjobs.com\/#organization"},"potentialAction":[{"@type":"SearchAction","target":{"@type":"EntryPoint","urlTemplate":"https:\/\/news.canadamotorjobs.com\/?s={search_term_string}"},"query-input":"required name=search_term_string"}],"inLanguage":"fr-CA"},{"@type":"Organization","@id":"https:\/\/news.canadamotorjobs.com\/#organization","name":"Canada Motor Jobs","url":"https:\/\/news.canadamotorjobs.com\/","logo":{"@type":"ImageObject","inLanguage":"fr-CA","@id":"https:\/\/news.canadamotorjobs.com\/#\/schema\/logo\/image\/","url":"https:\/\/news.canadamotorjobs.com\/wp-content\/uploads\/2022\/10\/logo-canada-motor-jobs-1.png","contentUrl":"https:\/\/news.canadamotorjobs.com\/wp-content\/uploads\/2022\/10\/logo-canada-motor-jobs-1.png","width":800,"height":400,"caption":"Canada Motor Jobs"},"image":{"@id":"https:\/\/news.canadamotorjobs.com\/#\/schema\/logo\/image\/"},"sameAs":["https:\/\/www.facebook.com\/canadamotorjobs\/","https:\/\/x.com\/canadamotorjobs","https:\/\/www.instagram.com\/canadamotorjobs\/","https:\/\/www.linkedin.com\/company\/canadamotorjobs"]},{"@type":"Person","@id":"https:\/\/news.canadamotorjobs.com\/#\/schema\/person\/51793d1f87d44011d7bcc2ed99269a90","name":"Benoit Charette","image":{"@type":"ImageObject","inLanguage":"fr-CA","@id":"https:\/\/news.canadamotorjobs.com\/#\/schema\/person\/image\/","url":"https:\/\/secure.gravatar.com\/avatar\/45f3d2eebcccd909668d7ce7ea7267b6?s=96&d=mm&r=g","contentUrl":"https:\/\/secure.gravatar.com\/avatar\/45f3d2eebcccd909668d7ce7ea7267b6?s=96&d=mm&r=g","caption":"Benoit Charette"},"description":"Benoit Charette \/ Propri\u00e9taire et r\u00e9dacteur en chef Benoit Charette pratique le journalisme automobile depuis bient\u00f4t 30 ans. Il a fait ses classes au c\u00f4t\u00e9 de Daniel H\u00e9raud et au Carnet de route de 1992 \u00e0 2001. Il est fondateur, copropri\u00e9taire et r\u00e9dacteur en chef de L\u2019Annuel de l\u2019automobile, qu\u2019il publie depuis 2001. Il a anim\u00e9 les \u00e9missions RPM et RPM+ sur V et les L\u00e9gendes de la route sur Historia. \u00c0 la radio depuis 1986, il reprend l\u2019antenne cette ann\u00e9e sur les ondes de Cogeco et participe pour la deuxi\u00e8me ann\u00e9e \u00e0 l\u2019\u00e9mission Passion Auto sur RDS en plus de mettre en ligne le site Web officiel de L\u2019Annuel de l\u2019automobile sur annuelauto.ca.","sameAs":["https:\/\/annuelauto.ca\/"],"url":"https:\/\/news.canadamotorjobs.com\/fr\/author\/benoit-charette\/"}]}},"_links":{"self":[{"href":"https:\/\/news.canadamotorjobs.com\/fr\/wp-json\/wp\/v2\/posts\/188970"}],"collection":[{"href":"https:\/\/news.canadamotorjobs.com\/fr\/wp-json\/wp\/v2\/posts"}],"about":[{"href":"https:\/\/news.canadamotorjobs.com\/fr\/wp-json\/wp\/v2\/types\/post"}],"author":[{"embeddable":true,"href":"https:\/\/news.canadamotorjobs.com\/fr\/wp-json\/wp\/v2\/users\/8"}],"replies":[{"embeddable":true,"href":"https:\/\/news.canadamotorjobs.com\/fr\/wp-json\/wp\/v2\/comments?post=188970"}],"version-history":[{"count":2,"href":"https:\/\/news.canadamotorjobs.com\/fr\/wp-json\/wp\/v2\/posts\/188970\/revisions"}],"predecessor-version":[{"id":188974,"href":"https:\/\/news.canadamotorjobs.com\/fr\/wp-json\/wp\/v2\/posts\/188970\/revisions\/188974"}],"wp:featuredmedia":[{"embeddable":true,"href":"https:\/\/news.canadamotorjobs.com\/fr\/wp-json\/wp\/v2\/media\/188972"}],"wp:attachment":[{"href":"https:\/\/news.canadamotorjobs.com\/fr\/wp-json\/wp\/v2\/media?parent=188970"}],"wp:term":[{"taxonomy":"category","embeddable":true,"href":"https:\/\/news.canadamotorjobs.com\/fr\/wp-json\/wp\/v2\/categories?post=188970"},{"taxonomy":"post_tag","embeddable":true,"href":"https:\/\/news.canadamotorjobs.com\/fr\/wp-json\/wp\/v2\/tags?post=188970"}],"curies":[{"name":"wp","href":"https:\/\/api.w.org\/{rel}","templated":true}]}}