{"id":188916,"date":"2025-01-14T08:19:16","date_gmt":"2025-01-14T13:19:16","guid":{"rendered":"https:\/\/news.canadamotorjobs.com\/?p=188916"},"modified":"2025-01-14T08:29:43","modified_gmt":"2025-01-14T13:29:43","slug":"les-ventes-de-vehicules-electriques-continuent-de-croitre-malgre-tout","status":"publish","type":"post","link":"https:\/\/news.canadamotorjobs.com\/fr\/les-ventes-de-vehicules-electriques-continuent-de-croitre-malgre-tout\/","title":{"rendered":"Les ventes de v\u00e9hicules \u00e9lectriques continuent de cro\u00eetre malgr\u00e9 tout"},"content":{"rendered":"<\/p>\n<p>Contrairement aux affirmations v\u00e9hicul\u00e9es par certains m\u00e9dias et politiciens en 2024, les ventes de v\u00e9hicules \u00e9lectriques (VE) n\u2019ont pas ralenti. Selon un rapport r\u00e9cent de <strong>Rho Motion<\/strong>, le monde a vendu <strong>3,5 millions de VE suppl\u00e9mentaires<\/strong> en 2024 par rapport \u00e0 2023, surpassant l\u2019augmentation de <strong>3,2 millions<\/strong> enregistr\u00e9e l\u2019ann\u00e9e pr\u00e9c\u00e9dente. Cette hausse d\u00e9montre que non seulement les ventes de VE continuent de cro\u00eetre, mais que le <strong>taux de croissance en volume s\u2019acc\u00e9l\u00e8re<\/strong>.<\/p>\n<h3><strong>Les chiffres mondiaux en hausse<br \/>\n<\/strong><\/h3>\n<p>\nLe rapport de Rho Motion indique que les ventes mondiales de VE ont atteint <strong>17,1 millions d\u2019unit\u00e9s<\/strong> en 2024, contre <strong>13,6 millions<\/strong> en 2023 et <strong>10,4 millions<\/strong> en 2022. Voici les d\u00e9tails r\u00e9gionaux :<\/p>\n<ul><\/p>\n<li><strong>Chine<\/strong> : +40 %<\/li>\n<p><\/p>\n<li><strong>Am\u00e9rique du Nord<\/strong> : +9 %<\/li>\n<p><\/p>\n<li><strong>Reste du monde<\/strong> : +27 %<\/li>\n<p><\/p>\n<li><strong>Europe<\/strong> : -3 %, principalement en raison de la fin des subventions en Allemagne fin 2023.<\/li>\n<p>\n<\/ul>\n<p>\nMalgr\u00e9 cette exception europ\u00e9enne, le reste du monde a connu une forte augmentation des ventes, consolidant la position des VE comme solution incontournable pour une mobilit\u00e9 durable.<\/p>\n<h3><strong>Le Qu\u00e9bec en t\u00eate de file au Canada<\/strong><\/h3>\n<p>\nAu <strong>Qu\u00e9bec<\/strong>, les ventes de v\u00e9hicules \u00e9lectriques continuent \u00e9galement de cro\u00eetre. En 2024, 34 %<strong> des v\u00e9hicules neufs vendus au troisi\u00e8me trimestre<\/strong> dans la province \u00e9taient des V\u00c9S ou des v\u00e9hicules hybrides rechargeables (VHR), selon les donn\u00e9es de l\u2019<strong>Association des v\u00e9hicules \u00e9lectriques du Qu\u00e9bec (AV\u00c9Q)<\/strong>. Les programmes provinciaux, comme les incitatifs financiers et l\u2019expansion des bornes de recharge publiques, expliquent en grande partie ce succ\u00e8s. Le Qu\u00e9bec vise <strong>1,6 million de V\u00c9S sur les routes d\u2019ici 2030<\/strong>, un objectif ambitieux mais r\u00e9alisable gr\u00e2ce \u00e0 une adoption croissante.<\/p>\n<h3><strong>La fin des subventions<br \/>\n<\/strong><\/h3>\n<p>\nMalgr\u00e9 ces chiffres impressionnants, une <strong>d\u00e9sinformation persistante<\/strong> a aliment\u00e9 l\u2019id\u00e9e que les ventes de V\u00c9S ralentissent ou stagnent. Cette perception erron\u00e9e peut influencer :<\/p>\n<ol><\/p>\n<li><strong>Les politiques publiques<\/strong>, en incitant certains gouvernements \u00e0 r\u00e9duire leurs objectifs.<\/li>\n<p><\/p>\n<li><strong>Les consommateurs<\/strong>, qui h\u00e9sitent \u00e0 adopter les VE par crainte d\u2019un march\u00e9 incertain.<\/li>\n<p>\n<\/ol>\n<p>\nCette strat\u00e9gie, souvent d\u00e9lib\u00e9r\u00e9e, vise \u00e0 prot\u00e9ger l\u2019industrie des v\u00e9hicules thermiques, en d\u00e9clin depuis le <strong>pic des ventes de 2017<\/strong>.<\/p>\n<h3><strong>Une comparaison avec les ventes de v\u00e9hicules thermiques<\/strong><\/h3>\n<p>\nLes <strong>voitures \u00e0 essence<\/strong> continuent leur chute, avec une baisse de <strong>25 % depuis leur pic<\/strong>. Cette tendance refl\u00e8te un changement structurel, o\u00f9 la croissance des VE compense largement le recul des v\u00e9hicules thermiques.<\/p>\n<h3><strong>Un avenir prometteur, mais une transition urgente<\/strong><\/h3>\n<p>\nPour atteindre les objectifs climatiques, une <strong>adoption encore plus rapide<\/strong> des V\u00c9S est n\u00e9cessaire, accompagn\u00e9e d\u2019un d\u00e9clin acc\u00e9l\u00e9r\u00e9 des ventes de v\u00e9hicules thermiques. Pour que cela soit possible, il faudra toutefois revoir la fourchette de prix des mod\u00e8les \u00e9lectriques pour les rendre plus accessibles \u00e0 une large partie de la population et s&#8217;assurer que le r\u00e9seau de recharge soit \u00e0 la hauteur des attentes.<\/p>\n<h3><strong>Conclusion<\/strong><\/h3>\n<p>\nLes donn\u00e9es de 2024 confirment que la transition vers l\u2019\u00e9lectrique est en cours et s\u2019acc\u00e9l\u00e8re, malgr\u00e9 les obstacles. Le Qu\u00e9bec et le monde doivent continuer sur cette lanc\u00e9e pour garantir un avenir durable.<\/p>\n<p>Avec des renseignements d&#8217;Electrek<\/p>\n<p>Le texte <a rel=\"nofollow\" href=\"https:\/\/annuelauto.ca\/croissance-ventes-vehicules-electriques-2024\/\">Les ventes de v\u00e9hicules \u00e9lectriques continuent de cro\u00eetre malgr\u00e9 tout<\/a> provient de <a rel=\"nofollow\" href=\"https:\/\/annuelauto.ca\">L&#8217;annuel de l&#8217;automobile &#8211; Actualit\u00e9 automobile<\/a><\/p>\n<p><\/p>\n","protected":false},"excerpt":{"rendered":"<p>Contrairement aux affirmations v\u00e9hicul\u00e9es par certains m\u00e9dias et politiciens en 2024, les ventes de v\u00e9hicules \u00e9lectriques (VE) n\u2019ont pas ralenti. Selon un rapport r\u00e9cent de Rho Motion, le monde a vendu 3,5 millions de VE suppl\u00e9mentaires en 2024 par rapport \u00e0 2023, surpassant l\u2019augmentation de 3,2 millions enregistr\u00e9e l\u2019ann\u00e9e pr\u00e9c\u00e9dente. Cette hausse d\u00e9montre que non [&hellip;]<\/p>\n","protected":false},"author":8,"featured_media":188918,"comment_status":"close","ping_status":"closed","sticky":false,"template":"","format":"standard","meta":{"_monsterinsights_skip_tracking":false,"_monsterinsights_sitenote_active":false,"_monsterinsights_sitenote_note":"","_monsterinsights_sitenote_category":0,"footnotes":""},"categories":[101],"tags":[],"yoast_head":"<!-- This site is optimized with the Yoast SEO plugin v23.2 - https:\/\/yoast.com\/wordpress\/plugins\/seo\/ -->\n<title>Les ventes de v\u00e9hicules \u00e9lectriques continuent de cro\u00eetre malgr\u00e9 tout - CanadaMotorJobs.com<\/title>\n<meta name=\"description\" content=\"Les ventes de v\u00e9hicules \u00e9lectriques continuent de cro\u00eetre malgr\u00e9 tout - Benoit Charette - Annuel automobile - CanadaMotorJobs.com.\" \/>\n<meta name=\"robots\" content=\"index, follow, max-snippet:-1, max-image-preview:large, max-video-preview:-1\" \/>\n<meta property=\"og:locale\" content=\"fr_CA\" \/>\n<meta property=\"og:type\" content=\"article\" \/>\n<meta property=\"og:title\" content=\"Les ventes de v\u00e9hicules \u00e9lectriques continuent de cro\u00eetre malgr\u00e9 tout - CanadaMotorJobs.com\" \/>\n<meta property=\"og:description\" content=\"Les ventes de v\u00e9hicules \u00e9lectriques continuent de cro\u00eetre malgr\u00e9 tout - Benoit Charette - Annuel automobile - CanadaMotorJobs.com.\" \/>\n<meta property=\"og:url\" content=\"https:\/\/news.canadamotorjobs.com\/fr\/les-ventes-de-vehicules-electriques-continuent-de-croitre-malgre-tout\/\" \/>\n<meta property=\"og:site_name\" content=\"CanadaMotorJobs.com\" \/>\n<meta property=\"article:publisher\" content=\"https:\/\/www.facebook.com\/canadamotorjobs\/\" \/>\n<meta property=\"article:published_time\" content=\"2025-01-14T13:19:16+00:00\" \/>\n<meta property=\"article:modified_time\" content=\"2025-01-14T13:29:43+00:00\" \/>\n<meta property=\"og:image\" content=\"https:\/\/news.canadamotorjobs.com\/wp-content\/uploads\/2025\/01\/circuit-voiture-electrique-hydro-quebec-borne-recharge-scaled-1.jpg\" \/>\n\t<meta property=\"og:image:width\" content=\"2560\" \/>\n\t<meta property=\"og:image:height\" content=\"2560\" \/>\n\t<meta property=\"og:image:type\" content=\"image\/jpeg\" \/>\n<meta name=\"author\" content=\"Benoit Charette\" \/>\n<meta name=\"twitter:card\" content=\"summary_large_image\" \/>\n<meta name=\"twitter:creator\" content=\"@canadamotorjobs\" \/>\n<meta name=\"twitter:site\" content=\"@canadamotorjobs\" \/>\n<meta name=\"twitter:label1\" content=\"\u00c9crit par\" \/>\n\t<meta name=\"twitter:data1\" content=\"Benoit Charette\" \/>\n\t<meta name=\"twitter:label2\" content=\"Estimation du temps de lecture\" \/>\n\t<meta name=\"twitter:data2\" content=\"3 minutes\" \/>\n<!-- \/ Yoast SEO plugin. -->","yoast_head_json":{"title":"Les ventes de v\u00e9hicules \u00e9lectriques continuent de cro\u00eetre malgr\u00e9 tout - CanadaMotorJobs.com","description":"Les ventes de v\u00e9hicules \u00e9lectriques continuent de cro\u00eetre malgr\u00e9 tout - Benoit Charette - Annuel automobile - CanadaMotorJobs.com.","robots":{"index":"index","follow":"follow","max-snippet":"max-snippet:-1","max-image-preview":"max-image-preview:large","max-video-preview":"max-video-preview:-1"},"og_locale":"fr_CA","og_type":"article","og_title":"Les ventes de v\u00e9hicules \u00e9lectriques continuent de cro\u00eetre malgr\u00e9 tout - CanadaMotorJobs.com","og_description":"Les ventes de v\u00e9hicules \u00e9lectriques continuent de cro\u00eetre malgr\u00e9 tout - Benoit Charette - Annuel automobile - CanadaMotorJobs.com.","og_url":"https:\/\/news.canadamotorjobs.com\/fr\/les-ventes-de-vehicules-electriques-continuent-de-croitre-malgre-tout\/","og_site_name":"CanadaMotorJobs.com","article_publisher":"https:\/\/www.facebook.com\/canadamotorjobs\/","article_published_time":"2025-01-14T13:19:16+00:00","article_modified_time":"2025-01-14T13:29:43+00:00","og_image":[{"width":2560,"height":2560,"url":"https:\/\/news.canadamotorjobs.com\/wp-content\/uploads\/2025\/01\/circuit-voiture-electrique-hydro-quebec-borne-recharge-scaled-1.jpg","type":"image\/jpeg"}],"author":"Benoit Charette","twitter_card":"summary_large_image","twitter_creator":"@canadamotorjobs","twitter_site":"@canadamotorjobs","twitter_misc":{"\u00c9crit par":"Benoit Charette","Estimation du temps de lecture":"3 minutes"},"schema":{"@context":"https:\/\/schema.org","@graph":[{"@type":"Article","@id":"https:\/\/news.canadamotorjobs.com\/fr\/les-ventes-de-vehicules-electriques-continuent-de-croitre-malgre-tout\/#article","isPartOf":{"@id":"https:\/\/news.canadamotorjobs.com\/fr\/les-ventes-de-vehicules-electriques-continuent-de-croitre-malgre-tout\/"},"author":{"name":"Benoit Charette","@id":"https:\/\/news.canadamotorjobs.com\/#\/schema\/person\/51793d1f87d44011d7bcc2ed99269a90"},"headline":"Les ventes de v\u00e9hicules \u00e9lectriques continuent de cro\u00eetre malgr\u00e9 tout","datePublished":"2025-01-14T13:19:16+00:00","dateModified":"2025-01-14T13:29:43+00:00","mainEntityOfPage":{"@id":"https:\/\/news.canadamotorjobs.com\/fr\/les-ventes-de-vehicules-electriques-continuent-de-croitre-malgre-tout\/"},"wordCount":564,"publisher":{"@id":"https:\/\/news.canadamotorjobs.com\/#organization"},"image":{"@id":"https:\/\/news.canadamotorjobs.com\/fr\/les-ventes-de-vehicules-electriques-continuent-de-croitre-malgre-tout\/#primaryimage"},"thumbnailUrl":"https:\/\/news.canadamotorjobs.com\/wp-content\/uploads\/2025\/01\/circuit-voiture-electrique-hydro-quebec-borne-recharge-scaled-1.jpg","articleSection":["Annuel automobile"],"inLanguage":"fr-CA"},{"@type":"WebPage","@id":"https:\/\/news.canadamotorjobs.com\/fr\/les-ventes-de-vehicules-electriques-continuent-de-croitre-malgre-tout\/","url":"https:\/\/news.canadamotorjobs.com\/fr\/les-ventes-de-vehicules-electriques-continuent-de-croitre-malgre-tout\/","name":"Les ventes de v\u00e9hicules \u00e9lectriques continuent de cro\u00eetre malgr\u00e9 tout - CanadaMotorJobs.com","isPartOf":{"@id":"https:\/\/news.canadamotorjobs.com\/#website"},"primaryImageOfPage":{"@id":"https:\/\/news.canadamotorjobs.com\/fr\/les-ventes-de-vehicules-electriques-continuent-de-croitre-malgre-tout\/#primaryimage"},"image":{"@id":"https:\/\/news.canadamotorjobs.com\/fr\/les-ventes-de-vehicules-electriques-continuent-de-croitre-malgre-tout\/#primaryimage"},"thumbnailUrl":"https:\/\/news.canadamotorjobs.com\/wp-content\/uploads\/2025\/01\/circuit-voiture-electrique-hydro-quebec-borne-recharge-scaled-1.jpg","datePublished":"2025-01-14T13:19:16+00:00","dateModified":"2025-01-14T13:29:43+00:00","description":"Les ventes de v\u00e9hicules \u00e9lectriques continuent de cro\u00eetre malgr\u00e9 tout - Benoit Charette - Annuel automobile - CanadaMotorJobs.com.","breadcrumb":{"@id":"https:\/\/news.canadamotorjobs.com\/fr\/les-ventes-de-vehicules-electriques-continuent-de-croitre-malgre-tout\/#breadcrumb"},"inLanguage":"fr-CA","potentialAction":[{"@type":"ReadAction","target":["https:\/\/news.canadamotorjobs.com\/fr\/les-ventes-de-vehicules-electriques-continuent-de-croitre-malgre-tout\/"]}]},{"@type":"ImageObject","inLanguage":"fr-CA","@id":"https:\/\/news.canadamotorjobs.com\/fr\/les-ventes-de-vehicules-electriques-continuent-de-croitre-malgre-tout\/#primaryimage","url":"https:\/\/news.canadamotorjobs.com\/wp-content\/uploads\/2025\/01\/circuit-voiture-electrique-hydro-quebec-borne-recharge-scaled-1.jpg","contentUrl":"https:\/\/news.canadamotorjobs.com\/wp-content\/uploads\/2025\/01\/circuit-voiture-electrique-hydro-quebec-borne-recharge-scaled-1.jpg","width":2560,"height":2560},{"@type":"BreadcrumbList","@id":"https:\/\/news.canadamotorjobs.com\/fr\/les-ventes-de-vehicules-electriques-continuent-de-croitre-malgre-tout\/#breadcrumb","itemListElement":[{"@type":"ListItem","position":1,"name":"Home","item":"https:\/\/news.canadamotorjobs.com\/fr\/blog\/"},{"@type":"ListItem","position":2,"name":"Les ventes de v\u00e9hicules \u00e9lectriques continuent de cro\u00eetre malgr\u00e9 tout"}]},{"@type":"WebSite","@id":"https:\/\/news.canadamotorjobs.com\/#website","url":"https:\/\/news.canadamotorjobs.com\/","name":"CanadaMotorJobs.com","description":"Automotive Jobs","publisher":{"@id":"https:\/\/news.canadamotorjobs.com\/#organization"},"potentialAction":[{"@type":"SearchAction","target":{"@type":"EntryPoint","urlTemplate":"https:\/\/news.canadamotorjobs.com\/?s={search_term_string}"},"query-input":"required name=search_term_string"}],"inLanguage":"fr-CA"},{"@type":"Organization","@id":"https:\/\/news.canadamotorjobs.com\/#organization","name":"Canada Motor Jobs","url":"https:\/\/news.canadamotorjobs.com\/","logo":{"@type":"ImageObject","inLanguage":"fr-CA","@id":"https:\/\/news.canadamotorjobs.com\/#\/schema\/logo\/image\/","url":"https:\/\/news.canadamotorjobs.com\/wp-content\/uploads\/2022\/10\/logo-canada-motor-jobs-1.png","contentUrl":"https:\/\/news.canadamotorjobs.com\/wp-content\/uploads\/2022\/10\/logo-canada-motor-jobs-1.png","width":800,"height":400,"caption":"Canada Motor Jobs"},"image":{"@id":"https:\/\/news.canadamotorjobs.com\/#\/schema\/logo\/image\/"},"sameAs":["https:\/\/www.facebook.com\/canadamotorjobs\/","https:\/\/x.com\/canadamotorjobs","https:\/\/www.instagram.com\/canadamotorjobs\/","https:\/\/www.linkedin.com\/company\/canadamotorjobs"]},{"@type":"Person","@id":"https:\/\/news.canadamotorjobs.com\/#\/schema\/person\/51793d1f87d44011d7bcc2ed99269a90","name":"Benoit Charette","image":{"@type":"ImageObject","inLanguage":"fr-CA","@id":"https:\/\/news.canadamotorjobs.com\/#\/schema\/person\/image\/","url":"https:\/\/secure.gravatar.com\/avatar\/45f3d2eebcccd909668d7ce7ea7267b6?s=96&d=mm&r=g","contentUrl":"https:\/\/secure.gravatar.com\/avatar\/45f3d2eebcccd909668d7ce7ea7267b6?s=96&d=mm&r=g","caption":"Benoit Charette"},"description":"Benoit Charette \/ Propri\u00e9taire et r\u00e9dacteur en chef Benoit Charette pratique le journalisme automobile depuis bient\u00f4t 30 ans. Il a fait ses classes au c\u00f4t\u00e9 de Daniel H\u00e9raud et au Carnet de route de 1992 \u00e0 2001. Il est fondateur, copropri\u00e9taire et r\u00e9dacteur en chef de L\u2019Annuel de l\u2019automobile, qu\u2019il publie depuis 2001. Il a anim\u00e9 les \u00e9missions RPM et RPM+ sur V et les L\u00e9gendes de la route sur Historia. \u00c0 la radio depuis 1986, il reprend l\u2019antenne cette ann\u00e9e sur les ondes de Cogeco et participe pour la deuxi\u00e8me ann\u00e9e \u00e0 l\u2019\u00e9mission Passion Auto sur RDS en plus de mettre en ligne le site Web officiel de L\u2019Annuel de l\u2019automobile sur annuelauto.ca.","sameAs":["https:\/\/annuelauto.ca\/"],"url":"https:\/\/news.canadamotorjobs.com\/fr\/author\/benoit-charette\/"}]}},"_links":{"self":[{"href":"https:\/\/news.canadamotorjobs.com\/fr\/wp-json\/wp\/v2\/posts\/188916"}],"collection":[{"href":"https:\/\/news.canadamotorjobs.com\/fr\/wp-json\/wp\/v2\/posts"}],"about":[{"href":"https:\/\/news.canadamotorjobs.com\/fr\/wp-json\/wp\/v2\/types\/post"}],"author":[{"embeddable":true,"href":"https:\/\/news.canadamotorjobs.com\/fr\/wp-json\/wp\/v2\/users\/8"}],"replies":[{"embeddable":true,"href":"https:\/\/news.canadamotorjobs.com\/fr\/wp-json\/wp\/v2\/comments?post=188916"}],"version-history":[{"count":2,"href":"https:\/\/news.canadamotorjobs.com\/fr\/wp-json\/wp\/v2\/posts\/188916\/revisions"}],"predecessor-version":[{"id":188920,"href":"https:\/\/news.canadamotorjobs.com\/fr\/wp-json\/wp\/v2\/posts\/188916\/revisions\/188920"}],"wp:featuredmedia":[{"embeddable":true,"href":"https:\/\/news.canadamotorjobs.com\/fr\/wp-json\/wp\/v2\/media\/188918"}],"wp:attachment":[{"href":"https:\/\/news.canadamotorjobs.com\/fr\/wp-json\/wp\/v2\/media?parent=188916"}],"wp:term":[{"taxonomy":"category","embeddable":true,"href":"https:\/\/news.canadamotorjobs.com\/fr\/wp-json\/wp\/v2\/categories?post=188916"},{"taxonomy":"post_tag","embeddable":true,"href":"https:\/\/news.canadamotorjobs.com\/fr\/wp-json\/wp\/v2\/tags?post=188916"}],"curies":[{"name":"wp","href":"https:\/\/api.w.org\/{rel}","templated":true}]}}