{"id":188889,"date":"2025-01-14T07:21:46","date_gmt":"2025-01-14T12:21:46","guid":{"rendered":"https:\/\/news.canadamotorjobs.com\/?p=188889"},"modified":"2025-01-14T07:30:07","modified_gmt":"2025-01-14T12:30:07","slug":"ottawa-suspend-le-programme-izev","status":"publish","type":"post","link":"https:\/\/news.canadamotorjobs.com\/fr\/ottawa-suspend-le-programme-izev\/","title":{"rendered":"Ottawa suspend le programme iZEV"},"content":{"rendered":"<\/p>\n<h3>La fin des subventions pour v\u00e9hicules \u00e9lectriques au Canada<\/h3>\n<p>\nLe gouvernement du Canada a annonc\u00e9 le 10 janvier qu\u2019il mettrait en pause son programme d\u2019incitatifs pour v\u00e9hicules z\u00e9ro \u00e9mission (iZEV) une fois les fonds \u00e9puis\u00e9s, mettant fin \u00e0 des subventions pouvant atteindre 5 000 $ pour l\u2019achat de v\u00e9hicules \u00e9lectriques \u00e0 batterie ou hybrides rechargeables \u00e9ligibles. Depuis son lancement en 2019, le programme iZEV a soutenu l\u2019achat de pr\u00e8s de <strong>550 000 v\u00e9hicules<\/strong>, devenant un pilier de la politique f\u00e9d\u00e9rale pour acc\u00e9l\u00e9rer la transition vers les v\u00e9hicules \u00e9lectriques. Ottawa a allou\u00e9 pr\u00e8s de <strong>3 milliards de dollars<\/strong> \u00e0 ce programme sur cinq ans. En janvier, il ne restait que <strong>71,8 millions de dollars<\/strong> au fonds, soit l\u2019\u00e9quivalent d\u2019environ 15 000 v\u00e9hicules admissibles. \u00c0 ce rythme, les fonds devraient \u00eatre \u00e9puis\u00e9s bien avant la date pr\u00e9vue du 31 mars.<\/p>\n<h3>Un programme populaire, mais un avenir incertain<\/h3>\n<p>\nLe ministre des Transports, Anita Anand, a salu\u00e9 le succ\u00e8s de l\u2019initiative sans pr\u00e9ciser si cette pause serait temporaire ou d\u00e9finitive :<\/p>\n<blockquote><p>\u00ab Nous continuerons \u00e0 collaborer avec l\u2019industrie et les groupes environnementaux pour d\u00e9carboniser le secteur des transports et faire du Canada un leader mondial des v\u00e9hicules z\u00e9ro \u00e9mission. \u00bb<\/p><\/blockquote>\n<p>\nCependant, l\u2019incertitude plane sur les objectifs ambitieux de la politique f\u00e9d\u00e9rale, qui exige que les VZE repr\u00e9sentent <strong>20 % des ventes de v\u00e9hicules neufs d\u2019ici 2026<\/strong>, <strong>60 % d\u2019ici 2030<\/strong> et <strong>100 % d\u2019ici 2035<\/strong>.<\/p>\n<h3>Le Qu\u00e9bec embo\u00eete le pas avec Roulez Vert<\/h3>\n<p>\nLe gouvernement du Qu\u00e9bec a \u00e9galement annonc\u00e9, le 17 d\u00e9cembre, la suspension de son programme <strong>Roulez Vert<\/strong> \u00e0 compter du <strong>1er f\u00e9vrier<\/strong>, invoquant une demande accrue. Cette d\u00e9cision refl\u00e8te une tendance similaire \u00e0 celle du f\u00e9d\u00e9ral, laissant l\u2019industrie et les consommateurs dans l\u2019incertitude. Le programme Roulez Vert offrait des incitatifs allant jusqu\u2019\u00e0 7 000 $ pour l\u2019achat de v\u00e9hicules \u00e9lectriques et hybrides rechargeables. Sa pause intervient alors que le Qu\u00e9bec est un leader dans l\u2019adoption des VZE au Canada.<\/p>\n<h3>R\u00e9actions de l\u2019industrie : un manque de pr\u00e9paration<\/h3>\n<p>\nTim Reuss, PDG de l\u2019Association canadienne des concessionnaires automobiles (CADA), a critiqu\u00e9 la d\u00e9cision :<\/p>\n<blockquote><p>\u00ab En ne s\u00e9curisant pas un financement suffisant pour une transition qu\u2019il a activement promue, le gouvernement f\u00e9d\u00e9ral a cr\u00e9\u00e9 de l\u2019incertitude pour les consommateurs et l\u2019industrie. \u00bb<\/p><\/blockquote>\n<p>\nBrian Kingston, PDG de l\u2019Association des constructeurs de v\u00e9hicules du Canada, a \u00e9galement exprim\u00e9 des pr\u00e9occupations sur la viabilit\u00e9 des mandats VZE :<\/p>\n<blockquote><p>\u00ab Les objectifs de vente de v\u00e9hicules \u00e9lectriques deviennent de plus en plus irr\u00e9alistes. Il est urgent de les r\u00e9\u00e9valuer. \u00bb<\/p><\/blockquote>\n<p><\/p>\n<h3>Quel avenir pour les VZE au Canada et au Qu\u00e9bec ?<\/h3>\n<p>\nLa pause des programmes iZEV et Roulez Vert met en lumi\u00e8re un paradoxe : tandis que les gouvernements imposent des cibles ambitieuses pour l\u2019\u00e9lectrification, le soutien financier diminue. Cette situation cr\u00e9e un environnement incertain pour les consommateurs et les constructeurs, qui doivent composer avec des objectifs stricts et une infrastructure encore insuffisante.<\/p>\n<p><strong>Conclusion\u00a0<\/strong><\/p>\n<p>La fin des subventions pour v\u00e9hicules \u00e9lectriques marque une \u00e9tape critique pour la transition \u00e9nerg\u00e9tique. \u00c0 moins d\u2019un r\u00e9engagement rapide, cette d\u00e9cision pourrait freiner les progr\u00e8s vers une mobilit\u00e9 durable au Canada et au Qu\u00e9bec.<\/p>\n<p>Avec des renseignements d&#8217;Automotive News Canada<\/p>\n<p>Le texte <a rel=\"nofollow\" href=\"https:\/\/annuelauto.ca\/ottawa-suspend-le-programme-izev\/\">Ottawa suspend le programme iZEV<\/a> provient de <a rel=\"nofollow\" href=\"https:\/\/annuelauto.ca\">L&#8217;annuel de l&#8217;automobile &#8211; Actualit\u00e9 automobile<\/a><\/p>\n<p><\/p>\n","protected":false},"excerpt":{"rendered":"<p>La fin des subventions pour v\u00e9hicules \u00e9lectriques au Canada Le gouvernement du Canada a annonc\u00e9 le 10 janvier qu\u2019il mettrait en pause son programme d\u2019incitatifs pour v\u00e9hicules z\u00e9ro \u00e9mission (iZEV) une fois les fonds \u00e9puis\u00e9s, mettant fin \u00e0 des subventions pouvant atteindre 5 000 $ pour l\u2019achat de v\u00e9hicules \u00e9lectriques \u00e0 batterie ou hybrides rechargeables [&hellip;]<\/p>\n","protected":false},"author":8,"featured_media":188891,"comment_status":"close","ping_status":"closed","sticky":false,"template":"","format":"standard","meta":{"_monsterinsights_skip_tracking":false,"_monsterinsights_sitenote_active":false,"_monsterinsights_sitenote_note":"","_monsterinsights_sitenote_category":0,"footnotes":""},"categories":[101],"tags":[],"yoast_head":"<!-- This site is optimized with the Yoast SEO plugin v23.2 - https:\/\/yoast.com\/wordpress\/plugins\/seo\/ -->\n<title>Ottawa suspend le programme iZEV - CanadaMotorJobs.com<\/title>\n<meta name=\"description\" content=\"Ottawa suspend le programme iZEV - Benoit Charette - Annuel automobile - CanadaMotorJobs.com.\" \/>\n<meta name=\"robots\" content=\"index, follow, max-snippet:-1, max-image-preview:large, max-video-preview:-1\" \/>\n<meta property=\"og:locale\" content=\"fr_CA\" \/>\n<meta property=\"og:type\" content=\"article\" \/>\n<meta property=\"og:title\" content=\"Ottawa suspend le programme iZEV - CanadaMotorJobs.com\" \/>\n<meta property=\"og:description\" content=\"Ottawa suspend le programme iZEV - Benoit Charette - Annuel automobile - CanadaMotorJobs.com.\" \/>\n<meta property=\"og:url\" content=\"https:\/\/news.canadamotorjobs.com\/fr\/ottawa-suspend-le-programme-izev\/\" \/>\n<meta property=\"og:site_name\" content=\"CanadaMotorJobs.com\" \/>\n<meta property=\"article:publisher\" content=\"https:\/\/www.facebook.com\/canadamotorjobs\/\" \/>\n<meta property=\"article:published_time\" content=\"2025-01-14T12:21:46+00:00\" \/>\n<meta property=\"article:modified_time\" content=\"2025-01-14T12:30:07+00:00\" \/>\n<meta property=\"og:image\" content=\"https:\/\/news.canadamotorjobs.com\/wp-content\/uploads\/2025\/01\/2025-hyundai-ioniq-5-rear-shot-65e5de6678319.jpg\" \/>\n\t<meta property=\"og:image:width\" content=\"1920\" \/>\n\t<meta property=\"og:image:height\" content=\"1280\" \/>\n\t<meta property=\"og:image:type\" content=\"image\/jpeg\" \/>\n<meta name=\"author\" content=\"Benoit Charette\" \/>\n<meta name=\"twitter:card\" content=\"summary_large_image\" \/>\n<meta name=\"twitter:creator\" content=\"@canadamotorjobs\" \/>\n<meta name=\"twitter:site\" content=\"@canadamotorjobs\" \/>\n<meta name=\"twitter:label1\" content=\"\u00c9crit par\" \/>\n\t<meta name=\"twitter:data1\" content=\"Benoit Charette\" \/>\n\t<meta name=\"twitter:label2\" content=\"Estimation du temps de lecture\" \/>\n\t<meta name=\"twitter:data2\" content=\"3 minutes\" \/>\n<!-- \/ Yoast SEO plugin. -->","yoast_head_json":{"title":"Ottawa suspend le programme iZEV - CanadaMotorJobs.com","description":"Ottawa suspend le programme iZEV - Benoit Charette - Annuel automobile - CanadaMotorJobs.com.","robots":{"index":"index","follow":"follow","max-snippet":"max-snippet:-1","max-image-preview":"max-image-preview:large","max-video-preview":"max-video-preview:-1"},"og_locale":"fr_CA","og_type":"article","og_title":"Ottawa suspend le programme iZEV - CanadaMotorJobs.com","og_description":"Ottawa suspend le programme iZEV - Benoit Charette - Annuel automobile - CanadaMotorJobs.com.","og_url":"https:\/\/news.canadamotorjobs.com\/fr\/ottawa-suspend-le-programme-izev\/","og_site_name":"CanadaMotorJobs.com","article_publisher":"https:\/\/www.facebook.com\/canadamotorjobs\/","article_published_time":"2025-01-14T12:21:46+00:00","article_modified_time":"2025-01-14T12:30:07+00:00","og_image":[{"width":1920,"height":1280,"url":"https:\/\/news.canadamotorjobs.com\/wp-content\/uploads\/2025\/01\/2025-hyundai-ioniq-5-rear-shot-65e5de6678319.jpg","type":"image\/jpeg"}],"author":"Benoit Charette","twitter_card":"summary_large_image","twitter_creator":"@canadamotorjobs","twitter_site":"@canadamotorjobs","twitter_misc":{"\u00c9crit par":"Benoit Charette","Estimation du temps de lecture":"3 minutes"},"schema":{"@context":"https:\/\/schema.org","@graph":[{"@type":"Article","@id":"https:\/\/news.canadamotorjobs.com\/fr\/ottawa-suspend-le-programme-izev\/#article","isPartOf":{"@id":"https:\/\/news.canadamotorjobs.com\/fr\/ottawa-suspend-le-programme-izev\/"},"author":{"name":"Benoit Charette","@id":"https:\/\/news.canadamotorjobs.com\/#\/schema\/person\/51793d1f87d44011d7bcc2ed99269a90"},"headline":"Ottawa suspend le programme iZEV","datePublished":"2025-01-14T12:21:46+00:00","dateModified":"2025-01-14T12:30:07+00:00","mainEntityOfPage":{"@id":"https:\/\/news.canadamotorjobs.com\/fr\/ottawa-suspend-le-programme-izev\/"},"wordCount":576,"publisher":{"@id":"https:\/\/news.canadamotorjobs.com\/#organization"},"image":{"@id":"https:\/\/news.canadamotorjobs.com\/fr\/ottawa-suspend-le-programme-izev\/#primaryimage"},"thumbnailUrl":"https:\/\/news.canadamotorjobs.com\/wp-content\/uploads\/2025\/01\/2025-hyundai-ioniq-5-rear-shot-65e5de6678319.jpg","articleSection":["Annuel automobile"],"inLanguage":"fr-CA"},{"@type":"WebPage","@id":"https:\/\/news.canadamotorjobs.com\/fr\/ottawa-suspend-le-programme-izev\/","url":"https:\/\/news.canadamotorjobs.com\/fr\/ottawa-suspend-le-programme-izev\/","name":"Ottawa suspend le programme iZEV - CanadaMotorJobs.com","isPartOf":{"@id":"https:\/\/news.canadamotorjobs.com\/#website"},"primaryImageOfPage":{"@id":"https:\/\/news.canadamotorjobs.com\/fr\/ottawa-suspend-le-programme-izev\/#primaryimage"},"image":{"@id":"https:\/\/news.canadamotorjobs.com\/fr\/ottawa-suspend-le-programme-izev\/#primaryimage"},"thumbnailUrl":"https:\/\/news.canadamotorjobs.com\/wp-content\/uploads\/2025\/01\/2025-hyundai-ioniq-5-rear-shot-65e5de6678319.jpg","datePublished":"2025-01-14T12:21:46+00:00","dateModified":"2025-01-14T12:30:07+00:00","description":"Ottawa suspend le programme iZEV - Benoit Charette - Annuel automobile - CanadaMotorJobs.com.","breadcrumb":{"@id":"https:\/\/news.canadamotorjobs.com\/fr\/ottawa-suspend-le-programme-izev\/#breadcrumb"},"inLanguage":"fr-CA","potentialAction":[{"@type":"ReadAction","target":["https:\/\/news.canadamotorjobs.com\/fr\/ottawa-suspend-le-programme-izev\/"]}]},{"@type":"ImageObject","inLanguage":"fr-CA","@id":"https:\/\/news.canadamotorjobs.com\/fr\/ottawa-suspend-le-programme-izev\/#primaryimage","url":"https:\/\/news.canadamotorjobs.com\/wp-content\/uploads\/2025\/01\/2025-hyundai-ioniq-5-rear-shot-65e5de6678319.jpg","contentUrl":"https:\/\/news.canadamotorjobs.com\/wp-content\/uploads\/2025\/01\/2025-hyundai-ioniq-5-rear-shot-65e5de6678319.jpg","width":1920,"height":1280},{"@type":"BreadcrumbList","@id":"https:\/\/news.canadamotorjobs.com\/fr\/ottawa-suspend-le-programme-izev\/#breadcrumb","itemListElement":[{"@type":"ListItem","position":1,"name":"Home","item":"https:\/\/news.canadamotorjobs.com\/fr\/blog\/"},{"@type":"ListItem","position":2,"name":"Ottawa suspend le programme iZEV"}]},{"@type":"WebSite","@id":"https:\/\/news.canadamotorjobs.com\/#website","url":"https:\/\/news.canadamotorjobs.com\/","name":"CanadaMotorJobs.com","description":"Automotive Jobs","publisher":{"@id":"https:\/\/news.canadamotorjobs.com\/#organization"},"potentialAction":[{"@type":"SearchAction","target":{"@type":"EntryPoint","urlTemplate":"https:\/\/news.canadamotorjobs.com\/?s={search_term_string}"},"query-input":"required name=search_term_string"}],"inLanguage":"fr-CA"},{"@type":"Organization","@id":"https:\/\/news.canadamotorjobs.com\/#organization","name":"Canada Motor Jobs","url":"https:\/\/news.canadamotorjobs.com\/","logo":{"@type":"ImageObject","inLanguage":"fr-CA","@id":"https:\/\/news.canadamotorjobs.com\/#\/schema\/logo\/image\/","url":"https:\/\/news.canadamotorjobs.com\/wp-content\/uploads\/2022\/10\/logo-canada-motor-jobs-1.png","contentUrl":"https:\/\/news.canadamotorjobs.com\/wp-content\/uploads\/2022\/10\/logo-canada-motor-jobs-1.png","width":800,"height":400,"caption":"Canada Motor Jobs"},"image":{"@id":"https:\/\/news.canadamotorjobs.com\/#\/schema\/logo\/image\/"},"sameAs":["https:\/\/www.facebook.com\/canadamotorjobs\/","https:\/\/x.com\/canadamotorjobs","https:\/\/www.instagram.com\/canadamotorjobs\/","https:\/\/www.linkedin.com\/company\/canadamotorjobs"]},{"@type":"Person","@id":"https:\/\/news.canadamotorjobs.com\/#\/schema\/person\/51793d1f87d44011d7bcc2ed99269a90","name":"Benoit Charette","image":{"@type":"ImageObject","inLanguage":"fr-CA","@id":"https:\/\/news.canadamotorjobs.com\/#\/schema\/person\/image\/","url":"https:\/\/secure.gravatar.com\/avatar\/45f3d2eebcccd909668d7ce7ea7267b6?s=96&d=mm&r=g","contentUrl":"https:\/\/secure.gravatar.com\/avatar\/45f3d2eebcccd909668d7ce7ea7267b6?s=96&d=mm&r=g","caption":"Benoit Charette"},"description":"Benoit Charette \/ Propri\u00e9taire et r\u00e9dacteur en chef Benoit Charette pratique le journalisme automobile depuis bient\u00f4t 30 ans. Il a fait ses classes au c\u00f4t\u00e9 de Daniel H\u00e9raud et au Carnet de route de 1992 \u00e0 2001. Il est fondateur, copropri\u00e9taire et r\u00e9dacteur en chef de L\u2019Annuel de l\u2019automobile, qu\u2019il publie depuis 2001. Il a anim\u00e9 les \u00e9missions RPM et RPM+ sur V et les L\u00e9gendes de la route sur Historia. \u00c0 la radio depuis 1986, il reprend l\u2019antenne cette ann\u00e9e sur les ondes de Cogeco et participe pour la deuxi\u00e8me ann\u00e9e \u00e0 l\u2019\u00e9mission Passion Auto sur RDS en plus de mettre en ligne le site Web officiel de L\u2019Annuel de l\u2019automobile sur annuelauto.ca.","sameAs":["https:\/\/annuelauto.ca\/"],"url":"https:\/\/news.canadamotorjobs.com\/fr\/author\/benoit-charette\/"}]}},"_links":{"self":[{"href":"https:\/\/news.canadamotorjobs.com\/fr\/wp-json\/wp\/v2\/posts\/188889"}],"collection":[{"href":"https:\/\/news.canadamotorjobs.com\/fr\/wp-json\/wp\/v2\/posts"}],"about":[{"href":"https:\/\/news.canadamotorjobs.com\/fr\/wp-json\/wp\/v2\/types\/post"}],"author":[{"embeddable":true,"href":"https:\/\/news.canadamotorjobs.com\/fr\/wp-json\/wp\/v2\/users\/8"}],"replies":[{"embeddable":true,"href":"https:\/\/news.canadamotorjobs.com\/fr\/wp-json\/wp\/v2\/comments?post=188889"}],"version-history":[{"count":2,"href":"https:\/\/news.canadamotorjobs.com\/fr\/wp-json\/wp\/v2\/posts\/188889\/revisions"}],"predecessor-version":[{"id":188893,"href":"https:\/\/news.canadamotorjobs.com\/fr\/wp-json\/wp\/v2\/posts\/188889\/revisions\/188893"}],"wp:featuredmedia":[{"embeddable":true,"href":"https:\/\/news.canadamotorjobs.com\/fr\/wp-json\/wp\/v2\/media\/188891"}],"wp:attachment":[{"href":"https:\/\/news.canadamotorjobs.com\/fr\/wp-json\/wp\/v2\/media?parent=188889"}],"wp:term":[{"taxonomy":"category","embeddable":true,"href":"https:\/\/news.canadamotorjobs.com\/fr\/wp-json\/wp\/v2\/categories?post=188889"},{"taxonomy":"post_tag","embeddable":true,"href":"https:\/\/news.canadamotorjobs.com\/fr\/wp-json\/wp\/v2\/tags?post=188889"}],"curies":[{"name":"wp","href":"https:\/\/api.w.org\/{rel}","templated":true}]}}