{"id":188862,"date":"2025-01-14T07:09:29","date_gmt":"2025-01-14T12:09:29","guid":{"rendered":"https:\/\/news.canadamotorjobs.com\/?p=188862"},"modified":"2025-01-14T07:14:03","modified_gmt":"2025-01-14T12:14:03","slug":"les-voitures-autonomes-reviennent-en-force","status":"publish","type":"post","link":"https:\/\/news.canadamotorjobs.com\/fr\/les-voitures-autonomes-reviennent-en-force\/","title":{"rendered":"Les voitures autonomes reviennent en force"},"content":{"rendered":"<\/p>\n<h3>Est-ce une bonne nouvelle?<\/h3>\n<p>\nOn a vu au CES 2025 une pr\u00e9sence plus importante que jamais des technologies de v\u00e9hicules autonomes. Des entreprises de toutes les r\u00e9gions du monde, comme May Mobility, Tier IV, Waymo et Zoox, qui d\u00e9veloppent ou qui ont d\u00e9j\u00e0 lanc\u00e9 des services de robotaxis, \u00e9taient toutes pr\u00e9sentes sur place.<\/p>\n<p>C\u2019est signe que 2025 sera une ann\u00e9e de grandes promesses pour la technologie qui, on le r\u00e9p\u00e8te, ne remplit pas toujours ses promesses.<\/p>\n<p>Quand m\u00eame, l&#8217;automatisation s&#8217;est \u00e9tendue au secteur agricole avec des entreprises comme John Deere et Kubota, ainsi que des startups comme Polymath Robotics, qui appliquent des syst\u00e8mes de conduite autonome \u00e0 des tracteurs ou \u00e0 des v\u00e9hicules hors routes qui visent \u00e0 combler le manque de main-d\u2019\u0153uvre dans les champs, dans les mines, ou ailleurs.<\/p>\n<p>Honda en a profit\u00e9 pour ressusciter un nom qu\u2019on n\u2019entendait plus. Son nouveau syst\u00e8me d&#8217;exploitation s\u2019appellera Asimo. IL sera int\u00e9gr\u00e9 \u00e0 ses v\u00e9hicules \u00e9lectriques de nouvelle g\u00e9n\u00e9ration pour prendre en charge les fonctionnalit\u00e9s d\u2019aide avanc\u00e9e \u00e0 la conduite.<\/p>\n<p>Cela dit, la plus grande annonce ne vient pas d\u2019un fabricant de voitures. Elle a plut\u00f4t \u00e9t\u00e9 fournie par Nvidia, qui a poursuivi sa tendance \u00e0 s&#8217;associer \u00e0 divers acteurs de l&#8217;industrie automobile pour mousser la vente de ses puces informatiques.<\/p>\n<p>Nvidia va fournir une suite compl\u00e8te de conduite autonome, des tests et de la simulation \u00e0 la supercalculateurs embarqu\u00e9s et dans le cloud, aux constructeurs qui le veulent bien. La collaboration de Nvidia avec Toyota s&#8217;est \u00e9tendue avec des plans pour int\u00e9grer le SoC Drive AGX Orin et DriveOS de Nvidia dans les Toyota de nouvelle g\u00e9n\u00e9ration. \u00c7a risque de rouler vite!<\/p>\n<p>Nvidia s&#8217;est aussi associ\u00e9 \u00e0 Aurora et Continental pour int\u00e9grer son SoC Drive Thor et DriveOS dans le camion semi-remorque Aurora Driver, un v\u00e9hicule de marque Volvo qui sera mis sur la route cet \u00e9t\u00e9 au Texas.<\/p>\n<p>Nvidia s&#8217;est aussi associ\u00e9 \u00e0 Uber pour fournir son nouvel outil de simulation de conduite Cosmos et sa plateforme de supercalculateurs DGX Cloud, pour soutenir le d\u00e9veloppement de la technologie autonome d&#8217;Uber, qui pourrait \u00eatre mise sur la route avant 2030.<\/p>\n<p>\u00c9videmment, tout \u00e7a ne viendra pas chez nous imm\u00e9diatement. Il y a la l\u00e9gislation, qui l\u2019interdit. Et il y a l\u2019hiver, qui rend la conduite autonome plus risqu\u00e9e. Mais on sent que \u00e7a s\u2019en vient quand m\u00eame\u2026<\/p>\n<p>Le texte <a rel=\"nofollow\" href=\"https:\/\/annuelauto.ca\/les-voitures-autonomes-reviennent-en-force\/\">Les voitures autonomes reviennent en force<\/a> provient de <a rel=\"nofollow\" href=\"https:\/\/annuelauto.ca\">L&#8217;annuel de l&#8217;automobile &#8211; Actualit\u00e9 automobile<\/a><\/p>\n<p><\/p>\n","protected":false},"excerpt":{"rendered":"<p>Est-ce une bonne nouvelle? On a vu au CES 2025 une pr\u00e9sence plus importante que jamais des technologies de v\u00e9hicules autonomes. Des entreprises de toutes les r\u00e9gions du monde, comme May Mobility, Tier IV, Waymo et Zoox, qui d\u00e9veloppent ou qui ont d\u00e9j\u00e0 lanc\u00e9 des services de robotaxis, \u00e9taient toutes pr\u00e9sentes sur place. C\u2019est signe [&hellip;]<\/p>\n","protected":false},"author":8,"featured_media":188864,"comment_status":"close","ping_status":"closed","sticky":false,"template":"","format":"standard","meta":{"_monsterinsights_skip_tracking":false,"_monsterinsights_sitenote_active":false,"_monsterinsights_sitenote_note":"","_monsterinsights_sitenote_category":0,"footnotes":""},"categories":[101],"tags":[],"yoast_head":"<!-- This site is optimized with the Yoast SEO plugin v23.2 - https:\/\/yoast.com\/wordpress\/plugins\/seo\/ -->\n<title>Les voitures autonomes reviennent en force - CanadaMotorJobs.com<\/title>\n<meta name=\"description\" content=\"Les voitures autonomes reviennent en force - Benoit Charette - Annuel automobile - CanadaMotorJobs.com.\" \/>\n<meta name=\"robots\" content=\"index, follow, max-snippet:-1, max-image-preview:large, max-video-preview:-1\" \/>\n<meta property=\"og:locale\" content=\"fr_CA\" \/>\n<meta property=\"og:type\" content=\"article\" \/>\n<meta property=\"og:title\" content=\"Les voitures autonomes reviennent en force - CanadaMotorJobs.com\" \/>\n<meta property=\"og:description\" content=\"Les voitures autonomes reviennent en force - Benoit Charette - Annuel automobile - CanadaMotorJobs.com.\" \/>\n<meta property=\"og:url\" content=\"https:\/\/news.canadamotorjobs.com\/fr\/les-voitures-autonomes-reviennent-en-force\/\" \/>\n<meta property=\"og:site_name\" content=\"CanadaMotorJobs.com\" \/>\n<meta property=\"article:publisher\" content=\"https:\/\/www.facebook.com\/canadamotorjobs\/\" \/>\n<meta property=\"article:published_time\" content=\"2025-01-14T12:09:29+00:00\" \/>\n<meta property=\"article:modified_time\" content=\"2025-01-14T12:14:03+00:00\" \/>\n<meta property=\"og:image\" content=\"https:\/\/news.canadamotorjobs.com\/wp-content\/uploads\/2025\/01\/May_Mobility_2.jpg\" \/>\n\t<meta property=\"og:image:width\" content=\"2000\" \/>\n\t<meta property=\"og:image:height\" content=\"1000\" \/>\n\t<meta property=\"og:image:type\" content=\"image\/jpeg\" \/>\n<meta name=\"author\" content=\"Benoit Charette\" \/>\n<meta name=\"twitter:card\" content=\"summary_large_image\" \/>\n<meta name=\"twitter:creator\" content=\"@canadamotorjobs\" \/>\n<meta name=\"twitter:site\" content=\"@canadamotorjobs\" \/>\n<meta name=\"twitter:label1\" content=\"\u00c9crit par\" \/>\n\t<meta name=\"twitter:data1\" content=\"Benoit Charette\" \/>\n\t<meta name=\"twitter:label2\" content=\"Estimation du temps de lecture\" \/>\n\t<meta name=\"twitter:data2\" content=\"2 minutes\" \/>\n<!-- \/ Yoast SEO plugin. -->","yoast_head_json":{"title":"Les voitures autonomes reviennent en force - CanadaMotorJobs.com","description":"Les voitures autonomes reviennent en force - Benoit Charette - Annuel automobile - CanadaMotorJobs.com.","robots":{"index":"index","follow":"follow","max-snippet":"max-snippet:-1","max-image-preview":"max-image-preview:large","max-video-preview":"max-video-preview:-1"},"og_locale":"fr_CA","og_type":"article","og_title":"Les voitures autonomes reviennent en force - CanadaMotorJobs.com","og_description":"Les voitures autonomes reviennent en force - Benoit Charette - Annuel automobile - CanadaMotorJobs.com.","og_url":"https:\/\/news.canadamotorjobs.com\/fr\/les-voitures-autonomes-reviennent-en-force\/","og_site_name":"CanadaMotorJobs.com","article_publisher":"https:\/\/www.facebook.com\/canadamotorjobs\/","article_published_time":"2025-01-14T12:09:29+00:00","article_modified_time":"2025-01-14T12:14:03+00:00","og_image":[{"width":2000,"height":1000,"url":"https:\/\/news.canadamotorjobs.com\/wp-content\/uploads\/2025\/01\/May_Mobility_2.jpg","type":"image\/jpeg"}],"author":"Benoit Charette","twitter_card":"summary_large_image","twitter_creator":"@canadamotorjobs","twitter_site":"@canadamotorjobs","twitter_misc":{"\u00c9crit par":"Benoit Charette","Estimation du temps de lecture":"2 minutes"},"schema":{"@context":"https:\/\/schema.org","@graph":[{"@type":"Article","@id":"https:\/\/news.canadamotorjobs.com\/fr\/les-voitures-autonomes-reviennent-en-force\/#article","isPartOf":{"@id":"https:\/\/news.canadamotorjobs.com\/fr\/les-voitures-autonomes-reviennent-en-force\/"},"author":{"name":"Benoit Charette","@id":"https:\/\/news.canadamotorjobs.com\/#\/schema\/person\/51793d1f87d44011d7bcc2ed99269a90"},"headline":"Les voitures autonomes reviennent en force","datePublished":"2025-01-14T12:09:29+00:00","dateModified":"2025-01-14T12:14:03+00:00","mainEntityOfPage":{"@id":"https:\/\/news.canadamotorjobs.com\/fr\/les-voitures-autonomes-reviennent-en-force\/"},"wordCount":449,"publisher":{"@id":"https:\/\/news.canadamotorjobs.com\/#organization"},"image":{"@id":"https:\/\/news.canadamotorjobs.com\/fr\/les-voitures-autonomes-reviennent-en-force\/#primaryimage"},"thumbnailUrl":"https:\/\/news.canadamotorjobs.com\/wp-content\/uploads\/2025\/01\/May_Mobility_2.jpg","articleSection":["Annuel automobile"],"inLanguage":"fr-CA"},{"@type":"WebPage","@id":"https:\/\/news.canadamotorjobs.com\/fr\/les-voitures-autonomes-reviennent-en-force\/","url":"https:\/\/news.canadamotorjobs.com\/fr\/les-voitures-autonomes-reviennent-en-force\/","name":"Les voitures autonomes reviennent en force - CanadaMotorJobs.com","isPartOf":{"@id":"https:\/\/news.canadamotorjobs.com\/#website"},"primaryImageOfPage":{"@id":"https:\/\/news.canadamotorjobs.com\/fr\/les-voitures-autonomes-reviennent-en-force\/#primaryimage"},"image":{"@id":"https:\/\/news.canadamotorjobs.com\/fr\/les-voitures-autonomes-reviennent-en-force\/#primaryimage"},"thumbnailUrl":"https:\/\/news.canadamotorjobs.com\/wp-content\/uploads\/2025\/01\/May_Mobility_2.jpg","datePublished":"2025-01-14T12:09:29+00:00","dateModified":"2025-01-14T12:14:03+00:00","description":"Les voitures autonomes reviennent en force - Benoit Charette - Annuel automobile - CanadaMotorJobs.com.","breadcrumb":{"@id":"https:\/\/news.canadamotorjobs.com\/fr\/les-voitures-autonomes-reviennent-en-force\/#breadcrumb"},"inLanguage":"fr-CA","potentialAction":[{"@type":"ReadAction","target":["https:\/\/news.canadamotorjobs.com\/fr\/les-voitures-autonomes-reviennent-en-force\/"]}]},{"@type":"ImageObject","inLanguage":"fr-CA","@id":"https:\/\/news.canadamotorjobs.com\/fr\/les-voitures-autonomes-reviennent-en-force\/#primaryimage","url":"https:\/\/news.canadamotorjobs.com\/wp-content\/uploads\/2025\/01\/May_Mobility_2.jpg","contentUrl":"https:\/\/news.canadamotorjobs.com\/wp-content\/uploads\/2025\/01\/May_Mobility_2.jpg","width":2000,"height":1000},{"@type":"BreadcrumbList","@id":"https:\/\/news.canadamotorjobs.com\/fr\/les-voitures-autonomes-reviennent-en-force\/#breadcrumb","itemListElement":[{"@type":"ListItem","position":1,"name":"Home","item":"https:\/\/news.canadamotorjobs.com\/fr\/blog\/"},{"@type":"ListItem","position":2,"name":"Les voitures autonomes reviennent en force"}]},{"@type":"WebSite","@id":"https:\/\/news.canadamotorjobs.com\/#website","url":"https:\/\/news.canadamotorjobs.com\/","name":"CanadaMotorJobs.com","description":"Automotive Jobs","publisher":{"@id":"https:\/\/news.canadamotorjobs.com\/#organization"},"potentialAction":[{"@type":"SearchAction","target":{"@type":"EntryPoint","urlTemplate":"https:\/\/news.canadamotorjobs.com\/?s={search_term_string}"},"query-input":"required name=search_term_string"}],"inLanguage":"fr-CA"},{"@type":"Organization","@id":"https:\/\/news.canadamotorjobs.com\/#organization","name":"Canada Motor Jobs","url":"https:\/\/news.canadamotorjobs.com\/","logo":{"@type":"ImageObject","inLanguage":"fr-CA","@id":"https:\/\/news.canadamotorjobs.com\/#\/schema\/logo\/image\/","url":"https:\/\/news.canadamotorjobs.com\/wp-content\/uploads\/2022\/10\/logo-canada-motor-jobs-1.png","contentUrl":"https:\/\/news.canadamotorjobs.com\/wp-content\/uploads\/2022\/10\/logo-canada-motor-jobs-1.png","width":800,"height":400,"caption":"Canada Motor Jobs"},"image":{"@id":"https:\/\/news.canadamotorjobs.com\/#\/schema\/logo\/image\/"},"sameAs":["https:\/\/www.facebook.com\/canadamotorjobs\/","https:\/\/x.com\/canadamotorjobs","https:\/\/www.instagram.com\/canadamotorjobs\/","https:\/\/www.linkedin.com\/company\/canadamotorjobs"]},{"@type":"Person","@id":"https:\/\/news.canadamotorjobs.com\/#\/schema\/person\/51793d1f87d44011d7bcc2ed99269a90","name":"Benoit Charette","image":{"@type":"ImageObject","inLanguage":"fr-CA","@id":"https:\/\/news.canadamotorjobs.com\/#\/schema\/person\/image\/","url":"https:\/\/secure.gravatar.com\/avatar\/45f3d2eebcccd909668d7ce7ea7267b6?s=96&d=mm&r=g","contentUrl":"https:\/\/secure.gravatar.com\/avatar\/45f3d2eebcccd909668d7ce7ea7267b6?s=96&d=mm&r=g","caption":"Benoit Charette"},"description":"Benoit Charette \/ Propri\u00e9taire et r\u00e9dacteur en chef Benoit Charette pratique le journalisme automobile depuis bient\u00f4t 30 ans. Il a fait ses classes au c\u00f4t\u00e9 de Daniel H\u00e9raud et au Carnet de route de 1992 \u00e0 2001. Il est fondateur, copropri\u00e9taire et r\u00e9dacteur en chef de L\u2019Annuel de l\u2019automobile, qu\u2019il publie depuis 2001. Il a anim\u00e9 les \u00e9missions RPM et RPM+ sur V et les L\u00e9gendes de la route sur Historia. \u00c0 la radio depuis 1986, il reprend l\u2019antenne cette ann\u00e9e sur les ondes de Cogeco et participe pour la deuxi\u00e8me ann\u00e9e \u00e0 l\u2019\u00e9mission Passion Auto sur RDS en plus de mettre en ligne le site Web officiel de L\u2019Annuel de l\u2019automobile sur annuelauto.ca.","sameAs":["https:\/\/annuelauto.ca\/"],"url":"https:\/\/news.canadamotorjobs.com\/fr\/author\/benoit-charette\/"}]}},"_links":{"self":[{"href":"https:\/\/news.canadamotorjobs.com\/fr\/wp-json\/wp\/v2\/posts\/188862"}],"collection":[{"href":"https:\/\/news.canadamotorjobs.com\/fr\/wp-json\/wp\/v2\/posts"}],"about":[{"href":"https:\/\/news.canadamotorjobs.com\/fr\/wp-json\/wp\/v2\/types\/post"}],"author":[{"embeddable":true,"href":"https:\/\/news.canadamotorjobs.com\/fr\/wp-json\/wp\/v2\/users\/8"}],"replies":[{"embeddable":true,"href":"https:\/\/news.canadamotorjobs.com\/fr\/wp-json\/wp\/v2\/comments?post=188862"}],"version-history":[{"count":2,"href":"https:\/\/news.canadamotorjobs.com\/fr\/wp-json\/wp\/v2\/posts\/188862\/revisions"}],"predecessor-version":[{"id":188866,"href":"https:\/\/news.canadamotorjobs.com\/fr\/wp-json\/wp\/v2\/posts\/188862\/revisions\/188866"}],"wp:featuredmedia":[{"embeddable":true,"href":"https:\/\/news.canadamotorjobs.com\/fr\/wp-json\/wp\/v2\/media\/188864"}],"wp:attachment":[{"href":"https:\/\/news.canadamotorjobs.com\/fr\/wp-json\/wp\/v2\/media?parent=188862"}],"wp:term":[{"taxonomy":"category","embeddable":true,"href":"https:\/\/news.canadamotorjobs.com\/fr\/wp-json\/wp\/v2\/categories?post=188862"},{"taxonomy":"post_tag","embeddable":true,"href":"https:\/\/news.canadamotorjobs.com\/fr\/wp-json\/wp\/v2\/tags?post=188862"}],"curies":[{"name":"wp","href":"https:\/\/api.w.org\/{rel}","templated":true}]}}