{"id":188816,"date":"2025-01-13T09:01:37","date_gmt":"2025-01-13T14:01:37","guid":{"rendered":"https:\/\/news.canadamotorjobs.com\/?p=188816"},"modified":"2025-01-13T09:14:55","modified_gmt":"2025-01-13T14:14:55","slug":"tesla-depasse-audi-au-chapitre-des-ventes-mondiales","status":"publish","type":"post","link":"https:\/\/news.canadamotorjobs.com\/fr\/tesla-depasse-audi-au-chapitre-des-ventes-mondiales\/","title":{"rendered":"Tesla d\u00e9passe Audi au chapitre des ventes mondiales"},"content":{"rendered":"<\/p>\n<p>En 2024, Tesla a marqu\u00e9 un tournant en devan\u00e7ant Audi, l\u2019un des fleurons de l\u2019automobile allemande. Malgr\u00e9 un ralentissement dans ses propres livraisons, Tesla a r\u00e9ussi \u00e0 livrer <strong>1,79 million de v\u00e9hicules<\/strong>, surpassant les <strong>1,67 million d\u2019unit\u00e9s<\/strong> vendues par Audi, en baisse de 12 % par rapport \u00e0 l&#8217;ann\u00e9e pr\u00e9c\u00e9dente.<\/p>\n<h3><strong>Les d\u00e9fis d\u2019Audi : concurrence, Chine et baisse des ventes \u00e9lectriques<\/strong><\/h3>\n<p>\nLe constructeur allemand a souffert d\u2019une <strong>demande faible pour ses mod\u00e8les \u00e9lectriques<\/strong>, avec une baisse de 8 % des ventes de ses v\u00e9hicules 100 % \u00e9lectriques, atteignant environ <strong>164 000 unit\u00e9s<\/strong> en 2024. Des march\u00e9s cl\u00e9s comme l\u2019Europe, la Chine et l\u2019Am\u00e9rique du Nord ont vu leurs chiffres reculer, mettant Audi sous pression face \u00e0 la concurrence croissante des marques locales en Chine et des g\u00e9ants comme Tesla.<\/p>\n<p>En r\u00e9ponse, Audi pr\u00e9voit de <strong>fermer son site de Bruxelles<\/strong>, o\u00f9 est produit le <strong>Q8 E-tron \u00e9lectrique<\/strong>, en raison de ventes d\u00e9cevantes.<\/p>\n<h3><strong>Tesla : une croissance rapide malgr\u00e9 des d\u00e9fis<\/strong><\/h3>\n<p>\nTesla n\u2019a pas \u00e9t\u00e9 \u00e9pargn\u00e9 par les difficult\u00e9s en 2024, enregistrant sa <strong>premi\u00e8re baisse annuelle de livraisons<\/strong> en plus de dix ans. Cependant, son expansion rapide lors des ann\u00e9es pr\u00e9c\u00e9dentes lui a permis de saisir les opportunit\u00e9s cr\u00e9\u00e9es par les faux pas des constructeurs traditionnels. Le <strong>Model Y<\/strong>, l\u2019un des VUS les plus vendus au monde, continue de jouer un r\u00f4le central dans le succ\u00e8s de Tesla, d\u2019autant plus qu\u2019il b\u00e9n\u00e9ficiera d\u2019une mise \u00e0 jour cette ann\u00e9e pour s\u00e9duire davantage de clients.<\/p>\n<h3><strong>L\u2019Europe et la Chine : des march\u00e9s en mutation pour les v\u00e9hicules \u00e9lectriques<\/strong><\/h3>\n<p>\nLes constructeurs europ\u00e9ens, y compris Audi, font face \u00e0 des d\u00e9fis croissants :<\/p>\n<ul><\/p>\n<li><strong>En Chine<\/strong>, la reprise \u00e9conomique reste incertaine, et les constructeurs locaux montent en gamme pour concurrencer les marques de luxe traditionnelles.<\/li>\n<p><\/p>\n<li><strong>En Europe<\/strong>, les ventes de v\u00e9hicules \u00e9lectriques sont en de\u00e7\u00e0 des attentes apr\u00e8s la r\u00e9duction des subventions dans plusieurs pays.<\/li>\n<p>\n<\/ul>\n<p>\nCes probl\u00e8mes ont entra\u00een\u00e9 une s\u00e9rie d\u2019avertissements sur les b\u00e9n\u00e9fices, touchant des entreprises comme Volkswagen, Mercedes-Benz et BMW.<\/p>\n<h3><strong>Les projets d\u2019Audi pour rebondir en 2025<\/strong><\/h3>\n<p>\nPour contrer cette tendance, Audi pr\u00e9voit de lancer plusieurs mod\u00e8les actualis\u00e9s, notamment la <strong>berline A7<\/strong> et le <strong>VUS Q3 et Q5<\/strong>. Le constructeur mise \u00e9galement sur de nouveaux mod\u00e8les hybrides rechargeables pour s\u00e9duire une client\u00e8le plus large. Selon le PDG Gernot D\u00f6llner, les clients peuvent s\u2019attendre \u00e0 une gamme diversifi\u00e9e en 2024, int\u00e9grant des v\u00e9hicules \u00e9lectrifi\u00e9s et des innovations technologiques.<\/p>\n<h4><strong>Conclusion<br \/>\n<\/strong><\/h4>\n<p>\nLa domination croissante de Tesla sur le segment premium marque un tournant majeur dans l\u2019industrie automobile. Pendant qu\u2019Audi et d\u2019autres constructeurs traditionnels tentent de s\u2019adapter aux nouvelles attentes des march\u00e9s, Tesla continue de renforcer sa position, symbolisant l\u2019avenir \u00e9lectrique de l\u2019automobile. Pour Audi, 2024 sera une ann\u00e9e cruciale pour reconqu\u00e9rir des parts de march\u00e9 face \u00e0 une concurrence toujours plus f\u00e9roce.<\/p>\n<p>Avec des renseignements d&#8217;Automotive News<\/p>\n<p>Le texte <a rel=\"nofollow\" href=\"https:\/\/annuelauto.ca\/tesla-surpasse-audi-marche-premium-2024\/\">Tesla d\u00e9passe Audi au chapitre des ventes mondiales<\/a> provient de <a rel=\"nofollow\" href=\"https:\/\/annuelauto.ca\">L&#8217;annuel de l&#8217;automobile &#8211; Actualit\u00e9 automobile<\/a><\/p>\n<p><\/p>\n","protected":false},"excerpt":{"rendered":"<p>En 2024, Tesla a marqu\u00e9 un tournant en devan\u00e7ant Audi, l\u2019un des fleurons de l\u2019automobile allemande. Malgr\u00e9 un ralentissement dans ses propres livraisons, Tesla a r\u00e9ussi \u00e0 livrer 1,79 million de v\u00e9hicules, surpassant les 1,67 million d\u2019unit\u00e9s vendues par Audi, en baisse de 12 % par rapport \u00e0 l&#8217;ann\u00e9e pr\u00e9c\u00e9dente. Les d\u00e9fis d\u2019Audi : concurrence, [&hellip;]<\/p>\n","protected":false},"author":8,"featured_media":188818,"comment_status":"close","ping_status":"closed","sticky":false,"template":"","format":"standard","meta":{"_monsterinsights_skip_tracking":false,"_monsterinsights_sitenote_active":false,"_monsterinsights_sitenote_note":"","_monsterinsights_sitenote_category":0,"footnotes":""},"categories":[101],"tags":[],"yoast_head":"<!-- This site is optimized with the Yoast SEO plugin v23.2 - https:\/\/yoast.com\/wordpress\/plugins\/seo\/ -->\n<title>Tesla d\u00e9passe Audi au chapitre des ventes mondiales - CanadaMotorJobs.com<\/title>\n<meta name=\"description\" content=\"Tesla d\u00e9passe Audi au chapitre des ventes mondiales - Benoit Charette - Annuel automobile - CanadaMotorJobs.com.\" \/>\n<meta name=\"robots\" content=\"index, follow, max-snippet:-1, max-image-preview:large, max-video-preview:-1\" \/>\n<meta property=\"og:locale\" content=\"fr_CA\" \/>\n<meta property=\"og:type\" content=\"article\" \/>\n<meta property=\"og:title\" content=\"Tesla d\u00e9passe Audi au chapitre des ventes mondiales - CanadaMotorJobs.com\" \/>\n<meta property=\"og:description\" content=\"Tesla d\u00e9passe Audi au chapitre des ventes mondiales - Benoit Charette - Annuel automobile - CanadaMotorJobs.com.\" \/>\n<meta property=\"og:url\" content=\"https:\/\/news.canadamotorjobs.com\/fr\/tesla-depasse-audi-au-chapitre-des-ventes-mondiales\/\" \/>\n<meta property=\"og:site_name\" content=\"CanadaMotorJobs.com\" \/>\n<meta property=\"article:publisher\" content=\"https:\/\/www.facebook.com\/canadamotorjobs\/\" \/>\n<meta property=\"article:published_time\" content=\"2025-01-13T14:01:37+00:00\" \/>\n<meta property=\"article:modified_time\" content=\"2025-01-13T14:14:55+00:00\" \/>\n<meta property=\"og:image\" content=\"https:\/\/news.canadamotorjobs.com\/wp-content\/uploads\/2025\/01\/01-Tesla-model-y-render-rear-AC_0_37.jpg\" \/>\n\t<meta property=\"og:image:width\" content=\"1600\" \/>\n\t<meta property=\"og:image:height\" content=\"900\" \/>\n\t<meta property=\"og:image:type\" content=\"image\/jpeg\" \/>\n<meta name=\"author\" content=\"Benoit Charette\" \/>\n<meta name=\"twitter:card\" content=\"summary_large_image\" \/>\n<meta name=\"twitter:creator\" content=\"@canadamotorjobs\" \/>\n<meta name=\"twitter:site\" content=\"@canadamotorjobs\" \/>\n<meta name=\"twitter:label1\" content=\"\u00c9crit par\" \/>\n\t<meta name=\"twitter:data1\" content=\"Benoit Charette\" \/>\n\t<meta name=\"twitter:label2\" content=\"Estimation du temps de lecture\" \/>\n\t<meta name=\"twitter:data2\" content=\"3 minutes\" \/>\n<!-- \/ Yoast SEO plugin. -->","yoast_head_json":{"title":"Tesla d\u00e9passe Audi au chapitre des ventes mondiales - CanadaMotorJobs.com","description":"Tesla d\u00e9passe Audi au chapitre des ventes mondiales - Benoit Charette - Annuel automobile - CanadaMotorJobs.com.","robots":{"index":"index","follow":"follow","max-snippet":"max-snippet:-1","max-image-preview":"max-image-preview:large","max-video-preview":"max-video-preview:-1"},"og_locale":"fr_CA","og_type":"article","og_title":"Tesla d\u00e9passe Audi au chapitre des ventes mondiales - CanadaMotorJobs.com","og_description":"Tesla d\u00e9passe Audi au chapitre des ventes mondiales - Benoit Charette - Annuel automobile - CanadaMotorJobs.com.","og_url":"https:\/\/news.canadamotorjobs.com\/fr\/tesla-depasse-audi-au-chapitre-des-ventes-mondiales\/","og_site_name":"CanadaMotorJobs.com","article_publisher":"https:\/\/www.facebook.com\/canadamotorjobs\/","article_published_time":"2025-01-13T14:01:37+00:00","article_modified_time":"2025-01-13T14:14:55+00:00","og_image":[{"width":1600,"height":900,"url":"https:\/\/news.canadamotorjobs.com\/wp-content\/uploads\/2025\/01\/01-Tesla-model-y-render-rear-AC_0_37.jpg","type":"image\/jpeg"}],"author":"Benoit Charette","twitter_card":"summary_large_image","twitter_creator":"@canadamotorjobs","twitter_site":"@canadamotorjobs","twitter_misc":{"\u00c9crit par":"Benoit Charette","Estimation du temps de lecture":"3 minutes"},"schema":{"@context":"https:\/\/schema.org","@graph":[{"@type":"Article","@id":"https:\/\/news.canadamotorjobs.com\/fr\/tesla-depasse-audi-au-chapitre-des-ventes-mondiales\/#article","isPartOf":{"@id":"https:\/\/news.canadamotorjobs.com\/fr\/tesla-depasse-audi-au-chapitre-des-ventes-mondiales\/"},"author":{"name":"Benoit Charette","@id":"https:\/\/news.canadamotorjobs.com\/#\/schema\/person\/51793d1f87d44011d7bcc2ed99269a90"},"headline":"Tesla d\u00e9passe Audi au chapitre des ventes mondiales","datePublished":"2025-01-13T14:01:37+00:00","dateModified":"2025-01-13T14:14:55+00:00","mainEntityOfPage":{"@id":"https:\/\/news.canadamotorjobs.com\/fr\/tesla-depasse-audi-au-chapitre-des-ventes-mondiales\/"},"wordCount":545,"publisher":{"@id":"https:\/\/news.canadamotorjobs.com\/#organization"},"image":{"@id":"https:\/\/news.canadamotorjobs.com\/fr\/tesla-depasse-audi-au-chapitre-des-ventes-mondiales\/#primaryimage"},"thumbnailUrl":"https:\/\/news.canadamotorjobs.com\/wp-content\/uploads\/2025\/01\/01-Tesla-model-y-render-rear-AC_0_37.jpg","articleSection":["Annuel automobile"],"inLanguage":"fr-CA"},{"@type":"WebPage","@id":"https:\/\/news.canadamotorjobs.com\/fr\/tesla-depasse-audi-au-chapitre-des-ventes-mondiales\/","url":"https:\/\/news.canadamotorjobs.com\/fr\/tesla-depasse-audi-au-chapitre-des-ventes-mondiales\/","name":"Tesla d\u00e9passe Audi au chapitre des ventes mondiales - CanadaMotorJobs.com","isPartOf":{"@id":"https:\/\/news.canadamotorjobs.com\/#website"},"primaryImageOfPage":{"@id":"https:\/\/news.canadamotorjobs.com\/fr\/tesla-depasse-audi-au-chapitre-des-ventes-mondiales\/#primaryimage"},"image":{"@id":"https:\/\/news.canadamotorjobs.com\/fr\/tesla-depasse-audi-au-chapitre-des-ventes-mondiales\/#primaryimage"},"thumbnailUrl":"https:\/\/news.canadamotorjobs.com\/wp-content\/uploads\/2025\/01\/01-Tesla-model-y-render-rear-AC_0_37.jpg","datePublished":"2025-01-13T14:01:37+00:00","dateModified":"2025-01-13T14:14:55+00:00","description":"Tesla d\u00e9passe Audi au chapitre des ventes mondiales - Benoit Charette - Annuel automobile - CanadaMotorJobs.com.","breadcrumb":{"@id":"https:\/\/news.canadamotorjobs.com\/fr\/tesla-depasse-audi-au-chapitre-des-ventes-mondiales\/#breadcrumb"},"inLanguage":"fr-CA","potentialAction":[{"@type":"ReadAction","target":["https:\/\/news.canadamotorjobs.com\/fr\/tesla-depasse-audi-au-chapitre-des-ventes-mondiales\/"]}]},{"@type":"ImageObject","inLanguage":"fr-CA","@id":"https:\/\/news.canadamotorjobs.com\/fr\/tesla-depasse-audi-au-chapitre-des-ventes-mondiales\/#primaryimage","url":"https:\/\/news.canadamotorjobs.com\/wp-content\/uploads\/2025\/01\/01-Tesla-model-y-render-rear-AC_0_37.jpg","contentUrl":"https:\/\/news.canadamotorjobs.com\/wp-content\/uploads\/2025\/01\/01-Tesla-model-y-render-rear-AC_0_37.jpg","width":1600,"height":900},{"@type":"BreadcrumbList","@id":"https:\/\/news.canadamotorjobs.com\/fr\/tesla-depasse-audi-au-chapitre-des-ventes-mondiales\/#breadcrumb","itemListElement":[{"@type":"ListItem","position":1,"name":"Home","item":"https:\/\/news.canadamotorjobs.com\/fr\/blog\/"},{"@type":"ListItem","position":2,"name":"Tesla d\u00e9passe Audi au chapitre des ventes mondiales"}]},{"@type":"WebSite","@id":"https:\/\/news.canadamotorjobs.com\/#website","url":"https:\/\/news.canadamotorjobs.com\/","name":"CanadaMotorJobs.com","description":"Automotive Jobs","publisher":{"@id":"https:\/\/news.canadamotorjobs.com\/#organization"},"potentialAction":[{"@type":"SearchAction","target":{"@type":"EntryPoint","urlTemplate":"https:\/\/news.canadamotorjobs.com\/?s={search_term_string}"},"query-input":"required name=search_term_string"}],"inLanguage":"fr-CA"},{"@type":"Organization","@id":"https:\/\/news.canadamotorjobs.com\/#organization","name":"Canada Motor Jobs","url":"https:\/\/news.canadamotorjobs.com\/","logo":{"@type":"ImageObject","inLanguage":"fr-CA","@id":"https:\/\/news.canadamotorjobs.com\/#\/schema\/logo\/image\/","url":"https:\/\/news.canadamotorjobs.com\/wp-content\/uploads\/2022\/10\/logo-canada-motor-jobs-1.png","contentUrl":"https:\/\/news.canadamotorjobs.com\/wp-content\/uploads\/2022\/10\/logo-canada-motor-jobs-1.png","width":800,"height":400,"caption":"Canada Motor Jobs"},"image":{"@id":"https:\/\/news.canadamotorjobs.com\/#\/schema\/logo\/image\/"},"sameAs":["https:\/\/www.facebook.com\/canadamotorjobs\/","https:\/\/x.com\/canadamotorjobs","https:\/\/www.instagram.com\/canadamotorjobs\/","https:\/\/www.linkedin.com\/company\/canadamotorjobs"]},{"@type":"Person","@id":"https:\/\/news.canadamotorjobs.com\/#\/schema\/person\/51793d1f87d44011d7bcc2ed99269a90","name":"Benoit Charette","image":{"@type":"ImageObject","inLanguage":"fr-CA","@id":"https:\/\/news.canadamotorjobs.com\/#\/schema\/person\/image\/","url":"https:\/\/secure.gravatar.com\/avatar\/45f3d2eebcccd909668d7ce7ea7267b6?s=96&d=mm&r=g","contentUrl":"https:\/\/secure.gravatar.com\/avatar\/45f3d2eebcccd909668d7ce7ea7267b6?s=96&d=mm&r=g","caption":"Benoit Charette"},"description":"Benoit Charette \/ Propri\u00e9taire et r\u00e9dacteur en chef Benoit Charette pratique le journalisme automobile depuis bient\u00f4t 30 ans. Il a fait ses classes au c\u00f4t\u00e9 de Daniel H\u00e9raud et au Carnet de route de 1992 \u00e0 2001. Il est fondateur, copropri\u00e9taire et r\u00e9dacteur en chef de L\u2019Annuel de l\u2019automobile, qu\u2019il publie depuis 2001. Il a anim\u00e9 les \u00e9missions RPM et RPM+ sur V et les L\u00e9gendes de la route sur Historia. \u00c0 la radio depuis 1986, il reprend l\u2019antenne cette ann\u00e9e sur les ondes de Cogeco et participe pour la deuxi\u00e8me ann\u00e9e \u00e0 l\u2019\u00e9mission Passion Auto sur RDS en plus de mettre en ligne le site Web officiel de L\u2019Annuel de l\u2019automobile sur annuelauto.ca.","sameAs":["https:\/\/annuelauto.ca\/"],"url":"https:\/\/news.canadamotorjobs.com\/fr\/author\/benoit-charette\/"}]}},"_links":{"self":[{"href":"https:\/\/news.canadamotorjobs.com\/fr\/wp-json\/wp\/v2\/posts\/188816"}],"collection":[{"href":"https:\/\/news.canadamotorjobs.com\/fr\/wp-json\/wp\/v2\/posts"}],"about":[{"href":"https:\/\/news.canadamotorjobs.com\/fr\/wp-json\/wp\/v2\/types\/post"}],"author":[{"embeddable":true,"href":"https:\/\/news.canadamotorjobs.com\/fr\/wp-json\/wp\/v2\/users\/8"}],"replies":[{"embeddable":true,"href":"https:\/\/news.canadamotorjobs.com\/fr\/wp-json\/wp\/v2\/comments?post=188816"}],"version-history":[{"count":2,"href":"https:\/\/news.canadamotorjobs.com\/fr\/wp-json\/wp\/v2\/posts\/188816\/revisions"}],"predecessor-version":[{"id":188820,"href":"https:\/\/news.canadamotorjobs.com\/fr\/wp-json\/wp\/v2\/posts\/188816\/revisions\/188820"}],"wp:featuredmedia":[{"embeddable":true,"href":"https:\/\/news.canadamotorjobs.com\/fr\/wp-json\/wp\/v2\/media\/188818"}],"wp:attachment":[{"href":"https:\/\/news.canadamotorjobs.com\/fr\/wp-json\/wp\/v2\/media?parent=188816"}],"wp:term":[{"taxonomy":"category","embeddable":true,"href":"https:\/\/news.canadamotorjobs.com\/fr\/wp-json\/wp\/v2\/categories?post=188816"},{"taxonomy":"post_tag","embeddable":true,"href":"https:\/\/news.canadamotorjobs.com\/fr\/wp-json\/wp\/v2\/tags?post=188816"}],"curies":[{"name":"wp","href":"https:\/\/api.w.org\/{rel}","templated":true}]}}