{"id":188747,"date":"2025-01-12T22:40:33","date_gmt":"2025-01-13T03:40:33","guid":{"rendered":"https:\/\/news.canadamotorjobs.com\/?p=188747"},"modified":"2025-01-12T23:14:15","modified_gmt":"2025-01-13T04:14:15","slug":"faraday-x-veut-relancer-la-mode-des-fourgonnettes-avec-la-super-one","status":"publish","type":"post","link":"https:\/\/news.canadamotorjobs.com\/fr\/faraday-x-veut-relancer-la-mode-des-fourgonnettes-avec-la-super-one\/","title":{"rendered":"Faraday\u00a0X veut relancer la mode des fourgonnettes avec la Super\u00a0One"},"content":{"rendered":"<\/p>\n<p>N\u2019ajustez pas votre appareil\u00a0! La photo ci-dessus est bel et bien floue. C\u2019est ainsi que le constructeur californien Faraday Future a choisi de pr\u00e9senter cette semaine le futur porte-\u00e9tendard de sa nouvelle marque <a href=\"https:\/\/annuelauto.ca\/fx-la-nouvelle-marque-qui-fera-ses-debuts-au-ces-2025\/\" target=\"_blank\" rel=\"noopener noreferrer\">Faraday\u00a0X<\/a> (ou plus simplement \u00ab\u00a0FX\u00a0\u00bb). Baptis\u00e9 Super One, ce v\u00e9hicule inaugurera un nouveau cr\u00e9neau du march\u00e9 automobile nord-am\u00e9ricain, pr\u00e9tend Max Ma, le chef de la direction de FX et grand strat\u00e8ge de Faraday Future\u00a0: celui de la\u2026 fourgonnette de luxe.<\/p>\n<p>Faraday Future et la marque FX ont profit\u00e9 de l\u2019intense activit\u00e9 entourant le <a href=\"https:\/\/annuelauto.ca\/la-berline-afeela-1-de-sony-honda-est-offerte-a-partir-de-89-900-4-us-dabord-aux-californiens\/\" target=\"_blank\" rel=\"noopener noreferrer\">salon CES\u00a02025<\/a>, qui se tenait \u00e0 Las Vegas la semaine derni\u00e8re, sans toutefois y \u00eatre. Le constructeur s\u2019est content\u00e9 d\u2019occuper un stationnement d\u00e9sert situ\u00e9 \u00e0 10 minutes du Centre des congr\u00e8s envahi par le <a href=\"https:\/\/annuelauto.ca\/premiere-mondiale-des-prototypes-saloon-et-suv-de-la-serie-0-de-honda-au-ces-2025\/\" target=\"_blank\" rel=\"noopener noreferrer\">CES<\/a> pour accueillir des invit\u00e9s tri\u00e9s sur le volet et leur montrer un prototype de la Super\u00a0One.<\/p>\n<p>Puis, c\u2019est avec une vid\u00e9oconf\u00e9rence pr\u00e9enregistr\u00e9e diffus\u00e9e sur internet que cette fourgonnette qu\u2019on dit r\u00e9volutionnaire a \u00e9t\u00e9 d\u00e9voil\u00e9e, le 8\u00a0janvier. Une fourgonnette diff\u00e9rente de toutes les autres qu\u2019on a connues jusqu\u2019ici, affirme le constructeur, parce qu\u2019elle fera usage de l\u2019intelligence artificielle. Comment\u00a0? \u00c7a, on l\u2019ignore.<\/p>\n<p>D\u00e9voil\u00e9e dans une vid\u00e9oconf\u00e9rence pr\u00e9enregistr\u00e9e diffus\u00e9e sur internet le 8 janvier, la Super\u00a0One sera diff\u00e9rente des fourgonnettes qu\u2019on a connues jusqu\u2019ici, affirme le constructeur, parce qu\u2019elle fera usage de l\u2019intelligence artificielle. Comment\u00a0? \u00c7a, on l\u2019ignore toujours.<\/p>\n<h3><strong>Une fourgonnette pour les c\u00e9l\u00e9brit\u00e9s<\/strong><\/h3>\n<p>\nDans cette vid\u00e9o (de laquelle nous avons pu repiquer une image de meilleure qualit\u00e9 de la Super One), le directeur des Relations publiques de Faraday Future, John Schilling, pr\u00e9tend qu\u2019elle suscitera \u00e0 coup s\u00fbr l\u2019int\u00e9r\u00eat de c\u00e9l\u00e9brit\u00e9s et de riches entrepreneurs; ceux-l\u00e0 m\u00eames qui roulent actuellement \u00e0 bord d\u2019imposants utilitaires de luxe, comme le Cadillac Escalade. Pourquoi ? Le constructeur pr\u00e9tend que ce sera \u00e0 cause de l\u2019espace abondant, du confort et du luxe que procurent les fourgonnettes. Qui plus est, la Super One b\u00e9n\u00e9ficiera de l\u2019IA, ajoute Schilling dans la vid\u00e9oconf\u00e9rence\u2026 sans en dire davantage l\u00e0-dessus.<\/p>\n<p>Ce constructeur assimile clairement la Super\u00a0One \u00e0 deux nouvelles fourgonnettes cossues\u2026 qu\u2019on ne verra pas en Am\u00e9rique du Nord\u00a0: la Lexus\u00a0LM et la Volvo EM90. Toutes deux d\u00e9voil\u00e9es en 2024, elles ne ciblent que les client\u00e8les asiatiques et europ\u00e9ennes.<\/p>\n<h3><strong>Un cr\u00e9neau en d\u00e9clin<\/strong><\/h3>\n<p>\nCar ici, les fourgonnettes ont \u00e9t\u00e9 stigmatis\u00e9es par leur image de v\u00e9hicule \u00e9minemment familial. De l\u2019apparition des Autobeaucoup de Chrysler, au milieu des ann\u00e9es 80, jusqu\u2019au tournant du 21e si\u00e8cle, les fourgonnettes ont eu leur moment de gloire. Aux \u00c9tats-Unis, les ventes de ce type de v\u00e9hicule ont d\u2019ailleurs culmin\u00e9 \u00e0 1,3\u00a0million d\u2019exemplaires en 2000. \u00c0 cette \u00e9poque, une douzaine de mod\u00e8les rivaux se partageait 7,7\u00a0% du march\u00e9 automobile \u00e9tatsunien.<\/p>\n<p>Puis, d\u2019ann\u00e9e en ann\u00e9e, une majorit\u00e9 d\u2019automobilistes se sont tourn\u00e9s vers les utilitaires en tous genres et les camionnettes, entra\u00eenant du m\u00eame coup les ventes de fourgonnettes \u00e0 la baisse. En 2024, aux \u00c9tats-Unis, elles ont chut\u00e9 \u00e0 324\u00a0445 unit\u00e9s et ce ne sont plus que quatre mod\u00e8les rivaux (cinq au Canada) qui se sont disput\u00e9 tout juste 2\u00a0% du march\u00e9 des v\u00e9hicules de promenades. Des chiffres qui s\u2019apparentent d\u2019ailleurs \u00e0 ce qui a \u00e9t\u00e9 observ\u00e9 de notre c\u00f4t\u00e9 de la fronti\u00e8re.<\/p>\n<p>Alors, il en faudra bien davantage pour convaincre les acheteurs (et les analystes du march\u00e9) qu\u2019une fourgonnette, m\u00eame bard\u00e9e de dispositifs exploitant l\u2019IA, r\u00e9volutionnera le march\u00e9 automobile nord-am\u00e9ricain.<\/p>\n<h3><strong>Deux autres nouveaut\u00e9s<\/strong><\/h3>\n<p>\nEn marge de la Super One, sur laquelle aucune information technique n\u2019a \u00e9t\u00e9 r\u00e9v\u00e9l\u00e9e, les dirigeants de Faraday Future ont r\u00e9it\u00e9r\u00e9 leur d\u00e9sir (ou est-ce un v\u0153u pieux\u00a0?) de lancer deux autres v\u00e9hicules \u00e9lectrifi\u00e9s\u00a0: un mod\u00e8le abordable appel\u00e9 FX\u00a05, dont le prix sera entre 20\u00a0000\u00a0$\u00a0US et 30\u00a0000\u00a0$\u00a0US, de m\u00eame que l\u2019utilitaire FX\u00a06 (qu\u2019une autre photo de pi\u00e8tre qualit\u00e9 nous montre) dont le prix sera en 30\u00a0000\u00a0$\u00a0US et 50\u00a0000\u00a0$\u00a0US. Deux mod\u00e8les qui seront, par ailleurs, propos\u00e9s avec un choix de motorisations\u00a0: \u00e9lectrique et hybride branchable.<\/p>\n<p>Dans cette vid\u00e9oconf\u00e9rence pr\u00e9enregistr\u00e9e, les dirigeants de Faraday\u00a0Future ont \u00e9galement d\u00e9clar\u00e9 que des tests sont en cours afin d\u2019homologuer la fourgonnette Super\u00a0One aux \u00c9tats-Unis, dans l\u2019espoir de pr\u00e9senter un mod\u00e8le de s\u00e9rie au cours du second trimestre de 2025.<\/p>\n<p>Le constructeur esp\u00e8re \u00e9galement amorcer d\u2019ici la fin de l&#8217;ann\u00e9e la pr\u00e9production d&#8217;au moins une nouveaut\u00e9\u00a0: le FX\u00a05 ou le FX\u00a06, bien qu\u2019il soit de nouveau en qu\u00eate d\u2019un financement additionnel. Une situation qui semble se r\u00e9p\u00e9ter \u00e0 l\u2019infini chez ce constructeur. D\u2019ailleurs, voil\u00e0 peut-\u00eatre pourquoi ses dirigeants ont choisi pour la marque FX un logo qui s\u2019inspire de la lemniscate, ce symbole math\u00e9matique qui repr\u00e9sente l\u2019infini. Qui sait\u00a0?<\/p>\n<p><em>Photos : Faraday Future<\/em><\/p>\n<p>Le texte <a rel=\"nofollow\" href=\"https:\/\/annuelauto.ca\/faraday-x-veut-relancer-la-mode-des-fourgonnettes-avec-la-super-one\/\">Faraday\u00a0X veut relancer la mode des fourgonnettes avec la Super\u00a0One<\/a> provient de <a rel=\"nofollow\" href=\"https:\/\/annuelauto.ca\">L&#8217;annuel de l&#8217;automobile &#8211; Actualit\u00e9 automobile<\/a><\/p>\n<p><\/p>\n","protected":false},"excerpt":{"rendered":"<p>N\u2019ajustez pas votre appareil\u00a0! La photo ci-dessus est bel et bien floue. C\u2019est ainsi que le constructeur californien Faraday Future a choisi de pr\u00e9senter cette semaine le futur porte-\u00e9tendard de sa nouvelle marque Faraday\u00a0X (ou plus simplement \u00ab\u00a0FX\u00a0\u00bb). Baptis\u00e9 Super One, ce v\u00e9hicule inaugurera un nouveau cr\u00e9neau du march\u00e9 automobile nord-am\u00e9ricain, pr\u00e9tend Max Ma, le [&hellip;]<\/p>\n","protected":false},"author":8,"featured_media":188749,"comment_status":"close","ping_status":"closed","sticky":false,"template":"","format":"standard","meta":{"_monsterinsights_skip_tracking":false,"_monsterinsights_sitenote_active":false,"_monsterinsights_sitenote_note":"","_monsterinsights_sitenote_category":0,"footnotes":""},"categories":[101],"tags":[],"yoast_head":"<!-- This site is optimized with the Yoast SEO plugin v23.2 - https:\/\/yoast.com\/wordpress\/plugins\/seo\/ -->\n<title>Faraday\u00a0X veut relancer la mode des fourgonnettes avec la Super\u00a0One - CanadaMotorJobs.com<\/title>\n<meta name=\"description\" content=\"Faraday\u00a0X veut relancer la mode des fourgonnettes avec la Super\u00a0One - Benoit Charette - Annuel automobile - CanadaMotorJobs.com.\" \/>\n<meta name=\"robots\" content=\"index, follow, max-snippet:-1, max-image-preview:large, max-video-preview:-1\" \/>\n<meta property=\"og:locale\" content=\"fr_CA\" \/>\n<meta property=\"og:type\" content=\"article\" \/>\n<meta property=\"og:title\" content=\"Faraday\u00a0X veut relancer la mode des fourgonnettes avec la Super\u00a0One - CanadaMotorJobs.com\" \/>\n<meta property=\"og:description\" content=\"Faraday\u00a0X veut relancer la mode des fourgonnettes avec la Super\u00a0One - Benoit Charette - Annuel automobile - CanadaMotorJobs.com.\" \/>\n<meta property=\"og:url\" content=\"https:\/\/news.canadamotorjobs.com\/fr\/faraday-x-veut-relancer-la-mode-des-fourgonnettes-avec-la-super-one\/\" \/>\n<meta property=\"og:site_name\" content=\"CanadaMotorJobs.com\" \/>\n<meta property=\"article:publisher\" content=\"https:\/\/www.facebook.com\/canadamotorjobs\/\" \/>\n<meta property=\"article:published_time\" content=\"2025-01-13T03:40:33+00:00\" \/>\n<meta property=\"article:modified_time\" content=\"2025-01-13T04:14:15+00:00\" \/>\n<meta property=\"og:image\" content=\"https:\/\/news.canadamotorjobs.com\/wp-content\/uploads\/2025\/01\/FX-Super-One-1.jpg\" \/>\n\t<meta property=\"og:image:width\" content=\"1024\" \/>\n\t<meta property=\"og:image:height\" content=\"683\" \/>\n\t<meta property=\"og:image:type\" content=\"image\/jpeg\" \/>\n<meta name=\"author\" content=\"Benoit Charette\" \/>\n<meta name=\"twitter:card\" content=\"summary_large_image\" \/>\n<meta name=\"twitter:creator\" content=\"@canadamotorjobs\" \/>\n<meta name=\"twitter:site\" content=\"@canadamotorjobs\" \/>\n<meta name=\"twitter:label1\" content=\"\u00c9crit par\" \/>\n\t<meta name=\"twitter:data1\" content=\"Benoit Charette\" \/>\n\t<meta name=\"twitter:label2\" content=\"Estimation du temps de lecture\" \/>\n\t<meta name=\"twitter:data2\" content=\"4 minutes\" \/>\n<!-- \/ Yoast SEO plugin. -->","yoast_head_json":{"title":"Faraday\u00a0X veut relancer la mode des fourgonnettes avec la Super\u00a0One - CanadaMotorJobs.com","description":"Faraday\u00a0X veut relancer la mode des fourgonnettes avec la Super\u00a0One - Benoit Charette - Annuel automobile - CanadaMotorJobs.com.","robots":{"index":"index","follow":"follow","max-snippet":"max-snippet:-1","max-image-preview":"max-image-preview:large","max-video-preview":"max-video-preview:-1"},"og_locale":"fr_CA","og_type":"article","og_title":"Faraday\u00a0X veut relancer la mode des fourgonnettes avec la Super\u00a0One - CanadaMotorJobs.com","og_description":"Faraday\u00a0X veut relancer la mode des fourgonnettes avec la Super\u00a0One - Benoit Charette - Annuel automobile - CanadaMotorJobs.com.","og_url":"https:\/\/news.canadamotorjobs.com\/fr\/faraday-x-veut-relancer-la-mode-des-fourgonnettes-avec-la-super-one\/","og_site_name":"CanadaMotorJobs.com","article_publisher":"https:\/\/www.facebook.com\/canadamotorjobs\/","article_published_time":"2025-01-13T03:40:33+00:00","article_modified_time":"2025-01-13T04:14:15+00:00","og_image":[{"width":1024,"height":683,"url":"https:\/\/news.canadamotorjobs.com\/wp-content\/uploads\/2025\/01\/FX-Super-One-1.jpg","type":"image\/jpeg"}],"author":"Benoit Charette","twitter_card":"summary_large_image","twitter_creator":"@canadamotorjobs","twitter_site":"@canadamotorjobs","twitter_misc":{"\u00c9crit par":"Benoit Charette","Estimation du temps de lecture":"4 minutes"},"schema":{"@context":"https:\/\/schema.org","@graph":[{"@type":"Article","@id":"https:\/\/news.canadamotorjobs.com\/fr\/faraday-x-veut-relancer-la-mode-des-fourgonnettes-avec-la-super-one\/#article","isPartOf":{"@id":"https:\/\/news.canadamotorjobs.com\/fr\/faraday-x-veut-relancer-la-mode-des-fourgonnettes-avec-la-super-one\/"},"author":{"name":"Benoit Charette","@id":"https:\/\/news.canadamotorjobs.com\/#\/schema\/person\/51793d1f87d44011d7bcc2ed99269a90"},"headline":"Faraday\u00a0X veut relancer la mode des fourgonnettes avec la Super\u00a0One","datePublished":"2025-01-13T03:40:33+00:00","dateModified":"2025-01-13T04:14:15+00:00","mainEntityOfPage":{"@id":"https:\/\/news.canadamotorjobs.com\/fr\/faraday-x-veut-relancer-la-mode-des-fourgonnettes-avec-la-super-one\/"},"wordCount":914,"publisher":{"@id":"https:\/\/news.canadamotorjobs.com\/#organization"},"image":{"@id":"https:\/\/news.canadamotorjobs.com\/fr\/faraday-x-veut-relancer-la-mode-des-fourgonnettes-avec-la-super-one\/#primaryimage"},"thumbnailUrl":"https:\/\/news.canadamotorjobs.com\/wp-content\/uploads\/2025\/01\/FX-Super-One-1.jpg","articleSection":["Annuel automobile"],"inLanguage":"fr-CA"},{"@type":"WebPage","@id":"https:\/\/news.canadamotorjobs.com\/fr\/faraday-x-veut-relancer-la-mode-des-fourgonnettes-avec-la-super-one\/","url":"https:\/\/news.canadamotorjobs.com\/fr\/faraday-x-veut-relancer-la-mode-des-fourgonnettes-avec-la-super-one\/","name":"Faraday\u00a0X veut relancer la mode des fourgonnettes avec la Super\u00a0One - CanadaMotorJobs.com","isPartOf":{"@id":"https:\/\/news.canadamotorjobs.com\/#website"},"primaryImageOfPage":{"@id":"https:\/\/news.canadamotorjobs.com\/fr\/faraday-x-veut-relancer-la-mode-des-fourgonnettes-avec-la-super-one\/#primaryimage"},"image":{"@id":"https:\/\/news.canadamotorjobs.com\/fr\/faraday-x-veut-relancer-la-mode-des-fourgonnettes-avec-la-super-one\/#primaryimage"},"thumbnailUrl":"https:\/\/news.canadamotorjobs.com\/wp-content\/uploads\/2025\/01\/FX-Super-One-1.jpg","datePublished":"2025-01-13T03:40:33+00:00","dateModified":"2025-01-13T04:14:15+00:00","description":"Faraday\u00a0X veut relancer la mode des fourgonnettes avec la Super\u00a0One - Benoit Charette - Annuel automobile - CanadaMotorJobs.com.","breadcrumb":{"@id":"https:\/\/news.canadamotorjobs.com\/fr\/faraday-x-veut-relancer-la-mode-des-fourgonnettes-avec-la-super-one\/#breadcrumb"},"inLanguage":"fr-CA","potentialAction":[{"@type":"ReadAction","target":["https:\/\/news.canadamotorjobs.com\/fr\/faraday-x-veut-relancer-la-mode-des-fourgonnettes-avec-la-super-one\/"]}]},{"@type":"ImageObject","inLanguage":"fr-CA","@id":"https:\/\/news.canadamotorjobs.com\/fr\/faraday-x-veut-relancer-la-mode-des-fourgonnettes-avec-la-super-one\/#primaryimage","url":"https:\/\/news.canadamotorjobs.com\/wp-content\/uploads\/2025\/01\/FX-Super-One-1.jpg","contentUrl":"https:\/\/news.canadamotorjobs.com\/wp-content\/uploads\/2025\/01\/FX-Super-One-1.jpg","width":1024,"height":683},{"@type":"BreadcrumbList","@id":"https:\/\/news.canadamotorjobs.com\/fr\/faraday-x-veut-relancer-la-mode-des-fourgonnettes-avec-la-super-one\/#breadcrumb","itemListElement":[{"@type":"ListItem","position":1,"name":"Home","item":"https:\/\/news.canadamotorjobs.com\/fr\/blog\/"},{"@type":"ListItem","position":2,"name":"Faraday\u00a0X veut relancer la mode des fourgonnettes avec la Super\u00a0One"}]},{"@type":"WebSite","@id":"https:\/\/news.canadamotorjobs.com\/#website","url":"https:\/\/news.canadamotorjobs.com\/","name":"CanadaMotorJobs.com","description":"Automotive Jobs","publisher":{"@id":"https:\/\/news.canadamotorjobs.com\/#organization"},"potentialAction":[{"@type":"SearchAction","target":{"@type":"EntryPoint","urlTemplate":"https:\/\/news.canadamotorjobs.com\/?s={search_term_string}"},"query-input":"required name=search_term_string"}],"inLanguage":"fr-CA"},{"@type":"Organization","@id":"https:\/\/news.canadamotorjobs.com\/#organization","name":"Canada Motor Jobs","url":"https:\/\/news.canadamotorjobs.com\/","logo":{"@type":"ImageObject","inLanguage":"fr-CA","@id":"https:\/\/news.canadamotorjobs.com\/#\/schema\/logo\/image\/","url":"https:\/\/news.canadamotorjobs.com\/wp-content\/uploads\/2022\/10\/logo-canada-motor-jobs-1.png","contentUrl":"https:\/\/news.canadamotorjobs.com\/wp-content\/uploads\/2022\/10\/logo-canada-motor-jobs-1.png","width":800,"height":400,"caption":"Canada Motor Jobs"},"image":{"@id":"https:\/\/news.canadamotorjobs.com\/#\/schema\/logo\/image\/"},"sameAs":["https:\/\/www.facebook.com\/canadamotorjobs\/","https:\/\/x.com\/canadamotorjobs","https:\/\/www.instagram.com\/canadamotorjobs\/","https:\/\/www.linkedin.com\/company\/canadamotorjobs"]},{"@type":"Person","@id":"https:\/\/news.canadamotorjobs.com\/#\/schema\/person\/51793d1f87d44011d7bcc2ed99269a90","name":"Benoit Charette","image":{"@type":"ImageObject","inLanguage":"fr-CA","@id":"https:\/\/news.canadamotorjobs.com\/#\/schema\/person\/image\/","url":"https:\/\/secure.gravatar.com\/avatar\/45f3d2eebcccd909668d7ce7ea7267b6?s=96&d=mm&r=g","contentUrl":"https:\/\/secure.gravatar.com\/avatar\/45f3d2eebcccd909668d7ce7ea7267b6?s=96&d=mm&r=g","caption":"Benoit Charette"},"description":"Benoit Charette \/ Propri\u00e9taire et r\u00e9dacteur en chef Benoit Charette pratique le journalisme automobile depuis bient\u00f4t 30 ans. Il a fait ses classes au c\u00f4t\u00e9 de Daniel H\u00e9raud et au Carnet de route de 1992 \u00e0 2001. Il est fondateur, copropri\u00e9taire et r\u00e9dacteur en chef de L\u2019Annuel de l\u2019automobile, qu\u2019il publie depuis 2001. Il a anim\u00e9 les \u00e9missions RPM et RPM+ sur V et les L\u00e9gendes de la route sur Historia. \u00c0 la radio depuis 1986, il reprend l\u2019antenne cette ann\u00e9e sur les ondes de Cogeco et participe pour la deuxi\u00e8me ann\u00e9e \u00e0 l\u2019\u00e9mission Passion Auto sur RDS en plus de mettre en ligne le site Web officiel de L\u2019Annuel de l\u2019automobile sur annuelauto.ca.","sameAs":["https:\/\/annuelauto.ca\/"],"url":"https:\/\/news.canadamotorjobs.com\/fr\/author\/benoit-charette\/"}]}},"_links":{"self":[{"href":"https:\/\/news.canadamotorjobs.com\/fr\/wp-json\/wp\/v2\/posts\/188747"}],"collection":[{"href":"https:\/\/news.canadamotorjobs.com\/fr\/wp-json\/wp\/v2\/posts"}],"about":[{"href":"https:\/\/news.canadamotorjobs.com\/fr\/wp-json\/wp\/v2\/types\/post"}],"author":[{"embeddable":true,"href":"https:\/\/news.canadamotorjobs.com\/fr\/wp-json\/wp\/v2\/users\/8"}],"replies":[{"embeddable":true,"href":"https:\/\/news.canadamotorjobs.com\/fr\/wp-json\/wp\/v2\/comments?post=188747"}],"version-history":[{"count":2,"href":"https:\/\/news.canadamotorjobs.com\/fr\/wp-json\/wp\/v2\/posts\/188747\/revisions"}],"predecessor-version":[{"id":188751,"href":"https:\/\/news.canadamotorjobs.com\/fr\/wp-json\/wp\/v2\/posts\/188747\/revisions\/188751"}],"wp:featuredmedia":[{"embeddable":true,"href":"https:\/\/news.canadamotorjobs.com\/fr\/wp-json\/wp\/v2\/media\/188749"}],"wp:attachment":[{"href":"https:\/\/news.canadamotorjobs.com\/fr\/wp-json\/wp\/v2\/media?parent=188747"}],"wp:term":[{"taxonomy":"category","embeddable":true,"href":"https:\/\/news.canadamotorjobs.com\/fr\/wp-json\/wp\/v2\/categories?post=188747"},{"taxonomy":"post_tag","embeddable":true,"href":"https:\/\/news.canadamotorjobs.com\/fr\/wp-json\/wp\/v2\/tags?post=188747"}],"curies":[{"name":"wp","href":"https:\/\/api.w.org\/{rel}","templated":true}]}}